{"id":10376,"date":"2013-04-01T12:16:32","date_gmt":"2013-04-01T11:16:32","guid":{"rendered":"http:\/\/creaerte.com\/live\/?p=10376"},"modified":"2014-04-30T08:05:31","modified_gmt":"2014-04-30T07:05:31","slug":"la-imagen-de-la-semana","status":"publish","type":"post","link":"https:\/\/www.creaerte.com\/live\/la-imagen-de-la-semana\/","title":{"rendered":"La imagen de la semana"},"content":{"rendered":"<p style=\"text-align: center;\"><img fetchpriority=\"high\" decoding=\"async\" class=\"aligncenter size-full wp-image-10377\" style=\"border: 0px none;\" title=\"La imagen de la semana\" src=\"http:\/\/creaerte.com\/live\/wp-content\/uploads\/2013\/04\/la-imagen-de-la-semana.png\" alt=\"La imagen de la semana\" width=\"615\" height=\"502\" srcset=\"https:\/\/www.creaerte.com\/live\/wp-content\/uploads\/2013\/04\/la-imagen-de-la-semana.png 615w, https:\/\/www.creaerte.com\/live\/wp-content\/uploads\/2013\/04\/la-imagen-de-la-semana-384x313.png 384w\" sizes=\"(max-width: 615px) 100vw, 615px\" \/><\/p>\n<p>Hace tiempo que en el blog de <a href=\"http:\/\/creaerte.com\" target=\"_blank\">creaerte.com<\/a> iniciamos una secci\u00f3n llamada <em>Una imagen al d\u00eda<\/em>. Nos parec\u00eda una oportunidad en el amplio sentido de la palabra: oportunidad de <strong>ver<\/strong> para los amantes de la contemplaci\u00f3n visual y oportunidad de <strong>compartir<\/strong> para los creadores. Creemos tanto en esta secci\u00f3n que hemos querido darle mayor protagonismo subi\u00e9ndola de nivel. La hemos rebautizado como <strong><em>La imagen de la semana<\/em><\/strong> y la din\u00e1mica es la misma, s\u00f3lo tendr\u00e9is que enviarnos vuestras im\u00e1genes y lo datos que cre\u00e1is que deben acompa\u00f1arla a <a href=\"mailto:unafotoaldia&#64;creaerte.com\" target=\"_blank\">&#x75;n&#x61;f&#x6f;&#116;o&#x61;l&#x64;&#105;a&#x40;c&#x72;&#101;a&#x65;r&#x74;e&#x2e;&#x63;o&#x6d;<\/a>. Cada semana valoraremos todos los trabajos y seleccionaremos la imagen que m\u00e1s nos guste, la publicaremos y escribiremos una rese\u00f1a sobre ella.<\/p>\n<p>Como ya sab\u00e9is pod\u00e9is enviar cualquier tipo de imagen que hay\u00e1is creado (fotograf\u00eda, dise\u00f1o, c\u00f3mic, pintura, etc.). No tienen porqu\u00e9 ser im\u00e1genes perfectamente ejecutadas ni artes finales, creemos en el poder de los bocetos.<\/p>\n<p><strong>\u00a1Animaos a compartir vuestros trabajos y participad!<\/strong>. Por supuesto, no habr\u00e1 otro uso que la publicaci\u00f3n de los trabajos en el <a href=\"http:\/\/creaerte.com\/live\">blog de creaerte.com<\/a>, y los derechos seguir\u00e1n siendo vuestros como creadores.<\/p>\n","protected":false},"excerpt":{"rendered":"<p>Hace tiempo que en el blog de creaerte.com iniciamos una secci\u00f3n llamada Una imagen al d\u00eda. Nos parec\u00eda una oportunidad en el amplio sentido de la palabra: oportunidad de ver para los amantes de la contemplaci\u00f3n visual y oportunidad de compartir para los creadores. Creemos tanto en esta secci\u00f3n que hemos querido darle mayor protagonismo subi\u00e9ndola de nivel. La hemos&#8230;<\/p>\n","protected":false},"author":1,"featured_media":0,"comment_status":"open","ping_status":"open","sticky":false,"template":"","format":"standard","meta":{"footnotes":""},"categories":[320,10],"tags":[82,1189,134,19,99,52,100],"class_list":["post-10376","post","type-post","status-publish","format-standard","hentry","category-la-imagen-de-la-semana","category-noticias","tag-creatividad","tag-diseno","tag-diseno-grafico","tag-fotografia","tag-ilustracion","tag-pintura","tag-redes-sociales","has_thumb"],"yoast_head":"<!-- This site is optimized with the Yoast SEO plugin v26.9 - https:\/\/yoast.com\/product\/yoast-seo-wordpress\/ -->\n<title>La imagen de la semana - creaerte.com<\/title>\n<meta name=\"robots\" content=\"index, follow, max-snippet:-1, max-image-preview:large, max-video-preview:-1\" \/>\n<link rel=\"canonical\" href=\"https:\/\/www.creaerte.com\/live\/la-imagen-de-la-semana\/\" \/>\n<meta property=\"og:locale\" content=\"es_ES\" \/>\n<meta property=\"og:type\" content=\"article\" \/>\n<meta property=\"og:title\" content=\"La imagen de la semana - creaerte.com\" \/>\n<meta property=\"og:description\" content=\"Hace tiempo que en el blog de creaerte.com iniciamos una secci\u00f3n llamada Una imagen al d\u00eda. Nos parec\u00eda una oportunidad en el amplio sentido de la palabra: oportunidad de ver para los amantes de la contemplaci\u00f3n visual y oportunidad de compartir para los creadores. Creemos tanto en esta secci\u00f3n que hemos querido darle mayor protagonismo subi\u00e9ndola de nivel. La hemos...\" \/>\n<meta property=\"og:url\" content=\"https:\/\/www.creaerte.com\/live\/la-imagen-de-la-semana\/\" \/>\n<meta property=\"og:site_name\" content=\"creaerte.com\" \/>\n<meta property=\"article:publisher\" content=\"https:\/\/www.facebook.com\/creaerte\" \/>\n<meta property=\"article:published_time\" content=\"2013-04-01T11:16:32+00:00\" \/>\n<meta property=\"article:modified_time\" content=\"2014-04-30T07:05:31+00:00\" \/>\n<meta property=\"og:image\" content=\"http:\/\/creaerte.com\/live\/wp-content\/uploads\/2013\/04\/la-imagen-de-la-semana.png\" \/>\n<meta name=\"author\" content=\"admin\" \/>\n<meta name=\"twitter:card\" content=\"summary_large_image\" \/>\n<meta name=\"twitter:creator\" content=\"@Creaerte\" \/>\n<meta name=\"twitter:site\" content=\"@Creaerte\" \/>\n<meta name=\"twitter:label1\" content=\"Escrito por\" \/>\n\t<meta name=\"twitter:data1\" content=\"admin\" \/>\n\t<meta name=\"twitter:label2\" content=\"Tiempo de lectura\" \/>\n\t<meta name=\"twitter:data2\" content=\"1 minuto\" \/>\n<script type=\"application\/ld+json\" class=\"yoast-schema-graph\">{\"@context\":\"https:\/\/schema.org\",\"@graph\":[{\"@type\":\"Article\",\"@id\":\"https:\/\/www.creaerte.com\/live\/la-imagen-de-la-semana\/#article\",\"isPartOf\":{\"@id\":\"https:\/\/www.creaerte.com\/live\/la-imagen-de-la-semana\/\"},\"author\":{\"name\":\"admin\",\"@id\":\"https:\/\/www.creaerte.com\/live\/#\/schema\/person\/acc9e93c6216bce2d569b1f0a99607f6\"},\"headline\":\"La imagen de la semana\",\"datePublished\":\"2013-04-01T11:16:32+00:00\",\"dateModified\":\"2014-04-30T07:05:31+00:00\",\"mainEntityOfPage\":{\"@id\":\"https:\/\/www.creaerte.com\/live\/la-imagen-de-la-semana\/\"},\"wordCount\":209,\"commentCount\":0,\"image\":{\"@id\":\"https:\/\/www.creaerte.com\/live\/la-imagen-de-la-semana\/#primaryimage\"},\"thumbnailUrl\":\"http:\/\/creaerte.com\/live\/wp-content\/uploads\/2013\/04\/la-imagen-de-la-semana.png\",\"keywords\":[\"creatividad\",\"dise\u00f1o\",\"dise\u00f1o gr\u00e1fico\",\"fotograf\u00eda\",\"ilustraci\u00f3n\",\"pintura\",\"redes sociales\"],\"articleSection\":[\"La imagen de la semana\",\"Noticias\"],\"inLanguage\":\"es\",\"potentialAction\":[{\"@type\":\"CommentAction\",\"name\":\"Comment\",\"target\":[\"https:\/\/www.creaerte.com\/live\/la-imagen-de-la-semana\/#respond\"]}]},{\"@type\":\"WebPage\",\"@id\":\"https:\/\/www.creaerte.com\/live\/la-imagen-de-la-semana\/\",\"url\":\"https:\/\/www.creaerte.com\/live\/la-imagen-de-la-semana\/\",\"name\":\"La imagen de la semana - creaerte.com\",\"isPartOf\":{\"@id\":\"https:\/\/www.creaerte.com\/live\/#website\"},\"primaryImageOfPage\":{\"@id\":\"https:\/\/www.creaerte.com\/live\/la-imagen-de-la-semana\/#primaryimage\"},\"image\":{\"@id\":\"https:\/\/www.creaerte.com\/live\/la-imagen-de-la-semana\/#primaryimage\"},\"thumbnailUrl\":\"http:\/\/creaerte.com\/live\/wp-content\/uploads\/2013\/04\/la-imagen-de-la-semana.png\",\"datePublished\":\"2013-04-01T11:16:32+00:00\",\"dateModified\":\"2014-04-30T07:05:31+00:00\",\"author\":{\"@id\":\"https:\/\/www.creaerte.com\/live\/#\/schema\/person\/acc9e93c6216bce2d569b1f0a99607f6\"},\"inLanguage\":\"es\",\"potentialAction\":[{\"@type\":\"ReadAction\",\"target\":[\"https:\/\/www.creaerte.com\/live\/la-imagen-de-la-semana\/\"]}]},{\"@type\":\"ImageObject\",\"inLanguage\":\"es\",\"@id\":\"https:\/\/www.creaerte.com\/live\/la-imagen-de-la-semana\/#primaryimage\",\"url\":\"http:\/\/creaerte.com\/live\/wp-content\/uploads\/2013\/04\/la-imagen-de-la-semana.png\",\"contentUrl\":\"http:\/\/creaerte.com\/live\/wp-content\/uploads\/2013\/04\/la-imagen-de-la-semana.png\"},{\"@type\":\"WebSite\",\"@id\":\"https:\/\/www.creaerte.com\/live\/#website\",\"url\":\"https:\/\/www.creaerte.com\/live\/\",\"name\":\"creaerte.com\",\"description\":\"Agencia de publicidad, comunicaci\u00f3n y marketing en C\u00e1ceres \u2022 Extremadura\",\"potentialAction\":[{\"@type\":\"SearchAction\",\"target\":{\"@type\":\"EntryPoint\",\"urlTemplate\":\"https:\/\/www.creaerte.com\/live\/?s={search_term_string}\"},\"query-input\":{\"@type\":\"PropertyValueSpecification\",\"valueRequired\":true,\"valueName\":\"search_term_string\"}}],\"inLanguage\":\"es\"},{\"@type\":\"Person\",\"@id\":\"https:\/\/www.creaerte.com\/live\/#\/schema\/person\/acc9e93c6216bce2d569b1f0a99607f6\",\"name\":\"admin\",\"image\":{\"@type\":\"ImageObject\",\"inLanguage\":\"es\",\"@id\":\"https:\/\/www.creaerte.com\/live\/#\/schema\/person\/image\/\",\"url\":\"https:\/\/secure.gravatar.com\/avatar\/736f9ff6dd176e443e4c9cf884b23352631c533b611f216dbc09fc84cda6e67c?s=96&d=mm&r=g\",\"contentUrl\":\"https:\/\/secure.gravatar.com\/avatar\/736f9ff6dd176e443e4c9cf884b23352631c533b611f216dbc09fc84cda6e67c?s=96&d=mm&r=g\",\"caption\":\"admin\"},\"url\":\"https:\/\/www.creaerte.com\/live\/author\/admin\/\"}]}<\/script>\n<!-- \/ Yoast SEO plugin. -->","yoast_head_json":{"title":"La imagen de la semana - creaerte.com","robots":{"index":"index","follow":"follow","max-snippet":"max-snippet:-1","max-image-preview":"max-image-preview:large","max-video-preview":"max-video-preview:-1"},"canonical":"https:\/\/www.creaerte.com\/live\/la-imagen-de-la-semana\/","og_locale":"es_ES","og_type":"article","og_title":"La imagen de la semana - creaerte.com","og_description":"Hace tiempo que en el blog de creaerte.com iniciamos una secci\u00f3n llamada Una imagen al d\u00eda. Nos parec\u00eda una oportunidad en el amplio sentido de la palabra: oportunidad de ver para los amantes de la contemplaci\u00f3n visual y oportunidad de compartir para los creadores. Creemos tanto en esta secci\u00f3n que hemos querido darle mayor protagonismo subi\u00e9ndola de nivel. La hemos...","og_url":"https:\/\/www.creaerte.com\/live\/la-imagen-de-la-semana\/","og_site_name":"creaerte.com","article_publisher":"https:\/\/www.facebook.com\/creaerte","article_published_time":"2013-04-01T11:16:32+00:00","article_modified_time":"2014-04-30T07:05:31+00:00","og_image":[{"url":"http:\/\/creaerte.com\/live\/wp-content\/uploads\/2013\/04\/la-imagen-de-la-semana.png","type":"","width":"","height":""}],"author":"admin","twitter_card":"summary_large_image","twitter_creator":"@Creaerte","twitter_site":"@Creaerte","twitter_misc":{"Escrito por":"admin","Tiempo de lectura":"1 minuto"},"schema":{"@context":"https:\/\/schema.org","@graph":[{"@type":"Article","@id":"https:\/\/www.creaerte.com\/live\/la-imagen-de-la-semana\/#article","isPartOf":{"@id":"https:\/\/www.creaerte.com\/live\/la-imagen-de-la-semana\/"},"author":{"name":"admin","@id":"https:\/\/www.creaerte.com\/live\/#\/schema\/person\/acc9e93c6216bce2d569b1f0a99607f6"},"headline":"La imagen de la semana","datePublished":"2013-04-01T11:16:32+00:00","dateModified":"2014-04-30T07:05:31+00:00","mainEntityOfPage":{"@id":"https:\/\/www.creaerte.com\/live\/la-imagen-de-la-semana\/"},"wordCount":209,"commentCount":0,"image":{"@id":"https:\/\/www.creaerte.com\/live\/la-imagen-de-la-semana\/#primaryimage"},"thumbnailUrl":"http:\/\/creaerte.com\/live\/wp-content\/uploads\/2013\/04\/la-imagen-de-la-semana.png","keywords":["creatividad","dise\u00f1o","dise\u00f1o gr\u00e1fico","fotograf\u00eda","ilustraci\u00f3n","pintura","redes sociales"],"articleSection":["La imagen de la semana","Noticias"],"inLanguage":"es","potentialAction":[{"@type":"CommentAction","name":"Comment","target":["https:\/\/www.creaerte.com\/live\/la-imagen-de-la-semana\/#respond"]}]},{"@type":"WebPage","@id":"https:\/\/www.creaerte.com\/live\/la-imagen-de-la-semana\/","url":"https:\/\/www.creaerte.com\/live\/la-imagen-de-la-semana\/","name":"La imagen de la semana - creaerte.com","isPartOf":{"@id":"https:\/\/www.creaerte.com\/live\/#website"},"primaryImageOfPage":{"@id":"https:\/\/www.creaerte.com\/live\/la-imagen-de-la-semana\/#primaryimage"},"image":{"@id":"https:\/\/www.creaerte.com\/live\/la-imagen-de-la-semana\/#primaryimage"},"thumbnailUrl":"http:\/\/creaerte.com\/live\/wp-content\/uploads\/2013\/04\/la-imagen-de-la-semana.png","datePublished":"2013-04-01T11:16:32+00:00","dateModified":"2014-04-30T07:05:31+00:00","author":{"@id":"https:\/\/www.creaerte.com\/live\/#\/schema\/person\/acc9e93c6216bce2d569b1f0a99607f6"},"inLanguage":"es","potentialAction":[{"@type":"ReadAction","target":["https:\/\/www.creaerte.com\/live\/la-imagen-de-la-semana\/"]}]},{"@type":"ImageObject","inLanguage":"es","@id":"https:\/\/www.creaerte.com\/live\/la-imagen-de-la-semana\/#primaryimage","url":"http:\/\/creaerte.com\/live\/wp-content\/uploads\/2013\/04\/la-imagen-de-la-semana.png","contentUrl":"http:\/\/creaerte.com\/live\/wp-content\/uploads\/2013\/04\/la-imagen-de-la-semana.png"},{"@type":"WebSite","@id":"https:\/\/www.creaerte.com\/live\/#website","url":"https:\/\/www.creaerte.com\/live\/","name":"creaerte.com","description":"Agencia de publicidad, comunicaci\u00f3n y marketing en C\u00e1ceres \u2022 Extremadura","potentialAction":[{"@type":"SearchAction","target":{"@type":"EntryPoint","urlTemplate":"https:\/\/www.creaerte.com\/live\/?s={search_term_string}"},"query-input":{"@type":"PropertyValueSpecification","valueRequired":true,"valueName":"search_term_string"}}],"inLanguage":"es"},{"@type":"Person","@id":"https:\/\/www.creaerte.com\/live\/#\/schema\/person\/acc9e93c6216bce2d569b1f0a99607f6","name":"admin","image":{"@type":"ImageObject","inLanguage":"es","@id":"https:\/\/www.creaerte.com\/live\/#\/schema\/person\/image\/","url":"https:\/\/secure.gravatar.com\/avatar\/736f9ff6dd176e443e4c9cf884b23352631c533b611f216dbc09fc84cda6e67c?s=96&d=mm&r=g","contentUrl":"https:\/\/secure.gravatar.com\/avatar\/736f9ff6dd176e443e4c9cf884b23352631c533b611f216dbc09fc84cda6e67c?s=96&d=mm&r=g","caption":"admin"},"url":"https:\/\/www.creaerte.com\/live\/author\/admin\/"}]}},"_links":{"self":[{"href":"https:\/\/www.creaerte.com\/live\/wp-json\/wp\/v2\/posts\/10376","targetHints":{"allow":["GET"]}}],"collection":[{"href":"https:\/\/www.creaerte.com\/live\/wp-json\/wp\/v2\/posts"}],"about":[{"href":"https:\/\/www.creaerte.com\/live\/wp-json\/wp\/v2\/types\/post"}],"author":[{"embeddable":true,"href":"https:\/\/www.creaerte.com\/live\/wp-json\/wp\/v2\/users\/1"}],"replies":[{"embeddable":true,"href":"https:\/\/www.creaerte.com\/live\/wp-json\/wp\/v2\/comments?post=10376"}],"version-history":[{"count":0,"href":"https:\/\/www.creaerte.com\/live\/wp-json\/wp\/v2\/posts\/10376\/revisions"}],"wp:attachment":[{"href":"https:\/\/www.creaerte.com\/live\/wp-json\/wp\/v2\/media?parent=10376"}],"wp:term":[{"taxonomy":"category","embeddable":true,"href":"https:\/\/www.creaerte.com\/live\/wp-json\/wp\/v2\/categories?post=10376"},{"taxonomy":"post_tag","embeddable":true,"href":"https:\/\/www.creaerte.com\/live\/wp-json\/wp\/v2\/tags?post=10376"}],"curies":[{"name":"wp","href":"https:\/\/api.w.org\/{rel}","templated":true}]}}