{"id":10390,"date":"2013-04-02T10:54:39","date_gmt":"2013-04-02T09:54:39","guid":{"rendered":"http:\/\/creaerte.com\/live\/?p=10390"},"modified":"2013-04-03T08:33:46","modified_gmt":"2013-04-03T07:33:46","slug":"imagen-corporativa-para-minke","status":"publish","type":"post","link":"https:\/\/www.creaerte.com\/live\/imagen-corporativa-para-minke\/","title":{"rendered":"Imagen Corporativa para Minke"},"content":{"rendered":"<p>La  identidad corporativa juega un papel crucial en el funcionamiento de  una empresa. Es la manifestaci\u00f3n f\u00edsica de la marca, la posibilidad del  amor a primera vista por parte del cliente, que sintetiza los aspectos  visuales de la organizaci\u00f3n y que est\u00e1 directamente relacionada con la  historia, la filosof\u00eda y los proyectos de la entidad.<br \/>\n<a href=\"http:\/\/www.atipo.es\/\" target=\"_blank\"> Atipo<\/a>,  el estudio de los dise\u00f1adores Ra\u00fal Garc\u00eda del Pomar e Ismael Gonz\u00e1lez,  ha desarrollado la identidad, el lema y el dise\u00f1o web del proveedor  creativo de servicios gr\u00e1ficos <a href=\"http:\/\/www.minke.es\/\" target=\"_blank\">Minke<\/a>. Un interesant\u00edsimo trabajo en el  que podemos observar el proceso creativo que dio lugar al estupendo arte  final. Una l\u00ednea muy minimalista, moderna y elegante que atrapa los  sentidos, y tambi\u00e9n al target.<br \/>\nEs  sin duda un buen ejemplo de la importancia que el trabajo de identidad  tiene para una empresa. Si no se te ve, da igual el trabajo que hagas.<\/p>\n<p><a href=\"http:\/\/creaerte.com\/live\/wp-content\/uploads\/2013\/04\/02.jpg\"><img fetchpriority=\"high\" decoding=\"async\" class=\"aligncenter size-full wp-image-10393\" title=\"02\" src=\"http:\/\/creaerte.com\/live\/wp-content\/uploads\/2013\/04\/02.jpg\" alt=\"02\" width=\"610\" height=\"353\" srcset=\"https:\/\/www.creaerte.com\/live\/wp-content\/uploads\/2013\/04\/02.jpg 610w, https:\/\/www.creaerte.com\/live\/wp-content\/uploads\/2013\/04\/02-384x222.jpg 384w\" sizes=\"(max-width: 610px) 100vw, 610px\" \/><\/a><\/p>\n<p><a href=\"http:\/\/creaerte.com\/live\/wp-content\/uploads\/2013\/04\/03.jpg\"><img decoding=\"async\" class=\"aligncenter size-full wp-image-10394\" title=\"03\" src=\"http:\/\/creaerte.com\/live\/wp-content\/uploads\/2013\/04\/03.jpg\" alt=\"03\" \/><\/a><\/p>\n<p><a href=\"http:\/\/creaerte.com\/live\/wp-content\/uploads\/2013\/04\/04.jpg\"><img decoding=\"async\" class=\"aligncenter size-full wp-image-10395\" title=\"04\" src=\"http:\/\/creaerte.com\/live\/wp-content\/uploads\/2013\/04\/04.jpg\" alt=\"04\" width=\"610\" height=\"353\" srcset=\"https:\/\/www.creaerte.com\/live\/wp-content\/uploads\/2013\/04\/04.jpg 610w, https:\/\/www.creaerte.com\/live\/wp-content\/uploads\/2013\/04\/04-300x173.jpg 300w\" sizes=\"(max-width: 610px) 100vw, 610px\" \/><\/a><\/p>\n<p><a href=\"http:\/\/creaerte.com\/live\/wp-content\/uploads\/2013\/04\/05.jpg\"><img decoding=\"async\" class=\"aligncenter size-full wp-image-10396\" title=\"05\" src=\"http:\/\/creaerte.com\/live\/wp-content\/uploads\/2013\/04\/05.jpg\" alt=\"05\" width=\"610\" height=\"353\" srcset=\"https:\/\/www.creaerte.com\/live\/wp-content\/uploads\/2013\/04\/05.jpg 610w, https:\/\/www.creaerte.com\/live\/wp-content\/uploads\/2013\/04\/05-384x222.jpg 384w\" sizes=\"(max-width: 610px) 100vw, 610px\" \/><\/a><\/p>\n<p><a href=\"http:\/\/creaerte.com\/live\/wp-content\/uploads\/2013\/04\/06.jpg\"><img loading=\"lazy\" decoding=\"async\" class=\"aligncenter size-full wp-image-10397\" title=\"06\" src=\"http:\/\/creaerte.com\/live\/wp-content\/uploads\/2013\/04\/06.jpg\" alt=\"06\" width=\"610\" height=\"353\" srcset=\"https:\/\/www.creaerte.com\/live\/wp-content\/uploads\/2013\/04\/06.jpg 610w, https:\/\/www.creaerte.com\/live\/wp-content\/uploads\/2013\/04\/06-384x222.jpg 384w\" sizes=\"(max-width: 610px) 100vw, 610px\" \/><\/a><\/p>\n<p><a href=\"http:\/\/creaerte.com\/live\/wp-content\/uploads\/2013\/04\/07.jpg\"><img loading=\"lazy\" decoding=\"async\" class=\"aligncenter size-full wp-image-10398\" title=\"07\" src=\"http:\/\/creaerte.com\/live\/wp-content\/uploads\/2013\/04\/07.jpg\" alt=\"07\" width=\"610\" height=\"353\" srcset=\"https:\/\/www.creaerte.com\/live\/wp-content\/uploads\/2013\/04\/07.jpg 610w, https:\/\/www.creaerte.com\/live\/wp-content\/uploads\/2013\/04\/07-384x222.jpg 384w\" sizes=\"(max-width: 610px) 100vw, 610px\" \/><\/a><\/p>\n<p><a href=\"http:\/\/creaerte.com\/live\/wp-content\/uploads\/2013\/04\/08.jpg\"><img decoding=\"async\" class=\"aligncenter size-full wp-image-10399\" title=\"08\" src=\"http:\/\/creaerte.com\/live\/wp-content\/uploads\/2013\/04\/08.jpg\" alt=\"08\" \/><\/a><\/p>\n","protected":false},"excerpt":{"rendered":"<p>La identidad corporativa juega un papel crucial en el funcionamiento de una empresa. Es la manifestaci\u00f3n f\u00edsica de la marca, la posibilidad del amor a primera vista por parte del cliente, que sintetiza los aspectos visuales de la organizaci\u00f3n y que est\u00e1 directamente relacionada con la historia, la filosof\u00eda y los proyectos de la entidad. Atipo, el estudio de los&#8230;<\/p>\n","protected":false},"author":1,"featured_media":0,"comment_status":"open","ping_status":"open","sticky":false,"template":"","format":"standard","meta":{"footnotes":""},"categories":[10],"tags":[1191,82,1189,134,123,127,1187,1192],"class_list":["post-10390","post","type-post","status-publish","format-standard","hentry","category-noticias","tag-comunicacion","tag-creatividad","tag-diseno","tag-diseno-grafico","tag-logotipo","tag-marca","tag-marketing","tag-packaging","has_thumb"],"yoast_head":"<!-- This site is optimized with the Yoast SEO plugin v26.9 - https:\/\/yoast.com\/product\/yoast-seo-wordpress\/ -->\n<title>Imagen Corporativa para Minke - creaerte.com<\/title>\n<meta name=\"robots\" content=\"index, follow, max-snippet:-1, max-image-preview:large, max-video-preview:-1\" \/>\n<link rel=\"canonical\" href=\"https:\/\/www.creaerte.com\/live\/imagen-corporativa-para-minke\/\" \/>\n<meta property=\"og:locale\" content=\"es_ES\" \/>\n<meta property=\"og:type\" content=\"article\" \/>\n<meta property=\"og:title\" content=\"Imagen Corporativa para Minke - creaerte.com\" \/>\n<meta property=\"og:description\" content=\"La identidad corporativa juega un papel crucial en el funcionamiento de una empresa. Es la manifestaci\u00f3n f\u00edsica de la marca, la posibilidad del amor a primera vista por parte del cliente, que sintetiza los aspectos visuales de la organizaci\u00f3n y que est\u00e1 directamente relacionada con la historia, la filosof\u00eda y los proyectos de la entidad. Atipo, el estudio de los...\" \/>\n<meta property=\"og:url\" content=\"https:\/\/www.creaerte.com\/live\/imagen-corporativa-para-minke\/\" \/>\n<meta property=\"og:site_name\" content=\"creaerte.com\" \/>\n<meta property=\"article:publisher\" content=\"https:\/\/www.facebook.com\/creaerte\" \/>\n<meta property=\"article:published_time\" content=\"2013-04-02T09:54:39+00:00\" \/>\n<meta property=\"article:modified_time\" content=\"2013-04-03T07:33:46+00:00\" \/>\n<meta property=\"og:image\" content=\"http:\/\/creaerte.com\/live\/wp-content\/uploads\/2013\/04\/02.jpg\" \/>\n<meta name=\"author\" content=\"admin\" \/>\n<meta name=\"twitter:card\" content=\"summary_large_image\" \/>\n<meta name=\"twitter:creator\" content=\"@Creaerte\" \/>\n<meta name=\"twitter:site\" content=\"@Creaerte\" \/>\n<meta name=\"twitter:label1\" content=\"Escrito por\" \/>\n\t<meta name=\"twitter:data1\" content=\"admin\" \/>\n\t<meta name=\"twitter:label2\" content=\"Tiempo de lectura\" \/>\n\t<meta name=\"twitter:data2\" content=\"1 minuto\" \/>\n<script type=\"application\/ld+json\" class=\"yoast-schema-graph\">{\"@context\":\"https:\/\/schema.org\",\"@graph\":[{\"@type\":\"Article\",\"@id\":\"https:\/\/www.creaerte.com\/live\/imagen-corporativa-para-minke\/#article\",\"isPartOf\":{\"@id\":\"https:\/\/www.creaerte.com\/live\/imagen-corporativa-para-minke\/\"},\"author\":{\"name\":\"admin\",\"@id\":\"https:\/\/www.creaerte.com\/live\/#\/schema\/person\/acc9e93c6216bce2d569b1f0a99607f6\"},\"headline\":\"Imagen Corporativa para Minke\",\"datePublished\":\"2013-04-02T09:54:39+00:00\",\"dateModified\":\"2013-04-03T07:33:46+00:00\",\"mainEntityOfPage\":{\"@id\":\"https:\/\/www.creaerte.com\/live\/imagen-corporativa-para-minke\/\"},\"wordCount\":164,\"commentCount\":0,\"image\":{\"@id\":\"https:\/\/www.creaerte.com\/live\/imagen-corporativa-para-minke\/#primaryimage\"},\"thumbnailUrl\":\"http:\/\/creaerte.com\/live\/wp-content\/uploads\/2013\/04\/02.jpg\",\"keywords\":[\"comunicaci\u00f3n\",\"creatividad\",\"dise\u00f1o\",\"dise\u00f1o gr\u00e1fico\",\"logotipo\",\"marca\",\"marketing\",\"packaging\"],\"articleSection\":[\"Noticias\"],\"inLanguage\":\"es\",\"potentialAction\":[{\"@type\":\"CommentAction\",\"name\":\"Comment\",\"target\":[\"https:\/\/www.creaerte.com\/live\/imagen-corporativa-para-minke\/#respond\"]}]},{\"@type\":\"WebPage\",\"@id\":\"https:\/\/www.creaerte.com\/live\/imagen-corporativa-para-minke\/\",\"url\":\"https:\/\/www.creaerte.com\/live\/imagen-corporativa-para-minke\/\",\"name\":\"Imagen Corporativa para Minke - creaerte.com\",\"isPartOf\":{\"@id\":\"https:\/\/www.creaerte.com\/live\/#website\"},\"primaryImageOfPage\":{\"@id\":\"https:\/\/www.creaerte.com\/live\/imagen-corporativa-para-minke\/#primaryimage\"},\"image\":{\"@id\":\"https:\/\/www.creaerte.com\/live\/imagen-corporativa-para-minke\/#primaryimage\"},\"thumbnailUrl\":\"http:\/\/creaerte.com\/live\/wp-content\/uploads\/2013\/04\/02.jpg\",\"datePublished\":\"2013-04-02T09:54:39+00:00\",\"dateModified\":\"2013-04-03T07:33:46+00:00\",\"author\":{\"@id\":\"https:\/\/www.creaerte.com\/live\/#\/schema\/person\/acc9e93c6216bce2d569b1f0a99607f6\"},\"inLanguage\":\"es\",\"potentialAction\":[{\"@type\":\"ReadAction\",\"target\":[\"https:\/\/www.creaerte.com\/live\/imagen-corporativa-para-minke\/\"]}]},{\"@type\":\"ImageObject\",\"inLanguage\":\"es\",\"@id\":\"https:\/\/www.creaerte.com\/live\/imagen-corporativa-para-minke\/#primaryimage\",\"url\":\"http:\/\/creaerte.com\/live\/wp-content\/uploads\/2013\/04\/02.jpg\",\"contentUrl\":\"http:\/\/creaerte.com\/live\/wp-content\/uploads\/2013\/04\/02.jpg\"},{\"@type\":\"WebSite\",\"@id\":\"https:\/\/www.creaerte.com\/live\/#website\",\"url\":\"https:\/\/www.creaerte.com\/live\/\",\"name\":\"creaerte.com\",\"description\":\"Agencia de publicidad, comunicaci\u00f3n y marketing en C\u00e1ceres \u2022 Extremadura\",\"potentialAction\":[{\"@type\":\"SearchAction\",\"target\":{\"@type\":\"EntryPoint\",\"urlTemplate\":\"https:\/\/www.creaerte.com\/live\/?s={search_term_string}\"},\"query-input\":{\"@type\":\"PropertyValueSpecification\",\"valueRequired\":true,\"valueName\":\"search_term_string\"}}],\"inLanguage\":\"es\"},{\"@type\":\"Person\",\"@id\":\"https:\/\/www.creaerte.com\/live\/#\/schema\/person\/acc9e93c6216bce2d569b1f0a99607f6\",\"name\":\"admin\",\"image\":{\"@type\":\"ImageObject\",\"inLanguage\":\"es\",\"@id\":\"https:\/\/www.creaerte.com\/live\/#\/schema\/person\/image\/\",\"url\":\"https:\/\/secure.gravatar.com\/avatar\/736f9ff6dd176e443e4c9cf884b23352631c533b611f216dbc09fc84cda6e67c?s=96&d=mm&r=g\",\"contentUrl\":\"https:\/\/secure.gravatar.com\/avatar\/736f9ff6dd176e443e4c9cf884b23352631c533b611f216dbc09fc84cda6e67c?s=96&d=mm&r=g\",\"caption\":\"admin\"},\"url\":\"https:\/\/www.creaerte.com\/live\/author\/admin\/\"}]}<\/script>\n<!-- \/ Yoast SEO plugin. -->","yoast_head_json":{"title":"Imagen Corporativa para Minke - creaerte.com","robots":{"index":"index","follow":"follow","max-snippet":"max-snippet:-1","max-image-preview":"max-image-preview:large","max-video-preview":"max-video-preview:-1"},"canonical":"https:\/\/www.creaerte.com\/live\/imagen-corporativa-para-minke\/","og_locale":"es_ES","og_type":"article","og_title":"Imagen Corporativa para Minke - creaerte.com","og_description":"La identidad corporativa juega un papel crucial en el funcionamiento de una empresa. Es la manifestaci\u00f3n f\u00edsica de la marca, la posibilidad del amor a primera vista por parte del cliente, que sintetiza los aspectos visuales de la organizaci\u00f3n y que est\u00e1 directamente relacionada con la historia, la filosof\u00eda y los proyectos de la entidad. Atipo, el estudio de los...","og_url":"https:\/\/www.creaerte.com\/live\/imagen-corporativa-para-minke\/","og_site_name":"creaerte.com","article_publisher":"https:\/\/www.facebook.com\/creaerte","article_published_time":"2013-04-02T09:54:39+00:00","article_modified_time":"2013-04-03T07:33:46+00:00","og_image":[{"url":"http:\/\/creaerte.com\/live\/wp-content\/uploads\/2013\/04\/02.jpg","type":"","width":"","height":""}],"author":"admin","twitter_card":"summary_large_image","twitter_creator":"@Creaerte","twitter_site":"@Creaerte","twitter_misc":{"Escrito por":"admin","Tiempo de lectura":"1 minuto"},"schema":{"@context":"https:\/\/schema.org","@graph":[{"@type":"Article","@id":"https:\/\/www.creaerte.com\/live\/imagen-corporativa-para-minke\/#article","isPartOf":{"@id":"https:\/\/www.creaerte.com\/live\/imagen-corporativa-para-minke\/"},"author":{"name":"admin","@id":"https:\/\/www.creaerte.com\/live\/#\/schema\/person\/acc9e93c6216bce2d569b1f0a99607f6"},"headline":"Imagen Corporativa para Minke","datePublished":"2013-04-02T09:54:39+00:00","dateModified":"2013-04-03T07:33:46+00:00","mainEntityOfPage":{"@id":"https:\/\/www.creaerte.com\/live\/imagen-corporativa-para-minke\/"},"wordCount":164,"commentCount":0,"image":{"@id":"https:\/\/www.creaerte.com\/live\/imagen-corporativa-para-minke\/#primaryimage"},"thumbnailUrl":"http:\/\/creaerte.com\/live\/wp-content\/uploads\/2013\/04\/02.jpg","keywords":["comunicaci\u00f3n","creatividad","dise\u00f1o","dise\u00f1o gr\u00e1fico","logotipo","marca","marketing","packaging"],"articleSection":["Noticias"],"inLanguage":"es","potentialAction":[{"@type":"CommentAction","name":"Comment","target":["https:\/\/www.creaerte.com\/live\/imagen-corporativa-para-minke\/#respond"]}]},{"@type":"WebPage","@id":"https:\/\/www.creaerte.com\/live\/imagen-corporativa-para-minke\/","url":"https:\/\/www.creaerte.com\/live\/imagen-corporativa-para-minke\/","name":"Imagen Corporativa para Minke - creaerte.com","isPartOf":{"@id":"https:\/\/www.creaerte.com\/live\/#website"},"primaryImageOfPage":{"@id":"https:\/\/www.creaerte.com\/live\/imagen-corporativa-para-minke\/#primaryimage"},"image":{"@id":"https:\/\/www.creaerte.com\/live\/imagen-corporativa-para-minke\/#primaryimage"},"thumbnailUrl":"http:\/\/creaerte.com\/live\/wp-content\/uploads\/2013\/04\/02.jpg","datePublished":"2013-04-02T09:54:39+00:00","dateModified":"2013-04-03T07:33:46+00:00","author":{"@id":"https:\/\/www.creaerte.com\/live\/#\/schema\/person\/acc9e93c6216bce2d569b1f0a99607f6"},"inLanguage":"es","potentialAction":[{"@type":"ReadAction","target":["https:\/\/www.creaerte.com\/live\/imagen-corporativa-para-minke\/"]}]},{"@type":"ImageObject","inLanguage":"es","@id":"https:\/\/www.creaerte.com\/live\/imagen-corporativa-para-minke\/#primaryimage","url":"http:\/\/creaerte.com\/live\/wp-content\/uploads\/2013\/04\/02.jpg","contentUrl":"http:\/\/creaerte.com\/live\/wp-content\/uploads\/2013\/04\/02.jpg"},{"@type":"WebSite","@id":"https:\/\/www.creaerte.com\/live\/#website","url":"https:\/\/www.creaerte.com\/live\/","name":"creaerte.com","description":"Agencia de publicidad, comunicaci\u00f3n y marketing en C\u00e1ceres \u2022 Extremadura","potentialAction":[{"@type":"SearchAction","target":{"@type":"EntryPoint","urlTemplate":"https:\/\/www.creaerte.com\/live\/?s={search_term_string}"},"query-input":{"@type":"PropertyValueSpecification","valueRequired":true,"valueName":"search_term_string"}}],"inLanguage":"es"},{"@type":"Person","@id":"https:\/\/www.creaerte.com\/live\/#\/schema\/person\/acc9e93c6216bce2d569b1f0a99607f6","name":"admin","image":{"@type":"ImageObject","inLanguage":"es","@id":"https:\/\/www.creaerte.com\/live\/#\/schema\/person\/image\/","url":"https:\/\/secure.gravatar.com\/avatar\/736f9ff6dd176e443e4c9cf884b23352631c533b611f216dbc09fc84cda6e67c?s=96&d=mm&r=g","contentUrl":"https:\/\/secure.gravatar.com\/avatar\/736f9ff6dd176e443e4c9cf884b23352631c533b611f216dbc09fc84cda6e67c?s=96&d=mm&r=g","caption":"admin"},"url":"https:\/\/www.creaerte.com\/live\/author\/admin\/"}]}},"_links":{"self":[{"href":"https:\/\/www.creaerte.com\/live\/wp-json\/wp\/v2\/posts\/10390","targetHints":{"allow":["GET"]}}],"collection":[{"href":"https:\/\/www.creaerte.com\/live\/wp-json\/wp\/v2\/posts"}],"about":[{"href":"https:\/\/www.creaerte.com\/live\/wp-json\/wp\/v2\/types\/post"}],"author":[{"embeddable":true,"href":"https:\/\/www.creaerte.com\/live\/wp-json\/wp\/v2\/users\/1"}],"replies":[{"embeddable":true,"href":"https:\/\/www.creaerte.com\/live\/wp-json\/wp\/v2\/comments?post=10390"}],"version-history":[{"count":0,"href":"https:\/\/www.creaerte.com\/live\/wp-json\/wp\/v2\/posts\/10390\/revisions"}],"wp:attachment":[{"href":"https:\/\/www.creaerte.com\/live\/wp-json\/wp\/v2\/media?parent=10390"}],"wp:term":[{"taxonomy":"category","embeddable":true,"href":"https:\/\/www.creaerte.com\/live\/wp-json\/wp\/v2\/categories?post=10390"},{"taxonomy":"post_tag","embeddable":true,"href":"https:\/\/www.creaerte.com\/live\/wp-json\/wp\/v2\/tags?post=10390"}],"curies":[{"name":"wp","href":"https:\/\/api.w.org\/{rel}","templated":true}]}}