{"id":10567,"date":"2013-04-29T09:00:46","date_gmt":"2013-04-29T08:00:46","guid":{"rendered":"http:\/\/creaerte.com\/live\/?p=10567"},"modified":"2013-05-04T11:26:57","modified_gmt":"2013-05-04T10:26:57","slug":"la-imagen-de-la-semana-5","status":"publish","type":"post","link":"https:\/\/www.creaerte.com\/live\/la-imagen-de-la-semana-5\/","title":{"rendered":"La imagen de la semana"},"content":{"rendered":"<p>La imagen seleccionada esta semana es de Jos\u00e9 A.Caso, una maravillosa composici\u00f3n geom\u00e9trica realizada en el antiguo barrio minero de Aldea Moret en C\u00e1ceres, dentro del Embarcadero.<\/p>\n<p>\u00a1Gracias Jos\u00e9 por tu aportaci\u00f3n!<\/p>\n<p><a href=\"http:\/\/creaerte.com\/live\/wp-content\/uploads\/2013\/04\/MG_1083.jpg\"><img fetchpriority=\"high\" decoding=\"async\" class=\"aligncenter size-full wp-image-10568\" title=\"_MG_1083\" src=\"http:\/\/creaerte.com\/live\/wp-content\/uploads\/2013\/04\/MG_1083.jpg\" alt=\"_MG_1083\" width=\"610\" height=\"407\" srcset=\"https:\/\/www.creaerte.com\/live\/wp-content\/uploads\/2013\/04\/MG_1083.jpg 610w, https:\/\/www.creaerte.com\/live\/wp-content\/uploads\/2013\/04\/MG_1083-384x256.jpg 384w\" sizes=\"(max-width: 610px) 100vw, 610px\" \/><\/a><\/p>\n<p>Si quieres ver tus im\u00e1genes, ya sean fotos, cuadros o dibujos en este blog, env\u00edanoslas a\u00a0<a href=\"&#x6d;&#x61;&#105;lt&#x6f;&#x3a;&#x75;&#110;af&#x6f;&#x74;&#x6f;&#97;ld&#x69;&#x61;&#x40;&#99;re&#x61;&#x65;&#x72;&#116;e.&#x63;&#x6f;&#x6d;\">u&#x6e;a&#102;&#x6f;t&#x6f;a&#108;&#x64;i&#x61;&#x40;c&#x72;e&#97;&#x65;r&#x74;&#x65;.&#x63;o&#109;<\/a> y las publicaremos en el espacio una vez a la semana!.<\/p>\n","protected":false},"excerpt":{"rendered":"<p>La imagen seleccionada esta semana es de Jos\u00e9 A.Caso, una maravillosa composici\u00f3n geom\u00e9trica realizada en el antiguo barrio minero de Aldea Moret en C\u00e1ceres, dentro del Embarcadero. \u00a1Gracias Jos\u00e9 por tu aportaci\u00f3n! Si quieres ver tus im\u00e1genes, ya sean fotos, cuadros o dibujos en este blog, env\u00edanoslas a\u00a0&#117;n&#x61;f&#x6f;t&#x6f;a&#x6c;d&#x69;a&#x40;&#99;&#x72;&#101;a&#101;r&#x74;e&#x2e;c&#x6f;m y las publicaremos en el espacio una vez a la semana!.<\/p>\n","protected":false},"author":1,"featured_media":0,"comment_status":"open","ping_status":"open","sticky":false,"template":"","format":"standard","meta":{"footnotes":""},"categories":[320,10],"tags":[82,19,18],"class_list":["post-10567","post","type-post","status-publish","format-standard","hentry","category-la-imagen-de-la-semana","category-noticias","tag-creatividad","tag-fotografia","tag-internet","has_thumb"],"yoast_head":"<!-- This site is optimized with the Yoast SEO plugin v26.9 - https:\/\/yoast.com\/product\/yoast-seo-wordpress\/ -->\n<title>La imagen de la semana - creaerte.com<\/title>\n<meta name=\"robots\" content=\"index, follow, max-snippet:-1, max-image-preview:large, max-video-preview:-1\" \/>\n<link rel=\"canonical\" href=\"https:\/\/www.creaerte.com\/live\/la-imagen-de-la-semana-5\/\" \/>\n<meta property=\"og:locale\" content=\"es_ES\" \/>\n<meta property=\"og:type\" content=\"article\" \/>\n<meta property=\"og:title\" content=\"La imagen de la semana - creaerte.com\" \/>\n<meta property=\"og:description\" content=\"La imagen seleccionada esta semana es de Jos\u00e9 A.Caso, una maravillosa composici\u00f3n geom\u00e9trica realizada en el antiguo barrio minero de Aldea Moret en C\u00e1ceres, dentro del Embarcadero. \u00a1Gracias Jos\u00e9 por tu aportaci\u00f3n! Si quieres ver tus im\u00e1genes, ya sean fotos, cuadros o dibujos en este blog, env\u00edanoslas a\u00a0&#x75;&#x6e;&#x61;&#102;oto&#x61;&#x6c;&#x64;&#105;a&#064;c&#x72;&#x65;&#x61;&#101;rte&#x2e;&#x63;&#x6f;&#109; y las publicaremos en el espacio una vez a la semana!.\" \/>\n<meta property=\"og:url\" content=\"https:\/\/www.creaerte.com\/live\/la-imagen-de-la-semana-5\/\" \/>\n<meta property=\"og:site_name\" content=\"creaerte.com\" \/>\n<meta property=\"article:publisher\" content=\"https:\/\/www.facebook.com\/creaerte\" \/>\n<meta property=\"article:published_time\" content=\"2013-04-29T08:00:46+00:00\" \/>\n<meta property=\"article:modified_time\" content=\"2013-05-04T10:26:57+00:00\" \/>\n<meta property=\"og:image\" content=\"http:\/\/creaerte.com\/live\/wp-content\/uploads\/2013\/04\/MG_1083.jpg\" \/>\n<meta name=\"author\" content=\"admin\" \/>\n<meta name=\"twitter:card\" content=\"summary_large_image\" \/>\n<meta name=\"twitter:creator\" content=\"@Creaerte\" \/>\n<meta name=\"twitter:site\" content=\"@Creaerte\" \/>\n<meta name=\"twitter:label1\" content=\"Escrito por\" \/>\n\t<meta name=\"twitter:data1\" content=\"admin\" \/>\n<script type=\"application\/ld+json\" class=\"yoast-schema-graph\">{\"@context\":\"https:\/\/schema.org\",\"@graph\":[{\"@type\":\"Article\",\"@id\":\"https:\/\/www.creaerte.com\/live\/la-imagen-de-la-semana-5\/#article\",\"isPartOf\":{\"@id\":\"https:\/\/www.creaerte.com\/live\/la-imagen-de-la-semana-5\/\"},\"author\":{\"name\":\"admin\",\"@id\":\"https:\/\/www.creaerte.com\/live\/#\/schema\/person\/acc9e93c6216bce2d569b1f0a99607f6\"},\"headline\":\"La imagen de la semana\",\"datePublished\":\"2013-04-29T08:00:46+00:00\",\"dateModified\":\"2013-05-04T10:26:57+00:00\",\"mainEntityOfPage\":{\"@id\":\"https:\/\/www.creaerte.com\/live\/la-imagen-de-la-semana-5\/\"},\"wordCount\":74,\"commentCount\":0,\"image\":{\"@id\":\"https:\/\/www.creaerte.com\/live\/la-imagen-de-la-semana-5\/#primaryimage\"},\"thumbnailUrl\":\"http:\/\/creaerte.com\/live\/wp-content\/uploads\/2013\/04\/MG_1083.jpg\",\"keywords\":[\"creatividad\",\"fotograf\u00eda\",\"internet\"],\"articleSection\":[\"La imagen de la semana\",\"Noticias\"],\"inLanguage\":\"es\",\"potentialAction\":[{\"@type\":\"CommentAction\",\"name\":\"Comment\",\"target\":[\"https:\/\/www.creaerte.com\/live\/la-imagen-de-la-semana-5\/#respond\"]}]},{\"@type\":\"WebPage\",\"@id\":\"https:\/\/www.creaerte.com\/live\/la-imagen-de-la-semana-5\/\",\"url\":\"https:\/\/www.creaerte.com\/live\/la-imagen-de-la-semana-5\/\",\"name\":\"La imagen de la semana - creaerte.com\",\"isPartOf\":{\"@id\":\"https:\/\/www.creaerte.com\/live\/#website\"},\"primaryImageOfPage\":{\"@id\":\"https:\/\/www.creaerte.com\/live\/la-imagen-de-la-semana-5\/#primaryimage\"},\"image\":{\"@id\":\"https:\/\/www.creaerte.com\/live\/la-imagen-de-la-semana-5\/#primaryimage\"},\"thumbnailUrl\":\"http:\/\/creaerte.com\/live\/wp-content\/uploads\/2013\/04\/MG_1083.jpg\",\"datePublished\":\"2013-04-29T08:00:46+00:00\",\"dateModified\":\"2013-05-04T10:26:57+00:00\",\"author\":{\"@id\":\"https:\/\/www.creaerte.com\/live\/#\/schema\/person\/acc9e93c6216bce2d569b1f0a99607f6\"},\"inLanguage\":\"es\",\"potentialAction\":[{\"@type\":\"ReadAction\",\"target\":[\"https:\/\/www.creaerte.com\/live\/la-imagen-de-la-semana-5\/\"]}]},{\"@type\":\"ImageObject\",\"inLanguage\":\"es\",\"@id\":\"https:\/\/www.creaerte.com\/live\/la-imagen-de-la-semana-5\/#primaryimage\",\"url\":\"http:\/\/creaerte.com\/live\/wp-content\/uploads\/2013\/04\/MG_1083.jpg\",\"contentUrl\":\"http:\/\/creaerte.com\/live\/wp-content\/uploads\/2013\/04\/MG_1083.jpg\"},{\"@type\":\"WebSite\",\"@id\":\"https:\/\/www.creaerte.com\/live\/#website\",\"url\":\"https:\/\/www.creaerte.com\/live\/\",\"name\":\"creaerte.com\",\"description\":\"Agencia de publicidad, comunicaci\u00f3n y marketing en C\u00e1ceres \u2022 Extremadura\",\"potentialAction\":[{\"@type\":\"SearchAction\",\"target\":{\"@type\":\"EntryPoint\",\"urlTemplate\":\"https:\/\/www.creaerte.com\/live\/?s={search_term_string}\"},\"query-input\":{\"@type\":\"PropertyValueSpecification\",\"valueRequired\":true,\"valueName\":\"search_term_string\"}}],\"inLanguage\":\"es\"},{\"@type\":\"Person\",\"@id\":\"https:\/\/www.creaerte.com\/live\/#\/schema\/person\/acc9e93c6216bce2d569b1f0a99607f6\",\"name\":\"admin\",\"image\":{\"@type\":\"ImageObject\",\"inLanguage\":\"es\",\"@id\":\"https:\/\/www.creaerte.com\/live\/#\/schema\/person\/image\/\",\"url\":\"https:\/\/secure.gravatar.com\/avatar\/736f9ff6dd176e443e4c9cf884b23352631c533b611f216dbc09fc84cda6e67c?s=96&d=mm&r=g\",\"contentUrl\":\"https:\/\/secure.gravatar.com\/avatar\/736f9ff6dd176e443e4c9cf884b23352631c533b611f216dbc09fc84cda6e67c?s=96&d=mm&r=g\",\"caption\":\"admin\"},\"url\":\"https:\/\/www.creaerte.com\/live\/author\/admin\/\"}]}<\/script>\n<!-- \/ Yoast SEO plugin. -->","yoast_head_json":{"title":"La imagen de la semana - creaerte.com","robots":{"index":"index","follow":"follow","max-snippet":"max-snippet:-1","max-image-preview":"max-image-preview:large","max-video-preview":"max-video-preview:-1"},"canonical":"https:\/\/www.creaerte.com\/live\/la-imagen-de-la-semana-5\/","og_locale":"es_ES","og_type":"article","og_title":"La imagen de la semana - creaerte.com","og_description":"La imagen seleccionada esta semana es de Jos\u00e9 A.Caso, una maravillosa composici\u00f3n geom\u00e9trica realizada en el antiguo barrio minero de Aldea Moret en C\u00e1ceres, dentro del Embarcadero. \u00a1Gracias Jos\u00e9 por tu aportaci\u00f3n! Si quieres ver tus im\u00e1genes, ya sean fotos, cuadros o dibujos en este blog, env\u00edanoslas a\u00a0&#x75;&#x6e;&#x61;&#102;oto&#x61;&#x6c;&#x64;&#105;a&#64;c&#x72;&#x65;&#x61;&#101;rte&#x2e;&#x63;&#x6f;&#109; y las publicaremos en el espacio una vez a la semana!.","og_url":"https:\/\/www.creaerte.com\/live\/la-imagen-de-la-semana-5\/","og_site_name":"creaerte.com","article_publisher":"https:\/\/www.facebook.com\/creaerte","article_published_time":"2013-04-29T08:00:46+00:00","article_modified_time":"2013-05-04T10:26:57+00:00","og_image":[{"url":"http:\/\/creaerte.com\/live\/wp-content\/uploads\/2013\/04\/MG_1083.jpg","type":"","width":"","height":""}],"author":"admin","twitter_card":"summary_large_image","twitter_creator":"@Creaerte","twitter_site":"@Creaerte","twitter_misc":{"Escrito por":"admin"},"schema":{"@context":"https:\/\/schema.org","@graph":[{"@type":"Article","@id":"https:\/\/www.creaerte.com\/live\/la-imagen-de-la-semana-5\/#article","isPartOf":{"@id":"https:\/\/www.creaerte.com\/live\/la-imagen-de-la-semana-5\/"},"author":{"name":"admin","@id":"https:\/\/www.creaerte.com\/live\/#\/schema\/person\/acc9e93c6216bce2d569b1f0a99607f6"},"headline":"La imagen de la semana","datePublished":"2013-04-29T08:00:46+00:00","dateModified":"2013-05-04T10:26:57+00:00","mainEntityOfPage":{"@id":"https:\/\/www.creaerte.com\/live\/la-imagen-de-la-semana-5\/"},"wordCount":74,"commentCount":0,"image":{"@id":"https:\/\/www.creaerte.com\/live\/la-imagen-de-la-semana-5\/#primaryimage"},"thumbnailUrl":"http:\/\/creaerte.com\/live\/wp-content\/uploads\/2013\/04\/MG_1083.jpg","keywords":["creatividad","fotograf\u00eda","internet"],"articleSection":["La imagen de la semana","Noticias"],"inLanguage":"es","potentialAction":[{"@type":"CommentAction","name":"Comment","target":["https:\/\/www.creaerte.com\/live\/la-imagen-de-la-semana-5\/#respond"]}]},{"@type":"WebPage","@id":"https:\/\/www.creaerte.com\/live\/la-imagen-de-la-semana-5\/","url":"https:\/\/www.creaerte.com\/live\/la-imagen-de-la-semana-5\/","name":"La imagen de la semana - creaerte.com","isPartOf":{"@id":"https:\/\/www.creaerte.com\/live\/#website"},"primaryImageOfPage":{"@id":"https:\/\/www.creaerte.com\/live\/la-imagen-de-la-semana-5\/#primaryimage"},"image":{"@id":"https:\/\/www.creaerte.com\/live\/la-imagen-de-la-semana-5\/#primaryimage"},"thumbnailUrl":"http:\/\/creaerte.com\/live\/wp-content\/uploads\/2013\/04\/MG_1083.jpg","datePublished":"2013-04-29T08:00:46+00:00","dateModified":"2013-05-04T10:26:57+00:00","author":{"@id":"https:\/\/www.creaerte.com\/live\/#\/schema\/person\/acc9e93c6216bce2d569b1f0a99607f6"},"inLanguage":"es","potentialAction":[{"@type":"ReadAction","target":["https:\/\/www.creaerte.com\/live\/la-imagen-de-la-semana-5\/"]}]},{"@type":"ImageObject","inLanguage":"es","@id":"https:\/\/www.creaerte.com\/live\/la-imagen-de-la-semana-5\/#primaryimage","url":"http:\/\/creaerte.com\/live\/wp-content\/uploads\/2013\/04\/MG_1083.jpg","contentUrl":"http:\/\/creaerte.com\/live\/wp-content\/uploads\/2013\/04\/MG_1083.jpg"},{"@type":"WebSite","@id":"https:\/\/www.creaerte.com\/live\/#website","url":"https:\/\/www.creaerte.com\/live\/","name":"creaerte.com","description":"Agencia de publicidad, comunicaci\u00f3n y marketing en C\u00e1ceres \u2022 Extremadura","potentialAction":[{"@type":"SearchAction","target":{"@type":"EntryPoint","urlTemplate":"https:\/\/www.creaerte.com\/live\/?s={search_term_string}"},"query-input":{"@type":"PropertyValueSpecification","valueRequired":true,"valueName":"search_term_string"}}],"inLanguage":"es"},{"@type":"Person","@id":"https:\/\/www.creaerte.com\/live\/#\/schema\/person\/acc9e93c6216bce2d569b1f0a99607f6","name":"admin","image":{"@type":"ImageObject","inLanguage":"es","@id":"https:\/\/www.creaerte.com\/live\/#\/schema\/person\/image\/","url":"https:\/\/secure.gravatar.com\/avatar\/736f9ff6dd176e443e4c9cf884b23352631c533b611f216dbc09fc84cda6e67c?s=96&d=mm&r=g","contentUrl":"https:\/\/secure.gravatar.com\/avatar\/736f9ff6dd176e443e4c9cf884b23352631c533b611f216dbc09fc84cda6e67c?s=96&d=mm&r=g","caption":"admin"},"url":"https:\/\/www.creaerte.com\/live\/author\/admin\/"}]}},"_links":{"self":[{"href":"https:\/\/www.creaerte.com\/live\/wp-json\/wp\/v2\/posts\/10567","targetHints":{"allow":["GET"]}}],"collection":[{"href":"https:\/\/www.creaerte.com\/live\/wp-json\/wp\/v2\/posts"}],"about":[{"href":"https:\/\/www.creaerte.com\/live\/wp-json\/wp\/v2\/types\/post"}],"author":[{"embeddable":true,"href":"https:\/\/www.creaerte.com\/live\/wp-json\/wp\/v2\/users\/1"}],"replies":[{"embeddable":true,"href":"https:\/\/www.creaerte.com\/live\/wp-json\/wp\/v2\/comments?post=10567"}],"version-history":[{"count":0,"href":"https:\/\/www.creaerte.com\/live\/wp-json\/wp\/v2\/posts\/10567\/revisions"}],"wp:attachment":[{"href":"https:\/\/www.creaerte.com\/live\/wp-json\/wp\/v2\/media?parent=10567"}],"wp:term":[{"taxonomy":"category","embeddable":true,"href":"https:\/\/www.creaerte.com\/live\/wp-json\/wp\/v2\/categories?post=10567"},{"taxonomy":"post_tag","embeddable":true,"href":"https:\/\/www.creaerte.com\/live\/wp-json\/wp\/v2\/tags?post=10567"}],"curies":[{"name":"wp","href":"https:\/\/api.w.org\/{rel}","templated":true}]}}