{"id":11118,"date":"2013-07-01T10:29:36","date_gmt":"2013-07-01T09:29:36","guid":{"rendered":"http:\/\/creaerte.com\/live\/?p=11118"},"modified":"2013-07-01T11:48:03","modified_gmt":"2013-07-01T10:48:03","slug":"anuncio-emocional-de-calvo-dedicado-a-las-mamas","status":"publish","type":"post","link":"https:\/\/www.creaerte.com\/live\/anuncio-emocional-de-calvo-dedicado-a-las-mamas\/","title":{"rendered":"Anuncio genial de At\u00fan Calvo, dedicado a las mam\u00e1s"},"content":{"rendered":"<p>En la agencia <a href=\"http:\/\/www.mccann.es\/project.php?proj_id=130\" target=\"_blank\">Mccann EricKson<\/a>, en su \u00faltima campa\u00f1a para <a href=\"http:\/\/www.calvo.es\/index.php\/category\/buenas_ideas\/\" target=\"_blank\">At\u00fan Calvo<\/a>, muestran a las madres como aut\u00e9nticas mujeres con super-poderes mentales.<\/p>\n<p>Si recurrimos a nuestra memoria infantil podemos corroborar lo que nos cuentan visualmente en este anuncio publicitario, tan divertido y emocional, acerca de las capacidades que van desarrollando las madres para proteger a sus hijos.<\/p>\n<p>Todos en <a href=\"http:\/\/creaerte.com\/\" target=\"_blank\">creaerte.com<\/a> estamos de acuerdo en que las madres saben lat\u00edn del bueno y, adem\u00e1s, nos encanta que descubran nuestros secretos porque nos liberan de esa presi\u00f3n. Madre no hay m\u00e1s que una.<\/p>\n<p>\u00bfQu\u00e9 super-poder tiene tu madre?<\/p>\n<p><iframe width=\"615\" height=\"345\" src=\"http:\/\/www.youtube.com\/embed\/4pIGUQCYfFw?feature=player_detailpage\" frameborder=\"0\" allowfullscreen><\/iframe><\/p>\n","protected":false},"excerpt":{"rendered":"<p>En la agencia Mccann EricKson, en su \u00faltima campa\u00f1a para At\u00fan Calvo, muestran a las madres como aut\u00e9nticas mujeres con super-poderes mentales. Si recurrimos a nuestra memoria infantil podemos corroborar lo que nos cuentan visualmente en este anuncio publicitario, tan divertido y emocional, acerca de las capacidades que van desarrollando las madres para proteger a sus hijos. Todos en creaerte.com&#8230;<\/p>\n","protected":false},"author":1,"featured_media":0,"comment_status":"open","ping_status":"open","sticky":false,"template":"","format":"standard","meta":{"footnotes":""},"categories":[10,322],"tags":[140,1191,82,18,127,1187,6,27],"class_list":["post-11118","post","type-post","status-publish","format-standard","hentry","category-noticias","category-publicidad-emocional","tag-anuncio","tag-comunicacion","tag-creatividad","tag-internet","tag-marca","tag-marketing","tag-publicidad","tag-video","has_no_thumb"],"yoast_head":"<!-- This site is optimized with the Yoast SEO plugin v26.9 - https:\/\/yoast.com\/product\/yoast-seo-wordpress\/ -->\n<title>Anuncio genial de At\u00fan Calvo, dedicado a las mam\u00e1s - creaerte.com<\/title>\n<meta name=\"robots\" content=\"index, follow, max-snippet:-1, max-image-preview:large, max-video-preview:-1\" \/>\n<link rel=\"canonical\" href=\"https:\/\/www.creaerte.com\/live\/anuncio-emocional-de-calvo-dedicado-a-las-mamas\/\" \/>\n<meta property=\"og:locale\" content=\"es_ES\" \/>\n<meta property=\"og:type\" content=\"article\" \/>\n<meta property=\"og:title\" content=\"Anuncio genial de At\u00fan Calvo, dedicado a las mam\u00e1s - creaerte.com\" \/>\n<meta property=\"og:description\" content=\"En la agencia Mccann EricKson, en su \u00faltima campa\u00f1a para At\u00fan Calvo, muestran a las madres como aut\u00e9nticas mujeres con super-poderes mentales. Si recurrimos a nuestra memoria infantil podemos corroborar lo que nos cuentan visualmente en este anuncio publicitario, tan divertido y emocional, acerca de las capacidades que van desarrollando las madres para proteger a sus hijos. Todos en creaerte.com...\" \/>\n<meta property=\"og:url\" content=\"https:\/\/www.creaerte.com\/live\/anuncio-emocional-de-calvo-dedicado-a-las-mamas\/\" \/>\n<meta property=\"og:site_name\" content=\"creaerte.com\" \/>\n<meta property=\"article:publisher\" content=\"https:\/\/www.facebook.com\/creaerte\" \/>\n<meta property=\"article:published_time\" content=\"2013-07-01T09:29:36+00:00\" \/>\n<meta property=\"article:modified_time\" content=\"2013-07-01T10:48:03+00:00\" \/>\n<meta name=\"author\" content=\"admin\" \/>\n<meta name=\"twitter:card\" content=\"summary_large_image\" \/>\n<meta name=\"twitter:creator\" content=\"@Creaerte\" \/>\n<meta name=\"twitter:site\" content=\"@Creaerte\" \/>\n<meta name=\"twitter:label1\" content=\"Escrito por\" \/>\n\t<meta name=\"twitter:data1\" content=\"admin\" \/>\n\t<meta name=\"twitter:label2\" content=\"Tiempo de lectura\" \/>\n\t<meta name=\"twitter:data2\" content=\"1 minuto\" \/>\n<script type=\"application\/ld+json\" class=\"yoast-schema-graph\">{\"@context\":\"https:\/\/schema.org\",\"@graph\":[{\"@type\":\"Article\",\"@id\":\"https:\/\/www.creaerte.com\/live\/anuncio-emocional-de-calvo-dedicado-a-las-mamas\/#article\",\"isPartOf\":{\"@id\":\"https:\/\/www.creaerte.com\/live\/anuncio-emocional-de-calvo-dedicado-a-las-mamas\/\"},\"author\":{\"name\":\"admin\",\"@id\":\"https:\/\/www.creaerte.com\/live\/#\/schema\/person\/acc9e93c6216bce2d569b1f0a99607f6\"},\"headline\":\"Anuncio genial de At\u00fan Calvo, dedicado a las mam\u00e1s\",\"datePublished\":\"2013-07-01T09:29:36+00:00\",\"dateModified\":\"2013-07-01T10:48:03+00:00\",\"mainEntityOfPage\":{\"@id\":\"https:\/\/www.creaerte.com\/live\/anuncio-emocional-de-calvo-dedicado-a-las-mamas\/\"},\"wordCount\":115,\"commentCount\":0,\"keywords\":[\"anuncio\",\"comunicaci\u00f3n\",\"creatividad\",\"internet\",\"marca\",\"marketing\",\"publicidad\",\"video\"],\"articleSection\":[\"Noticias\",\"Publicidad Emocional\"],\"inLanguage\":\"es\",\"potentialAction\":[{\"@type\":\"CommentAction\",\"name\":\"Comment\",\"target\":[\"https:\/\/www.creaerte.com\/live\/anuncio-emocional-de-calvo-dedicado-a-las-mamas\/#respond\"]}]},{\"@type\":\"WebPage\",\"@id\":\"https:\/\/www.creaerte.com\/live\/anuncio-emocional-de-calvo-dedicado-a-las-mamas\/\",\"url\":\"https:\/\/www.creaerte.com\/live\/anuncio-emocional-de-calvo-dedicado-a-las-mamas\/\",\"name\":\"Anuncio genial de At\u00fan Calvo, dedicado a las mam\u00e1s - creaerte.com\",\"isPartOf\":{\"@id\":\"https:\/\/www.creaerte.com\/live\/#website\"},\"datePublished\":\"2013-07-01T09:29:36+00:00\",\"dateModified\":\"2013-07-01T10:48:03+00:00\",\"author\":{\"@id\":\"https:\/\/www.creaerte.com\/live\/#\/schema\/person\/acc9e93c6216bce2d569b1f0a99607f6\"},\"inLanguage\":\"es\",\"potentialAction\":[{\"@type\":\"ReadAction\",\"target\":[\"https:\/\/www.creaerte.com\/live\/anuncio-emocional-de-calvo-dedicado-a-las-mamas\/\"]}]},{\"@type\":\"WebSite\",\"@id\":\"https:\/\/www.creaerte.com\/live\/#website\",\"url\":\"https:\/\/www.creaerte.com\/live\/\",\"name\":\"creaerte.com\",\"description\":\"Agencia de publicidad, comunicaci\u00f3n y marketing en C\u00e1ceres \u2022 Extremadura\",\"potentialAction\":[{\"@type\":\"SearchAction\",\"target\":{\"@type\":\"EntryPoint\",\"urlTemplate\":\"https:\/\/www.creaerte.com\/live\/?s={search_term_string}\"},\"query-input\":{\"@type\":\"PropertyValueSpecification\",\"valueRequired\":true,\"valueName\":\"search_term_string\"}}],\"inLanguage\":\"es\"},{\"@type\":\"Person\",\"@id\":\"https:\/\/www.creaerte.com\/live\/#\/schema\/person\/acc9e93c6216bce2d569b1f0a99607f6\",\"name\":\"admin\",\"image\":{\"@type\":\"ImageObject\",\"inLanguage\":\"es\",\"@id\":\"https:\/\/www.creaerte.com\/live\/#\/schema\/person\/image\/\",\"url\":\"https:\/\/secure.gravatar.com\/avatar\/736f9ff6dd176e443e4c9cf884b23352631c533b611f216dbc09fc84cda6e67c?s=96&d=mm&r=g\",\"contentUrl\":\"https:\/\/secure.gravatar.com\/avatar\/736f9ff6dd176e443e4c9cf884b23352631c533b611f216dbc09fc84cda6e67c?s=96&d=mm&r=g\",\"caption\":\"admin\"},\"url\":\"https:\/\/www.creaerte.com\/live\/author\/admin\/\"}]}<\/script>\n<!-- \/ Yoast SEO plugin. -->","yoast_head_json":{"title":"Anuncio genial de At\u00fan Calvo, dedicado a las mam\u00e1s - creaerte.com","robots":{"index":"index","follow":"follow","max-snippet":"max-snippet:-1","max-image-preview":"max-image-preview:large","max-video-preview":"max-video-preview:-1"},"canonical":"https:\/\/www.creaerte.com\/live\/anuncio-emocional-de-calvo-dedicado-a-las-mamas\/","og_locale":"es_ES","og_type":"article","og_title":"Anuncio genial de At\u00fan Calvo, dedicado a las mam\u00e1s - creaerte.com","og_description":"En la agencia Mccann EricKson, en su \u00faltima campa\u00f1a para At\u00fan Calvo, muestran a las madres como aut\u00e9nticas mujeres con super-poderes mentales. Si recurrimos a nuestra memoria infantil podemos corroborar lo que nos cuentan visualmente en este anuncio publicitario, tan divertido y emocional, acerca de las capacidades que van desarrollando las madres para proteger a sus hijos. Todos en creaerte.com...","og_url":"https:\/\/www.creaerte.com\/live\/anuncio-emocional-de-calvo-dedicado-a-las-mamas\/","og_site_name":"creaerte.com","article_publisher":"https:\/\/www.facebook.com\/creaerte","article_published_time":"2013-07-01T09:29:36+00:00","article_modified_time":"2013-07-01T10:48:03+00:00","author":"admin","twitter_card":"summary_large_image","twitter_creator":"@Creaerte","twitter_site":"@Creaerte","twitter_misc":{"Escrito por":"admin","Tiempo de lectura":"1 minuto"},"schema":{"@context":"https:\/\/schema.org","@graph":[{"@type":"Article","@id":"https:\/\/www.creaerte.com\/live\/anuncio-emocional-de-calvo-dedicado-a-las-mamas\/#article","isPartOf":{"@id":"https:\/\/www.creaerte.com\/live\/anuncio-emocional-de-calvo-dedicado-a-las-mamas\/"},"author":{"name":"admin","@id":"https:\/\/www.creaerte.com\/live\/#\/schema\/person\/acc9e93c6216bce2d569b1f0a99607f6"},"headline":"Anuncio genial de At\u00fan Calvo, dedicado a las mam\u00e1s","datePublished":"2013-07-01T09:29:36+00:00","dateModified":"2013-07-01T10:48:03+00:00","mainEntityOfPage":{"@id":"https:\/\/www.creaerte.com\/live\/anuncio-emocional-de-calvo-dedicado-a-las-mamas\/"},"wordCount":115,"commentCount":0,"keywords":["anuncio","comunicaci\u00f3n","creatividad","internet","marca","marketing","publicidad","video"],"articleSection":["Noticias","Publicidad Emocional"],"inLanguage":"es","potentialAction":[{"@type":"CommentAction","name":"Comment","target":["https:\/\/www.creaerte.com\/live\/anuncio-emocional-de-calvo-dedicado-a-las-mamas\/#respond"]}]},{"@type":"WebPage","@id":"https:\/\/www.creaerte.com\/live\/anuncio-emocional-de-calvo-dedicado-a-las-mamas\/","url":"https:\/\/www.creaerte.com\/live\/anuncio-emocional-de-calvo-dedicado-a-las-mamas\/","name":"Anuncio genial de At\u00fan Calvo, dedicado a las mam\u00e1s - creaerte.com","isPartOf":{"@id":"https:\/\/www.creaerte.com\/live\/#website"},"datePublished":"2013-07-01T09:29:36+00:00","dateModified":"2013-07-01T10:48:03+00:00","author":{"@id":"https:\/\/www.creaerte.com\/live\/#\/schema\/person\/acc9e93c6216bce2d569b1f0a99607f6"},"inLanguage":"es","potentialAction":[{"@type":"ReadAction","target":["https:\/\/www.creaerte.com\/live\/anuncio-emocional-de-calvo-dedicado-a-las-mamas\/"]}]},{"@type":"WebSite","@id":"https:\/\/www.creaerte.com\/live\/#website","url":"https:\/\/www.creaerte.com\/live\/","name":"creaerte.com","description":"Agencia de publicidad, comunicaci\u00f3n y marketing en C\u00e1ceres \u2022 Extremadura","potentialAction":[{"@type":"SearchAction","target":{"@type":"EntryPoint","urlTemplate":"https:\/\/www.creaerte.com\/live\/?s={search_term_string}"},"query-input":{"@type":"PropertyValueSpecification","valueRequired":true,"valueName":"search_term_string"}}],"inLanguage":"es"},{"@type":"Person","@id":"https:\/\/www.creaerte.com\/live\/#\/schema\/person\/acc9e93c6216bce2d569b1f0a99607f6","name":"admin","image":{"@type":"ImageObject","inLanguage":"es","@id":"https:\/\/www.creaerte.com\/live\/#\/schema\/person\/image\/","url":"https:\/\/secure.gravatar.com\/avatar\/736f9ff6dd176e443e4c9cf884b23352631c533b611f216dbc09fc84cda6e67c?s=96&d=mm&r=g","contentUrl":"https:\/\/secure.gravatar.com\/avatar\/736f9ff6dd176e443e4c9cf884b23352631c533b611f216dbc09fc84cda6e67c?s=96&d=mm&r=g","caption":"admin"},"url":"https:\/\/www.creaerte.com\/live\/author\/admin\/"}]}},"_links":{"self":[{"href":"https:\/\/www.creaerte.com\/live\/wp-json\/wp\/v2\/posts\/11118","targetHints":{"allow":["GET"]}}],"collection":[{"href":"https:\/\/www.creaerte.com\/live\/wp-json\/wp\/v2\/posts"}],"about":[{"href":"https:\/\/www.creaerte.com\/live\/wp-json\/wp\/v2\/types\/post"}],"author":[{"embeddable":true,"href":"https:\/\/www.creaerte.com\/live\/wp-json\/wp\/v2\/users\/1"}],"replies":[{"embeddable":true,"href":"https:\/\/www.creaerte.com\/live\/wp-json\/wp\/v2\/comments?post=11118"}],"version-history":[{"count":0,"href":"https:\/\/www.creaerte.com\/live\/wp-json\/wp\/v2\/posts\/11118\/revisions"}],"wp:attachment":[{"href":"https:\/\/www.creaerte.com\/live\/wp-json\/wp\/v2\/media?parent=11118"}],"wp:term":[{"taxonomy":"category","embeddable":true,"href":"https:\/\/www.creaerte.com\/live\/wp-json\/wp\/v2\/categories?post=11118"},{"taxonomy":"post_tag","embeddable":true,"href":"https:\/\/www.creaerte.com\/live\/wp-json\/wp\/v2\/tags?post=11118"}],"curies":[{"name":"wp","href":"https:\/\/api.w.org\/{rel}","templated":true}]}}