{"id":11324,"date":"2013-07-08T14:11:19","date_gmt":"2013-07-08T13:11:19","guid":{"rendered":"http:\/\/creaerte.com\/live\/?p=11324"},"modified":"2013-07-08T19:16:02","modified_gmt":"2013-07-08T18:16:02","slug":"cena-en-blanco-2103-en-zaragoza","status":"publish","type":"post","link":"https:\/\/www.creaerte.com\/live\/cena-en-blanco-2103-en-zaragoza\/","title":{"rendered":"Cena en Blanco 2103 en Zaragoza"},"content":{"rendered":"<p>En Zaragoza, la v\u00edspera de San Ferm\u00edn, se ha celebrado la <a href=\"https:\/\/www.facebook.com\/lacenaenblanco.zaragoza\" target=\"_blank\">V edici\u00f3n de la Cena en Blanco<\/a>. Es la \u00fanica ciudad espa\u00f1ola donde se celebra esta espectacular quedada, idea original de Fran\u00e7ois Pasquier, que la organiz\u00f3 por primera vez en Par\u00eds en 1988 con la ayuda de un peque\u00f1o grupo de colaboradores.<\/p>\n<p>Lo divertido es que solo unos pocos, los organizadores, saben el sitio y llevan a sus comensales en el \u00faltimo momento al lugar elegido. Todos vestidos de blanco y cargados de; neveras, mesas, sillas, adornos y manjares, para vestir una mesa en blanco de lo m\u00e1s chic.<\/p>\n<p><a href=\"http:\/\/www.creaerte.com\/\" target=\"_blank\">Creaerte.com<\/a> tuvo la suerte de participar un a\u00f1o m\u00e1s gracias a una de las organizadoras, Gaby A\u00f1anos \u2018LADY ROCK\u2019. Todos los organizadores, se merecen un gran aplauso, preparan una cena clandestina de lo m\u00e1s elegante y misteriosa.<\/p>\n<p>\u00bfQu\u00e9 os parece?<\/p>\n<p><iframe width=\"615\" height=\"345\" src=\"http:\/\/www.youtube.com\/embed\/_IG-89sWRpU?feature=player_detailpage\" frameborder=\"0\" allowfullscreen><\/iframe><\/p>\n","protected":false},"excerpt":{"rendered":"<p>En Zaragoza, la v\u00edspera de San Ferm\u00edn, se ha celebrado la V edici\u00f3n de la Cena en Blanco. Es la \u00fanica ciudad espa\u00f1ola donde se celebra esta espectacular quedada, idea original de Fran\u00e7ois Pasquier, que la organiz\u00f3 por primera vez en Par\u00eds en 1988 con la ayuda de un peque\u00f1o grupo de colaboradores. Lo divertido es que solo unos pocos,&#8230;<\/p>\n","protected":false},"author":1,"featured_media":0,"comment_status":"open","ping_status":"open","sticky":false,"template":"","format":"standard","meta":{"footnotes":""},"categories":[10],"tags":[74,82,18,27],"class_list":["post-11324","post","type-post","status-publish","format-standard","hentry","category-noticias","tag-arte-urbano","tag-creatividad","tag-internet","tag-video","has_no_thumb"],"yoast_head":"<!-- This site is optimized with the Yoast SEO plugin v26.9 - https:\/\/yoast.com\/product\/yoast-seo-wordpress\/ -->\n<title>Cena en Blanco 2103 en Zaragoza - creaerte.com<\/title>\n<meta name=\"robots\" content=\"index, follow, max-snippet:-1, max-image-preview:large, max-video-preview:-1\" \/>\n<link rel=\"canonical\" href=\"https:\/\/www.creaerte.com\/live\/cena-en-blanco-2103-en-zaragoza\/\" \/>\n<meta property=\"og:locale\" content=\"es_ES\" \/>\n<meta property=\"og:type\" content=\"article\" \/>\n<meta property=\"og:title\" content=\"Cena en Blanco 2103 en Zaragoza - creaerte.com\" \/>\n<meta property=\"og:description\" content=\"En Zaragoza, la v\u00edspera de San Ferm\u00edn, se ha celebrado la V edici\u00f3n de la Cena en Blanco. Es la \u00fanica ciudad espa\u00f1ola donde se celebra esta espectacular quedada, idea original de Fran\u00e7ois Pasquier, que la organiz\u00f3 por primera vez en Par\u00eds en 1988 con la ayuda de un peque\u00f1o grupo de colaboradores. Lo divertido es que solo unos pocos,...\" \/>\n<meta property=\"og:url\" content=\"https:\/\/www.creaerte.com\/live\/cena-en-blanco-2103-en-zaragoza\/\" \/>\n<meta property=\"og:site_name\" content=\"creaerte.com\" \/>\n<meta property=\"article:publisher\" content=\"https:\/\/www.facebook.com\/creaerte\" \/>\n<meta property=\"article:published_time\" content=\"2013-07-08T13:11:19+00:00\" \/>\n<meta property=\"article:modified_time\" content=\"2013-07-08T18:16:02+00:00\" \/>\n<meta name=\"author\" content=\"admin\" \/>\n<meta name=\"twitter:card\" content=\"summary_large_image\" \/>\n<meta name=\"twitter:creator\" content=\"@Creaerte\" \/>\n<meta name=\"twitter:site\" content=\"@Creaerte\" \/>\n<meta name=\"twitter:label1\" content=\"Escrito por\" \/>\n\t<meta name=\"twitter:data1\" content=\"admin\" \/>\n\t<meta name=\"twitter:label2\" content=\"Tiempo de lectura\" \/>\n\t<meta name=\"twitter:data2\" content=\"1 minuto\" \/>\n<script type=\"application\/ld+json\" class=\"yoast-schema-graph\">{\"@context\":\"https:\/\/schema.org\",\"@graph\":[{\"@type\":\"Article\",\"@id\":\"https:\/\/www.creaerte.com\/live\/cena-en-blanco-2103-en-zaragoza\/#article\",\"isPartOf\":{\"@id\":\"https:\/\/www.creaerte.com\/live\/cena-en-blanco-2103-en-zaragoza\/\"},\"author\":{\"name\":\"admin\",\"@id\":\"https:\/\/www.creaerte.com\/live\/#\/schema\/person\/acc9e93c6216bce2d569b1f0a99607f6\"},\"headline\":\"Cena en Blanco 2103 en Zaragoza\",\"datePublished\":\"2013-07-08T13:11:19+00:00\",\"dateModified\":\"2013-07-08T18:16:02+00:00\",\"mainEntityOfPage\":{\"@id\":\"https:\/\/www.creaerte.com\/live\/cena-en-blanco-2103-en-zaragoza\/\"},\"wordCount\":157,\"commentCount\":0,\"keywords\":[\"Arte urbano\",\"creatividad\",\"internet\",\"video\"],\"articleSection\":[\"Noticias\"],\"inLanguage\":\"es\",\"potentialAction\":[{\"@type\":\"CommentAction\",\"name\":\"Comment\",\"target\":[\"https:\/\/www.creaerte.com\/live\/cena-en-blanco-2103-en-zaragoza\/#respond\"]}]},{\"@type\":\"WebPage\",\"@id\":\"https:\/\/www.creaerte.com\/live\/cena-en-blanco-2103-en-zaragoza\/\",\"url\":\"https:\/\/www.creaerte.com\/live\/cena-en-blanco-2103-en-zaragoza\/\",\"name\":\"Cena en Blanco 2103 en Zaragoza - creaerte.com\",\"isPartOf\":{\"@id\":\"https:\/\/www.creaerte.com\/live\/#website\"},\"datePublished\":\"2013-07-08T13:11:19+00:00\",\"dateModified\":\"2013-07-08T18:16:02+00:00\",\"author\":{\"@id\":\"https:\/\/www.creaerte.com\/live\/#\/schema\/person\/acc9e93c6216bce2d569b1f0a99607f6\"},\"inLanguage\":\"es\",\"potentialAction\":[{\"@type\":\"ReadAction\",\"target\":[\"https:\/\/www.creaerte.com\/live\/cena-en-blanco-2103-en-zaragoza\/\"]}]},{\"@type\":\"WebSite\",\"@id\":\"https:\/\/www.creaerte.com\/live\/#website\",\"url\":\"https:\/\/www.creaerte.com\/live\/\",\"name\":\"creaerte.com\",\"description\":\"Agencia de publicidad, comunicaci\u00f3n y marketing en C\u00e1ceres \u2022 Extremadura\",\"potentialAction\":[{\"@type\":\"SearchAction\",\"target\":{\"@type\":\"EntryPoint\",\"urlTemplate\":\"https:\/\/www.creaerte.com\/live\/?s={search_term_string}\"},\"query-input\":{\"@type\":\"PropertyValueSpecification\",\"valueRequired\":true,\"valueName\":\"search_term_string\"}}],\"inLanguage\":\"es\"},{\"@type\":\"Person\",\"@id\":\"https:\/\/www.creaerte.com\/live\/#\/schema\/person\/acc9e93c6216bce2d569b1f0a99607f6\",\"name\":\"admin\",\"image\":{\"@type\":\"ImageObject\",\"inLanguage\":\"es\",\"@id\":\"https:\/\/www.creaerte.com\/live\/#\/schema\/person\/image\/\",\"url\":\"https:\/\/secure.gravatar.com\/avatar\/736f9ff6dd176e443e4c9cf884b23352631c533b611f216dbc09fc84cda6e67c?s=96&d=mm&r=g\",\"contentUrl\":\"https:\/\/secure.gravatar.com\/avatar\/736f9ff6dd176e443e4c9cf884b23352631c533b611f216dbc09fc84cda6e67c?s=96&d=mm&r=g\",\"caption\":\"admin\"},\"url\":\"https:\/\/www.creaerte.com\/live\/author\/admin\/\"}]}<\/script>\n<!-- \/ Yoast SEO plugin. -->","yoast_head_json":{"title":"Cena en Blanco 2103 en Zaragoza - creaerte.com","robots":{"index":"index","follow":"follow","max-snippet":"max-snippet:-1","max-image-preview":"max-image-preview:large","max-video-preview":"max-video-preview:-1"},"canonical":"https:\/\/www.creaerte.com\/live\/cena-en-blanco-2103-en-zaragoza\/","og_locale":"es_ES","og_type":"article","og_title":"Cena en Blanco 2103 en Zaragoza - creaerte.com","og_description":"En Zaragoza, la v\u00edspera de San Ferm\u00edn, se ha celebrado la V edici\u00f3n de la Cena en Blanco. Es la \u00fanica ciudad espa\u00f1ola donde se celebra esta espectacular quedada, idea original de Fran\u00e7ois Pasquier, que la organiz\u00f3 por primera vez en Par\u00eds en 1988 con la ayuda de un peque\u00f1o grupo de colaboradores. Lo divertido es que solo unos pocos,...","og_url":"https:\/\/www.creaerte.com\/live\/cena-en-blanco-2103-en-zaragoza\/","og_site_name":"creaerte.com","article_publisher":"https:\/\/www.facebook.com\/creaerte","article_published_time":"2013-07-08T13:11:19+00:00","article_modified_time":"2013-07-08T18:16:02+00:00","author":"admin","twitter_card":"summary_large_image","twitter_creator":"@Creaerte","twitter_site":"@Creaerte","twitter_misc":{"Escrito por":"admin","Tiempo de lectura":"1 minuto"},"schema":{"@context":"https:\/\/schema.org","@graph":[{"@type":"Article","@id":"https:\/\/www.creaerte.com\/live\/cena-en-blanco-2103-en-zaragoza\/#article","isPartOf":{"@id":"https:\/\/www.creaerte.com\/live\/cena-en-blanco-2103-en-zaragoza\/"},"author":{"name":"admin","@id":"https:\/\/www.creaerte.com\/live\/#\/schema\/person\/acc9e93c6216bce2d569b1f0a99607f6"},"headline":"Cena en Blanco 2103 en Zaragoza","datePublished":"2013-07-08T13:11:19+00:00","dateModified":"2013-07-08T18:16:02+00:00","mainEntityOfPage":{"@id":"https:\/\/www.creaerte.com\/live\/cena-en-blanco-2103-en-zaragoza\/"},"wordCount":157,"commentCount":0,"keywords":["Arte urbano","creatividad","internet","video"],"articleSection":["Noticias"],"inLanguage":"es","potentialAction":[{"@type":"CommentAction","name":"Comment","target":["https:\/\/www.creaerte.com\/live\/cena-en-blanco-2103-en-zaragoza\/#respond"]}]},{"@type":"WebPage","@id":"https:\/\/www.creaerte.com\/live\/cena-en-blanco-2103-en-zaragoza\/","url":"https:\/\/www.creaerte.com\/live\/cena-en-blanco-2103-en-zaragoza\/","name":"Cena en Blanco 2103 en Zaragoza - creaerte.com","isPartOf":{"@id":"https:\/\/www.creaerte.com\/live\/#website"},"datePublished":"2013-07-08T13:11:19+00:00","dateModified":"2013-07-08T18:16:02+00:00","author":{"@id":"https:\/\/www.creaerte.com\/live\/#\/schema\/person\/acc9e93c6216bce2d569b1f0a99607f6"},"inLanguage":"es","potentialAction":[{"@type":"ReadAction","target":["https:\/\/www.creaerte.com\/live\/cena-en-blanco-2103-en-zaragoza\/"]}]},{"@type":"WebSite","@id":"https:\/\/www.creaerte.com\/live\/#website","url":"https:\/\/www.creaerte.com\/live\/","name":"creaerte.com","description":"Agencia de publicidad, comunicaci\u00f3n y marketing en C\u00e1ceres \u2022 Extremadura","potentialAction":[{"@type":"SearchAction","target":{"@type":"EntryPoint","urlTemplate":"https:\/\/www.creaerte.com\/live\/?s={search_term_string}"},"query-input":{"@type":"PropertyValueSpecification","valueRequired":true,"valueName":"search_term_string"}}],"inLanguage":"es"},{"@type":"Person","@id":"https:\/\/www.creaerte.com\/live\/#\/schema\/person\/acc9e93c6216bce2d569b1f0a99607f6","name":"admin","image":{"@type":"ImageObject","inLanguage":"es","@id":"https:\/\/www.creaerte.com\/live\/#\/schema\/person\/image\/","url":"https:\/\/secure.gravatar.com\/avatar\/736f9ff6dd176e443e4c9cf884b23352631c533b611f216dbc09fc84cda6e67c?s=96&d=mm&r=g","contentUrl":"https:\/\/secure.gravatar.com\/avatar\/736f9ff6dd176e443e4c9cf884b23352631c533b611f216dbc09fc84cda6e67c?s=96&d=mm&r=g","caption":"admin"},"url":"https:\/\/www.creaerte.com\/live\/author\/admin\/"}]}},"_links":{"self":[{"href":"https:\/\/www.creaerte.com\/live\/wp-json\/wp\/v2\/posts\/11324","targetHints":{"allow":["GET"]}}],"collection":[{"href":"https:\/\/www.creaerte.com\/live\/wp-json\/wp\/v2\/posts"}],"about":[{"href":"https:\/\/www.creaerte.com\/live\/wp-json\/wp\/v2\/types\/post"}],"author":[{"embeddable":true,"href":"https:\/\/www.creaerte.com\/live\/wp-json\/wp\/v2\/users\/1"}],"replies":[{"embeddable":true,"href":"https:\/\/www.creaerte.com\/live\/wp-json\/wp\/v2\/comments?post=11324"}],"version-history":[{"count":0,"href":"https:\/\/www.creaerte.com\/live\/wp-json\/wp\/v2\/posts\/11324\/revisions"}],"wp:attachment":[{"href":"https:\/\/www.creaerte.com\/live\/wp-json\/wp\/v2\/media?parent=11324"}],"wp:term":[{"taxonomy":"category","embeddable":true,"href":"https:\/\/www.creaerte.com\/live\/wp-json\/wp\/v2\/categories?post=11324"},{"taxonomy":"post_tag","embeddable":true,"href":"https:\/\/www.creaerte.com\/live\/wp-json\/wp\/v2\/tags?post=11324"}],"curies":[{"name":"wp","href":"https:\/\/api.w.org\/{rel}","templated":true}]}}