{"id":11727,"date":"2013-08-19T09:58:53","date_gmt":"2013-08-19T08:58:53","guid":{"rendered":"http:\/\/creaerte.com\/live\/?p=11727"},"modified":"2013-08-19T10:02:30","modified_gmt":"2013-08-19T09:02:30","slug":"el-alma-de-leica","status":"publish","type":"post","link":"https:\/\/www.creaerte.com\/live\/el-alma-de-leica\/","title":{"rendered":"El alma de Leica"},"content":{"rendered":"<p><a href=\"http:\/\/www.fnazca.com.br\/\" target=\"_blank\">F\/ Nazca Saatchi &amp; Saatchi<\/a> ha ideado la campa\u00f1a de lanzamiento de la <a href=\"http:\/\/www.leicanistas.com\/component\/content\/article\/71-leica-m-monocromo.html\" target=\"_blank\">M-Monocromo<\/a>, una c\u00e1mara digital que s\u00f3lo fotograf\u00eda en blanco y negro.<\/p>\n<p>En realidad, se trata de un corto encargado por la <a href=\"http:\/\/www.leica-store.com.br\/\" target=\"_blank\">tienda brasile\u00f1a Leica<\/a> y realizado por <a href=\"http:\/\/www.sentimental.com.br\/site\/\" target=\"_blank\">Sentimental Filmes<\/a>. <a href=\"http:\/\/www.leicacamara.com\/\" target=\"_blank\">La marca<\/a> se ha desentendido de esta forma de cualquier responsabilidad, ya que la campa\u00f1a ha tra\u00eddo consigo halagos y ataques.<\/p>\n<p>En<a href=\"http:\/\/creaerte.com \" target=\"_blank\"> creaerte.com <\/a>nos ha puesto los pelos de punta la historia del fot\u00f3grafo <a href=\"http:\/\/es.wikipedia.org\/wiki\/Robert_Capa\" target=\"_blank\">Robert Capa<\/a> narrada en alem\u00e1n por una Leica III junto con cada fotograma, que fue pensado como una fotograf\u00eda.<\/p>\n<p>\u00bfCre\u00e9is que se merec\u00eda cinco premios en <a href=\"http:\/\/www.canneslions.com\/\" target=\"_blank\">Cannes Lions<\/a>?<\/p>\n<p>&nbsp;<\/p>\n<p><iframe src=\"http:\/\/player.vimeo.com\/video\/67237015\" width=\"610\" height=\"300\" frameborder=\"0\" webkitAllowFullScreen mozallowfullscreen allowFullScreen><\/iframe><\/p>\n","protected":false},"excerpt":{"rendered":"<p>F\/ Nazca Saatchi &amp; Saatchi ha ideado la campa\u00f1a de lanzamiento de la M-Monocromo, una c\u00e1mara digital que s\u00f3lo fotograf\u00eda en blanco y negro. En realidad, se trata de un corto encargado por la tienda brasile\u00f1a Leica y realizado por Sentimental Filmes. La marca se ha desentendido de esta forma de cualquier responsabilidad, ya que la campa\u00f1a ha tra\u00eddo consigo&#8230;<\/p>\n","protected":false},"author":1,"featured_media":11730,"comment_status":"open","ping_status":"open","sticky":false,"template":"","format":"standard","meta":{"footnotes":""},"categories":[10,322],"tags":[82,19,127,1185,6],"class_list":["post-11727","post","type-post","status-publish","format-standard","has-post-thumbnail","hentry","category-noticias","category-publicidad-emocional","tag-creatividad","tag-fotografia","tag-marca","tag-noticias","tag-publicidad","has_thumb"],"yoast_head":"<!-- This site is optimized with the Yoast SEO plugin v26.9 - https:\/\/yoast.com\/product\/yoast-seo-wordpress\/ -->\n<title>El alma de Leica - creaerte.com<\/title>\n<meta name=\"robots\" content=\"index, follow, max-snippet:-1, max-image-preview:large, max-video-preview:-1\" \/>\n<link rel=\"canonical\" href=\"https:\/\/www.creaerte.com\/live\/el-alma-de-leica\/\" \/>\n<meta property=\"og:locale\" content=\"es_ES\" \/>\n<meta property=\"og:type\" content=\"article\" \/>\n<meta property=\"og:title\" content=\"El alma de Leica - creaerte.com\" \/>\n<meta property=\"og:description\" content=\"F\/ Nazca Saatchi &amp; Saatchi ha ideado la campa\u00f1a de lanzamiento de la M-Monocromo, una c\u00e1mara digital que s\u00f3lo fotograf\u00eda en blanco y negro. En realidad, se trata de un corto encargado por la tienda brasile\u00f1a Leica y realizado por Sentimental Filmes. La marca se ha desentendido de esta forma de cualquier responsabilidad, ya que la campa\u00f1a ha tra\u00eddo consigo...\" \/>\n<meta property=\"og:url\" content=\"https:\/\/www.creaerte.com\/live\/el-alma-de-leica\/\" \/>\n<meta property=\"og:site_name\" content=\"creaerte.com\" \/>\n<meta property=\"article:publisher\" content=\"https:\/\/www.facebook.com\/creaerte\" \/>\n<meta property=\"article:published_time\" content=\"2013-08-19T08:58:53+00:00\" \/>\n<meta property=\"article:modified_time\" content=\"2013-08-19T09:02:30+00:00\" \/>\n<meta property=\"og:image\" content=\"https:\/\/www.creaerte.com\/live\/wp-content\/uploads\/2013\/08\/LEICA.jpg\" \/>\n\t<meta property=\"og:image:width\" content=\"225\" \/>\n\t<meta property=\"og:image:height\" content=\"225\" \/>\n\t<meta property=\"og:image:type\" content=\"image\/jpeg\" \/>\n<meta name=\"author\" content=\"admin\" \/>\n<meta name=\"twitter:card\" content=\"summary_large_image\" \/>\n<meta name=\"twitter:creator\" content=\"@Creaerte\" \/>\n<meta name=\"twitter:site\" content=\"@Creaerte\" \/>\n<meta name=\"twitter:label1\" content=\"Escrito por\" \/>\n\t<meta name=\"twitter:data1\" content=\"admin\" \/>\n\t<meta name=\"twitter:label2\" content=\"Tiempo de lectura\" \/>\n\t<meta name=\"twitter:data2\" content=\"1 minuto\" \/>\n<script type=\"application\/ld+json\" class=\"yoast-schema-graph\">{\"@context\":\"https:\/\/schema.org\",\"@graph\":[{\"@type\":\"Article\",\"@id\":\"https:\/\/www.creaerte.com\/live\/el-alma-de-leica\/#article\",\"isPartOf\":{\"@id\":\"https:\/\/www.creaerte.com\/live\/el-alma-de-leica\/\"},\"author\":{\"name\":\"admin\",\"@id\":\"https:\/\/www.creaerte.com\/live\/#\/schema\/person\/acc9e93c6216bce2d569b1f0a99607f6\"},\"headline\":\"El alma de Leica\",\"datePublished\":\"2013-08-19T08:58:53+00:00\",\"dateModified\":\"2013-08-19T09:02:30+00:00\",\"mainEntityOfPage\":{\"@id\":\"https:\/\/www.creaerte.com\/live\/el-alma-de-leica\/\"},\"wordCount\":122,\"commentCount\":0,\"image\":{\"@id\":\"https:\/\/www.creaerte.com\/live\/el-alma-de-leica\/#primaryimage\"},\"thumbnailUrl\":\"https:\/\/www.creaerte.com\/live\/wp-content\/uploads\/2013\/08\/LEICA.jpg\",\"keywords\":[\"creatividad\",\"fotograf\u00eda\",\"marca\",\"Noticias\",\"publicidad\"],\"articleSection\":[\"Noticias\",\"Publicidad Emocional\"],\"inLanguage\":\"es\",\"potentialAction\":[{\"@type\":\"CommentAction\",\"name\":\"Comment\",\"target\":[\"https:\/\/www.creaerte.com\/live\/el-alma-de-leica\/#respond\"]}]},{\"@type\":\"WebPage\",\"@id\":\"https:\/\/www.creaerte.com\/live\/el-alma-de-leica\/\",\"url\":\"https:\/\/www.creaerte.com\/live\/el-alma-de-leica\/\",\"name\":\"El alma de Leica - creaerte.com\",\"isPartOf\":{\"@id\":\"https:\/\/www.creaerte.com\/live\/#website\"},\"primaryImageOfPage\":{\"@id\":\"https:\/\/www.creaerte.com\/live\/el-alma-de-leica\/#primaryimage\"},\"image\":{\"@id\":\"https:\/\/www.creaerte.com\/live\/el-alma-de-leica\/#primaryimage\"},\"thumbnailUrl\":\"https:\/\/www.creaerte.com\/live\/wp-content\/uploads\/2013\/08\/LEICA.jpg\",\"datePublished\":\"2013-08-19T08:58:53+00:00\",\"dateModified\":\"2013-08-19T09:02:30+00:00\",\"author\":{\"@id\":\"https:\/\/www.creaerte.com\/live\/#\/schema\/person\/acc9e93c6216bce2d569b1f0a99607f6\"},\"inLanguage\":\"es\",\"potentialAction\":[{\"@type\":\"ReadAction\",\"target\":[\"https:\/\/www.creaerte.com\/live\/el-alma-de-leica\/\"]}]},{\"@type\":\"ImageObject\",\"inLanguage\":\"es\",\"@id\":\"https:\/\/www.creaerte.com\/live\/el-alma-de-leica\/#primaryimage\",\"url\":\"https:\/\/www.creaerte.com\/live\/wp-content\/uploads\/2013\/08\/LEICA.jpg\",\"contentUrl\":\"https:\/\/www.creaerte.com\/live\/wp-content\/uploads\/2013\/08\/LEICA.jpg\",\"width\":225,\"height\":225},{\"@type\":\"WebSite\",\"@id\":\"https:\/\/www.creaerte.com\/live\/#website\",\"url\":\"https:\/\/www.creaerte.com\/live\/\",\"name\":\"creaerte.com\",\"description\":\"Agencia de publicidad, comunicaci\u00f3n y marketing en C\u00e1ceres \u2022 Extremadura\",\"potentialAction\":[{\"@type\":\"SearchAction\",\"target\":{\"@type\":\"EntryPoint\",\"urlTemplate\":\"https:\/\/www.creaerte.com\/live\/?s={search_term_string}\"},\"query-input\":{\"@type\":\"PropertyValueSpecification\",\"valueRequired\":true,\"valueName\":\"search_term_string\"}}],\"inLanguage\":\"es\"},{\"@type\":\"Person\",\"@id\":\"https:\/\/www.creaerte.com\/live\/#\/schema\/person\/acc9e93c6216bce2d569b1f0a99607f6\",\"name\":\"admin\",\"image\":{\"@type\":\"ImageObject\",\"inLanguage\":\"es\",\"@id\":\"https:\/\/www.creaerte.com\/live\/#\/schema\/person\/image\/\",\"url\":\"https:\/\/secure.gravatar.com\/avatar\/736f9ff6dd176e443e4c9cf884b23352631c533b611f216dbc09fc84cda6e67c?s=96&d=mm&r=g\",\"contentUrl\":\"https:\/\/secure.gravatar.com\/avatar\/736f9ff6dd176e443e4c9cf884b23352631c533b611f216dbc09fc84cda6e67c?s=96&d=mm&r=g\",\"caption\":\"admin\"},\"url\":\"https:\/\/www.creaerte.com\/live\/author\/admin\/\"}]}<\/script>\n<!-- \/ Yoast SEO plugin. -->","yoast_head_json":{"title":"El alma de Leica - creaerte.com","robots":{"index":"index","follow":"follow","max-snippet":"max-snippet:-1","max-image-preview":"max-image-preview:large","max-video-preview":"max-video-preview:-1"},"canonical":"https:\/\/www.creaerte.com\/live\/el-alma-de-leica\/","og_locale":"es_ES","og_type":"article","og_title":"El alma de Leica - creaerte.com","og_description":"F\/ Nazca Saatchi &amp; Saatchi ha ideado la campa\u00f1a de lanzamiento de la M-Monocromo, una c\u00e1mara digital que s\u00f3lo fotograf\u00eda en blanco y negro. En realidad, se trata de un corto encargado por la tienda brasile\u00f1a Leica y realizado por Sentimental Filmes. La marca se ha desentendido de esta forma de cualquier responsabilidad, ya que la campa\u00f1a ha tra\u00eddo consigo...","og_url":"https:\/\/www.creaerte.com\/live\/el-alma-de-leica\/","og_site_name":"creaerte.com","article_publisher":"https:\/\/www.facebook.com\/creaerte","article_published_time":"2013-08-19T08:58:53+00:00","article_modified_time":"2013-08-19T09:02:30+00:00","og_image":[{"width":225,"height":225,"url":"https:\/\/www.creaerte.com\/live\/wp-content\/uploads\/2013\/08\/LEICA.jpg","type":"image\/jpeg"}],"author":"admin","twitter_card":"summary_large_image","twitter_creator":"@Creaerte","twitter_site":"@Creaerte","twitter_misc":{"Escrito por":"admin","Tiempo de lectura":"1 minuto"},"schema":{"@context":"https:\/\/schema.org","@graph":[{"@type":"Article","@id":"https:\/\/www.creaerte.com\/live\/el-alma-de-leica\/#article","isPartOf":{"@id":"https:\/\/www.creaerte.com\/live\/el-alma-de-leica\/"},"author":{"name":"admin","@id":"https:\/\/www.creaerte.com\/live\/#\/schema\/person\/acc9e93c6216bce2d569b1f0a99607f6"},"headline":"El alma de Leica","datePublished":"2013-08-19T08:58:53+00:00","dateModified":"2013-08-19T09:02:30+00:00","mainEntityOfPage":{"@id":"https:\/\/www.creaerte.com\/live\/el-alma-de-leica\/"},"wordCount":122,"commentCount":0,"image":{"@id":"https:\/\/www.creaerte.com\/live\/el-alma-de-leica\/#primaryimage"},"thumbnailUrl":"https:\/\/www.creaerte.com\/live\/wp-content\/uploads\/2013\/08\/LEICA.jpg","keywords":["creatividad","fotograf\u00eda","marca","Noticias","publicidad"],"articleSection":["Noticias","Publicidad Emocional"],"inLanguage":"es","potentialAction":[{"@type":"CommentAction","name":"Comment","target":["https:\/\/www.creaerte.com\/live\/el-alma-de-leica\/#respond"]}]},{"@type":"WebPage","@id":"https:\/\/www.creaerte.com\/live\/el-alma-de-leica\/","url":"https:\/\/www.creaerte.com\/live\/el-alma-de-leica\/","name":"El alma de Leica - creaerte.com","isPartOf":{"@id":"https:\/\/www.creaerte.com\/live\/#website"},"primaryImageOfPage":{"@id":"https:\/\/www.creaerte.com\/live\/el-alma-de-leica\/#primaryimage"},"image":{"@id":"https:\/\/www.creaerte.com\/live\/el-alma-de-leica\/#primaryimage"},"thumbnailUrl":"https:\/\/www.creaerte.com\/live\/wp-content\/uploads\/2013\/08\/LEICA.jpg","datePublished":"2013-08-19T08:58:53+00:00","dateModified":"2013-08-19T09:02:30+00:00","author":{"@id":"https:\/\/www.creaerte.com\/live\/#\/schema\/person\/acc9e93c6216bce2d569b1f0a99607f6"},"inLanguage":"es","potentialAction":[{"@type":"ReadAction","target":["https:\/\/www.creaerte.com\/live\/el-alma-de-leica\/"]}]},{"@type":"ImageObject","inLanguage":"es","@id":"https:\/\/www.creaerte.com\/live\/el-alma-de-leica\/#primaryimage","url":"https:\/\/www.creaerte.com\/live\/wp-content\/uploads\/2013\/08\/LEICA.jpg","contentUrl":"https:\/\/www.creaerte.com\/live\/wp-content\/uploads\/2013\/08\/LEICA.jpg","width":225,"height":225},{"@type":"WebSite","@id":"https:\/\/www.creaerte.com\/live\/#website","url":"https:\/\/www.creaerte.com\/live\/","name":"creaerte.com","description":"Agencia de publicidad, comunicaci\u00f3n y marketing en C\u00e1ceres \u2022 Extremadura","potentialAction":[{"@type":"SearchAction","target":{"@type":"EntryPoint","urlTemplate":"https:\/\/www.creaerte.com\/live\/?s={search_term_string}"},"query-input":{"@type":"PropertyValueSpecification","valueRequired":true,"valueName":"search_term_string"}}],"inLanguage":"es"},{"@type":"Person","@id":"https:\/\/www.creaerte.com\/live\/#\/schema\/person\/acc9e93c6216bce2d569b1f0a99607f6","name":"admin","image":{"@type":"ImageObject","inLanguage":"es","@id":"https:\/\/www.creaerte.com\/live\/#\/schema\/person\/image\/","url":"https:\/\/secure.gravatar.com\/avatar\/736f9ff6dd176e443e4c9cf884b23352631c533b611f216dbc09fc84cda6e67c?s=96&d=mm&r=g","contentUrl":"https:\/\/secure.gravatar.com\/avatar\/736f9ff6dd176e443e4c9cf884b23352631c533b611f216dbc09fc84cda6e67c?s=96&d=mm&r=g","caption":"admin"},"url":"https:\/\/www.creaerte.com\/live\/author\/admin\/"}]}},"_links":{"self":[{"href":"https:\/\/www.creaerte.com\/live\/wp-json\/wp\/v2\/posts\/11727","targetHints":{"allow":["GET"]}}],"collection":[{"href":"https:\/\/www.creaerte.com\/live\/wp-json\/wp\/v2\/posts"}],"about":[{"href":"https:\/\/www.creaerte.com\/live\/wp-json\/wp\/v2\/types\/post"}],"author":[{"embeddable":true,"href":"https:\/\/www.creaerte.com\/live\/wp-json\/wp\/v2\/users\/1"}],"replies":[{"embeddable":true,"href":"https:\/\/www.creaerte.com\/live\/wp-json\/wp\/v2\/comments?post=11727"}],"version-history":[{"count":0,"href":"https:\/\/www.creaerte.com\/live\/wp-json\/wp\/v2\/posts\/11727\/revisions"}],"wp:featuredmedia":[{"embeddable":true,"href":"https:\/\/www.creaerte.com\/live\/wp-json\/wp\/v2\/media\/11730"}],"wp:attachment":[{"href":"https:\/\/www.creaerte.com\/live\/wp-json\/wp\/v2\/media?parent=11727"}],"wp:term":[{"taxonomy":"category","embeddable":true,"href":"https:\/\/www.creaerte.com\/live\/wp-json\/wp\/v2\/categories?post=11727"},{"taxonomy":"post_tag","embeddable":true,"href":"https:\/\/www.creaerte.com\/live\/wp-json\/wp\/v2\/tags?post=11727"}],"curies":[{"name":"wp","href":"https:\/\/api.w.org\/{rel}","templated":true}]}}