{"id":11852,"date":"2013-08-30T08:10:53","date_gmt":"2013-08-30T07:10:53","guid":{"rendered":"http:\/\/creaerte.com\/live\/?p=11852"},"modified":"2013-08-30T08:47:25","modified_gmt":"2013-08-30T07:47:25","slug":"la-vuelta-ciclista-en-caceres","status":"publish","type":"post","link":"https:\/\/www.creaerte.com\/live\/la-vuelta-ciclista-en-caceres\/","title":{"rendered":"La vuelta ciclista en C\u00e1ceres"},"content":{"rendered":"<p>Ayer C\u00e1ceres se convirti\u00f3, por unas horas, en una miniciudad ciclista. Despu\u00e9s de siete a\u00f1os, se ha vuelto a repetir este gran acontecimiento en nuestra localidad.<\/p>\n<p>Pero adem\u00e1s de ser toda una exhibici\u00f3n del deporte, se trata de una concentraci\u00f3n de miles de personas. Las marcas aprovechan cualquier oportunidad para contactar con su target y la vuelta ciclista podemos considerarla como un evento casi \u00fanico en dicha urbe.<\/p>\n<p><a href=\"http:\/\/www.carrefour.es\/\" target=\"_blank\">Carrefour<\/a>, <a href=\"http:\/\/www.amstel.es\/\" target=\"_blank\">Amstel<\/a>, <a href=\"http:\/\/www.trekbikes.com\/es\/es\/\" target=\"_blank\">Trek<\/a> y <a href=\"http:\/\/www.sanchezromerocarvajal.com\/\" target=\"_blank\">Sanchez Romero Carvajal<\/a> estuvieron presentes amenizando la velada de los all\u00ed presentes. Nosotros, desde <a href=\"http:\/\/creaerte.com\" target=\"_blank\">creaerte.com<\/a> estuvimos muy cerca de la meta.<\/p>\n<p style=\"text-align: center;\"><a href=\"http:\/\/creaerte.com\/live\/wp-content\/uploads\/2013\/08\/MG_3857.jpg\"><img fetchpriority=\"high\" decoding=\"async\" class=\"aligncenter size-full wp-image-11853\" title=\"vuelta ciclista en Caceres\" alt=\"vuelta ciclista en caceres\" src=\"http:\/\/creaerte.com\/live\/wp-content\/uploads\/2013\/08\/MG_3857.jpg\" width=\"615\" height=\"410\" srcset=\"https:\/\/www.creaerte.com\/live\/wp-content\/uploads\/2013\/08\/MG_3857.jpg 615w, https:\/\/www.creaerte.com\/live\/wp-content\/uploads\/2013\/08\/MG_3857-384x256.jpg 384w\" sizes=\"(max-width: 615px) 100vw, 615px\" \/><\/a><br \/>\n<a href=\"http:\/\/creaerte.com\/live\/wp-content\/uploads\/2013\/08\/MG_3859.jpg\"><img decoding=\"async\" class=\"aligncenter size-full wp-image-11854\" title=\"vuelta ciclista en caceres\" alt=\"vuelta ciclista en caceres\" src=\"http:\/\/creaerte.com\/live\/wp-content\/uploads\/2013\/08\/MG_3859.jpg\" width=\"615\" height=\"410\" srcset=\"https:\/\/www.creaerte.com\/live\/wp-content\/uploads\/2013\/08\/MG_3859.jpg 615w, https:\/\/www.creaerte.com\/live\/wp-content\/uploads\/2013\/08\/MG_3859-384x256.jpg 384w, https:\/\/www.creaerte.com\/live\/wp-content\/uploads\/2013\/08\/MG_3859-600x400.jpg 600w\" sizes=\"(max-width: 615px) 100vw, 615px\" \/><\/a><\/p>\n","protected":false},"excerpt":{"rendered":"<p>Ayer C\u00e1ceres se convirti\u00f3, por unas horas, en una miniciudad ciclista. Despu\u00e9s de siete a\u00f1os, se ha vuelto a repetir este gran acontecimiento en nuestra localidad. Pero adem\u00e1s de ser toda una exhibici\u00f3n del deporte, se trata de una concentraci\u00f3n de miles de personas. Las marcas aprovechan cualquier oportunidad para contactar con su target y la vuelta ciclista podemos considerarla&#8230;<\/p>\n","protected":false},"author":1,"featured_media":11854,"comment_status":"open","ping_status":"open","sticky":false,"template":"","format":"standard","meta":{"footnotes":""},"categories":[10],"tags":[20,1185,6],"class_list":["post-11852","post","type-post","status-publish","format-standard","has-post-thumbnail","hentry","category-noticias","tag-deportes","tag-noticias","tag-publicidad","has_thumb"],"yoast_head":"<!-- This site is optimized with the Yoast SEO plugin v26.9 - https:\/\/yoast.com\/product\/yoast-seo-wordpress\/ -->\n<title>La vuelta ciclista en C\u00e1ceres - creaerte.com<\/title>\n<meta name=\"description\" content=\"La vuelta ciclista 2013 pasa por C\u00e1ceres.\" \/>\n<meta name=\"robots\" content=\"index, follow, max-snippet:-1, max-image-preview:large, max-video-preview:-1\" \/>\n<link rel=\"canonical\" href=\"https:\/\/www.creaerte.com\/live\/la-vuelta-ciclista-en-caceres\/\" \/>\n<meta property=\"og:locale\" content=\"es_ES\" \/>\n<meta property=\"og:type\" content=\"article\" \/>\n<meta property=\"og:title\" content=\"La vuelta ciclista en C\u00e1ceres - creaerte.com\" \/>\n<meta property=\"og:description\" content=\"La vuelta ciclista 2013 pasa por C\u00e1ceres.\" \/>\n<meta property=\"og:url\" content=\"https:\/\/www.creaerte.com\/live\/la-vuelta-ciclista-en-caceres\/\" \/>\n<meta property=\"og:site_name\" content=\"creaerte.com\" \/>\n<meta property=\"article:publisher\" content=\"https:\/\/www.facebook.com\/creaerte\" \/>\n<meta property=\"article:published_time\" content=\"2013-08-30T07:10:53+00:00\" \/>\n<meta property=\"article:modified_time\" content=\"2013-08-30T07:47:25+00:00\" \/>\n<meta property=\"og:image\" content=\"https:\/\/www.creaerte.com\/live\/wp-content\/uploads\/2013\/08\/MG_3859.jpg\" \/>\n\t<meta property=\"og:image:width\" content=\"615\" \/>\n\t<meta property=\"og:image:height\" content=\"410\" \/>\n\t<meta property=\"og:image:type\" content=\"image\/jpeg\" \/>\n<meta name=\"author\" content=\"admin\" \/>\n<meta name=\"twitter:card\" content=\"summary_large_image\" \/>\n<meta name=\"twitter:creator\" content=\"@Creaerte\" \/>\n<meta name=\"twitter:site\" content=\"@Creaerte\" \/>\n<meta name=\"twitter:label1\" content=\"Escrito por\" \/>\n\t<meta name=\"twitter:data1\" content=\"admin\" \/>\n\t<meta name=\"twitter:label2\" content=\"Tiempo de lectura\" \/>\n\t<meta name=\"twitter:data2\" content=\"1 minuto\" \/>\n<script type=\"application\/ld+json\" class=\"yoast-schema-graph\">{\"@context\":\"https:\/\/schema.org\",\"@graph\":[{\"@type\":\"Article\",\"@id\":\"https:\/\/www.creaerte.com\/live\/la-vuelta-ciclista-en-caceres\/#article\",\"isPartOf\":{\"@id\":\"https:\/\/www.creaerte.com\/live\/la-vuelta-ciclista-en-caceres\/\"},\"author\":{\"name\":\"admin\",\"@id\":\"https:\/\/www.creaerte.com\/live\/#\/schema\/person\/acc9e93c6216bce2d569b1f0a99607f6\"},\"headline\":\"La vuelta ciclista en C\u00e1ceres\",\"datePublished\":\"2013-08-30T07:10:53+00:00\",\"dateModified\":\"2013-08-30T07:47:25+00:00\",\"mainEntityOfPage\":{\"@id\":\"https:\/\/www.creaerte.com\/live\/la-vuelta-ciclista-en-caceres\/\"},\"wordCount\":106,\"commentCount\":0,\"image\":{\"@id\":\"https:\/\/www.creaerte.com\/live\/la-vuelta-ciclista-en-caceres\/#primaryimage\"},\"thumbnailUrl\":\"https:\/\/www.creaerte.com\/live\/wp-content\/uploads\/2013\/08\/MG_3859.jpg\",\"keywords\":[\"deportes\",\"Noticias\",\"publicidad\"],\"articleSection\":[\"Noticias\"],\"inLanguage\":\"es\",\"potentialAction\":[{\"@type\":\"CommentAction\",\"name\":\"Comment\",\"target\":[\"https:\/\/www.creaerte.com\/live\/la-vuelta-ciclista-en-caceres\/#respond\"]}]},{\"@type\":\"WebPage\",\"@id\":\"https:\/\/www.creaerte.com\/live\/la-vuelta-ciclista-en-caceres\/\",\"url\":\"https:\/\/www.creaerte.com\/live\/la-vuelta-ciclista-en-caceres\/\",\"name\":\"La vuelta ciclista en C\u00e1ceres - creaerte.com\",\"isPartOf\":{\"@id\":\"https:\/\/www.creaerte.com\/live\/#website\"},\"primaryImageOfPage\":{\"@id\":\"https:\/\/www.creaerte.com\/live\/la-vuelta-ciclista-en-caceres\/#primaryimage\"},\"image\":{\"@id\":\"https:\/\/www.creaerte.com\/live\/la-vuelta-ciclista-en-caceres\/#primaryimage\"},\"thumbnailUrl\":\"https:\/\/www.creaerte.com\/live\/wp-content\/uploads\/2013\/08\/MG_3859.jpg\",\"datePublished\":\"2013-08-30T07:10:53+00:00\",\"dateModified\":\"2013-08-30T07:47:25+00:00\",\"author\":{\"@id\":\"https:\/\/www.creaerte.com\/live\/#\/schema\/person\/acc9e93c6216bce2d569b1f0a99607f6\"},\"description\":\"La vuelta ciclista 2013 pasa por C\u00e1ceres.\",\"inLanguage\":\"es\",\"potentialAction\":[{\"@type\":\"ReadAction\",\"target\":[\"https:\/\/www.creaerte.com\/live\/la-vuelta-ciclista-en-caceres\/\"]}]},{\"@type\":\"ImageObject\",\"inLanguage\":\"es\",\"@id\":\"https:\/\/www.creaerte.com\/live\/la-vuelta-ciclista-en-caceres\/#primaryimage\",\"url\":\"https:\/\/www.creaerte.com\/live\/wp-content\/uploads\/2013\/08\/MG_3859.jpg\",\"contentUrl\":\"https:\/\/www.creaerte.com\/live\/wp-content\/uploads\/2013\/08\/MG_3859.jpg\",\"width\":615,\"height\":410},{\"@type\":\"WebSite\",\"@id\":\"https:\/\/www.creaerte.com\/live\/#website\",\"url\":\"https:\/\/www.creaerte.com\/live\/\",\"name\":\"creaerte.com\",\"description\":\"Agencia de publicidad, comunicaci\u00f3n y marketing en C\u00e1ceres \u2022 Extremadura\",\"potentialAction\":[{\"@type\":\"SearchAction\",\"target\":{\"@type\":\"EntryPoint\",\"urlTemplate\":\"https:\/\/www.creaerte.com\/live\/?s={search_term_string}\"},\"query-input\":{\"@type\":\"PropertyValueSpecification\",\"valueRequired\":true,\"valueName\":\"search_term_string\"}}],\"inLanguage\":\"es\"},{\"@type\":\"Person\",\"@id\":\"https:\/\/www.creaerte.com\/live\/#\/schema\/person\/acc9e93c6216bce2d569b1f0a99607f6\",\"name\":\"admin\",\"image\":{\"@type\":\"ImageObject\",\"inLanguage\":\"es\",\"@id\":\"https:\/\/www.creaerte.com\/live\/#\/schema\/person\/image\/\",\"url\":\"https:\/\/secure.gravatar.com\/avatar\/736f9ff6dd176e443e4c9cf884b23352631c533b611f216dbc09fc84cda6e67c?s=96&d=mm&r=g\",\"contentUrl\":\"https:\/\/secure.gravatar.com\/avatar\/736f9ff6dd176e443e4c9cf884b23352631c533b611f216dbc09fc84cda6e67c?s=96&d=mm&r=g\",\"caption\":\"admin\"},\"url\":\"https:\/\/www.creaerte.com\/live\/author\/admin\/\"}]}<\/script>\n<!-- \/ Yoast SEO plugin. -->","yoast_head_json":{"title":"La vuelta ciclista en C\u00e1ceres - creaerte.com","description":"La vuelta ciclista 2013 pasa por C\u00e1ceres.","robots":{"index":"index","follow":"follow","max-snippet":"max-snippet:-1","max-image-preview":"max-image-preview:large","max-video-preview":"max-video-preview:-1"},"canonical":"https:\/\/www.creaerte.com\/live\/la-vuelta-ciclista-en-caceres\/","og_locale":"es_ES","og_type":"article","og_title":"La vuelta ciclista en C\u00e1ceres - creaerte.com","og_description":"La vuelta ciclista 2013 pasa por C\u00e1ceres.","og_url":"https:\/\/www.creaerte.com\/live\/la-vuelta-ciclista-en-caceres\/","og_site_name":"creaerte.com","article_publisher":"https:\/\/www.facebook.com\/creaerte","article_published_time":"2013-08-30T07:10:53+00:00","article_modified_time":"2013-08-30T07:47:25+00:00","og_image":[{"width":615,"height":410,"url":"https:\/\/www.creaerte.com\/live\/wp-content\/uploads\/2013\/08\/MG_3859.jpg","type":"image\/jpeg"}],"author":"admin","twitter_card":"summary_large_image","twitter_creator":"@Creaerte","twitter_site":"@Creaerte","twitter_misc":{"Escrito por":"admin","Tiempo de lectura":"1 minuto"},"schema":{"@context":"https:\/\/schema.org","@graph":[{"@type":"Article","@id":"https:\/\/www.creaerte.com\/live\/la-vuelta-ciclista-en-caceres\/#article","isPartOf":{"@id":"https:\/\/www.creaerte.com\/live\/la-vuelta-ciclista-en-caceres\/"},"author":{"name":"admin","@id":"https:\/\/www.creaerte.com\/live\/#\/schema\/person\/acc9e93c6216bce2d569b1f0a99607f6"},"headline":"La vuelta ciclista en C\u00e1ceres","datePublished":"2013-08-30T07:10:53+00:00","dateModified":"2013-08-30T07:47:25+00:00","mainEntityOfPage":{"@id":"https:\/\/www.creaerte.com\/live\/la-vuelta-ciclista-en-caceres\/"},"wordCount":106,"commentCount":0,"image":{"@id":"https:\/\/www.creaerte.com\/live\/la-vuelta-ciclista-en-caceres\/#primaryimage"},"thumbnailUrl":"https:\/\/www.creaerte.com\/live\/wp-content\/uploads\/2013\/08\/MG_3859.jpg","keywords":["deportes","Noticias","publicidad"],"articleSection":["Noticias"],"inLanguage":"es","potentialAction":[{"@type":"CommentAction","name":"Comment","target":["https:\/\/www.creaerte.com\/live\/la-vuelta-ciclista-en-caceres\/#respond"]}]},{"@type":"WebPage","@id":"https:\/\/www.creaerte.com\/live\/la-vuelta-ciclista-en-caceres\/","url":"https:\/\/www.creaerte.com\/live\/la-vuelta-ciclista-en-caceres\/","name":"La vuelta ciclista en C\u00e1ceres - creaerte.com","isPartOf":{"@id":"https:\/\/www.creaerte.com\/live\/#website"},"primaryImageOfPage":{"@id":"https:\/\/www.creaerte.com\/live\/la-vuelta-ciclista-en-caceres\/#primaryimage"},"image":{"@id":"https:\/\/www.creaerte.com\/live\/la-vuelta-ciclista-en-caceres\/#primaryimage"},"thumbnailUrl":"https:\/\/www.creaerte.com\/live\/wp-content\/uploads\/2013\/08\/MG_3859.jpg","datePublished":"2013-08-30T07:10:53+00:00","dateModified":"2013-08-30T07:47:25+00:00","author":{"@id":"https:\/\/www.creaerte.com\/live\/#\/schema\/person\/acc9e93c6216bce2d569b1f0a99607f6"},"description":"La vuelta ciclista 2013 pasa por C\u00e1ceres.","inLanguage":"es","potentialAction":[{"@type":"ReadAction","target":["https:\/\/www.creaerte.com\/live\/la-vuelta-ciclista-en-caceres\/"]}]},{"@type":"ImageObject","inLanguage":"es","@id":"https:\/\/www.creaerte.com\/live\/la-vuelta-ciclista-en-caceres\/#primaryimage","url":"https:\/\/www.creaerte.com\/live\/wp-content\/uploads\/2013\/08\/MG_3859.jpg","contentUrl":"https:\/\/www.creaerte.com\/live\/wp-content\/uploads\/2013\/08\/MG_3859.jpg","width":615,"height":410},{"@type":"WebSite","@id":"https:\/\/www.creaerte.com\/live\/#website","url":"https:\/\/www.creaerte.com\/live\/","name":"creaerte.com","description":"Agencia de publicidad, comunicaci\u00f3n y marketing en C\u00e1ceres \u2022 Extremadura","potentialAction":[{"@type":"SearchAction","target":{"@type":"EntryPoint","urlTemplate":"https:\/\/www.creaerte.com\/live\/?s={search_term_string}"},"query-input":{"@type":"PropertyValueSpecification","valueRequired":true,"valueName":"search_term_string"}}],"inLanguage":"es"},{"@type":"Person","@id":"https:\/\/www.creaerte.com\/live\/#\/schema\/person\/acc9e93c6216bce2d569b1f0a99607f6","name":"admin","image":{"@type":"ImageObject","inLanguage":"es","@id":"https:\/\/www.creaerte.com\/live\/#\/schema\/person\/image\/","url":"https:\/\/secure.gravatar.com\/avatar\/736f9ff6dd176e443e4c9cf884b23352631c533b611f216dbc09fc84cda6e67c?s=96&d=mm&r=g","contentUrl":"https:\/\/secure.gravatar.com\/avatar\/736f9ff6dd176e443e4c9cf884b23352631c533b611f216dbc09fc84cda6e67c?s=96&d=mm&r=g","caption":"admin"},"url":"https:\/\/www.creaerte.com\/live\/author\/admin\/"}]}},"_links":{"self":[{"href":"https:\/\/www.creaerte.com\/live\/wp-json\/wp\/v2\/posts\/11852","targetHints":{"allow":["GET"]}}],"collection":[{"href":"https:\/\/www.creaerte.com\/live\/wp-json\/wp\/v2\/posts"}],"about":[{"href":"https:\/\/www.creaerte.com\/live\/wp-json\/wp\/v2\/types\/post"}],"author":[{"embeddable":true,"href":"https:\/\/www.creaerte.com\/live\/wp-json\/wp\/v2\/users\/1"}],"replies":[{"embeddable":true,"href":"https:\/\/www.creaerte.com\/live\/wp-json\/wp\/v2\/comments?post=11852"}],"version-history":[{"count":0,"href":"https:\/\/www.creaerte.com\/live\/wp-json\/wp\/v2\/posts\/11852\/revisions"}],"wp:featuredmedia":[{"embeddable":true,"href":"https:\/\/www.creaerte.com\/live\/wp-json\/wp\/v2\/media\/11854"}],"wp:attachment":[{"href":"https:\/\/www.creaerte.com\/live\/wp-json\/wp\/v2\/media?parent=11852"}],"wp:term":[{"taxonomy":"category","embeddable":true,"href":"https:\/\/www.creaerte.com\/live\/wp-json\/wp\/v2\/categories?post=11852"},{"taxonomy":"post_tag","embeddable":true,"href":"https:\/\/www.creaerte.com\/live\/wp-json\/wp\/v2\/tags?post=11852"}],"curies":[{"name":"wp","href":"https:\/\/api.w.org\/{rel}","templated":true}]}}