{"id":12031,"date":"2013-09-13T15:41:49","date_gmt":"2013-09-13T14:41:49","guid":{"rendered":"http:\/\/creaerte.com\/live\/?p=12031"},"modified":"2013-09-13T15:43:38","modified_gmt":"2013-09-13T14:43:38","slug":"el-cover-de-mango-con-miranda-kerr","status":"publish","type":"post","link":"https:\/\/www.creaerte.com\/live\/el-cover-de-mango-con-miranda-kerr\/","title":{"rendered":"El cover de Mango, con Miranda Kerr"},"content":{"rendered":"<p>La modelo <a href=\"http:\/\/www.mirandakerr.com\/\" target=\"_blank\">Miranda Kerr<\/a> vuelve a ser la imagen de la conocida firma espa\u00f1ola <a href=\"http:\/\/www.mango.com\/\" target=\"_blank\">Mango<\/a>. Pero hoy es viernes, as\u00ed que, como ya sab\u00e9is, en <a href=\"http:\/\/creaerte.com\" target=\"_blank\">creaerte.com<\/a> hablamos de m\u00fasica.<\/p>\n<p>Esta vez, tenemos que aclararos que se trata de un cover, tambi\u00e9n conocidos como imitaciones. Son versiones muy parecidas a las creadas por el autor o compositor. Crear un cover tiene dos ventajas: no es necesario pagar los derechos fonogr\u00e1ficos, lo que en ocasiones supone gran parte del presupuesto, y, por otro lado, se puede adaptar a la m\u00e9trica, tiempo y duraci\u00f3n del anuncio.<\/p>\n<p>En esta ocasi\u00f3n la marca se ha decantado por un rip off del tema \u00abUnion City Blue\u00bb de<a href=\"http:\/\/www.blondie.net\/\" target=\"_blank\"> Blondie<\/a>.<br \/>\n\u00bfOs hab\u00edais dado cuenta de que en realidad no se trataba de este grupo?<\/p>\n<p><object id=\"gsSong3589076675\" width=\"610\" height=\"40\" classid=\"clsid:d27cdb6e-ae6d-11cf-96b8-444553540000\" codebase=\"http:\/\/download.macromedia.com\/pub\/shockwave\/cabs\/flash\/swflash.cab#version=6,0,40,0\" name=\"gsSong3589076675\"><param name=\"wmode\" value=\"window\" \/><param name=\"allowScriptAccess\" value=\"always\" \/><param name=\"flashvars\" value=\"hostname=grooveshark.com&amp;songID=35890766&amp;style=metal&amp;p=0\" \/><param name=\"src\" value=\"http:\/\/grooveshark.com\/songWidget.swf\" \/><param name=\"allowscriptaccess\" value=\"always\" \/><embed id=\"gsSong3589076675\" width=\"610\" height=\"40\" type=\"application\/x-shockwave-flash\" src=\"http:\/\/grooveshark.com\/songWidget.swf\" wmode=\"window\" allowScriptAccess=\"always\" flashvars=\"hostname=grooveshark.com&amp;songID=35890766&amp;style=metal&amp;p=0\" allowscriptaccess=\"always\" name=\"gsSong3589076675\" \/><img decoding=\"async\" src=\"http:\/\/creaerte.com\/live\/wp-includes\/js\/tinymce\/themes\/advanced\/img\/trans.gif\" class=\"mceItemMedia mceItemFlash\" width=\"250\" height=\"40\" data-mce-json=\"{'video':{},'params':{'wmode':'window','allowScriptAccess':'always','flashvars':'hostname=grooveshark.com&amp;songID=35890766&amp;style=metal&amp;p=0','src':'http:\/\/grooveshark.com\/songWidget.swf'},'name':null,'object_html':'&lt;span&gt;&lt;a href=\\&quot;http:\/\/grooveshark.com\/search\/song?q=Blondie%20Union%20City%20Blue\\&quot; title=\\&quot;Union City Blue by Blondie on Grooveshark\\&quot;&gt;Union City Blue by Blondie on Grooveshark&lt;\/a&gt;&lt;\/span&gt;','hspace':null,'vspace':null,'align':null,'bgcolor':null}\" alt=\"\" \/><\/object><\/p>\n<p><iframe src=\"http:\/\/www.youtube.com\/embed\/PvdAlYQE8Hg\" height=\"400\" width=\"610\" allowfullscreen=\"\" frameborder=\"0\"><\/iframe><\/p>\n","protected":false},"excerpt":{"rendered":"<p>La modelo Miranda Kerr vuelve a ser la imagen de la conocida firma espa\u00f1ola Mango. Pero hoy es viernes, as\u00ed que, como ya sab\u00e9is, en creaerte.com hablamos de m\u00fasica. Esta vez, tenemos que aclararos que se trata de un cover, tambi\u00e9n conocidos como imitaciones. Son versiones muy parecidas a las creadas por el autor o compositor. Crear un cover tiene&#8230;<\/p>\n","protected":false},"author":1,"featured_media":12034,"comment_status":"open","ping_status":"open","sticky":false,"template":"","format":"standard","meta":{"footnotes":""},"categories":[285,10],"tags":[],"class_list":["post-12031","post","type-post","status-publish","format-standard","has-post-thumbnail","hentry","category-musica-de-anuncio","category-noticias","has_thumb"],"yoast_head":"<!-- This site is optimized with the Yoast SEO plugin v26.9 - https:\/\/yoast.com\/product\/yoast-seo-wordpress\/ -->\n<title>El cover de Mango, con Miranda Kerr - creaerte.com<\/title>\n<meta name=\"description\" content=\"La nueva campa\u00f1a de Mango con Miranda Kerr\" \/>\n<meta name=\"robots\" content=\"index, follow, max-snippet:-1, max-image-preview:large, max-video-preview:-1\" \/>\n<link rel=\"canonical\" href=\"https:\/\/www.creaerte.com\/live\/el-cover-de-mango-con-miranda-kerr\/\" \/>\n<meta property=\"og:locale\" content=\"es_ES\" \/>\n<meta property=\"og:type\" content=\"article\" \/>\n<meta property=\"og:title\" content=\"El cover de Mango, con Miranda Kerr - creaerte.com\" \/>\n<meta property=\"og:description\" content=\"La nueva campa\u00f1a de Mango con Miranda Kerr\" \/>\n<meta property=\"og:url\" content=\"https:\/\/www.creaerte.com\/live\/el-cover-de-mango-con-miranda-kerr\/\" \/>\n<meta property=\"og:site_name\" content=\"creaerte.com\" \/>\n<meta property=\"article:publisher\" content=\"https:\/\/www.facebook.com\/creaerte\" \/>\n<meta property=\"article:published_time\" content=\"2013-09-13T14:41:49+00:00\" \/>\n<meta property=\"article:modified_time\" content=\"2013-09-13T14:43:38+00:00\" \/>\n<meta property=\"og:image\" content=\"https:\/\/www.creaerte.com\/live\/wp-content\/uploads\/2013\/09\/miranda.jpg\" \/>\n\t<meta property=\"og:image:width\" content=\"610\" \/>\n\t<meta property=\"og:image:height\" content=\"328\" \/>\n\t<meta property=\"og:image:type\" content=\"image\/jpeg\" \/>\n<meta name=\"author\" content=\"admin\" \/>\n<meta name=\"twitter:card\" content=\"summary_large_image\" \/>\n<meta name=\"twitter:creator\" content=\"@Creaerte\" \/>\n<meta name=\"twitter:site\" content=\"@Creaerte\" \/>\n<meta name=\"twitter:label1\" content=\"Escrito por\" \/>\n\t<meta name=\"twitter:data1\" content=\"admin\" \/>\n\t<meta name=\"twitter:label2\" content=\"Tiempo de lectura\" \/>\n\t<meta name=\"twitter:data2\" content=\"1 minuto\" \/>\n<script type=\"application\/ld+json\" class=\"yoast-schema-graph\">{\"@context\":\"https:\/\/schema.org\",\"@graph\":[{\"@type\":\"Article\",\"@id\":\"https:\/\/www.creaerte.com\/live\/el-cover-de-mango-con-miranda-kerr\/#article\",\"isPartOf\":{\"@id\":\"https:\/\/www.creaerte.com\/live\/el-cover-de-mango-con-miranda-kerr\/\"},\"author\":{\"name\":\"admin\",\"@id\":\"https:\/\/www.creaerte.com\/live\/#\/schema\/person\/acc9e93c6216bce2d569b1f0a99607f6\"},\"headline\":\"El cover de Mango, con Miranda Kerr\",\"datePublished\":\"2013-09-13T14:41:49+00:00\",\"dateModified\":\"2013-09-13T14:43:38+00:00\",\"mainEntityOfPage\":{\"@id\":\"https:\/\/www.creaerte.com\/live\/el-cover-de-mango-con-miranda-kerr\/\"},\"wordCount\":143,\"commentCount\":0,\"image\":{\"@id\":\"https:\/\/www.creaerte.com\/live\/el-cover-de-mango-con-miranda-kerr\/#primaryimage\"},\"thumbnailUrl\":\"https:\/\/www.creaerte.com\/live\/wp-content\/uploads\/2013\/09\/miranda.jpg\",\"articleSection\":[\"M\u00fasica de anuncio\",\"Noticias\"],\"inLanguage\":\"es\",\"potentialAction\":[{\"@type\":\"CommentAction\",\"name\":\"Comment\",\"target\":[\"https:\/\/www.creaerte.com\/live\/el-cover-de-mango-con-miranda-kerr\/#respond\"]}]},{\"@type\":\"WebPage\",\"@id\":\"https:\/\/www.creaerte.com\/live\/el-cover-de-mango-con-miranda-kerr\/\",\"url\":\"https:\/\/www.creaerte.com\/live\/el-cover-de-mango-con-miranda-kerr\/\",\"name\":\"El cover de Mango, con Miranda Kerr - creaerte.com\",\"isPartOf\":{\"@id\":\"https:\/\/www.creaerte.com\/live\/#website\"},\"primaryImageOfPage\":{\"@id\":\"https:\/\/www.creaerte.com\/live\/el-cover-de-mango-con-miranda-kerr\/#primaryimage\"},\"image\":{\"@id\":\"https:\/\/www.creaerte.com\/live\/el-cover-de-mango-con-miranda-kerr\/#primaryimage\"},\"thumbnailUrl\":\"https:\/\/www.creaerte.com\/live\/wp-content\/uploads\/2013\/09\/miranda.jpg\",\"datePublished\":\"2013-09-13T14:41:49+00:00\",\"dateModified\":\"2013-09-13T14:43:38+00:00\",\"author\":{\"@id\":\"https:\/\/www.creaerte.com\/live\/#\/schema\/person\/acc9e93c6216bce2d569b1f0a99607f6\"},\"description\":\"La nueva campa\u00f1a de Mango con Miranda Kerr\",\"inLanguage\":\"es\",\"potentialAction\":[{\"@type\":\"ReadAction\",\"target\":[\"https:\/\/www.creaerte.com\/live\/el-cover-de-mango-con-miranda-kerr\/\"]}]},{\"@type\":\"ImageObject\",\"inLanguage\":\"es\",\"@id\":\"https:\/\/www.creaerte.com\/live\/el-cover-de-mango-con-miranda-kerr\/#primaryimage\",\"url\":\"https:\/\/www.creaerte.com\/live\/wp-content\/uploads\/2013\/09\/miranda.jpg\",\"contentUrl\":\"https:\/\/www.creaerte.com\/live\/wp-content\/uploads\/2013\/09\/miranda.jpg\",\"width\":610,\"height\":328},{\"@type\":\"WebSite\",\"@id\":\"https:\/\/www.creaerte.com\/live\/#website\",\"url\":\"https:\/\/www.creaerte.com\/live\/\",\"name\":\"creaerte.com\",\"description\":\"Agencia de publicidad, comunicaci\u00f3n y marketing en C\u00e1ceres \u2022 Extremadura\",\"potentialAction\":[{\"@type\":\"SearchAction\",\"target\":{\"@type\":\"EntryPoint\",\"urlTemplate\":\"https:\/\/www.creaerte.com\/live\/?s={search_term_string}\"},\"query-input\":{\"@type\":\"PropertyValueSpecification\",\"valueRequired\":true,\"valueName\":\"search_term_string\"}}],\"inLanguage\":\"es\"},{\"@type\":\"Person\",\"@id\":\"https:\/\/www.creaerte.com\/live\/#\/schema\/person\/acc9e93c6216bce2d569b1f0a99607f6\",\"name\":\"admin\",\"image\":{\"@type\":\"ImageObject\",\"inLanguage\":\"es\",\"@id\":\"https:\/\/www.creaerte.com\/live\/#\/schema\/person\/image\/\",\"url\":\"https:\/\/secure.gravatar.com\/avatar\/736f9ff6dd176e443e4c9cf884b23352631c533b611f216dbc09fc84cda6e67c?s=96&d=mm&r=g\",\"contentUrl\":\"https:\/\/secure.gravatar.com\/avatar\/736f9ff6dd176e443e4c9cf884b23352631c533b611f216dbc09fc84cda6e67c?s=96&d=mm&r=g\",\"caption\":\"admin\"},\"url\":\"https:\/\/www.creaerte.com\/live\/author\/admin\/\"}]}<\/script>\n<!-- \/ Yoast SEO plugin. -->","yoast_head_json":{"title":"El cover de Mango, con Miranda Kerr - creaerte.com","description":"La nueva campa\u00f1a de Mango con Miranda Kerr","robots":{"index":"index","follow":"follow","max-snippet":"max-snippet:-1","max-image-preview":"max-image-preview:large","max-video-preview":"max-video-preview:-1"},"canonical":"https:\/\/www.creaerte.com\/live\/el-cover-de-mango-con-miranda-kerr\/","og_locale":"es_ES","og_type":"article","og_title":"El cover de Mango, con Miranda Kerr - creaerte.com","og_description":"La nueva campa\u00f1a de Mango con Miranda Kerr","og_url":"https:\/\/www.creaerte.com\/live\/el-cover-de-mango-con-miranda-kerr\/","og_site_name":"creaerte.com","article_publisher":"https:\/\/www.facebook.com\/creaerte","article_published_time":"2013-09-13T14:41:49+00:00","article_modified_time":"2013-09-13T14:43:38+00:00","og_image":[{"width":610,"height":328,"url":"https:\/\/www.creaerte.com\/live\/wp-content\/uploads\/2013\/09\/miranda.jpg","type":"image\/jpeg"}],"author":"admin","twitter_card":"summary_large_image","twitter_creator":"@Creaerte","twitter_site":"@Creaerte","twitter_misc":{"Escrito por":"admin","Tiempo de lectura":"1 minuto"},"schema":{"@context":"https:\/\/schema.org","@graph":[{"@type":"Article","@id":"https:\/\/www.creaerte.com\/live\/el-cover-de-mango-con-miranda-kerr\/#article","isPartOf":{"@id":"https:\/\/www.creaerte.com\/live\/el-cover-de-mango-con-miranda-kerr\/"},"author":{"name":"admin","@id":"https:\/\/www.creaerte.com\/live\/#\/schema\/person\/acc9e93c6216bce2d569b1f0a99607f6"},"headline":"El cover de Mango, con Miranda Kerr","datePublished":"2013-09-13T14:41:49+00:00","dateModified":"2013-09-13T14:43:38+00:00","mainEntityOfPage":{"@id":"https:\/\/www.creaerte.com\/live\/el-cover-de-mango-con-miranda-kerr\/"},"wordCount":143,"commentCount":0,"image":{"@id":"https:\/\/www.creaerte.com\/live\/el-cover-de-mango-con-miranda-kerr\/#primaryimage"},"thumbnailUrl":"https:\/\/www.creaerte.com\/live\/wp-content\/uploads\/2013\/09\/miranda.jpg","articleSection":["M\u00fasica de anuncio","Noticias"],"inLanguage":"es","potentialAction":[{"@type":"CommentAction","name":"Comment","target":["https:\/\/www.creaerte.com\/live\/el-cover-de-mango-con-miranda-kerr\/#respond"]}]},{"@type":"WebPage","@id":"https:\/\/www.creaerte.com\/live\/el-cover-de-mango-con-miranda-kerr\/","url":"https:\/\/www.creaerte.com\/live\/el-cover-de-mango-con-miranda-kerr\/","name":"El cover de Mango, con Miranda Kerr - creaerte.com","isPartOf":{"@id":"https:\/\/www.creaerte.com\/live\/#website"},"primaryImageOfPage":{"@id":"https:\/\/www.creaerte.com\/live\/el-cover-de-mango-con-miranda-kerr\/#primaryimage"},"image":{"@id":"https:\/\/www.creaerte.com\/live\/el-cover-de-mango-con-miranda-kerr\/#primaryimage"},"thumbnailUrl":"https:\/\/www.creaerte.com\/live\/wp-content\/uploads\/2013\/09\/miranda.jpg","datePublished":"2013-09-13T14:41:49+00:00","dateModified":"2013-09-13T14:43:38+00:00","author":{"@id":"https:\/\/www.creaerte.com\/live\/#\/schema\/person\/acc9e93c6216bce2d569b1f0a99607f6"},"description":"La nueva campa\u00f1a de Mango con Miranda Kerr","inLanguage":"es","potentialAction":[{"@type":"ReadAction","target":["https:\/\/www.creaerte.com\/live\/el-cover-de-mango-con-miranda-kerr\/"]}]},{"@type":"ImageObject","inLanguage":"es","@id":"https:\/\/www.creaerte.com\/live\/el-cover-de-mango-con-miranda-kerr\/#primaryimage","url":"https:\/\/www.creaerte.com\/live\/wp-content\/uploads\/2013\/09\/miranda.jpg","contentUrl":"https:\/\/www.creaerte.com\/live\/wp-content\/uploads\/2013\/09\/miranda.jpg","width":610,"height":328},{"@type":"WebSite","@id":"https:\/\/www.creaerte.com\/live\/#website","url":"https:\/\/www.creaerte.com\/live\/","name":"creaerte.com","description":"Agencia de publicidad, comunicaci\u00f3n y marketing en C\u00e1ceres \u2022 Extremadura","potentialAction":[{"@type":"SearchAction","target":{"@type":"EntryPoint","urlTemplate":"https:\/\/www.creaerte.com\/live\/?s={search_term_string}"},"query-input":{"@type":"PropertyValueSpecification","valueRequired":true,"valueName":"search_term_string"}}],"inLanguage":"es"},{"@type":"Person","@id":"https:\/\/www.creaerte.com\/live\/#\/schema\/person\/acc9e93c6216bce2d569b1f0a99607f6","name":"admin","image":{"@type":"ImageObject","inLanguage":"es","@id":"https:\/\/www.creaerte.com\/live\/#\/schema\/person\/image\/","url":"https:\/\/secure.gravatar.com\/avatar\/736f9ff6dd176e443e4c9cf884b23352631c533b611f216dbc09fc84cda6e67c?s=96&d=mm&r=g","contentUrl":"https:\/\/secure.gravatar.com\/avatar\/736f9ff6dd176e443e4c9cf884b23352631c533b611f216dbc09fc84cda6e67c?s=96&d=mm&r=g","caption":"admin"},"url":"https:\/\/www.creaerte.com\/live\/author\/admin\/"}]}},"_links":{"self":[{"href":"https:\/\/www.creaerte.com\/live\/wp-json\/wp\/v2\/posts\/12031","targetHints":{"allow":["GET"]}}],"collection":[{"href":"https:\/\/www.creaerte.com\/live\/wp-json\/wp\/v2\/posts"}],"about":[{"href":"https:\/\/www.creaerte.com\/live\/wp-json\/wp\/v2\/types\/post"}],"author":[{"embeddable":true,"href":"https:\/\/www.creaerte.com\/live\/wp-json\/wp\/v2\/users\/1"}],"replies":[{"embeddable":true,"href":"https:\/\/www.creaerte.com\/live\/wp-json\/wp\/v2\/comments?post=12031"}],"version-history":[{"count":0,"href":"https:\/\/www.creaerte.com\/live\/wp-json\/wp\/v2\/posts\/12031\/revisions"}],"wp:featuredmedia":[{"embeddable":true,"href":"https:\/\/www.creaerte.com\/live\/wp-json\/wp\/v2\/media\/12034"}],"wp:attachment":[{"href":"https:\/\/www.creaerte.com\/live\/wp-json\/wp\/v2\/media?parent=12031"}],"wp:term":[{"taxonomy":"category","embeddable":true,"href":"https:\/\/www.creaerte.com\/live\/wp-json\/wp\/v2\/categories?post=12031"},{"taxonomy":"post_tag","embeddable":true,"href":"https:\/\/www.creaerte.com\/live\/wp-json\/wp\/v2\/tags?post=12031"}],"curies":[{"name":"wp","href":"https:\/\/api.w.org\/{rel}","templated":true}]}}