{"id":12141,"date":"2013-09-25T12:40:17","date_gmt":"2013-09-25T11:40:17","guid":{"rendered":"http:\/\/creaerte.com\/live\/?p=12141"},"modified":"2016-01-14T17:31:09","modified_gmt":"2016-01-14T16:31:09","slug":"la-imagen-de-la-semana-22","status":"publish","type":"post","link":"https:\/\/www.creaerte.com\/live\/la-imagen-de-la-semana-22\/","title":{"rendered":"La imagen de la semana"},"content":{"rendered":"<p>Como cada semana os mostramos la imagen elegida por <a href=\"http:\/\/creaerte.com\" target=\"_blank\">creaerte.com<\/a> entre todas las que nos llegan.<br \/>\nLa de hoy, nos ha llamado la atenci\u00f3n por la luz protagonista en el cuadro. Los dorados y los blancos construyen un concepto religioso, muy apropiado para el ambiente.<br \/>\nMuchas gracias Jos\u00e9 Antonio por compartir esta instant\u00e1nea con nosotros.<\/p>\n<p style=\"text-align: center;\"><a href=\"http:\/\/creaerte.com\/live\/wp-content\/uploads\/2013\/09\/iluminada.jpg\"><img fetchpriority=\"high\" decoding=\"async\" class=\"aligncenter size-full wp-image-12140\" style=\"border-style: initial; border-color: initial; border-width: 0px;\" alt=\"iluminada\" src=\"http:\/\/creaerte.com\/live\/wp-content\/uploads\/2013\/09\/iluminada.jpg\" width=\"610\" height=\"915\" srcset=\"https:\/\/www.creaerte.com\/live\/wp-content\/uploads\/2013\/09\/iluminada.jpg 610w, https:\/\/www.creaerte.com\/live\/wp-content\/uploads\/2013\/09\/iluminada-256x384.jpg 256w, https:\/\/www.creaerte.com\/live\/wp-content\/uploads\/2013\/09\/iluminada-600x900.jpg 600w\" sizes=\"(max-width: 610px) 100vw, 610px\" \/><\/a><\/p>\n<p>Si quieres ver tus im\u00e1genes, ya sean fotos, cuadros o dibujos en este blog, env\u00edanoslas a\u00a0<a href=\"mailto:&#117;&#110;&#97;&#102;&#x6f;&#x74;&#x6f;&#x61;&#x6c;&#x64;&#x69;&#x61;&#x40;creaert&#101;&#46;&#99;&#111;&#x6d;\">&#x75;&#x6e;&#97;&#102;ot&#x6f;&#x61;&#x6c;&#100;ia&#64;&#x63;&#x72;&#x65;&#97;er&#x74;&#x65;&#x2e;&#99;&#111;m<\/a>\u00a0y las publicaremos en el espacio una vez a la semana!.<\/p>\n","protected":false},"excerpt":{"rendered":"<p>Como cada semana os mostramos la imagen elegida por creaerte.com entre todas las que nos llegan. La de hoy, nos ha llamado la atenci\u00f3n por la luz protagonista en el cuadro. Los dorados y los blancos construyen un concepto religioso, muy apropiado para el ambiente. Muchas gracias Jos\u00e9 Antonio por compartir esta instant\u00e1nea con nosotros. Si quieres ver tus im\u00e1genes,&#8230;<\/p>\n","protected":false},"author":1,"featured_media":12140,"comment_status":"open","ping_status":"open","sticky":false,"template":"","format":"standard","meta":{"footnotes":""},"categories":[320,10],"tags":[1046,82,19,1185],"class_list":["post-12141","post","type-post","status-publish","format-standard","has-post-thumbnail","hentry","category-la-imagen-de-la-semana","category-noticias","tag-creaerte","tag-creatividad","tag-fotografia","tag-noticias","has_thumb"],"yoast_head":"<!-- This site is optimized with the Yoast SEO plugin v26.9 - https:\/\/yoast.com\/product\/yoast-seo-wordpress\/ -->\n<title>La imagen de la semana - creaerte.com<\/title>\n<meta name=\"description\" content=\"Esta es la fotograf\u00eda que hemos elegido hoy en la secci\u00f3n de &#039;La imagen de la semana&#039;, una instant\u00e1nea que nos ha llamado mucho la atenci\u00f3n \u00a0\" \/>\n<meta name=\"robots\" content=\"index, follow, max-snippet:-1, max-image-preview:large, max-video-preview:-1\" \/>\n<link rel=\"canonical\" href=\"https:\/\/www.creaerte.com\/live\/la-imagen-de-la-semana-22\/\" \/>\n<meta property=\"og:locale\" content=\"es_ES\" \/>\n<meta property=\"og:type\" content=\"article\" \/>\n<meta property=\"og:title\" content=\"La imagen de la semana - creaerte.com\" \/>\n<meta property=\"og:description\" content=\"Esta es la fotograf\u00eda que hemos elegido hoy en la secci\u00f3n de &#039;La imagen de la semana&#039;, una instant\u00e1nea que nos ha llamado mucho la atenci\u00f3n \u00a0\" \/>\n<meta property=\"og:url\" content=\"https:\/\/www.creaerte.com\/live\/la-imagen-de-la-semana-22\/\" \/>\n<meta property=\"og:site_name\" content=\"creaerte.com\" \/>\n<meta property=\"article:publisher\" content=\"https:\/\/www.facebook.com\/creaerte\" \/>\n<meta property=\"article:published_time\" content=\"2013-09-25T11:40:17+00:00\" \/>\n<meta property=\"article:modified_time\" content=\"2016-01-14T16:31:09+00:00\" \/>\n<meta property=\"og:image\" content=\"https:\/\/www.creaerte.com\/live\/wp-content\/uploads\/2013\/09\/iluminada.jpg\" \/>\n\t<meta property=\"og:image:width\" content=\"610\" \/>\n\t<meta property=\"og:image:height\" content=\"915\" \/>\n\t<meta property=\"og:image:type\" content=\"image\/jpeg\" \/>\n<meta name=\"author\" content=\"admin\" \/>\n<meta name=\"twitter:card\" content=\"summary_large_image\" \/>\n<meta name=\"twitter:creator\" content=\"@Creaerte\" \/>\n<meta name=\"twitter:site\" content=\"@Creaerte\" \/>\n<meta name=\"twitter:label1\" content=\"Escrito por\" \/>\n\t<meta name=\"twitter:data1\" content=\"admin\" \/>\n<script type=\"application\/ld+json\" class=\"yoast-schema-graph\">{\"@context\":\"https:\/\/schema.org\",\"@graph\":[{\"@type\":\"Article\",\"@id\":\"https:\/\/www.creaerte.com\/live\/la-imagen-de-la-semana-22\/#article\",\"isPartOf\":{\"@id\":\"https:\/\/www.creaerte.com\/live\/la-imagen-de-la-semana-22\/\"},\"author\":{\"name\":\"admin\",\"@id\":\"https:\/\/www.creaerte.com\/live\/#\/schema\/person\/acc9e93c6216bce2d569b1f0a99607f6\"},\"headline\":\"La imagen de la semana\",\"datePublished\":\"2013-09-25T11:40:17+00:00\",\"dateModified\":\"2016-01-14T16:31:09+00:00\",\"mainEntityOfPage\":{\"@id\":\"https:\/\/www.creaerte.com\/live\/la-imagen-de-la-semana-22\/\"},\"wordCount\":95,\"commentCount\":0,\"image\":{\"@id\":\"https:\/\/www.creaerte.com\/live\/la-imagen-de-la-semana-22\/#primaryimage\"},\"thumbnailUrl\":\"https:\/\/www.creaerte.com\/live\/wp-content\/uploads\/2013\/09\/iluminada.jpg\",\"keywords\":[\"Creaerte\",\"creatividad\",\"fotograf\u00eda\",\"Noticias\"],\"articleSection\":[\"La imagen de la semana\",\"Noticias\"],\"inLanguage\":\"es\",\"potentialAction\":[{\"@type\":\"CommentAction\",\"name\":\"Comment\",\"target\":[\"https:\/\/www.creaerte.com\/live\/la-imagen-de-la-semana-22\/#respond\"]}]},{\"@type\":\"WebPage\",\"@id\":\"https:\/\/www.creaerte.com\/live\/la-imagen-de-la-semana-22\/\",\"url\":\"https:\/\/www.creaerte.com\/live\/la-imagen-de-la-semana-22\/\",\"name\":\"La imagen de la semana - creaerte.com\",\"isPartOf\":{\"@id\":\"https:\/\/www.creaerte.com\/live\/#website\"},\"primaryImageOfPage\":{\"@id\":\"https:\/\/www.creaerte.com\/live\/la-imagen-de-la-semana-22\/#primaryimage\"},\"image\":{\"@id\":\"https:\/\/www.creaerte.com\/live\/la-imagen-de-la-semana-22\/#primaryimage\"},\"thumbnailUrl\":\"https:\/\/www.creaerte.com\/live\/wp-content\/uploads\/2013\/09\/iluminada.jpg\",\"datePublished\":\"2013-09-25T11:40:17+00:00\",\"dateModified\":\"2016-01-14T16:31:09+00:00\",\"author\":{\"@id\":\"https:\/\/www.creaerte.com\/live\/#\/schema\/person\/acc9e93c6216bce2d569b1f0a99607f6\"},\"description\":\"Esta es la fotograf\u00eda que hemos elegido hoy en la secci\u00f3n de 'La imagen de la semana', una instant\u00e1nea que nos ha llamado mucho la atenci\u00f3n \u00a0\",\"inLanguage\":\"es\",\"potentialAction\":[{\"@type\":\"ReadAction\",\"target\":[\"https:\/\/www.creaerte.com\/live\/la-imagen-de-la-semana-22\/\"]}]},{\"@type\":\"ImageObject\",\"inLanguage\":\"es\",\"@id\":\"https:\/\/www.creaerte.com\/live\/la-imagen-de-la-semana-22\/#primaryimage\",\"url\":\"https:\/\/www.creaerte.com\/live\/wp-content\/uploads\/2013\/09\/iluminada.jpg\",\"contentUrl\":\"https:\/\/www.creaerte.com\/live\/wp-content\/uploads\/2013\/09\/iluminada.jpg\",\"width\":610,\"height\":915,\"caption\":\"imagen semana\"},{\"@type\":\"WebSite\",\"@id\":\"https:\/\/www.creaerte.com\/live\/#website\",\"url\":\"https:\/\/www.creaerte.com\/live\/\",\"name\":\"creaerte.com\",\"description\":\"Agencia de publicidad, comunicaci\u00f3n y marketing en C\u00e1ceres \u2022 Extremadura\",\"potentialAction\":[{\"@type\":\"SearchAction\",\"target\":{\"@type\":\"EntryPoint\",\"urlTemplate\":\"https:\/\/www.creaerte.com\/live\/?s={search_term_string}\"},\"query-input\":{\"@type\":\"PropertyValueSpecification\",\"valueRequired\":true,\"valueName\":\"search_term_string\"}}],\"inLanguage\":\"es\"},{\"@type\":\"Person\",\"@id\":\"https:\/\/www.creaerte.com\/live\/#\/schema\/person\/acc9e93c6216bce2d569b1f0a99607f6\",\"name\":\"admin\",\"image\":{\"@type\":\"ImageObject\",\"inLanguage\":\"es\",\"@id\":\"https:\/\/www.creaerte.com\/live\/#\/schema\/person\/image\/\",\"url\":\"https:\/\/secure.gravatar.com\/avatar\/736f9ff6dd176e443e4c9cf884b23352631c533b611f216dbc09fc84cda6e67c?s=96&d=mm&r=g\",\"contentUrl\":\"https:\/\/secure.gravatar.com\/avatar\/736f9ff6dd176e443e4c9cf884b23352631c533b611f216dbc09fc84cda6e67c?s=96&d=mm&r=g\",\"caption\":\"admin\"},\"url\":\"https:\/\/www.creaerte.com\/live\/author\/admin\/\"}]}<\/script>\n<!-- \/ Yoast SEO plugin. -->","yoast_head_json":{"title":"La imagen de la semana - creaerte.com","description":"Esta es la fotograf\u00eda que hemos elegido hoy en la secci\u00f3n de 'La imagen de la semana', una instant\u00e1nea que nos ha llamado mucho la atenci\u00f3n \u00a0","robots":{"index":"index","follow":"follow","max-snippet":"max-snippet:-1","max-image-preview":"max-image-preview:large","max-video-preview":"max-video-preview:-1"},"canonical":"https:\/\/www.creaerte.com\/live\/la-imagen-de-la-semana-22\/","og_locale":"es_ES","og_type":"article","og_title":"La imagen de la semana - creaerte.com","og_description":"Esta es la fotograf\u00eda que hemos elegido hoy en la secci\u00f3n de 'La imagen de la semana', una instant\u00e1nea que nos ha llamado mucho la atenci\u00f3n \u00a0","og_url":"https:\/\/www.creaerte.com\/live\/la-imagen-de-la-semana-22\/","og_site_name":"creaerte.com","article_publisher":"https:\/\/www.facebook.com\/creaerte","article_published_time":"2013-09-25T11:40:17+00:00","article_modified_time":"2016-01-14T16:31:09+00:00","og_image":[{"width":610,"height":915,"url":"https:\/\/www.creaerte.com\/live\/wp-content\/uploads\/2013\/09\/iluminada.jpg","type":"image\/jpeg"}],"author":"admin","twitter_card":"summary_large_image","twitter_creator":"@Creaerte","twitter_site":"@Creaerte","twitter_misc":{"Escrito por":"admin"},"schema":{"@context":"https:\/\/schema.org","@graph":[{"@type":"Article","@id":"https:\/\/www.creaerte.com\/live\/la-imagen-de-la-semana-22\/#article","isPartOf":{"@id":"https:\/\/www.creaerte.com\/live\/la-imagen-de-la-semana-22\/"},"author":{"name":"admin","@id":"https:\/\/www.creaerte.com\/live\/#\/schema\/person\/acc9e93c6216bce2d569b1f0a99607f6"},"headline":"La imagen de la semana","datePublished":"2013-09-25T11:40:17+00:00","dateModified":"2016-01-14T16:31:09+00:00","mainEntityOfPage":{"@id":"https:\/\/www.creaerte.com\/live\/la-imagen-de-la-semana-22\/"},"wordCount":95,"commentCount":0,"image":{"@id":"https:\/\/www.creaerte.com\/live\/la-imagen-de-la-semana-22\/#primaryimage"},"thumbnailUrl":"https:\/\/www.creaerte.com\/live\/wp-content\/uploads\/2013\/09\/iluminada.jpg","keywords":["Creaerte","creatividad","fotograf\u00eda","Noticias"],"articleSection":["La imagen de la semana","Noticias"],"inLanguage":"es","potentialAction":[{"@type":"CommentAction","name":"Comment","target":["https:\/\/www.creaerte.com\/live\/la-imagen-de-la-semana-22\/#respond"]}]},{"@type":"WebPage","@id":"https:\/\/www.creaerte.com\/live\/la-imagen-de-la-semana-22\/","url":"https:\/\/www.creaerte.com\/live\/la-imagen-de-la-semana-22\/","name":"La imagen de la semana - creaerte.com","isPartOf":{"@id":"https:\/\/www.creaerte.com\/live\/#website"},"primaryImageOfPage":{"@id":"https:\/\/www.creaerte.com\/live\/la-imagen-de-la-semana-22\/#primaryimage"},"image":{"@id":"https:\/\/www.creaerte.com\/live\/la-imagen-de-la-semana-22\/#primaryimage"},"thumbnailUrl":"https:\/\/www.creaerte.com\/live\/wp-content\/uploads\/2013\/09\/iluminada.jpg","datePublished":"2013-09-25T11:40:17+00:00","dateModified":"2016-01-14T16:31:09+00:00","author":{"@id":"https:\/\/www.creaerte.com\/live\/#\/schema\/person\/acc9e93c6216bce2d569b1f0a99607f6"},"description":"Esta es la fotograf\u00eda que hemos elegido hoy en la secci\u00f3n de 'La imagen de la semana', una instant\u00e1nea que nos ha llamado mucho la atenci\u00f3n \u00a0","inLanguage":"es","potentialAction":[{"@type":"ReadAction","target":["https:\/\/www.creaerte.com\/live\/la-imagen-de-la-semana-22\/"]}]},{"@type":"ImageObject","inLanguage":"es","@id":"https:\/\/www.creaerte.com\/live\/la-imagen-de-la-semana-22\/#primaryimage","url":"https:\/\/www.creaerte.com\/live\/wp-content\/uploads\/2013\/09\/iluminada.jpg","contentUrl":"https:\/\/www.creaerte.com\/live\/wp-content\/uploads\/2013\/09\/iluminada.jpg","width":610,"height":915,"caption":"imagen semana"},{"@type":"WebSite","@id":"https:\/\/www.creaerte.com\/live\/#website","url":"https:\/\/www.creaerte.com\/live\/","name":"creaerte.com","description":"Agencia de publicidad, comunicaci\u00f3n y marketing en C\u00e1ceres \u2022 Extremadura","potentialAction":[{"@type":"SearchAction","target":{"@type":"EntryPoint","urlTemplate":"https:\/\/www.creaerte.com\/live\/?s={search_term_string}"},"query-input":{"@type":"PropertyValueSpecification","valueRequired":true,"valueName":"search_term_string"}}],"inLanguage":"es"},{"@type":"Person","@id":"https:\/\/www.creaerte.com\/live\/#\/schema\/person\/acc9e93c6216bce2d569b1f0a99607f6","name":"admin","image":{"@type":"ImageObject","inLanguage":"es","@id":"https:\/\/www.creaerte.com\/live\/#\/schema\/person\/image\/","url":"https:\/\/secure.gravatar.com\/avatar\/736f9ff6dd176e443e4c9cf884b23352631c533b611f216dbc09fc84cda6e67c?s=96&d=mm&r=g","contentUrl":"https:\/\/secure.gravatar.com\/avatar\/736f9ff6dd176e443e4c9cf884b23352631c533b611f216dbc09fc84cda6e67c?s=96&d=mm&r=g","caption":"admin"},"url":"https:\/\/www.creaerte.com\/live\/author\/admin\/"}]}},"_links":{"self":[{"href":"https:\/\/www.creaerte.com\/live\/wp-json\/wp\/v2\/posts\/12141","targetHints":{"allow":["GET"]}}],"collection":[{"href":"https:\/\/www.creaerte.com\/live\/wp-json\/wp\/v2\/posts"}],"about":[{"href":"https:\/\/www.creaerte.com\/live\/wp-json\/wp\/v2\/types\/post"}],"author":[{"embeddable":true,"href":"https:\/\/www.creaerte.com\/live\/wp-json\/wp\/v2\/users\/1"}],"replies":[{"embeddable":true,"href":"https:\/\/www.creaerte.com\/live\/wp-json\/wp\/v2\/comments?post=12141"}],"version-history":[{"count":1,"href":"https:\/\/www.creaerte.com\/live\/wp-json\/wp\/v2\/posts\/12141\/revisions"}],"predecessor-version":[{"id":18579,"href":"https:\/\/www.creaerte.com\/live\/wp-json\/wp\/v2\/posts\/12141\/revisions\/18579"}],"wp:featuredmedia":[{"embeddable":true,"href":"https:\/\/www.creaerte.com\/live\/wp-json\/wp\/v2\/media\/12140"}],"wp:attachment":[{"href":"https:\/\/www.creaerte.com\/live\/wp-json\/wp\/v2\/media?parent=12141"}],"wp:term":[{"taxonomy":"category","embeddable":true,"href":"https:\/\/www.creaerte.com\/live\/wp-json\/wp\/v2\/categories?post=12141"},{"taxonomy":"post_tag","embeddable":true,"href":"https:\/\/www.creaerte.com\/live\/wp-json\/wp\/v2\/tags?post=12141"}],"curies":[{"name":"wp","href":"https:\/\/api.w.org\/{rel}","templated":true}]}}