{"id":12172,"date":"2013-09-30T11:38:00","date_gmt":"2013-09-30T10:38:00","guid":{"rendered":"http:\/\/creaerte.com\/live\/?p=12172"},"modified":"2013-09-30T17:08:27","modified_gmt":"2013-09-30T16:08:27","slug":"la-academia-de-la-publicidad-rinde-homenaje-a-la-rae","status":"publish","type":"post","link":"https:\/\/www.creaerte.com\/live\/la-academia-de-la-publicidad-rinde-homenaje-a-la-rae\/","title":{"rendered":"La Academia de la Publicidad rinde homenaje a la RAE"},"content":{"rendered":"<p>La <a href=\"http:\/\/www.academiadelapublicidad.org\/\" target=\"_blank\">Academia de la Publicidad<\/a> ha querido felicitar a la <a href=\"http:\/\/www.rae.es\/rae.html\" target=\"_blank\">RAE<\/a> por su trig\u00e9simo centenario. La campa\u00f1a, creada por <a href=\"http:\/\/www.shackletongroup.com\/\" target=\"_blank\">Shakleton<\/a>, fue ideada a partir del propio claim de la instituci\u00f3n: \u201cLimpia, fija y da esplendor\u201d.<\/p>\n<p>Las piezas siguen el t\u00edpico c\u00f3digo de los anuncios de detergentes. Con un tono humor\u00edstico, han destacado\u00a0la importante actividad de la RAE,\u00a0de la mejor forma que sabemos: con originalidad y creatividad. La cacere\u00f1a Cristina Gallego es la protagonista; la actriz lleva ya trece a\u00f1os en la profesi\u00f3n y ha trabajado con marcas tan notorias como <a href=\"http:\/\/www.ford.es\/\" target=\"_blank\">Ford<\/a>\u00a0o <a href=\"http:\/\/www.mediamarkt.es\/\" target=\"_blank\">Media Markt<\/a>.<\/p>\n<p>En <a href=\"http:\/\/creaerte.com\" target=\"_blank\">creaerte.com<\/a> nos sentimos c\u00f3mplices de trabajos como este; la comunicaci\u00f3n publicitaria juega un papel muy importante en la labor de guardi\u00e1n del lenguaje y del significado de las palabras.<\/p>\n<p>Os dejamos aqu\u00ed todas las piezas para que no perd\u00e1is detalle: <a href=\"http:\/\/www.anuncios.com\/VerPiezas\/grafica\/nuevos-anuncios\/1077220012301\/academia-publicidad.1.html\" target=\"_blank\">gr\u00e1fica<\/a> y <a href=\"http:\/\/www.anuncios.com\/VerPiezas\/marketing-directo-promocional\/nuevos-anuncios\/1077222012601\/academia-publicidad.1.html\" target=\"_blank\">MKD<\/a>.<\/p>\n<p><iframe src=\"\/\/www.youtube.com\/embed\/imiJMIYx1zQ\" height=\"390\" width=\"610\" allowfullscreen=\"\" frameborder=\"0\"><\/iframe><\/p>\n","protected":false},"excerpt":{"rendered":"<p>La Academia de la Publicidad ha querido felicitar a la RAE por su trig\u00e9simo centenario. La campa\u00f1a, creada por Shakleton, fue ideada a partir del propio claim de la instituci\u00f3n: \u201cLimpia, fija y da esplendor\u201d. Las piezas siguen el t\u00edpico c\u00f3digo de los anuncios de detergentes. Con un tono humor\u00edstico, han destacado\u00a0la importante actividad de la RAE,\u00a0de la mejor forma&#8230;<\/p>\n","protected":false},"author":1,"featured_media":12173,"comment_status":"open","ping_status":"open","sticky":false,"template":"","format":"standard","meta":{"footnotes":""},"categories":[10,324],"tags":[1191,82,119,1185,6],"class_list":["post-12172","post","type-post","status-publish","format-standard","has-post-thumbnail","hentry","category-noticias","category-publicidad-con-humor","tag-comunicacion","tag-creatividad","tag-humor","tag-noticias","tag-publicidad","has_thumb"],"yoast_head":"<!-- This site is optimized with the Yoast SEO plugin v26.9 - https:\/\/yoast.com\/product\/yoast-seo-wordpress\/ -->\n<title>La Academia de la Publicidad rinde homenaje a la RAE - creaerte.com<\/title>\n<meta name=\"description\" content=\"La RAE cumple 300 a\u00f1os y lo celebra con una campa\u00f1a de Shakleton.\" \/>\n<meta name=\"robots\" content=\"index, follow, max-snippet:-1, max-image-preview:large, max-video-preview:-1\" \/>\n<link rel=\"canonical\" href=\"https:\/\/www.creaerte.com\/live\/la-academia-de-la-publicidad-rinde-homenaje-a-la-rae\/\" \/>\n<meta property=\"og:locale\" content=\"es_ES\" \/>\n<meta property=\"og:type\" content=\"article\" \/>\n<meta property=\"og:title\" content=\"La Academia de la Publicidad rinde homenaje a la RAE - creaerte.com\" \/>\n<meta property=\"og:description\" content=\"La RAE cumple 300 a\u00f1os y lo celebra con una campa\u00f1a de Shakleton.\" \/>\n<meta property=\"og:url\" content=\"https:\/\/www.creaerte.com\/live\/la-academia-de-la-publicidad-rinde-homenaje-a-la-rae\/\" \/>\n<meta property=\"og:site_name\" content=\"creaerte.com\" \/>\n<meta property=\"article:publisher\" content=\"https:\/\/www.facebook.com\/creaerte\" \/>\n<meta property=\"article:published_time\" content=\"2013-09-30T10:38:00+00:00\" \/>\n<meta property=\"article:modified_time\" content=\"2013-09-30T16:08:27+00:00\" \/>\n<meta property=\"og:image\" content=\"https:\/\/www.creaerte.com\/live\/wp-content\/uploads\/2013\/09\/rae1.jpg\" \/>\n\t<meta property=\"og:image:width\" content=\"650\" \/>\n\t<meta property=\"og:image:height\" content=\"363\" \/>\n\t<meta property=\"og:image:type\" content=\"image\/jpeg\" \/>\n<meta name=\"author\" content=\"admin\" \/>\n<meta name=\"twitter:card\" content=\"summary_large_image\" \/>\n<meta name=\"twitter:creator\" content=\"@Creaerte\" \/>\n<meta name=\"twitter:site\" content=\"@Creaerte\" \/>\n<meta name=\"twitter:label1\" content=\"Escrito por\" \/>\n\t<meta name=\"twitter:data1\" content=\"admin\" \/>\n\t<meta name=\"twitter:label2\" content=\"Tiempo de lectura\" \/>\n\t<meta name=\"twitter:data2\" content=\"1 minuto\" \/>\n<script type=\"application\/ld+json\" class=\"yoast-schema-graph\">{\"@context\":\"https:\/\/schema.org\",\"@graph\":[{\"@type\":\"Article\",\"@id\":\"https:\/\/www.creaerte.com\/live\/la-academia-de-la-publicidad-rinde-homenaje-a-la-rae\/#article\",\"isPartOf\":{\"@id\":\"https:\/\/www.creaerte.com\/live\/la-academia-de-la-publicidad-rinde-homenaje-a-la-rae\/\"},\"author\":{\"name\":\"admin\",\"@id\":\"https:\/\/www.creaerte.com\/live\/#\/schema\/person\/acc9e93c6216bce2d569b1f0a99607f6\"},\"headline\":\"La Academia de la Publicidad rinde homenaje a la RAE\",\"datePublished\":\"2013-09-30T10:38:00+00:00\",\"dateModified\":\"2013-09-30T16:08:27+00:00\",\"mainEntityOfPage\":{\"@id\":\"https:\/\/www.creaerte.com\/live\/la-academia-de-la-publicidad-rinde-homenaje-a-la-rae\/\"},\"wordCount\":165,\"commentCount\":0,\"image\":{\"@id\":\"https:\/\/www.creaerte.com\/live\/la-academia-de-la-publicidad-rinde-homenaje-a-la-rae\/#primaryimage\"},\"thumbnailUrl\":\"https:\/\/www.creaerte.com\/live\/wp-content\/uploads\/2013\/09\/rae1.jpg\",\"keywords\":[\"comunicaci\u00f3n\",\"creatividad\",\"humor\",\"Noticias\",\"publicidad\"],\"articleSection\":[\"Noticias\",\"Publicidad con Humor\"],\"inLanguage\":\"es\",\"potentialAction\":[{\"@type\":\"CommentAction\",\"name\":\"Comment\",\"target\":[\"https:\/\/www.creaerte.com\/live\/la-academia-de-la-publicidad-rinde-homenaje-a-la-rae\/#respond\"]}]},{\"@type\":\"WebPage\",\"@id\":\"https:\/\/www.creaerte.com\/live\/la-academia-de-la-publicidad-rinde-homenaje-a-la-rae\/\",\"url\":\"https:\/\/www.creaerte.com\/live\/la-academia-de-la-publicidad-rinde-homenaje-a-la-rae\/\",\"name\":\"La Academia de la Publicidad rinde homenaje a la RAE - creaerte.com\",\"isPartOf\":{\"@id\":\"https:\/\/www.creaerte.com\/live\/#website\"},\"primaryImageOfPage\":{\"@id\":\"https:\/\/www.creaerte.com\/live\/la-academia-de-la-publicidad-rinde-homenaje-a-la-rae\/#primaryimage\"},\"image\":{\"@id\":\"https:\/\/www.creaerte.com\/live\/la-academia-de-la-publicidad-rinde-homenaje-a-la-rae\/#primaryimage\"},\"thumbnailUrl\":\"https:\/\/www.creaerte.com\/live\/wp-content\/uploads\/2013\/09\/rae1.jpg\",\"datePublished\":\"2013-09-30T10:38:00+00:00\",\"dateModified\":\"2013-09-30T16:08:27+00:00\",\"author\":{\"@id\":\"https:\/\/www.creaerte.com\/live\/#\/schema\/person\/acc9e93c6216bce2d569b1f0a99607f6\"},\"description\":\"La RAE cumple 300 a\u00f1os y lo celebra con una campa\u00f1a de Shakleton.\",\"inLanguage\":\"es\",\"potentialAction\":[{\"@type\":\"ReadAction\",\"target\":[\"https:\/\/www.creaerte.com\/live\/la-academia-de-la-publicidad-rinde-homenaje-a-la-rae\/\"]}]},{\"@type\":\"ImageObject\",\"inLanguage\":\"es\",\"@id\":\"https:\/\/www.creaerte.com\/live\/la-academia-de-la-publicidad-rinde-homenaje-a-la-rae\/#primaryimage\",\"url\":\"https:\/\/www.creaerte.com\/live\/wp-content\/uploads\/2013\/09\/rae1.jpg\",\"contentUrl\":\"https:\/\/www.creaerte.com\/live\/wp-content\/uploads\/2013\/09\/rae1.jpg\",\"width\":650,\"height\":363},{\"@type\":\"WebSite\",\"@id\":\"https:\/\/www.creaerte.com\/live\/#website\",\"url\":\"https:\/\/www.creaerte.com\/live\/\",\"name\":\"creaerte.com\",\"description\":\"Agencia de publicidad, comunicaci\u00f3n y marketing en C\u00e1ceres \u2022 Extremadura\",\"potentialAction\":[{\"@type\":\"SearchAction\",\"target\":{\"@type\":\"EntryPoint\",\"urlTemplate\":\"https:\/\/www.creaerte.com\/live\/?s={search_term_string}\"},\"query-input\":{\"@type\":\"PropertyValueSpecification\",\"valueRequired\":true,\"valueName\":\"search_term_string\"}}],\"inLanguage\":\"es\"},{\"@type\":\"Person\",\"@id\":\"https:\/\/www.creaerte.com\/live\/#\/schema\/person\/acc9e93c6216bce2d569b1f0a99607f6\",\"name\":\"admin\",\"image\":{\"@type\":\"ImageObject\",\"inLanguage\":\"es\",\"@id\":\"https:\/\/www.creaerte.com\/live\/#\/schema\/person\/image\/\",\"url\":\"https:\/\/secure.gravatar.com\/avatar\/736f9ff6dd176e443e4c9cf884b23352631c533b611f216dbc09fc84cda6e67c?s=96&d=mm&r=g\",\"contentUrl\":\"https:\/\/secure.gravatar.com\/avatar\/736f9ff6dd176e443e4c9cf884b23352631c533b611f216dbc09fc84cda6e67c?s=96&d=mm&r=g\",\"caption\":\"admin\"},\"url\":\"https:\/\/www.creaerte.com\/live\/author\/admin\/\"}]}<\/script>\n<!-- \/ Yoast SEO plugin. -->","yoast_head_json":{"title":"La Academia de la Publicidad rinde homenaje a la RAE - creaerte.com","description":"La RAE cumple 300 a\u00f1os y lo celebra con una campa\u00f1a de Shakleton.","robots":{"index":"index","follow":"follow","max-snippet":"max-snippet:-1","max-image-preview":"max-image-preview:large","max-video-preview":"max-video-preview:-1"},"canonical":"https:\/\/www.creaerte.com\/live\/la-academia-de-la-publicidad-rinde-homenaje-a-la-rae\/","og_locale":"es_ES","og_type":"article","og_title":"La Academia de la Publicidad rinde homenaje a la RAE - creaerte.com","og_description":"La RAE cumple 300 a\u00f1os y lo celebra con una campa\u00f1a de Shakleton.","og_url":"https:\/\/www.creaerte.com\/live\/la-academia-de-la-publicidad-rinde-homenaje-a-la-rae\/","og_site_name":"creaerte.com","article_publisher":"https:\/\/www.facebook.com\/creaerte","article_published_time":"2013-09-30T10:38:00+00:00","article_modified_time":"2013-09-30T16:08:27+00:00","og_image":[{"width":650,"height":363,"url":"https:\/\/www.creaerte.com\/live\/wp-content\/uploads\/2013\/09\/rae1.jpg","type":"image\/jpeg"}],"author":"admin","twitter_card":"summary_large_image","twitter_creator":"@Creaerte","twitter_site":"@Creaerte","twitter_misc":{"Escrito por":"admin","Tiempo de lectura":"1 minuto"},"schema":{"@context":"https:\/\/schema.org","@graph":[{"@type":"Article","@id":"https:\/\/www.creaerte.com\/live\/la-academia-de-la-publicidad-rinde-homenaje-a-la-rae\/#article","isPartOf":{"@id":"https:\/\/www.creaerte.com\/live\/la-academia-de-la-publicidad-rinde-homenaje-a-la-rae\/"},"author":{"name":"admin","@id":"https:\/\/www.creaerte.com\/live\/#\/schema\/person\/acc9e93c6216bce2d569b1f0a99607f6"},"headline":"La Academia de la Publicidad rinde homenaje a la RAE","datePublished":"2013-09-30T10:38:00+00:00","dateModified":"2013-09-30T16:08:27+00:00","mainEntityOfPage":{"@id":"https:\/\/www.creaerte.com\/live\/la-academia-de-la-publicidad-rinde-homenaje-a-la-rae\/"},"wordCount":165,"commentCount":0,"image":{"@id":"https:\/\/www.creaerte.com\/live\/la-academia-de-la-publicidad-rinde-homenaje-a-la-rae\/#primaryimage"},"thumbnailUrl":"https:\/\/www.creaerte.com\/live\/wp-content\/uploads\/2013\/09\/rae1.jpg","keywords":["comunicaci\u00f3n","creatividad","humor","Noticias","publicidad"],"articleSection":["Noticias","Publicidad con Humor"],"inLanguage":"es","potentialAction":[{"@type":"CommentAction","name":"Comment","target":["https:\/\/www.creaerte.com\/live\/la-academia-de-la-publicidad-rinde-homenaje-a-la-rae\/#respond"]}]},{"@type":"WebPage","@id":"https:\/\/www.creaerte.com\/live\/la-academia-de-la-publicidad-rinde-homenaje-a-la-rae\/","url":"https:\/\/www.creaerte.com\/live\/la-academia-de-la-publicidad-rinde-homenaje-a-la-rae\/","name":"La Academia de la Publicidad rinde homenaje a la RAE - creaerte.com","isPartOf":{"@id":"https:\/\/www.creaerte.com\/live\/#website"},"primaryImageOfPage":{"@id":"https:\/\/www.creaerte.com\/live\/la-academia-de-la-publicidad-rinde-homenaje-a-la-rae\/#primaryimage"},"image":{"@id":"https:\/\/www.creaerte.com\/live\/la-academia-de-la-publicidad-rinde-homenaje-a-la-rae\/#primaryimage"},"thumbnailUrl":"https:\/\/www.creaerte.com\/live\/wp-content\/uploads\/2013\/09\/rae1.jpg","datePublished":"2013-09-30T10:38:00+00:00","dateModified":"2013-09-30T16:08:27+00:00","author":{"@id":"https:\/\/www.creaerte.com\/live\/#\/schema\/person\/acc9e93c6216bce2d569b1f0a99607f6"},"description":"La RAE cumple 300 a\u00f1os y lo celebra con una campa\u00f1a de Shakleton.","inLanguage":"es","potentialAction":[{"@type":"ReadAction","target":["https:\/\/www.creaerte.com\/live\/la-academia-de-la-publicidad-rinde-homenaje-a-la-rae\/"]}]},{"@type":"ImageObject","inLanguage":"es","@id":"https:\/\/www.creaerte.com\/live\/la-academia-de-la-publicidad-rinde-homenaje-a-la-rae\/#primaryimage","url":"https:\/\/www.creaerte.com\/live\/wp-content\/uploads\/2013\/09\/rae1.jpg","contentUrl":"https:\/\/www.creaerte.com\/live\/wp-content\/uploads\/2013\/09\/rae1.jpg","width":650,"height":363},{"@type":"WebSite","@id":"https:\/\/www.creaerte.com\/live\/#website","url":"https:\/\/www.creaerte.com\/live\/","name":"creaerte.com","description":"Agencia de publicidad, comunicaci\u00f3n y marketing en C\u00e1ceres \u2022 Extremadura","potentialAction":[{"@type":"SearchAction","target":{"@type":"EntryPoint","urlTemplate":"https:\/\/www.creaerte.com\/live\/?s={search_term_string}"},"query-input":{"@type":"PropertyValueSpecification","valueRequired":true,"valueName":"search_term_string"}}],"inLanguage":"es"},{"@type":"Person","@id":"https:\/\/www.creaerte.com\/live\/#\/schema\/person\/acc9e93c6216bce2d569b1f0a99607f6","name":"admin","image":{"@type":"ImageObject","inLanguage":"es","@id":"https:\/\/www.creaerte.com\/live\/#\/schema\/person\/image\/","url":"https:\/\/secure.gravatar.com\/avatar\/736f9ff6dd176e443e4c9cf884b23352631c533b611f216dbc09fc84cda6e67c?s=96&d=mm&r=g","contentUrl":"https:\/\/secure.gravatar.com\/avatar\/736f9ff6dd176e443e4c9cf884b23352631c533b611f216dbc09fc84cda6e67c?s=96&d=mm&r=g","caption":"admin"},"url":"https:\/\/www.creaerte.com\/live\/author\/admin\/"}]}},"_links":{"self":[{"href":"https:\/\/www.creaerte.com\/live\/wp-json\/wp\/v2\/posts\/12172","targetHints":{"allow":["GET"]}}],"collection":[{"href":"https:\/\/www.creaerte.com\/live\/wp-json\/wp\/v2\/posts"}],"about":[{"href":"https:\/\/www.creaerte.com\/live\/wp-json\/wp\/v2\/types\/post"}],"author":[{"embeddable":true,"href":"https:\/\/www.creaerte.com\/live\/wp-json\/wp\/v2\/users\/1"}],"replies":[{"embeddable":true,"href":"https:\/\/www.creaerte.com\/live\/wp-json\/wp\/v2\/comments?post=12172"}],"version-history":[{"count":0,"href":"https:\/\/www.creaerte.com\/live\/wp-json\/wp\/v2\/posts\/12172\/revisions"}],"wp:featuredmedia":[{"embeddable":true,"href":"https:\/\/www.creaerte.com\/live\/wp-json\/wp\/v2\/media\/12173"}],"wp:attachment":[{"href":"https:\/\/www.creaerte.com\/live\/wp-json\/wp\/v2\/media?parent=12172"}],"wp:term":[{"taxonomy":"category","embeddable":true,"href":"https:\/\/www.creaerte.com\/live\/wp-json\/wp\/v2\/categories?post=12172"},{"taxonomy":"post_tag","embeddable":true,"href":"https:\/\/www.creaerte.com\/live\/wp-json\/wp\/v2\/tags?post=12172"}],"curies":[{"name":"wp","href":"https:\/\/api.w.org\/{rel}","templated":true}]}}