{"id":12185,"date":"2013-09-30T11:49:36","date_gmt":"2013-09-30T10:49:36","guid":{"rendered":"http:\/\/creaerte.com\/live\/?p=12185"},"modified":"2013-09-30T11:50:21","modified_gmt":"2013-09-30T10:50:21","slug":"la-primavera-vuelve-a-nuestra-mente","status":"publish","type":"post","link":"https:\/\/www.creaerte.com\/live\/la-primavera-vuelve-a-nuestra-mente\/","title":{"rendered":"La primavera vuelve a nuestra mente"},"content":{"rendered":"<p>Ahora que llega el oto\u00f1o y empiezan a inundar las calles las hojas caducas, hace su gran aparici\u00f3n la nostalgia. A\u00f1oranza por el calor, el sol bronceando tu piel, el olor a mar, las vistas verdes\u2026<\/p>\n<p>Precisamente haciendo menci\u00f3n a esa melancol\u00eda, en <a href=\"http:\/\/creaerte.com\" target=\"_blank\">creaerte.com<\/a> hemos elegido la imagen de hoy. Naturaleza en estado puro y en el momento justo.<\/p>\n<p>Gracias Paula por mandarnos esta fotograf\u00eda traslad\u00e1ndonos, por unos instantes, a la colorida primavera.<\/p>\n<p style=\"text-align: center;\"><a href=\"http:\/\/creaerte.com\/live\/wp-content\/uploads\/2013\/09\/paula.jpg\"><img fetchpriority=\"high\" decoding=\"async\" class=\"aligncenter size-full wp-image-12186\" style=\"border-style: initial; border-color: initial; border-width: 0px;\" alt=\"paula\" src=\"http:\/\/creaerte.com\/live\/wp-content\/uploads\/2013\/09\/paula.jpg\" width=\"610\" height=\"458\" srcset=\"https:\/\/www.creaerte.com\/live\/wp-content\/uploads\/2013\/09\/paula.jpg 610w, https:\/\/www.creaerte.com\/live\/wp-content\/uploads\/2013\/09\/paula-384x288.jpg 384w, https:\/\/www.creaerte.com\/live\/wp-content\/uploads\/2013\/09\/paula-600x450.jpg 600w\" sizes=\"(max-width: 610px) 100vw, 610px\" \/><\/a><\/p>\n","protected":false},"excerpt":{"rendered":"<p>Ahora que llega el oto\u00f1o y empiezan a inundar las calles las hojas caducas, hace su gran aparici\u00f3n la nostalgia. A\u00f1oranza por el calor, el sol bronceando tu piel, el olor a mar, las vistas verdes\u2026 Precisamente haciendo menci\u00f3n a esa melancol\u00eda, en creaerte.com hemos elegido la imagen de hoy. Naturaleza en estado puro y en el momento justo. Gracias&#8230;<\/p>\n","protected":false},"author":1,"featured_media":12186,"comment_status":"open","ping_status":"open","sticky":false,"template":"","format":"standard","meta":{"footnotes":""},"categories":[320,10],"tags":[82,19,1185],"class_list":["post-12185","post","type-post","status-publish","format-standard","has-post-thumbnail","hentry","category-la-imagen-de-la-semana","category-noticias","tag-creatividad","tag-fotografia","tag-noticias","has_thumb"],"yoast_head":"<!-- This site is optimized with the Yoast SEO plugin v26.9 - https:\/\/yoast.com\/product\/yoast-seo-wordpress\/ -->\n<title>La primavera vuelve a nuestra mente - creaerte.com<\/title>\n<meta name=\"description\" content=\"La imagen de la semana\" \/>\n<meta name=\"robots\" content=\"index, follow, max-snippet:-1, max-image-preview:large, max-video-preview:-1\" \/>\n<link rel=\"canonical\" href=\"https:\/\/www.creaerte.com\/live\/la-primavera-vuelve-a-nuestra-mente\/\" \/>\n<meta property=\"og:locale\" content=\"es_ES\" \/>\n<meta property=\"og:type\" content=\"article\" \/>\n<meta property=\"og:title\" content=\"La primavera vuelve a nuestra mente - creaerte.com\" \/>\n<meta property=\"og:description\" content=\"La imagen de la semana\" \/>\n<meta property=\"og:url\" content=\"https:\/\/www.creaerte.com\/live\/la-primavera-vuelve-a-nuestra-mente\/\" \/>\n<meta property=\"og:site_name\" content=\"creaerte.com\" \/>\n<meta property=\"article:publisher\" content=\"https:\/\/www.facebook.com\/creaerte\" \/>\n<meta property=\"article:published_time\" content=\"2013-09-30T10:49:36+00:00\" \/>\n<meta property=\"article:modified_time\" content=\"2013-09-30T10:50:21+00:00\" \/>\n<meta property=\"og:image\" content=\"https:\/\/www.creaerte.com\/live\/wp-content\/uploads\/2013\/09\/paula.jpg\" \/>\n\t<meta property=\"og:image:width\" content=\"610\" \/>\n\t<meta property=\"og:image:height\" content=\"458\" \/>\n\t<meta property=\"og:image:type\" content=\"image\/jpeg\" \/>\n<meta name=\"author\" content=\"admin\" \/>\n<meta name=\"twitter:card\" content=\"summary_large_image\" \/>\n<meta name=\"twitter:creator\" content=\"@Creaerte\" \/>\n<meta name=\"twitter:site\" content=\"@Creaerte\" \/>\n<meta name=\"twitter:label1\" content=\"Escrito por\" \/>\n\t<meta name=\"twitter:data1\" content=\"admin\" \/>\n<script type=\"application\/ld+json\" class=\"yoast-schema-graph\">{\"@context\":\"https:\/\/schema.org\",\"@graph\":[{\"@type\":\"Article\",\"@id\":\"https:\/\/www.creaerte.com\/live\/la-primavera-vuelve-a-nuestra-mente\/#article\",\"isPartOf\":{\"@id\":\"https:\/\/www.creaerte.com\/live\/la-primavera-vuelve-a-nuestra-mente\/\"},\"author\":{\"name\":\"admin\",\"@id\":\"https:\/\/www.creaerte.com\/live\/#\/schema\/person\/acc9e93c6216bce2d569b1f0a99607f6\"},\"headline\":\"La primavera vuelve a nuestra mente\",\"datePublished\":\"2013-09-30T10:49:36+00:00\",\"dateModified\":\"2013-09-30T10:50:21+00:00\",\"mainEntityOfPage\":{\"@id\":\"https:\/\/www.creaerte.com\/live\/la-primavera-vuelve-a-nuestra-mente\/\"},\"wordCount\":87,\"commentCount\":0,\"image\":{\"@id\":\"https:\/\/www.creaerte.com\/live\/la-primavera-vuelve-a-nuestra-mente\/#primaryimage\"},\"thumbnailUrl\":\"https:\/\/www.creaerte.com\/live\/wp-content\/uploads\/2013\/09\/paula.jpg\",\"keywords\":[\"creatividad\",\"fotograf\u00eda\",\"Noticias\"],\"articleSection\":[\"La imagen de la semana\",\"Noticias\"],\"inLanguage\":\"es\",\"potentialAction\":[{\"@type\":\"CommentAction\",\"name\":\"Comment\",\"target\":[\"https:\/\/www.creaerte.com\/live\/la-primavera-vuelve-a-nuestra-mente\/#respond\"]}]},{\"@type\":\"WebPage\",\"@id\":\"https:\/\/www.creaerte.com\/live\/la-primavera-vuelve-a-nuestra-mente\/\",\"url\":\"https:\/\/www.creaerte.com\/live\/la-primavera-vuelve-a-nuestra-mente\/\",\"name\":\"La primavera vuelve a nuestra mente - creaerte.com\",\"isPartOf\":{\"@id\":\"https:\/\/www.creaerte.com\/live\/#website\"},\"primaryImageOfPage\":{\"@id\":\"https:\/\/www.creaerte.com\/live\/la-primavera-vuelve-a-nuestra-mente\/#primaryimage\"},\"image\":{\"@id\":\"https:\/\/www.creaerte.com\/live\/la-primavera-vuelve-a-nuestra-mente\/#primaryimage\"},\"thumbnailUrl\":\"https:\/\/www.creaerte.com\/live\/wp-content\/uploads\/2013\/09\/paula.jpg\",\"datePublished\":\"2013-09-30T10:49:36+00:00\",\"dateModified\":\"2013-09-30T10:50:21+00:00\",\"author\":{\"@id\":\"https:\/\/www.creaerte.com\/live\/#\/schema\/person\/acc9e93c6216bce2d569b1f0a99607f6\"},\"description\":\"La imagen de la semana\",\"inLanguage\":\"es\",\"potentialAction\":[{\"@type\":\"ReadAction\",\"target\":[\"https:\/\/www.creaerte.com\/live\/la-primavera-vuelve-a-nuestra-mente\/\"]}]},{\"@type\":\"ImageObject\",\"inLanguage\":\"es\",\"@id\":\"https:\/\/www.creaerte.com\/live\/la-primavera-vuelve-a-nuestra-mente\/#primaryimage\",\"url\":\"https:\/\/www.creaerte.com\/live\/wp-content\/uploads\/2013\/09\/paula.jpg\",\"contentUrl\":\"https:\/\/www.creaerte.com\/live\/wp-content\/uploads\/2013\/09\/paula.jpg\",\"width\":610,\"height\":458},{\"@type\":\"WebSite\",\"@id\":\"https:\/\/www.creaerte.com\/live\/#website\",\"url\":\"https:\/\/www.creaerte.com\/live\/\",\"name\":\"creaerte.com\",\"description\":\"Agencia de publicidad, comunicaci\u00f3n y marketing en C\u00e1ceres \u2022 Extremadura\",\"potentialAction\":[{\"@type\":\"SearchAction\",\"target\":{\"@type\":\"EntryPoint\",\"urlTemplate\":\"https:\/\/www.creaerte.com\/live\/?s={search_term_string}\"},\"query-input\":{\"@type\":\"PropertyValueSpecification\",\"valueRequired\":true,\"valueName\":\"search_term_string\"}}],\"inLanguage\":\"es\"},{\"@type\":\"Person\",\"@id\":\"https:\/\/www.creaerte.com\/live\/#\/schema\/person\/acc9e93c6216bce2d569b1f0a99607f6\",\"name\":\"admin\",\"image\":{\"@type\":\"ImageObject\",\"inLanguage\":\"es\",\"@id\":\"https:\/\/www.creaerte.com\/live\/#\/schema\/person\/image\/\",\"url\":\"https:\/\/secure.gravatar.com\/avatar\/736f9ff6dd176e443e4c9cf884b23352631c533b611f216dbc09fc84cda6e67c?s=96&d=mm&r=g\",\"contentUrl\":\"https:\/\/secure.gravatar.com\/avatar\/736f9ff6dd176e443e4c9cf884b23352631c533b611f216dbc09fc84cda6e67c?s=96&d=mm&r=g\",\"caption\":\"admin\"},\"url\":\"https:\/\/www.creaerte.com\/live\/author\/admin\/\"}]}<\/script>\n<!-- \/ Yoast SEO plugin. -->","yoast_head_json":{"title":"La primavera vuelve a nuestra mente - creaerte.com","description":"La imagen de la semana","robots":{"index":"index","follow":"follow","max-snippet":"max-snippet:-1","max-image-preview":"max-image-preview:large","max-video-preview":"max-video-preview:-1"},"canonical":"https:\/\/www.creaerte.com\/live\/la-primavera-vuelve-a-nuestra-mente\/","og_locale":"es_ES","og_type":"article","og_title":"La primavera vuelve a nuestra mente - creaerte.com","og_description":"La imagen de la semana","og_url":"https:\/\/www.creaerte.com\/live\/la-primavera-vuelve-a-nuestra-mente\/","og_site_name":"creaerte.com","article_publisher":"https:\/\/www.facebook.com\/creaerte","article_published_time":"2013-09-30T10:49:36+00:00","article_modified_time":"2013-09-30T10:50:21+00:00","og_image":[{"width":610,"height":458,"url":"https:\/\/www.creaerte.com\/live\/wp-content\/uploads\/2013\/09\/paula.jpg","type":"image\/jpeg"}],"author":"admin","twitter_card":"summary_large_image","twitter_creator":"@Creaerte","twitter_site":"@Creaerte","twitter_misc":{"Escrito por":"admin"},"schema":{"@context":"https:\/\/schema.org","@graph":[{"@type":"Article","@id":"https:\/\/www.creaerte.com\/live\/la-primavera-vuelve-a-nuestra-mente\/#article","isPartOf":{"@id":"https:\/\/www.creaerte.com\/live\/la-primavera-vuelve-a-nuestra-mente\/"},"author":{"name":"admin","@id":"https:\/\/www.creaerte.com\/live\/#\/schema\/person\/acc9e93c6216bce2d569b1f0a99607f6"},"headline":"La primavera vuelve a nuestra mente","datePublished":"2013-09-30T10:49:36+00:00","dateModified":"2013-09-30T10:50:21+00:00","mainEntityOfPage":{"@id":"https:\/\/www.creaerte.com\/live\/la-primavera-vuelve-a-nuestra-mente\/"},"wordCount":87,"commentCount":0,"image":{"@id":"https:\/\/www.creaerte.com\/live\/la-primavera-vuelve-a-nuestra-mente\/#primaryimage"},"thumbnailUrl":"https:\/\/www.creaerte.com\/live\/wp-content\/uploads\/2013\/09\/paula.jpg","keywords":["creatividad","fotograf\u00eda","Noticias"],"articleSection":["La imagen de la semana","Noticias"],"inLanguage":"es","potentialAction":[{"@type":"CommentAction","name":"Comment","target":["https:\/\/www.creaerte.com\/live\/la-primavera-vuelve-a-nuestra-mente\/#respond"]}]},{"@type":"WebPage","@id":"https:\/\/www.creaerte.com\/live\/la-primavera-vuelve-a-nuestra-mente\/","url":"https:\/\/www.creaerte.com\/live\/la-primavera-vuelve-a-nuestra-mente\/","name":"La primavera vuelve a nuestra mente - creaerte.com","isPartOf":{"@id":"https:\/\/www.creaerte.com\/live\/#website"},"primaryImageOfPage":{"@id":"https:\/\/www.creaerte.com\/live\/la-primavera-vuelve-a-nuestra-mente\/#primaryimage"},"image":{"@id":"https:\/\/www.creaerte.com\/live\/la-primavera-vuelve-a-nuestra-mente\/#primaryimage"},"thumbnailUrl":"https:\/\/www.creaerte.com\/live\/wp-content\/uploads\/2013\/09\/paula.jpg","datePublished":"2013-09-30T10:49:36+00:00","dateModified":"2013-09-30T10:50:21+00:00","author":{"@id":"https:\/\/www.creaerte.com\/live\/#\/schema\/person\/acc9e93c6216bce2d569b1f0a99607f6"},"description":"La imagen de la semana","inLanguage":"es","potentialAction":[{"@type":"ReadAction","target":["https:\/\/www.creaerte.com\/live\/la-primavera-vuelve-a-nuestra-mente\/"]}]},{"@type":"ImageObject","inLanguage":"es","@id":"https:\/\/www.creaerte.com\/live\/la-primavera-vuelve-a-nuestra-mente\/#primaryimage","url":"https:\/\/www.creaerte.com\/live\/wp-content\/uploads\/2013\/09\/paula.jpg","contentUrl":"https:\/\/www.creaerte.com\/live\/wp-content\/uploads\/2013\/09\/paula.jpg","width":610,"height":458},{"@type":"WebSite","@id":"https:\/\/www.creaerte.com\/live\/#website","url":"https:\/\/www.creaerte.com\/live\/","name":"creaerte.com","description":"Agencia de publicidad, comunicaci\u00f3n y marketing en C\u00e1ceres \u2022 Extremadura","potentialAction":[{"@type":"SearchAction","target":{"@type":"EntryPoint","urlTemplate":"https:\/\/www.creaerte.com\/live\/?s={search_term_string}"},"query-input":{"@type":"PropertyValueSpecification","valueRequired":true,"valueName":"search_term_string"}}],"inLanguage":"es"},{"@type":"Person","@id":"https:\/\/www.creaerte.com\/live\/#\/schema\/person\/acc9e93c6216bce2d569b1f0a99607f6","name":"admin","image":{"@type":"ImageObject","inLanguage":"es","@id":"https:\/\/www.creaerte.com\/live\/#\/schema\/person\/image\/","url":"https:\/\/secure.gravatar.com\/avatar\/736f9ff6dd176e443e4c9cf884b23352631c533b611f216dbc09fc84cda6e67c?s=96&d=mm&r=g","contentUrl":"https:\/\/secure.gravatar.com\/avatar\/736f9ff6dd176e443e4c9cf884b23352631c533b611f216dbc09fc84cda6e67c?s=96&d=mm&r=g","caption":"admin"},"url":"https:\/\/www.creaerte.com\/live\/author\/admin\/"}]}},"_links":{"self":[{"href":"https:\/\/www.creaerte.com\/live\/wp-json\/wp\/v2\/posts\/12185","targetHints":{"allow":["GET"]}}],"collection":[{"href":"https:\/\/www.creaerte.com\/live\/wp-json\/wp\/v2\/posts"}],"about":[{"href":"https:\/\/www.creaerte.com\/live\/wp-json\/wp\/v2\/types\/post"}],"author":[{"embeddable":true,"href":"https:\/\/www.creaerte.com\/live\/wp-json\/wp\/v2\/users\/1"}],"replies":[{"embeddable":true,"href":"https:\/\/www.creaerte.com\/live\/wp-json\/wp\/v2\/comments?post=12185"}],"version-history":[{"count":0,"href":"https:\/\/www.creaerte.com\/live\/wp-json\/wp\/v2\/posts\/12185\/revisions"}],"wp:featuredmedia":[{"embeddable":true,"href":"https:\/\/www.creaerte.com\/live\/wp-json\/wp\/v2\/media\/12186"}],"wp:attachment":[{"href":"https:\/\/www.creaerte.com\/live\/wp-json\/wp\/v2\/media?parent=12185"}],"wp:term":[{"taxonomy":"category","embeddable":true,"href":"https:\/\/www.creaerte.com\/live\/wp-json\/wp\/v2\/categories?post=12185"},{"taxonomy":"post_tag","embeddable":true,"href":"https:\/\/www.creaerte.com\/live\/wp-json\/wp\/v2\/tags?post=12185"}],"curies":[{"name":"wp","href":"https:\/\/api.w.org\/{rel}","templated":true}]}}