{"id":12404,"date":"2013-10-22T09:08:12","date_gmt":"2013-10-22T08:08:12","guid":{"rendered":"http:\/\/creaerte.com\/live\/?p=12404"},"modified":"2013-10-22T12:51:28","modified_gmt":"2013-10-22T11:51:28","slug":"la-naranja-entre-bastidores","status":"publish","type":"post","link":"https:\/\/www.creaerte.com\/live\/la-naranja-entre-bastidores\/","title":{"rendered":"La naranja entre bastidores"},"content":{"rendered":"<p>\u00bfPor qu\u00e9 hacer el t\u00edpico bodeg\u00f3n si puedes dar rienda suelta a tu creatividad? Amelia nos ha demostrado c\u00f3mo realizar una original fotograf\u00eda con solo una pieza de fruta.<\/p>\n<p>En <a href=\"http:\/\/creaerte.com\" target=\"_blank\">creaerte.com<\/a> estamos entusiasmados con vuestro talento, \u00a1no dej\u00e9is de participar en nuestro blog!<\/p>\n<p><a href=\"http:\/\/creaerte.com\/live\/wp-content\/uploads\/2013\/10\/naranja.jpg\"><img fetchpriority=\"high\" decoding=\"async\" class=\"aligncenter size-full wp-image-12405\" alt=\"naranja\" src=\"http:\/\/creaerte.com\/live\/wp-content\/uploads\/2013\/10\/naranja.jpg\" width=\"615\" height=\"413\" srcset=\"https:\/\/www.creaerte.com\/live\/wp-content\/uploads\/2013\/10\/naranja.jpg 615w, https:\/\/www.creaerte.com\/live\/wp-content\/uploads\/2013\/10\/naranja-384x258.jpg 384w, https:\/\/www.creaerte.com\/live\/wp-content\/uploads\/2013\/10\/naranja-600x403.jpg 600w\" sizes=\"(max-width: 615px) 100vw, 615px\" \/><\/a><\/p>\n<p>Si quieres ver tus im\u00e1genes, ya sean fotos, cuadros o dibujos en este blog, env\u00edanoslas a\u00a0<a href=\"m&#97;&#x69;lt&#x6f;&#x3a;u&#110;&#x61;&#x66;o&#116;&#x6f;al&#x64;&#x69;a&#64;&#x63;&#x72;e&#97;&#x65;rt&#x65;&#x2e;co&#x6d;\">&#x75;na&#x66;&#111;t&#x6f;&#97;l&#x64;&#105;a&#x40;&#99;r&#x65;&#x61;e&#x72;&#x74;e&#x2e;&#x63;o&#x6d;<\/a> y te las publicaremos!<\/p>\n","protected":false},"excerpt":{"rendered":"<p>\u00bfPor qu\u00e9 hacer el t\u00edpico bodeg\u00f3n si puedes dar rienda suelta a tu creatividad? Amelia nos ha demostrado c\u00f3mo realizar una original fotograf\u00eda con solo una pieza de fruta. En creaerte.com estamos entusiasmados con vuestro talento, \u00a1no dej\u00e9is de participar en nuestro blog! Si quieres ver tus im\u00e1genes, ya sean fotos, cuadros o dibujos en este blog, env\u00edanoslas a\u00a0&#x75;&#x6e;&#x61;&#x66;&#x6f;&#x74;&#x6f;&#x61;&#x6c;&#x64;&#x69;&#97;&#64;&#99;&#114;eaerte.co&#x6d; y&#8230;<\/p>\n","protected":false},"author":1,"featured_media":12405,"comment_status":"open","ping_status":"open","sticky":false,"template":"","format":"standard","meta":{"footnotes":""},"categories":[320,10],"tags":[82,19,1185],"class_list":["post-12404","post","type-post","status-publish","format-standard","has-post-thumbnail","hentry","category-la-imagen-de-la-semana","category-noticias","tag-creatividad","tag-fotografia","tag-noticias","has_thumb"],"yoast_head":"<!-- This site is optimized with the Yoast SEO plugin v26.9 - https:\/\/yoast.com\/product\/yoast-seo-wordpress\/ -->\n<title>La naranja entre bastidores - creaerte.com<\/title>\n<meta name=\"description\" content=\"La imagen de esta semana, una naranja es la protagonista.\" \/>\n<meta name=\"robots\" content=\"index, follow, max-snippet:-1, max-image-preview:large, max-video-preview:-1\" \/>\n<link rel=\"canonical\" href=\"https:\/\/www.creaerte.com\/live\/la-naranja-entre-bastidores\/\" \/>\n<meta property=\"og:locale\" content=\"es_ES\" \/>\n<meta property=\"og:type\" content=\"article\" \/>\n<meta property=\"og:title\" content=\"La naranja entre bastidores - creaerte.com\" \/>\n<meta property=\"og:description\" content=\"La imagen de esta semana, una naranja es la protagonista.\" \/>\n<meta property=\"og:url\" content=\"https:\/\/www.creaerte.com\/live\/la-naranja-entre-bastidores\/\" \/>\n<meta property=\"og:site_name\" content=\"creaerte.com\" \/>\n<meta property=\"article:publisher\" content=\"https:\/\/www.facebook.com\/creaerte\" \/>\n<meta property=\"article:published_time\" content=\"2013-10-22T08:08:12+00:00\" \/>\n<meta property=\"article:modified_time\" content=\"2013-10-22T11:51:28+00:00\" \/>\n<meta property=\"og:image\" content=\"https:\/\/www.creaerte.com\/live\/wp-content\/uploads\/2013\/10\/naranja.jpg\" \/>\n\t<meta property=\"og:image:width\" content=\"615\" \/>\n\t<meta property=\"og:image:height\" content=\"413\" \/>\n\t<meta property=\"og:image:type\" content=\"image\/jpeg\" \/>\n<meta name=\"author\" content=\"admin\" \/>\n<meta name=\"twitter:card\" content=\"summary_large_image\" \/>\n<meta name=\"twitter:creator\" content=\"@Creaerte\" \/>\n<meta name=\"twitter:site\" content=\"@Creaerte\" \/>\n<meta name=\"twitter:label1\" content=\"Escrito por\" \/>\n\t<meta name=\"twitter:data1\" content=\"admin\" \/>\n<script type=\"application\/ld+json\" class=\"yoast-schema-graph\">{\"@context\":\"https:\/\/schema.org\",\"@graph\":[{\"@type\":\"Article\",\"@id\":\"https:\/\/www.creaerte.com\/live\/la-naranja-entre-bastidores\/#article\",\"isPartOf\":{\"@id\":\"https:\/\/www.creaerte.com\/live\/la-naranja-entre-bastidores\/\"},\"author\":{\"name\":\"admin\",\"@id\":\"https:\/\/www.creaerte.com\/live\/#\/schema\/person\/acc9e93c6216bce2d569b1f0a99607f6\"},\"headline\":\"La naranja entre bastidores\",\"datePublished\":\"2013-10-22T08:08:12+00:00\",\"dateModified\":\"2013-10-22T11:51:28+00:00\",\"mainEntityOfPage\":{\"@id\":\"https:\/\/www.creaerte.com\/live\/la-naranja-entre-bastidores\/\"},\"wordCount\":78,\"commentCount\":0,\"image\":{\"@id\":\"https:\/\/www.creaerte.com\/live\/la-naranja-entre-bastidores\/#primaryimage\"},\"thumbnailUrl\":\"https:\/\/www.creaerte.com\/live\/wp-content\/uploads\/2013\/10\/naranja.jpg\",\"keywords\":[\"creatividad\",\"fotograf\u00eda\",\"Noticias\"],\"articleSection\":[\"La imagen de la semana\",\"Noticias\"],\"inLanguage\":\"es\",\"potentialAction\":[{\"@type\":\"CommentAction\",\"name\":\"Comment\",\"target\":[\"https:\/\/www.creaerte.com\/live\/la-naranja-entre-bastidores\/#respond\"]}]},{\"@type\":\"WebPage\",\"@id\":\"https:\/\/www.creaerte.com\/live\/la-naranja-entre-bastidores\/\",\"url\":\"https:\/\/www.creaerte.com\/live\/la-naranja-entre-bastidores\/\",\"name\":\"La naranja entre bastidores - creaerte.com\",\"isPartOf\":{\"@id\":\"https:\/\/www.creaerte.com\/live\/#website\"},\"primaryImageOfPage\":{\"@id\":\"https:\/\/www.creaerte.com\/live\/la-naranja-entre-bastidores\/#primaryimage\"},\"image\":{\"@id\":\"https:\/\/www.creaerte.com\/live\/la-naranja-entre-bastidores\/#primaryimage\"},\"thumbnailUrl\":\"https:\/\/www.creaerte.com\/live\/wp-content\/uploads\/2013\/10\/naranja.jpg\",\"datePublished\":\"2013-10-22T08:08:12+00:00\",\"dateModified\":\"2013-10-22T11:51:28+00:00\",\"author\":{\"@id\":\"https:\/\/www.creaerte.com\/live\/#\/schema\/person\/acc9e93c6216bce2d569b1f0a99607f6\"},\"description\":\"La imagen de esta semana, una naranja es la protagonista.\",\"inLanguage\":\"es\",\"potentialAction\":[{\"@type\":\"ReadAction\",\"target\":[\"https:\/\/www.creaerte.com\/live\/la-naranja-entre-bastidores\/\"]}]},{\"@type\":\"ImageObject\",\"inLanguage\":\"es\",\"@id\":\"https:\/\/www.creaerte.com\/live\/la-naranja-entre-bastidores\/#primaryimage\",\"url\":\"https:\/\/www.creaerte.com\/live\/wp-content\/uploads\/2013\/10\/naranja.jpg\",\"contentUrl\":\"https:\/\/www.creaerte.com\/live\/wp-content\/uploads\/2013\/10\/naranja.jpg\",\"width\":615,\"height\":413},{\"@type\":\"WebSite\",\"@id\":\"https:\/\/www.creaerte.com\/live\/#website\",\"url\":\"https:\/\/www.creaerte.com\/live\/\",\"name\":\"creaerte.com\",\"description\":\"Agencia de publicidad, comunicaci\u00f3n y marketing en C\u00e1ceres \u2022 Extremadura\",\"potentialAction\":[{\"@type\":\"SearchAction\",\"target\":{\"@type\":\"EntryPoint\",\"urlTemplate\":\"https:\/\/www.creaerte.com\/live\/?s={search_term_string}\"},\"query-input\":{\"@type\":\"PropertyValueSpecification\",\"valueRequired\":true,\"valueName\":\"search_term_string\"}}],\"inLanguage\":\"es\"},{\"@type\":\"Person\",\"@id\":\"https:\/\/www.creaerte.com\/live\/#\/schema\/person\/acc9e93c6216bce2d569b1f0a99607f6\",\"name\":\"admin\",\"image\":{\"@type\":\"ImageObject\",\"inLanguage\":\"es\",\"@id\":\"https:\/\/www.creaerte.com\/live\/#\/schema\/person\/image\/\",\"url\":\"https:\/\/secure.gravatar.com\/avatar\/736f9ff6dd176e443e4c9cf884b23352631c533b611f216dbc09fc84cda6e67c?s=96&d=mm&r=g\",\"contentUrl\":\"https:\/\/secure.gravatar.com\/avatar\/736f9ff6dd176e443e4c9cf884b23352631c533b611f216dbc09fc84cda6e67c?s=96&d=mm&r=g\",\"caption\":\"admin\"},\"url\":\"https:\/\/www.creaerte.com\/live\/author\/admin\/\"}]}<\/script>\n<!-- \/ Yoast SEO plugin. -->","yoast_head_json":{"title":"La naranja entre bastidores - creaerte.com","description":"La imagen de esta semana, una naranja es la protagonista.","robots":{"index":"index","follow":"follow","max-snippet":"max-snippet:-1","max-image-preview":"max-image-preview:large","max-video-preview":"max-video-preview:-1"},"canonical":"https:\/\/www.creaerte.com\/live\/la-naranja-entre-bastidores\/","og_locale":"es_ES","og_type":"article","og_title":"La naranja entre bastidores - creaerte.com","og_description":"La imagen de esta semana, una naranja es la protagonista.","og_url":"https:\/\/www.creaerte.com\/live\/la-naranja-entre-bastidores\/","og_site_name":"creaerte.com","article_publisher":"https:\/\/www.facebook.com\/creaerte","article_published_time":"2013-10-22T08:08:12+00:00","article_modified_time":"2013-10-22T11:51:28+00:00","og_image":[{"width":615,"height":413,"url":"https:\/\/www.creaerte.com\/live\/wp-content\/uploads\/2013\/10\/naranja.jpg","type":"image\/jpeg"}],"author":"admin","twitter_card":"summary_large_image","twitter_creator":"@Creaerte","twitter_site":"@Creaerte","twitter_misc":{"Escrito por":"admin"},"schema":{"@context":"https:\/\/schema.org","@graph":[{"@type":"Article","@id":"https:\/\/www.creaerte.com\/live\/la-naranja-entre-bastidores\/#article","isPartOf":{"@id":"https:\/\/www.creaerte.com\/live\/la-naranja-entre-bastidores\/"},"author":{"name":"admin","@id":"https:\/\/www.creaerte.com\/live\/#\/schema\/person\/acc9e93c6216bce2d569b1f0a99607f6"},"headline":"La naranja entre bastidores","datePublished":"2013-10-22T08:08:12+00:00","dateModified":"2013-10-22T11:51:28+00:00","mainEntityOfPage":{"@id":"https:\/\/www.creaerte.com\/live\/la-naranja-entre-bastidores\/"},"wordCount":78,"commentCount":0,"image":{"@id":"https:\/\/www.creaerte.com\/live\/la-naranja-entre-bastidores\/#primaryimage"},"thumbnailUrl":"https:\/\/www.creaerte.com\/live\/wp-content\/uploads\/2013\/10\/naranja.jpg","keywords":["creatividad","fotograf\u00eda","Noticias"],"articleSection":["La imagen de la semana","Noticias"],"inLanguage":"es","potentialAction":[{"@type":"CommentAction","name":"Comment","target":["https:\/\/www.creaerte.com\/live\/la-naranja-entre-bastidores\/#respond"]}]},{"@type":"WebPage","@id":"https:\/\/www.creaerte.com\/live\/la-naranja-entre-bastidores\/","url":"https:\/\/www.creaerte.com\/live\/la-naranja-entre-bastidores\/","name":"La naranja entre bastidores - creaerte.com","isPartOf":{"@id":"https:\/\/www.creaerte.com\/live\/#website"},"primaryImageOfPage":{"@id":"https:\/\/www.creaerte.com\/live\/la-naranja-entre-bastidores\/#primaryimage"},"image":{"@id":"https:\/\/www.creaerte.com\/live\/la-naranja-entre-bastidores\/#primaryimage"},"thumbnailUrl":"https:\/\/www.creaerte.com\/live\/wp-content\/uploads\/2013\/10\/naranja.jpg","datePublished":"2013-10-22T08:08:12+00:00","dateModified":"2013-10-22T11:51:28+00:00","author":{"@id":"https:\/\/www.creaerte.com\/live\/#\/schema\/person\/acc9e93c6216bce2d569b1f0a99607f6"},"description":"La imagen de esta semana, una naranja es la protagonista.","inLanguage":"es","potentialAction":[{"@type":"ReadAction","target":["https:\/\/www.creaerte.com\/live\/la-naranja-entre-bastidores\/"]}]},{"@type":"ImageObject","inLanguage":"es","@id":"https:\/\/www.creaerte.com\/live\/la-naranja-entre-bastidores\/#primaryimage","url":"https:\/\/www.creaerte.com\/live\/wp-content\/uploads\/2013\/10\/naranja.jpg","contentUrl":"https:\/\/www.creaerte.com\/live\/wp-content\/uploads\/2013\/10\/naranja.jpg","width":615,"height":413},{"@type":"WebSite","@id":"https:\/\/www.creaerte.com\/live\/#website","url":"https:\/\/www.creaerte.com\/live\/","name":"creaerte.com","description":"Agencia de publicidad, comunicaci\u00f3n y marketing en C\u00e1ceres \u2022 Extremadura","potentialAction":[{"@type":"SearchAction","target":{"@type":"EntryPoint","urlTemplate":"https:\/\/www.creaerte.com\/live\/?s={search_term_string}"},"query-input":{"@type":"PropertyValueSpecification","valueRequired":true,"valueName":"search_term_string"}}],"inLanguage":"es"},{"@type":"Person","@id":"https:\/\/www.creaerte.com\/live\/#\/schema\/person\/acc9e93c6216bce2d569b1f0a99607f6","name":"admin","image":{"@type":"ImageObject","inLanguage":"es","@id":"https:\/\/www.creaerte.com\/live\/#\/schema\/person\/image\/","url":"https:\/\/secure.gravatar.com\/avatar\/736f9ff6dd176e443e4c9cf884b23352631c533b611f216dbc09fc84cda6e67c?s=96&d=mm&r=g","contentUrl":"https:\/\/secure.gravatar.com\/avatar\/736f9ff6dd176e443e4c9cf884b23352631c533b611f216dbc09fc84cda6e67c?s=96&d=mm&r=g","caption":"admin"},"url":"https:\/\/www.creaerte.com\/live\/author\/admin\/"}]}},"_links":{"self":[{"href":"https:\/\/www.creaerte.com\/live\/wp-json\/wp\/v2\/posts\/12404","targetHints":{"allow":["GET"]}}],"collection":[{"href":"https:\/\/www.creaerte.com\/live\/wp-json\/wp\/v2\/posts"}],"about":[{"href":"https:\/\/www.creaerte.com\/live\/wp-json\/wp\/v2\/types\/post"}],"author":[{"embeddable":true,"href":"https:\/\/www.creaerte.com\/live\/wp-json\/wp\/v2\/users\/1"}],"replies":[{"embeddable":true,"href":"https:\/\/www.creaerte.com\/live\/wp-json\/wp\/v2\/comments?post=12404"}],"version-history":[{"count":0,"href":"https:\/\/www.creaerte.com\/live\/wp-json\/wp\/v2\/posts\/12404\/revisions"}],"wp:featuredmedia":[{"embeddable":true,"href":"https:\/\/www.creaerte.com\/live\/wp-json\/wp\/v2\/media\/12405"}],"wp:attachment":[{"href":"https:\/\/www.creaerte.com\/live\/wp-json\/wp\/v2\/media?parent=12404"}],"wp:term":[{"taxonomy":"category","embeddable":true,"href":"https:\/\/www.creaerte.com\/live\/wp-json\/wp\/v2\/categories?post=12404"},{"taxonomy":"post_tag","embeddable":true,"href":"https:\/\/www.creaerte.com\/live\/wp-json\/wp\/v2\/tags?post=12404"}],"curies":[{"name":"wp","href":"https:\/\/api.w.org\/{rel}","templated":true}]}}