{"id":13777,"date":"2014-04-01T10:11:30","date_gmt":"2014-04-01T09:11:30","guid":{"rendered":"http:\/\/creaerte.com\/live\/?p=13777"},"modified":"2014-04-01T10:11:30","modified_gmt":"2014-04-01T09:11:30","slug":"david-laferriere-el-padre-mas-guay","status":"publish","type":"post","link":"https:\/\/www.creaerte.com\/live\/david-laferriere-el-padre-mas-guay\/","title":{"rendered":"David Laferriere: el padre m\u00e1s guay"},"content":{"rendered":"<p>La merienda del cole no siempre es del agrado de los ni\u00f1os, pero \u00bfc\u00f3mo hacer el almuerzo m\u00e1s divertido? <a href=\"http:\/\/drlaferriere.com\" target=\"_blank\">David Laferriere<\/a>, un dise\u00f1ador gr\u00e1fico de Massachusetts, decidi\u00f3 una ma\u00f1ana de 2008 decorar las bolsitas que envolv\u00edan los s\u00e1ndwiches de sus dos hijos.<\/p>\n<p>Despu\u00e9s de seis a\u00f1os, el ilustrador acumula m\u00e1s de 1.300 dibujos llenos de creatividad, diversi\u00f3n y cari\u00f1o, que ahora son expuestos en la <a href=\"http:\/\/www.mataderomadrid.org\/central-de-diseno.html\" target=\"_blank\">Central del dise\u00f1o del Matadero de Madrid<\/a>.<\/p>\n<p>El apodado \u201cPadre m\u00e1s guay\u201d ha encandilado a peque\u00f1os y mayores desde que comenz\u00f3 a publicar sus im\u00e1genes en una cuenta de <a href=\"https:\/\/www.flickr.com\/photos\/dlaferriere\/\" target=\"_blank\">Flickr<\/a>. Hoy, en <a href=\"http:\/\/creaerte.com\" target=\"_blank\">cre\u00e6rte<\/a>, os mostramos una parte de la colecci\u00f3n.<\/p>\n<p style=\"text-align: center;\"><a href=\"http:\/\/creaerte.com\/live\/wp-content\/uploads\/2014\/04\/mostr.jpg\"><img fetchpriority=\"high\" decoding=\"async\" class=\"aligncenter size-full wp-image-13779\" style=\"border: 0px;\" alt=\"mostr\" src=\"http:\/\/creaerte.com\/live\/wp-content\/uploads\/2014\/04\/mostr.jpg\" width=\"615\" height=\"459\" srcset=\"https:\/\/www.creaerte.com\/live\/wp-content\/uploads\/2014\/04\/mostr.jpg 615w, https:\/\/www.creaerte.com\/live\/wp-content\/uploads\/2014\/04\/mostr-384x287.jpg 384w, https:\/\/www.creaerte.com\/live\/wp-content\/uploads\/2014\/04\/mostr-600x448.jpg 600w\" sizes=\"(max-width: 615px) 100vw, 615px\" \/><\/a><\/p>\n<p style=\"text-align: center;\"><a href=\"http:\/\/creaerte.com\/live\/wp-content\/uploads\/2014\/04\/pollo.jpg\"><img decoding=\"async\" class=\"aligncenter size-full wp-image-13780\" style=\"border: 0px;\" alt=\"pollo\" src=\"http:\/\/creaerte.com\/live\/wp-content\/uploads\/2014\/04\/pollo.jpg\" width=\"615\" height=\"479\" srcset=\"https:\/\/www.creaerte.com\/live\/wp-content\/uploads\/2014\/04\/pollo.jpg 615w, https:\/\/www.creaerte.com\/live\/wp-content\/uploads\/2014\/04\/pollo-384x299.jpg 384w\" sizes=\"(max-width: 615px) 100vw, 615px\" \/><\/a><\/p>\n<p style=\"text-align: center;\"><a href=\"http:\/\/creaerte.com\/live\/wp-content\/uploads\/2014\/04\/dino.jpg\"><img decoding=\"async\" class=\"aligncenter size-full wp-image-13781\" style=\"border: 0px;\" alt=\"dino\" src=\"http:\/\/creaerte.com\/live\/wp-content\/uploads\/2014\/04\/dino.jpg\" width=\"615\" height=\"311\" srcset=\"https:\/\/www.creaerte.com\/live\/wp-content\/uploads\/2014\/04\/dino.jpg 615w, https:\/\/www.creaerte.com\/live\/wp-content\/uploads\/2014\/04\/dino-384x194.jpg 384w\" sizes=\"(max-width: 615px) 100vw, 615px\" \/><\/a><\/p>\n","protected":false},"excerpt":{"rendered":"<p>La merienda del cole no siempre es del agrado de los ni\u00f1os, pero \u00bfc\u00f3mo hacer el almuerzo m\u00e1s divertido? David Laferriere, un dise\u00f1ador gr\u00e1fico de Massachusetts, decidi\u00f3 una ma\u00f1ana de 2008 decorar las bolsitas que envolv\u00edan los s\u00e1ndwiches de sus dos hijos. Despu\u00e9s de seis a\u00f1os, el ilustrador acumula m\u00e1s de 1.300 dibujos llenos de creatividad, diversi\u00f3n y cari\u00f1o, que&#8230;<\/p>\n","protected":false},"author":1,"featured_media":13779,"comment_status":"open","ping_status":"open","sticky":false,"template":"","format":"standard","meta":{"footnotes":""},"categories":[10],"tags":[82,134,1185,1192,52],"class_list":["post-13777","post","type-post","status-publish","format-standard","has-post-thumbnail","hentry","category-noticias","tag-creatividad","tag-diseno-grafico","tag-noticias","tag-packaging","tag-pintura","has_thumb"],"yoast_head":"<!-- This site is optimized with the Yoast SEO plugin v26.9 - https:\/\/yoast.com\/product\/yoast-seo-wordpress\/ -->\n<title>David Laferriere: el padre m\u00e1s guay - creaerte.com<\/title>\n<meta name=\"robots\" content=\"index, follow, max-snippet:-1, max-image-preview:large, max-video-preview:-1\" \/>\n<link rel=\"canonical\" href=\"https:\/\/www.creaerte.com\/live\/david-laferriere-el-padre-mas-guay\/\" \/>\n<meta property=\"og:locale\" content=\"es_ES\" \/>\n<meta property=\"og:type\" content=\"article\" \/>\n<meta property=\"og:title\" content=\"David Laferriere: el padre m\u00e1s guay - creaerte.com\" \/>\n<meta property=\"og:description\" content=\"La merienda del cole no siempre es del agrado de los ni\u00f1os, pero \u00bfc\u00f3mo hacer el almuerzo m\u00e1s divertido? David Laferriere, un dise\u00f1ador gr\u00e1fico de Massachusetts, decidi\u00f3 una ma\u00f1ana de 2008 decorar las bolsitas que envolv\u00edan los s\u00e1ndwiches de sus dos hijos. Despu\u00e9s de seis a\u00f1os, el ilustrador acumula m\u00e1s de 1.300 dibujos llenos de creatividad, diversi\u00f3n y cari\u00f1o, que...\" \/>\n<meta property=\"og:url\" content=\"https:\/\/www.creaerte.com\/live\/david-laferriere-el-padre-mas-guay\/\" \/>\n<meta property=\"og:site_name\" content=\"creaerte.com\" \/>\n<meta property=\"article:publisher\" content=\"https:\/\/www.facebook.com\/creaerte\" \/>\n<meta property=\"article:published_time\" content=\"2014-04-01T09:11:30+00:00\" \/>\n<meta property=\"og:image\" content=\"https:\/\/www.creaerte.com\/live\/wp-content\/uploads\/2014\/04\/mostr.jpg\" \/>\n\t<meta property=\"og:image:width\" content=\"615\" \/>\n\t<meta property=\"og:image:height\" content=\"459\" \/>\n\t<meta property=\"og:image:type\" content=\"image\/jpeg\" \/>\n<meta name=\"author\" content=\"admin\" \/>\n<meta name=\"twitter:card\" content=\"summary_large_image\" \/>\n<meta name=\"twitter:creator\" content=\"@Creaerte\" \/>\n<meta name=\"twitter:site\" content=\"@Creaerte\" \/>\n<meta name=\"twitter:label1\" content=\"Escrito por\" \/>\n\t<meta name=\"twitter:data1\" content=\"admin\" \/>\n\t<meta name=\"twitter:label2\" content=\"Tiempo de lectura\" \/>\n\t<meta name=\"twitter:data2\" content=\"1 minuto\" \/>\n<script type=\"application\/ld+json\" class=\"yoast-schema-graph\">{\"@context\":\"https:\/\/schema.org\",\"@graph\":[{\"@type\":\"Article\",\"@id\":\"https:\/\/www.creaerte.com\/live\/david-laferriere-el-padre-mas-guay\/#article\",\"isPartOf\":{\"@id\":\"https:\/\/www.creaerte.com\/live\/david-laferriere-el-padre-mas-guay\/\"},\"author\":{\"name\":\"admin\",\"@id\":\"https:\/\/www.creaerte.com\/live\/#\/schema\/person\/acc9e93c6216bce2d569b1f0a99607f6\"},\"headline\":\"David Laferriere: el padre m\u00e1s guay\",\"datePublished\":\"2014-04-01T09:11:30+00:00\",\"mainEntityOfPage\":{\"@id\":\"https:\/\/www.creaerte.com\/live\/david-laferriere-el-padre-mas-guay\/\"},\"wordCount\":129,\"commentCount\":0,\"image\":{\"@id\":\"https:\/\/www.creaerte.com\/live\/david-laferriere-el-padre-mas-guay\/#primaryimage\"},\"thumbnailUrl\":\"https:\/\/www.creaerte.com\/live\/wp-content\/uploads\/2014\/04\/mostr.jpg\",\"keywords\":[\"creatividad\",\"dise\u00f1o gr\u00e1fico\",\"Noticias\",\"packaging\",\"pintura\"],\"articleSection\":[\"Noticias\"],\"inLanguage\":\"es\",\"potentialAction\":[{\"@type\":\"CommentAction\",\"name\":\"Comment\",\"target\":[\"https:\/\/www.creaerte.com\/live\/david-laferriere-el-padre-mas-guay\/#respond\"]}]},{\"@type\":\"WebPage\",\"@id\":\"https:\/\/www.creaerte.com\/live\/david-laferriere-el-padre-mas-guay\/\",\"url\":\"https:\/\/www.creaerte.com\/live\/david-laferriere-el-padre-mas-guay\/\",\"name\":\"David Laferriere: el padre m\u00e1s guay - creaerte.com\",\"isPartOf\":{\"@id\":\"https:\/\/www.creaerte.com\/live\/#website\"},\"primaryImageOfPage\":{\"@id\":\"https:\/\/www.creaerte.com\/live\/david-laferriere-el-padre-mas-guay\/#primaryimage\"},\"image\":{\"@id\":\"https:\/\/www.creaerte.com\/live\/david-laferriere-el-padre-mas-guay\/#primaryimage\"},\"thumbnailUrl\":\"https:\/\/www.creaerte.com\/live\/wp-content\/uploads\/2014\/04\/mostr.jpg\",\"datePublished\":\"2014-04-01T09:11:30+00:00\",\"author\":{\"@id\":\"https:\/\/www.creaerte.com\/live\/#\/schema\/person\/acc9e93c6216bce2d569b1f0a99607f6\"},\"inLanguage\":\"es\",\"potentialAction\":[{\"@type\":\"ReadAction\",\"target\":[\"https:\/\/www.creaerte.com\/live\/david-laferriere-el-padre-mas-guay\/\"]}]},{\"@type\":\"ImageObject\",\"inLanguage\":\"es\",\"@id\":\"https:\/\/www.creaerte.com\/live\/david-laferriere-el-padre-mas-guay\/#primaryimage\",\"url\":\"https:\/\/www.creaerte.com\/live\/wp-content\/uploads\/2014\/04\/mostr.jpg\",\"contentUrl\":\"https:\/\/www.creaerte.com\/live\/wp-content\/uploads\/2014\/04\/mostr.jpg\",\"width\":615,\"height\":459},{\"@type\":\"WebSite\",\"@id\":\"https:\/\/www.creaerte.com\/live\/#website\",\"url\":\"https:\/\/www.creaerte.com\/live\/\",\"name\":\"creaerte.com\",\"description\":\"Agencia de publicidad, comunicaci\u00f3n y marketing en C\u00e1ceres \u2022 Extremadura\",\"potentialAction\":[{\"@type\":\"SearchAction\",\"target\":{\"@type\":\"EntryPoint\",\"urlTemplate\":\"https:\/\/www.creaerte.com\/live\/?s={search_term_string}\"},\"query-input\":{\"@type\":\"PropertyValueSpecification\",\"valueRequired\":true,\"valueName\":\"search_term_string\"}}],\"inLanguage\":\"es\"},{\"@type\":\"Person\",\"@id\":\"https:\/\/www.creaerte.com\/live\/#\/schema\/person\/acc9e93c6216bce2d569b1f0a99607f6\",\"name\":\"admin\",\"image\":{\"@type\":\"ImageObject\",\"inLanguage\":\"es\",\"@id\":\"https:\/\/www.creaerte.com\/live\/#\/schema\/person\/image\/\",\"url\":\"https:\/\/secure.gravatar.com\/avatar\/736f9ff6dd176e443e4c9cf884b23352631c533b611f216dbc09fc84cda6e67c?s=96&d=mm&r=g\",\"contentUrl\":\"https:\/\/secure.gravatar.com\/avatar\/736f9ff6dd176e443e4c9cf884b23352631c533b611f216dbc09fc84cda6e67c?s=96&d=mm&r=g\",\"caption\":\"admin\"},\"url\":\"https:\/\/www.creaerte.com\/live\/author\/admin\/\"}]}<\/script>\n<!-- \/ Yoast SEO plugin. -->","yoast_head_json":{"title":"David Laferriere: el padre m\u00e1s guay - creaerte.com","robots":{"index":"index","follow":"follow","max-snippet":"max-snippet:-1","max-image-preview":"max-image-preview:large","max-video-preview":"max-video-preview:-1"},"canonical":"https:\/\/www.creaerte.com\/live\/david-laferriere-el-padre-mas-guay\/","og_locale":"es_ES","og_type":"article","og_title":"David Laferriere: el padre m\u00e1s guay - creaerte.com","og_description":"La merienda del cole no siempre es del agrado de los ni\u00f1os, pero \u00bfc\u00f3mo hacer el almuerzo m\u00e1s divertido? David Laferriere, un dise\u00f1ador gr\u00e1fico de Massachusetts, decidi\u00f3 una ma\u00f1ana de 2008 decorar las bolsitas que envolv\u00edan los s\u00e1ndwiches de sus dos hijos. Despu\u00e9s de seis a\u00f1os, el ilustrador acumula m\u00e1s de 1.300 dibujos llenos de creatividad, diversi\u00f3n y cari\u00f1o, que...","og_url":"https:\/\/www.creaerte.com\/live\/david-laferriere-el-padre-mas-guay\/","og_site_name":"creaerte.com","article_publisher":"https:\/\/www.facebook.com\/creaerte","article_published_time":"2014-04-01T09:11:30+00:00","og_image":[{"width":615,"height":459,"url":"https:\/\/www.creaerte.com\/live\/wp-content\/uploads\/2014\/04\/mostr.jpg","type":"image\/jpeg"}],"author":"admin","twitter_card":"summary_large_image","twitter_creator":"@Creaerte","twitter_site":"@Creaerte","twitter_misc":{"Escrito por":"admin","Tiempo de lectura":"1 minuto"},"schema":{"@context":"https:\/\/schema.org","@graph":[{"@type":"Article","@id":"https:\/\/www.creaerte.com\/live\/david-laferriere-el-padre-mas-guay\/#article","isPartOf":{"@id":"https:\/\/www.creaerte.com\/live\/david-laferriere-el-padre-mas-guay\/"},"author":{"name":"admin","@id":"https:\/\/www.creaerte.com\/live\/#\/schema\/person\/acc9e93c6216bce2d569b1f0a99607f6"},"headline":"David Laferriere: el padre m\u00e1s guay","datePublished":"2014-04-01T09:11:30+00:00","mainEntityOfPage":{"@id":"https:\/\/www.creaerte.com\/live\/david-laferriere-el-padre-mas-guay\/"},"wordCount":129,"commentCount":0,"image":{"@id":"https:\/\/www.creaerte.com\/live\/david-laferriere-el-padre-mas-guay\/#primaryimage"},"thumbnailUrl":"https:\/\/www.creaerte.com\/live\/wp-content\/uploads\/2014\/04\/mostr.jpg","keywords":["creatividad","dise\u00f1o gr\u00e1fico","Noticias","packaging","pintura"],"articleSection":["Noticias"],"inLanguage":"es","potentialAction":[{"@type":"CommentAction","name":"Comment","target":["https:\/\/www.creaerte.com\/live\/david-laferriere-el-padre-mas-guay\/#respond"]}]},{"@type":"WebPage","@id":"https:\/\/www.creaerte.com\/live\/david-laferriere-el-padre-mas-guay\/","url":"https:\/\/www.creaerte.com\/live\/david-laferriere-el-padre-mas-guay\/","name":"David Laferriere: el padre m\u00e1s guay - creaerte.com","isPartOf":{"@id":"https:\/\/www.creaerte.com\/live\/#website"},"primaryImageOfPage":{"@id":"https:\/\/www.creaerte.com\/live\/david-laferriere-el-padre-mas-guay\/#primaryimage"},"image":{"@id":"https:\/\/www.creaerte.com\/live\/david-laferriere-el-padre-mas-guay\/#primaryimage"},"thumbnailUrl":"https:\/\/www.creaerte.com\/live\/wp-content\/uploads\/2014\/04\/mostr.jpg","datePublished":"2014-04-01T09:11:30+00:00","author":{"@id":"https:\/\/www.creaerte.com\/live\/#\/schema\/person\/acc9e93c6216bce2d569b1f0a99607f6"},"inLanguage":"es","potentialAction":[{"@type":"ReadAction","target":["https:\/\/www.creaerte.com\/live\/david-laferriere-el-padre-mas-guay\/"]}]},{"@type":"ImageObject","inLanguage":"es","@id":"https:\/\/www.creaerte.com\/live\/david-laferriere-el-padre-mas-guay\/#primaryimage","url":"https:\/\/www.creaerte.com\/live\/wp-content\/uploads\/2014\/04\/mostr.jpg","contentUrl":"https:\/\/www.creaerte.com\/live\/wp-content\/uploads\/2014\/04\/mostr.jpg","width":615,"height":459},{"@type":"WebSite","@id":"https:\/\/www.creaerte.com\/live\/#website","url":"https:\/\/www.creaerte.com\/live\/","name":"creaerte.com","description":"Agencia de publicidad, comunicaci\u00f3n y marketing en C\u00e1ceres \u2022 Extremadura","potentialAction":[{"@type":"SearchAction","target":{"@type":"EntryPoint","urlTemplate":"https:\/\/www.creaerte.com\/live\/?s={search_term_string}"},"query-input":{"@type":"PropertyValueSpecification","valueRequired":true,"valueName":"search_term_string"}}],"inLanguage":"es"},{"@type":"Person","@id":"https:\/\/www.creaerte.com\/live\/#\/schema\/person\/acc9e93c6216bce2d569b1f0a99607f6","name":"admin","image":{"@type":"ImageObject","inLanguage":"es","@id":"https:\/\/www.creaerte.com\/live\/#\/schema\/person\/image\/","url":"https:\/\/secure.gravatar.com\/avatar\/736f9ff6dd176e443e4c9cf884b23352631c533b611f216dbc09fc84cda6e67c?s=96&d=mm&r=g","contentUrl":"https:\/\/secure.gravatar.com\/avatar\/736f9ff6dd176e443e4c9cf884b23352631c533b611f216dbc09fc84cda6e67c?s=96&d=mm&r=g","caption":"admin"},"url":"https:\/\/www.creaerte.com\/live\/author\/admin\/"}]}},"_links":{"self":[{"href":"https:\/\/www.creaerte.com\/live\/wp-json\/wp\/v2\/posts\/13777","targetHints":{"allow":["GET"]}}],"collection":[{"href":"https:\/\/www.creaerte.com\/live\/wp-json\/wp\/v2\/posts"}],"about":[{"href":"https:\/\/www.creaerte.com\/live\/wp-json\/wp\/v2\/types\/post"}],"author":[{"embeddable":true,"href":"https:\/\/www.creaerte.com\/live\/wp-json\/wp\/v2\/users\/1"}],"replies":[{"embeddable":true,"href":"https:\/\/www.creaerte.com\/live\/wp-json\/wp\/v2\/comments?post=13777"}],"version-history":[{"count":0,"href":"https:\/\/www.creaerte.com\/live\/wp-json\/wp\/v2\/posts\/13777\/revisions"}],"wp:featuredmedia":[{"embeddable":true,"href":"https:\/\/www.creaerte.com\/live\/wp-json\/wp\/v2\/media\/13779"}],"wp:attachment":[{"href":"https:\/\/www.creaerte.com\/live\/wp-json\/wp\/v2\/media?parent=13777"}],"wp:term":[{"taxonomy":"category","embeddable":true,"href":"https:\/\/www.creaerte.com\/live\/wp-json\/wp\/v2\/categories?post=13777"},{"taxonomy":"post_tag","embeddable":true,"href":"https:\/\/www.creaerte.com\/live\/wp-json\/wp\/v2\/tags?post=13777"}],"curies":[{"name":"wp","href":"https:\/\/api.w.org\/{rel}","templated":true}]}}