{"id":13886,"date":"2014-04-14T12:16:28","date_gmt":"2014-04-14T11:16:28","guid":{"rendered":"http:\/\/creaerte.com\/live\/?p=13886"},"modified":"2014-04-09T16:18:08","modified_gmt":"2014-04-09T15:18:08","slug":"edicion-recuerda","status":"publish","type":"post","link":"https:\/\/www.creaerte.com\/live\/edicion-recuerda\/","title":{"rendered":"Edici\u00f3n recuerda"},"content":{"rendered":"<p><a href=\"http:\/\/www.edicionrecuerda.com\" target=\"_blank\">Edici\u00f3n recuerda<\/a> es el nuevo proyecto de la <a href=\"http:\/\/www.fundacionreinasofia.es\/ES\/Paginas\/home.aspx\" target=\"_blank\">Fundaci\u00f3n Reina Sof\u00eda<\/a> para apoyar a la investigaci\u00f3n en Alzheimer, bajo el slogan \u201cImagina que toda una sociedad se pone a recordar\u201d, <a href=\"http:\/\/www.srarushmore.com\" target=\"_blank\">Sra.Rushmore<\/a> ha creado este proyecto.<\/p>\n<p>Con ese nombre se engloba una serie de productos y servicios que los colaboradores participantes en el proyecto han querido reeditar y sacar al mercado, para invertir el importe en el estudio de esta enfermedad.<\/p>\n<p>En \u201cLa tienda de los recuerdos\u201d podemos encontrar desde la camiseta del Atletico de Madrid de los 70, pasando por una bici BH de dise\u00f1o inspirado en 1909, pastillas Juanola con packaging de los 60, hasta las Victoria de los 30, adem\u00e1s de una gama de productos que nos har\u00e1n recordar tiempos pasados.<\/p>\n<p>En <a href=\"http:\/\/creaerte.com\" target=\"_blank\">cre\u00e6rte<\/a> os animamos a recordar.<\/p>\n<p><iframe src=\"\/\/www.youtube.com\/embed\/VKHNKGX_fco?feature=player_embedded\" height=\"360\" width=\"615\" allowfullscreen=\"\" frameborder=\"0\"><\/iframe><\/p>\n<p style=\"text-align: center;\"><a href=\"http:\/\/creaerte.com\/live\/wp-content\/uploads\/2014\/04\/recuerda.jpg\"><img fetchpriority=\"high\" decoding=\"async\" class=\"aligncenter size-full wp-image-13889\" style=\"border: 0px;\" alt=\"recuerda\" src=\"http:\/\/creaerte.com\/live\/wp-content\/uploads\/2014\/04\/recuerda.jpg\" width=\"615\" height=\"870\" srcset=\"https:\/\/www.creaerte.com\/live\/wp-content\/uploads\/2014\/04\/recuerda.jpg 615w, https:\/\/www.creaerte.com\/live\/wp-content\/uploads\/2014\/04\/recuerda-271x384.jpg 271w, https:\/\/www.creaerte.com\/live\/wp-content\/uploads\/2014\/04\/recuerda-600x849.jpg 600w\" sizes=\"(max-width: 615px) 100vw, 615px\" \/><\/a><\/p>\n","protected":false},"excerpt":{"rendered":"<p>Edici\u00f3n recuerda es el nuevo proyecto de la Fundaci\u00f3n Reina Sof\u00eda para apoyar a la investigaci\u00f3n en Alzheimer, bajo el slogan \u201cImagina que toda una sociedad se pone a recordar\u201d, Sra.Rushmore ha creado este proyecto. Con ese nombre se engloba una serie de productos y servicios que los colaboradores participantes en el proyecto han querido reeditar y sacar al mercado,&#8230;<\/p>\n","protected":false},"author":1,"featured_media":13889,"comment_status":"open","ping_status":"open","sticky":false,"template":"","format":"standard","meta":{"footnotes":""},"categories":[10,322],"tags":[1191,82,1189,1185,6],"class_list":["post-13886","post","type-post","status-publish","format-standard","has-post-thumbnail","hentry","category-noticias","category-publicidad-emocional","tag-comunicacion","tag-creatividad","tag-diseno","tag-noticias","tag-publicidad","has_thumb"],"yoast_head":"<!-- This site is optimized with the Yoast SEO plugin v26.9 - https:\/\/yoast.com\/product\/yoast-seo-wordpress\/ -->\n<title>Edici\u00f3n recuerda - creaerte.com<\/title>\n<meta name=\"robots\" content=\"index, follow, max-snippet:-1, max-image-preview:large, max-video-preview:-1\" \/>\n<link rel=\"canonical\" href=\"https:\/\/www.creaerte.com\/live\/edicion-recuerda\/\" \/>\n<meta property=\"og:locale\" content=\"es_ES\" \/>\n<meta property=\"og:type\" content=\"article\" \/>\n<meta property=\"og:title\" content=\"Edici\u00f3n recuerda - creaerte.com\" \/>\n<meta property=\"og:description\" content=\"Edici\u00f3n recuerda es el nuevo proyecto de la Fundaci\u00f3n Reina Sof\u00eda para apoyar a la investigaci\u00f3n en Alzheimer, bajo el slogan \u201cImagina que toda una sociedad se pone a recordar\u201d, Sra.Rushmore ha creado este proyecto. Con ese nombre se engloba una serie de productos y servicios que los colaboradores participantes en el proyecto han querido reeditar y sacar al mercado,...\" \/>\n<meta property=\"og:url\" content=\"https:\/\/www.creaerte.com\/live\/edicion-recuerda\/\" \/>\n<meta property=\"og:site_name\" content=\"creaerte.com\" \/>\n<meta property=\"article:publisher\" content=\"https:\/\/www.facebook.com\/creaerte\" \/>\n<meta property=\"article:published_time\" content=\"2014-04-14T11:16:28+00:00\" \/>\n<meta property=\"og:image\" content=\"https:\/\/www.creaerte.com\/live\/wp-content\/uploads\/2014\/04\/recuerda.jpg\" \/>\n\t<meta property=\"og:image:width\" content=\"615\" \/>\n\t<meta property=\"og:image:height\" content=\"870\" \/>\n\t<meta property=\"og:image:type\" content=\"image\/jpeg\" \/>\n<meta name=\"author\" content=\"admin\" \/>\n<meta name=\"twitter:card\" content=\"summary_large_image\" \/>\n<meta name=\"twitter:creator\" content=\"@Creaerte\" \/>\n<meta name=\"twitter:site\" content=\"@Creaerte\" \/>\n<meta name=\"twitter:label1\" content=\"Escrito por\" \/>\n\t<meta name=\"twitter:data1\" content=\"admin\" \/>\n\t<meta name=\"twitter:label2\" content=\"Tiempo de lectura\" \/>\n\t<meta name=\"twitter:data2\" content=\"1 minuto\" \/>\n<script type=\"application\/ld+json\" class=\"yoast-schema-graph\">{\"@context\":\"https:\/\/schema.org\",\"@graph\":[{\"@type\":\"Article\",\"@id\":\"https:\/\/www.creaerte.com\/live\/edicion-recuerda\/#article\",\"isPartOf\":{\"@id\":\"https:\/\/www.creaerte.com\/live\/edicion-recuerda\/\"},\"author\":{\"name\":\"admin\",\"@id\":\"https:\/\/www.creaerte.com\/live\/#\/schema\/person\/acc9e93c6216bce2d569b1f0a99607f6\"},\"headline\":\"Edici\u00f3n recuerda\",\"datePublished\":\"2014-04-14T11:16:28+00:00\",\"mainEntityOfPage\":{\"@id\":\"https:\/\/www.creaerte.com\/live\/edicion-recuerda\/\"},\"wordCount\":137,\"commentCount\":0,\"image\":{\"@id\":\"https:\/\/www.creaerte.com\/live\/edicion-recuerda\/#primaryimage\"},\"thumbnailUrl\":\"https:\/\/www.creaerte.com\/live\/wp-content\/uploads\/2014\/04\/recuerda.jpg\",\"keywords\":[\"comunicaci\u00f3n\",\"creatividad\",\"dise\u00f1o\",\"Noticias\",\"publicidad\"],\"articleSection\":[\"Noticias\",\"Publicidad Emocional\"],\"inLanguage\":\"es\",\"potentialAction\":[{\"@type\":\"CommentAction\",\"name\":\"Comment\",\"target\":[\"https:\/\/www.creaerte.com\/live\/edicion-recuerda\/#respond\"]}]},{\"@type\":\"WebPage\",\"@id\":\"https:\/\/www.creaerte.com\/live\/edicion-recuerda\/\",\"url\":\"https:\/\/www.creaerte.com\/live\/edicion-recuerda\/\",\"name\":\"Edici\u00f3n recuerda - creaerte.com\",\"isPartOf\":{\"@id\":\"https:\/\/www.creaerte.com\/live\/#website\"},\"primaryImageOfPage\":{\"@id\":\"https:\/\/www.creaerte.com\/live\/edicion-recuerda\/#primaryimage\"},\"image\":{\"@id\":\"https:\/\/www.creaerte.com\/live\/edicion-recuerda\/#primaryimage\"},\"thumbnailUrl\":\"https:\/\/www.creaerte.com\/live\/wp-content\/uploads\/2014\/04\/recuerda.jpg\",\"datePublished\":\"2014-04-14T11:16:28+00:00\",\"author\":{\"@id\":\"https:\/\/www.creaerte.com\/live\/#\/schema\/person\/acc9e93c6216bce2d569b1f0a99607f6\"},\"inLanguage\":\"es\",\"potentialAction\":[{\"@type\":\"ReadAction\",\"target\":[\"https:\/\/www.creaerte.com\/live\/edicion-recuerda\/\"]}]},{\"@type\":\"ImageObject\",\"inLanguage\":\"es\",\"@id\":\"https:\/\/www.creaerte.com\/live\/edicion-recuerda\/#primaryimage\",\"url\":\"https:\/\/www.creaerte.com\/live\/wp-content\/uploads\/2014\/04\/recuerda.jpg\",\"contentUrl\":\"https:\/\/www.creaerte.com\/live\/wp-content\/uploads\/2014\/04\/recuerda.jpg\",\"width\":615,\"height\":870},{\"@type\":\"WebSite\",\"@id\":\"https:\/\/www.creaerte.com\/live\/#website\",\"url\":\"https:\/\/www.creaerte.com\/live\/\",\"name\":\"creaerte.com\",\"description\":\"Agencia de publicidad, comunicaci\u00f3n y marketing en C\u00e1ceres \u2022 Extremadura\",\"potentialAction\":[{\"@type\":\"SearchAction\",\"target\":{\"@type\":\"EntryPoint\",\"urlTemplate\":\"https:\/\/www.creaerte.com\/live\/?s={search_term_string}\"},\"query-input\":{\"@type\":\"PropertyValueSpecification\",\"valueRequired\":true,\"valueName\":\"search_term_string\"}}],\"inLanguage\":\"es\"},{\"@type\":\"Person\",\"@id\":\"https:\/\/www.creaerte.com\/live\/#\/schema\/person\/acc9e93c6216bce2d569b1f0a99607f6\",\"name\":\"admin\",\"image\":{\"@type\":\"ImageObject\",\"inLanguage\":\"es\",\"@id\":\"https:\/\/www.creaerte.com\/live\/#\/schema\/person\/image\/\",\"url\":\"https:\/\/secure.gravatar.com\/avatar\/736f9ff6dd176e443e4c9cf884b23352631c533b611f216dbc09fc84cda6e67c?s=96&d=mm&r=g\",\"contentUrl\":\"https:\/\/secure.gravatar.com\/avatar\/736f9ff6dd176e443e4c9cf884b23352631c533b611f216dbc09fc84cda6e67c?s=96&d=mm&r=g\",\"caption\":\"admin\"},\"url\":\"https:\/\/www.creaerte.com\/live\/author\/admin\/\"}]}<\/script>\n<!-- \/ Yoast SEO plugin. -->","yoast_head_json":{"title":"Edici\u00f3n recuerda - creaerte.com","robots":{"index":"index","follow":"follow","max-snippet":"max-snippet:-1","max-image-preview":"max-image-preview:large","max-video-preview":"max-video-preview:-1"},"canonical":"https:\/\/www.creaerte.com\/live\/edicion-recuerda\/","og_locale":"es_ES","og_type":"article","og_title":"Edici\u00f3n recuerda - creaerte.com","og_description":"Edici\u00f3n recuerda es el nuevo proyecto de la Fundaci\u00f3n Reina Sof\u00eda para apoyar a la investigaci\u00f3n en Alzheimer, bajo el slogan \u201cImagina que toda una sociedad se pone a recordar\u201d, Sra.Rushmore ha creado este proyecto. Con ese nombre se engloba una serie de productos y servicios que los colaboradores participantes en el proyecto han querido reeditar y sacar al mercado,...","og_url":"https:\/\/www.creaerte.com\/live\/edicion-recuerda\/","og_site_name":"creaerte.com","article_publisher":"https:\/\/www.facebook.com\/creaerte","article_published_time":"2014-04-14T11:16:28+00:00","og_image":[{"width":615,"height":870,"url":"https:\/\/www.creaerte.com\/live\/wp-content\/uploads\/2014\/04\/recuerda.jpg","type":"image\/jpeg"}],"author":"admin","twitter_card":"summary_large_image","twitter_creator":"@Creaerte","twitter_site":"@Creaerte","twitter_misc":{"Escrito por":"admin","Tiempo de lectura":"1 minuto"},"schema":{"@context":"https:\/\/schema.org","@graph":[{"@type":"Article","@id":"https:\/\/www.creaerte.com\/live\/edicion-recuerda\/#article","isPartOf":{"@id":"https:\/\/www.creaerte.com\/live\/edicion-recuerda\/"},"author":{"name":"admin","@id":"https:\/\/www.creaerte.com\/live\/#\/schema\/person\/acc9e93c6216bce2d569b1f0a99607f6"},"headline":"Edici\u00f3n recuerda","datePublished":"2014-04-14T11:16:28+00:00","mainEntityOfPage":{"@id":"https:\/\/www.creaerte.com\/live\/edicion-recuerda\/"},"wordCount":137,"commentCount":0,"image":{"@id":"https:\/\/www.creaerte.com\/live\/edicion-recuerda\/#primaryimage"},"thumbnailUrl":"https:\/\/www.creaerte.com\/live\/wp-content\/uploads\/2014\/04\/recuerda.jpg","keywords":["comunicaci\u00f3n","creatividad","dise\u00f1o","Noticias","publicidad"],"articleSection":["Noticias","Publicidad Emocional"],"inLanguage":"es","potentialAction":[{"@type":"CommentAction","name":"Comment","target":["https:\/\/www.creaerte.com\/live\/edicion-recuerda\/#respond"]}]},{"@type":"WebPage","@id":"https:\/\/www.creaerte.com\/live\/edicion-recuerda\/","url":"https:\/\/www.creaerte.com\/live\/edicion-recuerda\/","name":"Edici\u00f3n recuerda - creaerte.com","isPartOf":{"@id":"https:\/\/www.creaerte.com\/live\/#website"},"primaryImageOfPage":{"@id":"https:\/\/www.creaerte.com\/live\/edicion-recuerda\/#primaryimage"},"image":{"@id":"https:\/\/www.creaerte.com\/live\/edicion-recuerda\/#primaryimage"},"thumbnailUrl":"https:\/\/www.creaerte.com\/live\/wp-content\/uploads\/2014\/04\/recuerda.jpg","datePublished":"2014-04-14T11:16:28+00:00","author":{"@id":"https:\/\/www.creaerte.com\/live\/#\/schema\/person\/acc9e93c6216bce2d569b1f0a99607f6"},"inLanguage":"es","potentialAction":[{"@type":"ReadAction","target":["https:\/\/www.creaerte.com\/live\/edicion-recuerda\/"]}]},{"@type":"ImageObject","inLanguage":"es","@id":"https:\/\/www.creaerte.com\/live\/edicion-recuerda\/#primaryimage","url":"https:\/\/www.creaerte.com\/live\/wp-content\/uploads\/2014\/04\/recuerda.jpg","contentUrl":"https:\/\/www.creaerte.com\/live\/wp-content\/uploads\/2014\/04\/recuerda.jpg","width":615,"height":870},{"@type":"WebSite","@id":"https:\/\/www.creaerte.com\/live\/#website","url":"https:\/\/www.creaerte.com\/live\/","name":"creaerte.com","description":"Agencia de publicidad, comunicaci\u00f3n y marketing en C\u00e1ceres \u2022 Extremadura","potentialAction":[{"@type":"SearchAction","target":{"@type":"EntryPoint","urlTemplate":"https:\/\/www.creaerte.com\/live\/?s={search_term_string}"},"query-input":{"@type":"PropertyValueSpecification","valueRequired":true,"valueName":"search_term_string"}}],"inLanguage":"es"},{"@type":"Person","@id":"https:\/\/www.creaerte.com\/live\/#\/schema\/person\/acc9e93c6216bce2d569b1f0a99607f6","name":"admin","image":{"@type":"ImageObject","inLanguage":"es","@id":"https:\/\/www.creaerte.com\/live\/#\/schema\/person\/image\/","url":"https:\/\/secure.gravatar.com\/avatar\/736f9ff6dd176e443e4c9cf884b23352631c533b611f216dbc09fc84cda6e67c?s=96&d=mm&r=g","contentUrl":"https:\/\/secure.gravatar.com\/avatar\/736f9ff6dd176e443e4c9cf884b23352631c533b611f216dbc09fc84cda6e67c?s=96&d=mm&r=g","caption":"admin"},"url":"https:\/\/www.creaerte.com\/live\/author\/admin\/"}]}},"_links":{"self":[{"href":"https:\/\/www.creaerte.com\/live\/wp-json\/wp\/v2\/posts\/13886","targetHints":{"allow":["GET"]}}],"collection":[{"href":"https:\/\/www.creaerte.com\/live\/wp-json\/wp\/v2\/posts"}],"about":[{"href":"https:\/\/www.creaerte.com\/live\/wp-json\/wp\/v2\/types\/post"}],"author":[{"embeddable":true,"href":"https:\/\/www.creaerte.com\/live\/wp-json\/wp\/v2\/users\/1"}],"replies":[{"embeddable":true,"href":"https:\/\/www.creaerte.com\/live\/wp-json\/wp\/v2\/comments?post=13886"}],"version-history":[{"count":0,"href":"https:\/\/www.creaerte.com\/live\/wp-json\/wp\/v2\/posts\/13886\/revisions"}],"wp:featuredmedia":[{"embeddable":true,"href":"https:\/\/www.creaerte.com\/live\/wp-json\/wp\/v2\/media\/13889"}],"wp:attachment":[{"href":"https:\/\/www.creaerte.com\/live\/wp-json\/wp\/v2\/media?parent=13886"}],"wp:term":[{"taxonomy":"category","embeddable":true,"href":"https:\/\/www.creaerte.com\/live\/wp-json\/wp\/v2\/categories?post=13886"},{"taxonomy":"post_tag","embeddable":true,"href":"https:\/\/www.creaerte.com\/live\/wp-json\/wp\/v2\/tags?post=13886"}],"curies":[{"name":"wp","href":"https:\/\/api.w.org\/{rel}","templated":true}]}}