{"id":1415,"date":"2011-02-07T09:07:41","date_gmt":"2011-02-07T08:07:41","guid":{"rendered":"http:\/\/creaerte.com\/live\/?p=1415"},"modified":"2011-02-07T10:50:16","modified_gmt":"2011-02-07T09:50:16","slug":"in-fraganti-con-conrado-gomez","status":"publish","type":"post","link":"https:\/\/www.creaerte.com\/live\/in-fraganti-con-conrado-gomez\/","title":{"rendered":"IN FRAGANTI! con CONRADO G\u00d3MEZ!"},"content":{"rendered":"<p><img fetchpriority=\"high\" decoding=\"async\" class=\"alignnone\" src=\"\/live\/wp-content\/uploads\/2011\/02\/infraganti%20conrado.jpg\" alt=\"\" width=\"514\" height=\"198\" \/><\/p>\n<p>Como dir\u00eda un Ricky Gervais de la vida, \u00abhe aqu\u00ed un tipo que no necesita presentaci\u00f3n, y como no la necesita, no se la voy a hacer\u00bb. Nah, es broma. Un momento.. ah\u00ed va.<\/p>\n<p>La mayor\u00eda de vosotros ya le conoc\u00e9is, y los que no, deber\u00eda\u00eds. Emprendedor, solidario, despierto y muy h\u00e1bil con esa entelequia conocida como \u00abrelaciones sociales\u00bb. Su semanario es ya una referencia en el d\u00eda a d\u00eda de la ciudad de C\u00e1ceres y, a pesar de las dificultades, no s\u00f3lo no piensa rendirse, sino que para \u00e9l, seguir adelante es la \u00fanica opci\u00f3n. De alguna manera, conseguimos que dejara por un momento sus m\u00faltiples quehaceres y, bajo coacci\u00f3n y amenazas, nos las apa\u00f1amos para que se pusiera un rato al otro lado de la barra. Para un experto entrevistador como \u00e9l, no debe haber sido plato de gusto tener que contestar las impertinencias que leer\u00e1s aqu\u00ed abajo. O bueno, quiz\u00e1s s\u00ed. Este hombre es, como dir\u00eda el t\u00f3pico, gran periodista y mejor persona. \u00a1Amigo, muchas gracias!<\/p>\n<p>Buenos d\u00edas, Sr. G\u00f3mez! Bienvenido a la edici\u00f3n matinal de Infraganti!,  un invento del demonio a mayor gloria del que pregunta y no del que  responde. \u00bfPodr\u00e1 usted estar a la altura? Ve\u00e1moslo!<\/p>\n<p><strong>\u2022 Por favor, introduzca aqu\u00ed su nombre y contrase\u00f1a del banco.<\/strong><\/p>\n<p>Tengo que mirarlo. El m\u00edo es el de enfrente de El Bici.<\/p>\n<p><strong>\u2022 \u00bfHas tomado caf\u00e9 ya? \u00bfCu\u00e1ntos caen al d\u00eda?<\/strong><\/p>\n<p>El de primera hora ya est\u00e1 en sangre. Como 3 \u00f3 4, y de ellos, s\u00f3lo se me cae uno.<\/p>\n<p><strong>\u2022  Imagino que est\u00e1s sentado en un confortable despacho climatizado, a no  ser que est\u00e9s contestando a esto desde el tel\u00e9fono sentado en un banco  del parque. En tal caso, la siguiente pregunta no tendr\u00eda sentido. Sin  mirar, \u00bfa cu\u00e1ntos grados tienes la calefacci\u00f3n?<\/strong><\/p>\n<p>Clima tropical. Despu\u00e9s lo apago, como cuando calientas el horno para las pizzas.<\/p>\n<p><strong>\u2022 \u00bfHay dos sin tres?<\/strong><\/p>\n<p>ni d\u00eda sin ma\u00f1ana&#8230;<\/p>\n<p><strong>\u2022 Has comenzado una nueva aventura empresarial, Amantesdementes. La pregunta es: \u00bfest\u00e1s chalado o qu\u00e9?<\/strong><\/p>\n<p>La creaci\u00f3n tiene una dosis de locura y otra de pasi\u00f3n. Y mezclada a partes iguales es letal, jajaja&#8230;<\/p>\n<p><strong>\u2022 Ya veo que es temporada de cambios. Y hablando de cambios, \u00bft\u00fa cada cuanto cambias las s\u00e1banas?<\/strong><\/p>\n<p>Depende por qu\u00e9 me las quieran cambiar, claro.<\/p>\n<p><strong>\u2022  No pasa un verano sin que ahueques el ala en plan Pek\u00edn Express:  Bolivia, Sicilia&#8230; alguna otra -ilia por visitar? \u00bfBielorrusilia,  quiz\u00e1s?<\/strong><\/p>\n<p>Necesito cambiar de aires para no achicar miras, para  contrastar realidades y apreciar el hecho de haber nacido en el Primer  Mundo, algo totalmente accidental. Me perder\u00eda por Indilia, Vietnamilia,  Nicarag\u00fcilla&#8230; hay tantos!!!<\/p>\n<p><strong>\u2022 La respuesta es \u00abyo s\u00f3lo quer\u00eda hacerle una foto a esa vaca\u00bb. \u00bfCu\u00e1l es la pregunta?<\/strong><\/p>\n<p>. A sus a\u00f1os&#8230; \u00bfy vestido de pastorcillo?<\/p>\n<p><strong>\u2022 \u00bfHablas solo?<\/strong><\/p>\n<p>Pienso en alto, para ver si sigue siendo igual de est\u00fapido al decirlo. Muy recomendable y terap\u00e9utico!<\/p>\n<p><strong>\u2022  Ok, al l\u00edo. Tema Sinde. A m\u00ed me da igual que cierren las webs que  cuelgan pel\u00edculas, la verdad. Pero que cierren Rojadirecta&#8230;. \u00a1por ah\u00ed  no paso! \u00bfEstamos de acuerdo?<\/strong><\/p>\n<p>No la visito mucho, la verdad.  Sra Sinde, no se empe\u00f1e en ponerle barreras al campo. Como pareja de  parch\u00eds, no s\u00e9, pero como ministra es terrible!!<\/p>\n<p><strong>\u2022 M\u00e1s l\u00edo: \u00bfQu\u00e9 tal te cae Mourinho? \u00bfLo ves m\u00e1s como un gestor post-mouderno o como un mouchuelo de tres al cuarto?<\/strong><\/p>\n<p>En una espiral de egocentrismo acaba por no soportarse a s\u00ed mismo. No me quita el sue\u00f1o.<\/p>\n<p><strong>Muchas gracias. Hablemos de periodismo:<br \/>\n<\/strong><br \/>\n<strong>\u2022 A t\u00ed, encima, es que te gusta, \u00bfno?<\/strong><\/p>\n<p>No  lo puedo evitar. Creo que es de las pocas profesiones que a\u00fan pueden contribuir a que el mundo sea mejor, aunque a este paso&#8230;<\/p>\n<p><strong>\u2022  Sabemos que eres fan de Mara Torres, pero mejor te voy a preguntar por  las desenfadadas chicas de la Sexta. \u00bfAlguna preferencia?<\/strong><\/p>\n<p>Mara es un encanto. \u00bfEn la sexta? Tengo debilidad por el sentido del humor de Patricia Conde.<\/p>\n<p><strong>\u2022 No me  importa confesar que la mayor\u00eda de columnas que escrib\u00ed para tu  semanario las hice bajo un importante estado de semi-cogorza. \u00bfQu\u00e9 otro  colaborador crees que sigue tan sana costumbre?<\/strong><\/p>\n<p>Jajajaja&#8230;  no me tires de la lengua, querido amigo. El cogorcismo y arrrebatos  emocionales varios son imprescindibles para hacer columnas incendiarias.<\/p>\n<p><strong>\u2022 El Emporio Avuelapluma se aventur\u00f3 en la inh\u00f3spita ciudad de Badajoz con desiguales resultados. \u00bfQu\u00e9 fue lo que sali\u00f3 mal?<\/strong><\/p>\n<p>Yo dir\u00eda que s\u00f3lo se intent\u00f3 una vez. Volveremos.<\/p>\n<p><strong>\u2022 Despu\u00e9s de tantos a\u00f1os, \u00bfte pones nervioso en los cierres?<\/strong><\/p>\n<p>S\u00f3lo  si me encienden las luces antes de que acabe With or without  you&#8230;jeje; en el peri\u00f3dico te acabas acostumbrando. Eso s\u00ed, tengo  an\u00e9cdotas buen\u00edsimas cuando hac\u00eda pr\u00e1cticas en Madrid justo en ese  momento. Pero eso, como dice Conan, es otra historia.<\/p>\n<p><strong>\u2022 Confiesa sin miedo: eres de los que vamos escribiendo mentalmente las cosas mientras cruzamos C\u00e1novas, \u00bfverdad?<\/strong><\/p>\n<p>Voy  tirando de la memoria cach\u00e9. Al d\u00eda se me ocurren un buen pu\u00f1ado de  ideas totalmente absurdas, algunas acaban convierti\u00e9ndose en realidad.  Las otras dormitan en el subconscienten esperando a que el mundo est\u00e9  preparado para digerirlas. Me encanta C\u00e1novas, uno de los \u00faltimos  reductos donde la gente sale a pasear.<\/p>\n<p>Estupendo. Sigamos hasta la traca final:<\/p>\n<p><strong>\u2022 Egipto, T\u00fanez&#8230; \u00bfcuando las barbas de tu vecino veas pelar&#8230;?<\/strong><\/p>\n<p>. &#8230;de ellos aprender\u00e1s. Estamos viviendo un momento hist\u00f3rico!!<\/p>\n<p><strong>\u2022 A todo esto, \u00bfsabes que hace un egipcio cuando se aburre?<\/strong><\/p>\n<p>Se va a la Plaza de Tahrir a tirar piedras y clamar por libertad.  Esto es, como un botell\u00f3n prolongado de los de anta\u00f1o, pero sin que  llegue Conyser con las mangueras.<\/p>\n<p><strong>\u2022 Ese gran l\u00edder europeo, Don Silvio&#8230; \u00bfes un truh\u00e1n, es un se\u00f1or, algo bohemio y so\u00f1ador?<\/strong><\/p>\n<p>Es un caradura, que utiliza las leyes y los medios para su beneficio  propio. Como en todas partes, pero mucho m\u00e1s descarado. Y lo m\u00e1s  curioso, es que sale siempre de rositas.<\/p>\n<p><strong>\u2022 Por cierto,  t\u00fa que te manejas bien en el mundo del canap\u00e9&#8230; \u00bfd\u00f3nde ponen los mejores?<\/strong><\/p>\n<p>Seg\u00fan los cazapinchos, pueden surgir en cualquier momento sin previo  aviso, si son de catering (Zeta Jones). Si son de pago&#8230; \u00faltimamente  frecuentamos mucho la nueva taper\u00eda de Pintores.<\/p>\n<p><strong>\u2022  Ojo, que esta es a traici\u00f3n: una vez estaba en uno de tus Premios  Avuelapluma y Francisco Javier Castellano, sin conocerme, se me acerc\u00f3,  me toc\u00f3 un poco el hombro y me dijo, con tono paternalista: \u00abP\u00f3rtate  bien, eh\u00bb. \u00bfT\u00fa sabes qu\u00e9 rayos quiso decir?<\/strong><\/p>\n<p>Jajajaja&#8230; en estados de semi-cogorza no s\u00f3lo se escriben columnas&#8230;jajaja<\/p>\n<p><strong>\u2022 Hablando de Premios Avuelapluma: enrr\u00f3llate y ch\u00edvanos alg\u00fan premiado que ya tengas en mente&#8230;<\/strong><\/p>\n<p>Ya me gustar\u00eda, amigo, pero prefiero que sea una sorpresa!!! Te chivo, eso s\u00ed, que estar\u00e1 al menos tan bien como el a\u00f1o pasado.<\/p>\n<p><strong>\u2022 Pues, nada, \u00a1esto ha sido todo!. \u00bfAlgo m\u00e1s que a\u00f1adir? \u00bfUn poco de sal, quiz\u00e1?<\/strong><\/p>\n<p>Muchas gracias. Ha sido un placer. \u00bfUn caf\u00e9?<\/p>\n","protected":false},"excerpt":{"rendered":"<p>Como dir\u00eda un Ricky Gervais de la vida, \u00abhe aqu\u00ed un tipo que no necesita presentaci\u00f3n, y como no la necesita, no se la voy a hacer\u00bb. Nah, es broma. Un momento.. ah\u00ed va. La mayor\u00eda de vosotros ya le conoc\u00e9is, y los que no, deber\u00eda\u00eds. Emprendedor, solidario, despierto y muy h\u00e1bil con esa entelequia conocida como \u00abrelaciones sociales\u00bb. Su&#8230;<\/p>\n","protected":false},"author":1,"featured_media":0,"comment_status":"open","ping_status":"open","sticky":false,"template":"","format":"standard","meta":{"footnotes":""},"categories":[21,10],"tags":[11,1185],"class_list":["post-1415","post","type-post","status-publish","format-standard","hentry","category-in-fraganti","category-noticias","tag-nosotros","tag-noticias","has_thumb"],"yoast_head":"<!-- This site is optimized with the Yoast SEO plugin v26.9 - https:\/\/yoast.com\/product\/yoast-seo-wordpress\/ -->\n<title>IN FRAGANTI! con CONRADO G\u00d3MEZ!  - creaerte.com<\/title>\n<meta name=\"robots\" content=\"index, follow, max-snippet:-1, max-image-preview:large, max-video-preview:-1\" \/>\n<link rel=\"canonical\" href=\"https:\/\/www.creaerte.com\/live\/in-fraganti-con-conrado-gomez\/\" \/>\n<meta property=\"og:locale\" content=\"es_ES\" \/>\n<meta property=\"og:type\" content=\"article\" \/>\n<meta property=\"og:title\" content=\"IN FRAGANTI! con CONRADO G\u00d3MEZ!  - creaerte.com\" \/>\n<meta property=\"og:description\" content=\"Como dir\u00eda un Ricky Gervais de la vida, \u00abhe aqu\u00ed un tipo que no necesita presentaci\u00f3n, y como no la necesita, no se la voy a hacer\u00bb. Nah, es broma. Un momento.. ah\u00ed va. La mayor\u00eda de vosotros ya le conoc\u00e9is, y los que no, deber\u00eda\u00eds. Emprendedor, solidario, despierto y muy h\u00e1bil con esa entelequia conocida como \u00abrelaciones sociales\u00bb. Su...\" \/>\n<meta property=\"og:url\" content=\"https:\/\/www.creaerte.com\/live\/in-fraganti-con-conrado-gomez\/\" \/>\n<meta property=\"og:site_name\" content=\"creaerte.com\" \/>\n<meta property=\"article:publisher\" content=\"https:\/\/www.facebook.com\/creaerte\" \/>\n<meta property=\"article:published_time\" content=\"2011-02-07T08:07:41+00:00\" \/>\n<meta property=\"article:modified_time\" content=\"2011-02-07T09:50:16+00:00\" \/>\n<meta name=\"author\" content=\"admin\" \/>\n<meta name=\"twitter:card\" content=\"summary_large_image\" \/>\n<meta name=\"twitter:creator\" content=\"@Creaerte\" \/>\n<meta name=\"twitter:site\" content=\"@Creaerte\" \/>\n<meta name=\"twitter:label1\" content=\"Escrito por\" \/>\n\t<meta name=\"twitter:data1\" content=\"admin\" \/>\n\t<meta name=\"twitter:label2\" content=\"Tiempo de lectura\" \/>\n\t<meta name=\"twitter:data2\" content=\"6 minutos\" \/>\n<script type=\"application\/ld+json\" class=\"yoast-schema-graph\">{\"@context\":\"https:\/\/schema.org\",\"@graph\":[{\"@type\":\"Article\",\"@id\":\"https:\/\/www.creaerte.com\/live\/in-fraganti-con-conrado-gomez\/#article\",\"isPartOf\":{\"@id\":\"https:\/\/www.creaerte.com\/live\/in-fraganti-con-conrado-gomez\/\"},\"author\":{\"name\":\"admin\",\"@id\":\"https:\/\/www.creaerte.com\/live\/#\/schema\/person\/acc9e93c6216bce2d569b1f0a99607f6\"},\"headline\":\"IN FRAGANTI! con CONRADO G\u00d3MEZ!\",\"datePublished\":\"2011-02-07T08:07:41+00:00\",\"dateModified\":\"2011-02-07T09:50:16+00:00\",\"mainEntityOfPage\":{\"@id\":\"https:\/\/www.creaerte.com\/live\/in-fraganti-con-conrado-gomez\/\"},\"wordCount\":1227,\"commentCount\":1,\"keywords\":[\"nosotros\",\"Noticias\"],\"articleSection\":[\"IN FRAGANTI\",\"Noticias\"],\"inLanguage\":\"es\",\"potentialAction\":[{\"@type\":\"CommentAction\",\"name\":\"Comment\",\"target\":[\"https:\/\/www.creaerte.com\/live\/in-fraganti-con-conrado-gomez\/#respond\"]}]},{\"@type\":\"WebPage\",\"@id\":\"https:\/\/www.creaerte.com\/live\/in-fraganti-con-conrado-gomez\/\",\"url\":\"https:\/\/www.creaerte.com\/live\/in-fraganti-con-conrado-gomez\/\",\"name\":\"IN FRAGANTI! con CONRADO G\u00d3MEZ! - creaerte.com\",\"isPartOf\":{\"@id\":\"https:\/\/www.creaerte.com\/live\/#website\"},\"datePublished\":\"2011-02-07T08:07:41+00:00\",\"dateModified\":\"2011-02-07T09:50:16+00:00\",\"author\":{\"@id\":\"https:\/\/www.creaerte.com\/live\/#\/schema\/person\/acc9e93c6216bce2d569b1f0a99607f6\"},\"inLanguage\":\"es\",\"potentialAction\":[{\"@type\":\"ReadAction\",\"target\":[\"https:\/\/www.creaerte.com\/live\/in-fraganti-con-conrado-gomez\/\"]}]},{\"@type\":\"WebSite\",\"@id\":\"https:\/\/www.creaerte.com\/live\/#website\",\"url\":\"https:\/\/www.creaerte.com\/live\/\",\"name\":\"creaerte.com\",\"description\":\"Agencia de publicidad, comunicaci\u00f3n y marketing en C\u00e1ceres \u2022 Extremadura\",\"potentialAction\":[{\"@type\":\"SearchAction\",\"target\":{\"@type\":\"EntryPoint\",\"urlTemplate\":\"https:\/\/www.creaerte.com\/live\/?s={search_term_string}\"},\"query-input\":{\"@type\":\"PropertyValueSpecification\",\"valueRequired\":true,\"valueName\":\"search_term_string\"}}],\"inLanguage\":\"es\"},{\"@type\":\"Person\",\"@id\":\"https:\/\/www.creaerte.com\/live\/#\/schema\/person\/acc9e93c6216bce2d569b1f0a99607f6\",\"name\":\"admin\",\"image\":{\"@type\":\"ImageObject\",\"inLanguage\":\"es\",\"@id\":\"https:\/\/www.creaerte.com\/live\/#\/schema\/person\/image\/\",\"url\":\"https:\/\/secure.gravatar.com\/avatar\/736f9ff6dd176e443e4c9cf884b23352631c533b611f216dbc09fc84cda6e67c?s=96&d=mm&r=g\",\"contentUrl\":\"https:\/\/secure.gravatar.com\/avatar\/736f9ff6dd176e443e4c9cf884b23352631c533b611f216dbc09fc84cda6e67c?s=96&d=mm&r=g\",\"caption\":\"admin\"},\"url\":\"https:\/\/www.creaerte.com\/live\/author\/admin\/\"}]}<\/script>\n<!-- \/ Yoast SEO plugin. -->","yoast_head_json":{"title":"IN FRAGANTI! con CONRADO G\u00d3MEZ!  - creaerte.com","robots":{"index":"index","follow":"follow","max-snippet":"max-snippet:-1","max-image-preview":"max-image-preview:large","max-video-preview":"max-video-preview:-1"},"canonical":"https:\/\/www.creaerte.com\/live\/in-fraganti-con-conrado-gomez\/","og_locale":"es_ES","og_type":"article","og_title":"IN FRAGANTI! con CONRADO G\u00d3MEZ!  - creaerte.com","og_description":"Como dir\u00eda un Ricky Gervais de la vida, \u00abhe aqu\u00ed un tipo que no necesita presentaci\u00f3n, y como no la necesita, no se la voy a hacer\u00bb. Nah, es broma. Un momento.. ah\u00ed va. La mayor\u00eda de vosotros ya le conoc\u00e9is, y los que no, deber\u00eda\u00eds. Emprendedor, solidario, despierto y muy h\u00e1bil con esa entelequia conocida como \u00abrelaciones sociales\u00bb. Su...","og_url":"https:\/\/www.creaerte.com\/live\/in-fraganti-con-conrado-gomez\/","og_site_name":"creaerte.com","article_publisher":"https:\/\/www.facebook.com\/creaerte","article_published_time":"2011-02-07T08:07:41+00:00","article_modified_time":"2011-02-07T09:50:16+00:00","author":"admin","twitter_card":"summary_large_image","twitter_creator":"@Creaerte","twitter_site":"@Creaerte","twitter_misc":{"Escrito por":"admin","Tiempo de lectura":"6 minutos"},"schema":{"@context":"https:\/\/schema.org","@graph":[{"@type":"Article","@id":"https:\/\/www.creaerte.com\/live\/in-fraganti-con-conrado-gomez\/#article","isPartOf":{"@id":"https:\/\/www.creaerte.com\/live\/in-fraganti-con-conrado-gomez\/"},"author":{"name":"admin","@id":"https:\/\/www.creaerte.com\/live\/#\/schema\/person\/acc9e93c6216bce2d569b1f0a99607f6"},"headline":"IN FRAGANTI! con CONRADO G\u00d3MEZ!","datePublished":"2011-02-07T08:07:41+00:00","dateModified":"2011-02-07T09:50:16+00:00","mainEntityOfPage":{"@id":"https:\/\/www.creaerte.com\/live\/in-fraganti-con-conrado-gomez\/"},"wordCount":1227,"commentCount":1,"keywords":["nosotros","Noticias"],"articleSection":["IN FRAGANTI","Noticias"],"inLanguage":"es","potentialAction":[{"@type":"CommentAction","name":"Comment","target":["https:\/\/www.creaerte.com\/live\/in-fraganti-con-conrado-gomez\/#respond"]}]},{"@type":"WebPage","@id":"https:\/\/www.creaerte.com\/live\/in-fraganti-con-conrado-gomez\/","url":"https:\/\/www.creaerte.com\/live\/in-fraganti-con-conrado-gomez\/","name":"IN FRAGANTI! con CONRADO G\u00d3MEZ! - creaerte.com","isPartOf":{"@id":"https:\/\/www.creaerte.com\/live\/#website"},"datePublished":"2011-02-07T08:07:41+00:00","dateModified":"2011-02-07T09:50:16+00:00","author":{"@id":"https:\/\/www.creaerte.com\/live\/#\/schema\/person\/acc9e93c6216bce2d569b1f0a99607f6"},"inLanguage":"es","potentialAction":[{"@type":"ReadAction","target":["https:\/\/www.creaerte.com\/live\/in-fraganti-con-conrado-gomez\/"]}]},{"@type":"WebSite","@id":"https:\/\/www.creaerte.com\/live\/#website","url":"https:\/\/www.creaerte.com\/live\/","name":"creaerte.com","description":"Agencia de publicidad, comunicaci\u00f3n y marketing en C\u00e1ceres \u2022 Extremadura","potentialAction":[{"@type":"SearchAction","target":{"@type":"EntryPoint","urlTemplate":"https:\/\/www.creaerte.com\/live\/?s={search_term_string}"},"query-input":{"@type":"PropertyValueSpecification","valueRequired":true,"valueName":"search_term_string"}}],"inLanguage":"es"},{"@type":"Person","@id":"https:\/\/www.creaerte.com\/live\/#\/schema\/person\/acc9e93c6216bce2d569b1f0a99607f6","name":"admin","image":{"@type":"ImageObject","inLanguage":"es","@id":"https:\/\/www.creaerte.com\/live\/#\/schema\/person\/image\/","url":"https:\/\/secure.gravatar.com\/avatar\/736f9ff6dd176e443e4c9cf884b23352631c533b611f216dbc09fc84cda6e67c?s=96&d=mm&r=g","contentUrl":"https:\/\/secure.gravatar.com\/avatar\/736f9ff6dd176e443e4c9cf884b23352631c533b611f216dbc09fc84cda6e67c?s=96&d=mm&r=g","caption":"admin"},"url":"https:\/\/www.creaerte.com\/live\/author\/admin\/"}]}},"_links":{"self":[{"href":"https:\/\/www.creaerte.com\/live\/wp-json\/wp\/v2\/posts\/1415","targetHints":{"allow":["GET"]}}],"collection":[{"href":"https:\/\/www.creaerte.com\/live\/wp-json\/wp\/v2\/posts"}],"about":[{"href":"https:\/\/www.creaerte.com\/live\/wp-json\/wp\/v2\/types\/post"}],"author":[{"embeddable":true,"href":"https:\/\/www.creaerte.com\/live\/wp-json\/wp\/v2\/users\/1"}],"replies":[{"embeddable":true,"href":"https:\/\/www.creaerte.com\/live\/wp-json\/wp\/v2\/comments?post=1415"}],"version-history":[{"count":0,"href":"https:\/\/www.creaerte.com\/live\/wp-json\/wp\/v2\/posts\/1415\/revisions"}],"wp:attachment":[{"href":"https:\/\/www.creaerte.com\/live\/wp-json\/wp\/v2\/media?parent=1415"}],"wp:term":[{"taxonomy":"category","embeddable":true,"href":"https:\/\/www.creaerte.com\/live\/wp-json\/wp\/v2\/categories?post=1415"},{"taxonomy":"post_tag","embeddable":true,"href":"https:\/\/www.creaerte.com\/live\/wp-json\/wp\/v2\/tags?post=1415"}],"curies":[{"name":"wp","href":"https:\/\/api.w.org\/{rel}","templated":true}]}}