{"id":14476,"date":"2014-06-11T18:30:37","date_gmt":"2014-06-11T17:30:37","guid":{"rendered":"http:\/\/creaerte.com\/live\/?p=14476"},"modified":"2014-10-06T08:17:04","modified_gmt":"2014-10-06T07:17:04","slug":"nuevo-restyling-de-marca","status":"publish","type":"post","link":"https:\/\/www.creaerte.com\/live\/nuevo-restyling-de-marca\/","title":{"rendered":"Nuevo restyling de marca"},"content":{"rendered":"<p>Renovarse o morir. Una premisa muy arraigada en todos los sectores y a la cual no le falta raz\u00f3n. Aplic\u00e1ndolo a nuestro \u00e1mbito, m\u00e1s concretamente al dise\u00f1o, llega un momento en el que el restilyng de marca es necesario.<\/p>\n<p>Tal era el caso de Indlab, un laboratorio agroalimentario industrial ubicado en Jerez de los Caballeros, Badajoz.<\/p>\n<p>Como cada mi\u00e9rcoles, en <a href=\"http:\/\/creaerte.com\" target=\"_blank\">Cre\u00e6rte,<\/a> os presentamos un nuevo trabajo made at home.<\/p>\n<p style=\"text-align: center;\">\u00a0<a href=\"http:\/\/creaerte.com\/live\/wp-content\/uploads\/2014\/06\/indlabanterior.jpg\"><img fetchpriority=\"high\" decoding=\"async\" class=\"aligncenter size-full wp-image-14477\" style=\"border: 0px;\" alt=\"indlabanterior\" src=\"http:\/\/creaerte.com\/live\/wp-content\/uploads\/2014\/06\/indlabanterior.jpg\" width=\"615\" height=\"277\" srcset=\"https:\/\/www.creaerte.com\/live\/wp-content\/uploads\/2014\/06\/indlabanterior.jpg 615w, https:\/\/www.creaerte.com\/live\/wp-content\/uploads\/2014\/06\/indlabanterior-384x173.jpg 384w\" sizes=\"(max-width: 615px) 100vw, 615px\" \/><\/a> <a href=\"http:\/\/creaerte.com\/live\/wp-content\/uploads\/2014\/06\/indlablogo.jpg\"><img decoding=\"async\" class=\"aligncenter size-full wp-image-14478\" style=\"border: 0px;\" alt=\"indlablogo\" src=\"http:\/\/creaerte.com\/live\/wp-content\/uploads\/2014\/06\/indlablogo.jpg\" width=\"615\" height=\"281\" srcset=\"https:\/\/www.creaerte.com\/live\/wp-content\/uploads\/2014\/06\/indlablogo.jpg 615w, https:\/\/www.creaerte.com\/live\/wp-content\/uploads\/2014\/06\/indlablogo-384x175.jpg 384w\" sizes=\"(max-width: 615px) 100vw, 615px\" \/><\/a> <a href=\"http:\/\/creaerte.com\/live\/wp-content\/uploads\/2014\/06\/indlab-verticallogo.jpg\"><img decoding=\"async\" class=\"aligncenter size-full wp-image-14479\" style=\"border: 0px;\" alt=\"indlab-verticallogo\" src=\"http:\/\/creaerte.com\/live\/wp-content\/uploads\/2014\/06\/indlab-verticallogo.jpg\" width=\"615\" height=\"971\" srcset=\"https:\/\/www.creaerte.com\/live\/wp-content\/uploads\/2014\/06\/indlab-verticallogo.jpg 615w, https:\/\/www.creaerte.com\/live\/wp-content\/uploads\/2014\/06\/indlab-verticallogo-243x384.jpg 243w\" sizes=\"(max-width: 615px) 100vw, 615px\" \/><\/a><\/p>\n","protected":false},"excerpt":{"rendered":"<p>Renovarse o morir. Una premisa muy arraigada en todos los sectores y a la cual no le falta raz\u00f3n. Aplic\u00e1ndolo a nuestro \u00e1mbito, m\u00e1s concretamente al dise\u00f1o, llega un momento en el que el restilyng de marca es necesario. Tal era el caso de Indlab, un laboratorio agroalimentario industrial ubicado en Jerez de los Caballeros, Badajoz. Como cada mi\u00e9rcoles, en&#8230;<\/p>\n","protected":false},"author":1,"featured_media":14482,"comment_status":"open","ping_status":"open","sticky":false,"template":"","format":"standard","meta":{"footnotes":""},"categories":[319,10],"tags":[1191,82,1189,123,127,1185,353],"class_list":["post-14476","post","type-post","status-publish","format-standard","has-post-thumbnail","hentry","category-cosecha-propia","category-noticias","tag-comunicacion","tag-creatividad","tag-diseno","tag-logotipo","tag-marca","tag-noticias","tag-restyling","has_thumb"],"yoast_head":"<!-- This site is optimized with the Yoast SEO plugin v26.9 - https:\/\/yoast.com\/product\/yoast-seo-wordpress\/ -->\n<title>Nuevo restyling de marca - creaerte.com<\/title>\n<meta name=\"description\" content=\"Aplic\u00e1ndolo a nuestro \u00e1mbito, m\u00e1s concretamente al dise\u00f1o, llega un momento en el que el restilyng de marca es necesario.\" \/>\n<meta name=\"robots\" content=\"index, follow, max-snippet:-1, max-image-preview:large, max-video-preview:-1\" \/>\n<link rel=\"canonical\" href=\"https:\/\/www.creaerte.com\/live\/nuevo-restyling-de-marca\/\" \/>\n<meta property=\"og:locale\" content=\"es_ES\" \/>\n<meta property=\"og:type\" content=\"article\" \/>\n<meta property=\"og:title\" content=\"Nuevo restyling de marca - creaerte.com\" \/>\n<meta property=\"og:description\" content=\"Aplic\u00e1ndolo a nuestro \u00e1mbito, m\u00e1s concretamente al dise\u00f1o, llega un momento en el que el restilyng de marca es necesario.\" \/>\n<meta property=\"og:url\" content=\"https:\/\/www.creaerte.com\/live\/nuevo-restyling-de-marca\/\" \/>\n<meta property=\"og:site_name\" content=\"creaerte.com\" \/>\n<meta property=\"article:publisher\" content=\"https:\/\/www.facebook.com\/creaerte\" \/>\n<meta property=\"article:published_time\" content=\"2014-06-11T17:30:37+00:00\" \/>\n<meta property=\"article:modified_time\" content=\"2014-10-06T07:17:04+00:00\" \/>\n<meta property=\"og:image\" content=\"https:\/\/www.creaerte.com\/live\/wp-content\/uploads\/2014\/06\/mini.jpg\" \/>\n\t<meta property=\"og:image:width\" content=\"1193\" \/>\n\t<meta property=\"og:image:height\" content=\"547\" \/>\n\t<meta property=\"og:image:type\" content=\"image\/jpeg\" \/>\n<meta name=\"author\" content=\"admin\" \/>\n<meta name=\"twitter:card\" content=\"summary_large_image\" \/>\n<meta name=\"twitter:creator\" content=\"@Creaerte\" \/>\n<meta name=\"twitter:site\" content=\"@Creaerte\" \/>\n<meta name=\"twitter:label1\" content=\"Escrito por\" \/>\n\t<meta name=\"twitter:data1\" content=\"admin\" \/>\n<script type=\"application\/ld+json\" class=\"yoast-schema-graph\">{\"@context\":\"https:\/\/schema.org\",\"@graph\":[{\"@type\":\"Article\",\"@id\":\"https:\/\/www.creaerte.com\/live\/nuevo-restyling-de-marca\/#article\",\"isPartOf\":{\"@id\":\"https:\/\/www.creaerte.com\/live\/nuevo-restyling-de-marca\/\"},\"author\":{\"name\":\"admin\",\"@id\":\"https:\/\/www.creaerte.com\/live\/#\/schema\/person\/acc9e93c6216bce2d569b1f0a99607f6\"},\"headline\":\"Nuevo restyling de marca\",\"datePublished\":\"2014-06-11T17:30:37+00:00\",\"dateModified\":\"2014-10-06T07:17:04+00:00\",\"mainEntityOfPage\":{\"@id\":\"https:\/\/www.creaerte.com\/live\/nuevo-restyling-de-marca\/\"},\"wordCount\":79,\"commentCount\":0,\"image\":{\"@id\":\"https:\/\/www.creaerte.com\/live\/nuevo-restyling-de-marca\/#primaryimage\"},\"thumbnailUrl\":\"https:\/\/www.creaerte.com\/live\/wp-content\/uploads\/2014\/06\/mini.jpg\",\"keywords\":[\"comunicaci\u00f3n\",\"creatividad\",\"dise\u00f1o\",\"logotipo\",\"marca\",\"Noticias\",\"restyling\"],\"articleSection\":[\"Cosecha propia\",\"Noticias\"],\"inLanguage\":\"es\",\"potentialAction\":[{\"@type\":\"CommentAction\",\"name\":\"Comment\",\"target\":[\"https:\/\/www.creaerte.com\/live\/nuevo-restyling-de-marca\/#respond\"]}]},{\"@type\":\"WebPage\",\"@id\":\"https:\/\/www.creaerte.com\/live\/nuevo-restyling-de-marca\/\",\"url\":\"https:\/\/www.creaerte.com\/live\/nuevo-restyling-de-marca\/\",\"name\":\"Nuevo restyling de marca - creaerte.com\",\"isPartOf\":{\"@id\":\"https:\/\/www.creaerte.com\/live\/#website\"},\"primaryImageOfPage\":{\"@id\":\"https:\/\/www.creaerte.com\/live\/nuevo-restyling-de-marca\/#primaryimage\"},\"image\":{\"@id\":\"https:\/\/www.creaerte.com\/live\/nuevo-restyling-de-marca\/#primaryimage\"},\"thumbnailUrl\":\"https:\/\/www.creaerte.com\/live\/wp-content\/uploads\/2014\/06\/mini.jpg\",\"datePublished\":\"2014-06-11T17:30:37+00:00\",\"dateModified\":\"2014-10-06T07:17:04+00:00\",\"author\":{\"@id\":\"https:\/\/www.creaerte.com\/live\/#\/schema\/person\/acc9e93c6216bce2d569b1f0a99607f6\"},\"description\":\"Aplic\u00e1ndolo a nuestro \u00e1mbito, m\u00e1s concretamente al dise\u00f1o, llega un momento en el que el restilyng de marca es necesario.\",\"inLanguage\":\"es\",\"potentialAction\":[{\"@type\":\"ReadAction\",\"target\":[\"https:\/\/www.creaerte.com\/live\/nuevo-restyling-de-marca\/\"]}]},{\"@type\":\"ImageObject\",\"inLanguage\":\"es\",\"@id\":\"https:\/\/www.creaerte.com\/live\/nuevo-restyling-de-marca\/#primaryimage\",\"url\":\"https:\/\/www.creaerte.com\/live\/wp-content\/uploads\/2014\/06\/mini.jpg\",\"contentUrl\":\"https:\/\/www.creaerte.com\/live\/wp-content\/uploads\/2014\/06\/mini.jpg\",\"width\":1193,\"height\":547},{\"@type\":\"WebSite\",\"@id\":\"https:\/\/www.creaerte.com\/live\/#website\",\"url\":\"https:\/\/www.creaerte.com\/live\/\",\"name\":\"creaerte.com\",\"description\":\"Agencia de publicidad, comunicaci\u00f3n y marketing en C\u00e1ceres \u2022 Extremadura\",\"potentialAction\":[{\"@type\":\"SearchAction\",\"target\":{\"@type\":\"EntryPoint\",\"urlTemplate\":\"https:\/\/www.creaerte.com\/live\/?s={search_term_string}\"},\"query-input\":{\"@type\":\"PropertyValueSpecification\",\"valueRequired\":true,\"valueName\":\"search_term_string\"}}],\"inLanguage\":\"es\"},{\"@type\":\"Person\",\"@id\":\"https:\/\/www.creaerte.com\/live\/#\/schema\/person\/acc9e93c6216bce2d569b1f0a99607f6\",\"name\":\"admin\",\"image\":{\"@type\":\"ImageObject\",\"inLanguage\":\"es\",\"@id\":\"https:\/\/www.creaerte.com\/live\/#\/schema\/person\/image\/\",\"url\":\"https:\/\/secure.gravatar.com\/avatar\/736f9ff6dd176e443e4c9cf884b23352631c533b611f216dbc09fc84cda6e67c?s=96&d=mm&r=g\",\"contentUrl\":\"https:\/\/secure.gravatar.com\/avatar\/736f9ff6dd176e443e4c9cf884b23352631c533b611f216dbc09fc84cda6e67c?s=96&d=mm&r=g\",\"caption\":\"admin\"},\"url\":\"https:\/\/www.creaerte.com\/live\/author\/admin\/\"}]}<\/script>\n<!-- \/ Yoast SEO plugin. -->","yoast_head_json":{"title":"Nuevo restyling de marca - creaerte.com","description":"Aplic\u00e1ndolo a nuestro \u00e1mbito, m\u00e1s concretamente al dise\u00f1o, llega un momento en el que el restilyng de marca es necesario.","robots":{"index":"index","follow":"follow","max-snippet":"max-snippet:-1","max-image-preview":"max-image-preview:large","max-video-preview":"max-video-preview:-1"},"canonical":"https:\/\/www.creaerte.com\/live\/nuevo-restyling-de-marca\/","og_locale":"es_ES","og_type":"article","og_title":"Nuevo restyling de marca - creaerte.com","og_description":"Aplic\u00e1ndolo a nuestro \u00e1mbito, m\u00e1s concretamente al dise\u00f1o, llega un momento en el que el restilyng de marca es necesario.","og_url":"https:\/\/www.creaerte.com\/live\/nuevo-restyling-de-marca\/","og_site_name":"creaerte.com","article_publisher":"https:\/\/www.facebook.com\/creaerte","article_published_time":"2014-06-11T17:30:37+00:00","article_modified_time":"2014-10-06T07:17:04+00:00","og_image":[{"width":1193,"height":547,"url":"https:\/\/www.creaerte.com\/live\/wp-content\/uploads\/2014\/06\/mini.jpg","type":"image\/jpeg"}],"author":"admin","twitter_card":"summary_large_image","twitter_creator":"@Creaerte","twitter_site":"@Creaerte","twitter_misc":{"Escrito por":"admin"},"schema":{"@context":"https:\/\/schema.org","@graph":[{"@type":"Article","@id":"https:\/\/www.creaerte.com\/live\/nuevo-restyling-de-marca\/#article","isPartOf":{"@id":"https:\/\/www.creaerte.com\/live\/nuevo-restyling-de-marca\/"},"author":{"name":"admin","@id":"https:\/\/www.creaerte.com\/live\/#\/schema\/person\/acc9e93c6216bce2d569b1f0a99607f6"},"headline":"Nuevo restyling de marca","datePublished":"2014-06-11T17:30:37+00:00","dateModified":"2014-10-06T07:17:04+00:00","mainEntityOfPage":{"@id":"https:\/\/www.creaerte.com\/live\/nuevo-restyling-de-marca\/"},"wordCount":79,"commentCount":0,"image":{"@id":"https:\/\/www.creaerte.com\/live\/nuevo-restyling-de-marca\/#primaryimage"},"thumbnailUrl":"https:\/\/www.creaerte.com\/live\/wp-content\/uploads\/2014\/06\/mini.jpg","keywords":["comunicaci\u00f3n","creatividad","dise\u00f1o","logotipo","marca","Noticias","restyling"],"articleSection":["Cosecha propia","Noticias"],"inLanguage":"es","potentialAction":[{"@type":"CommentAction","name":"Comment","target":["https:\/\/www.creaerte.com\/live\/nuevo-restyling-de-marca\/#respond"]}]},{"@type":"WebPage","@id":"https:\/\/www.creaerte.com\/live\/nuevo-restyling-de-marca\/","url":"https:\/\/www.creaerte.com\/live\/nuevo-restyling-de-marca\/","name":"Nuevo restyling de marca - creaerte.com","isPartOf":{"@id":"https:\/\/www.creaerte.com\/live\/#website"},"primaryImageOfPage":{"@id":"https:\/\/www.creaerte.com\/live\/nuevo-restyling-de-marca\/#primaryimage"},"image":{"@id":"https:\/\/www.creaerte.com\/live\/nuevo-restyling-de-marca\/#primaryimage"},"thumbnailUrl":"https:\/\/www.creaerte.com\/live\/wp-content\/uploads\/2014\/06\/mini.jpg","datePublished":"2014-06-11T17:30:37+00:00","dateModified":"2014-10-06T07:17:04+00:00","author":{"@id":"https:\/\/www.creaerte.com\/live\/#\/schema\/person\/acc9e93c6216bce2d569b1f0a99607f6"},"description":"Aplic\u00e1ndolo a nuestro \u00e1mbito, m\u00e1s concretamente al dise\u00f1o, llega un momento en el que el restilyng de marca es necesario.","inLanguage":"es","potentialAction":[{"@type":"ReadAction","target":["https:\/\/www.creaerte.com\/live\/nuevo-restyling-de-marca\/"]}]},{"@type":"ImageObject","inLanguage":"es","@id":"https:\/\/www.creaerte.com\/live\/nuevo-restyling-de-marca\/#primaryimage","url":"https:\/\/www.creaerte.com\/live\/wp-content\/uploads\/2014\/06\/mini.jpg","contentUrl":"https:\/\/www.creaerte.com\/live\/wp-content\/uploads\/2014\/06\/mini.jpg","width":1193,"height":547},{"@type":"WebSite","@id":"https:\/\/www.creaerte.com\/live\/#website","url":"https:\/\/www.creaerte.com\/live\/","name":"creaerte.com","description":"Agencia de publicidad, comunicaci\u00f3n y marketing en C\u00e1ceres \u2022 Extremadura","potentialAction":[{"@type":"SearchAction","target":{"@type":"EntryPoint","urlTemplate":"https:\/\/www.creaerte.com\/live\/?s={search_term_string}"},"query-input":{"@type":"PropertyValueSpecification","valueRequired":true,"valueName":"search_term_string"}}],"inLanguage":"es"},{"@type":"Person","@id":"https:\/\/www.creaerte.com\/live\/#\/schema\/person\/acc9e93c6216bce2d569b1f0a99607f6","name":"admin","image":{"@type":"ImageObject","inLanguage":"es","@id":"https:\/\/www.creaerte.com\/live\/#\/schema\/person\/image\/","url":"https:\/\/secure.gravatar.com\/avatar\/736f9ff6dd176e443e4c9cf884b23352631c533b611f216dbc09fc84cda6e67c?s=96&d=mm&r=g","contentUrl":"https:\/\/secure.gravatar.com\/avatar\/736f9ff6dd176e443e4c9cf884b23352631c533b611f216dbc09fc84cda6e67c?s=96&d=mm&r=g","caption":"admin"},"url":"https:\/\/www.creaerte.com\/live\/author\/admin\/"}]}},"_links":{"self":[{"href":"https:\/\/www.creaerte.com\/live\/wp-json\/wp\/v2\/posts\/14476","targetHints":{"allow":["GET"]}}],"collection":[{"href":"https:\/\/www.creaerte.com\/live\/wp-json\/wp\/v2\/posts"}],"about":[{"href":"https:\/\/www.creaerte.com\/live\/wp-json\/wp\/v2\/types\/post"}],"author":[{"embeddable":true,"href":"https:\/\/www.creaerte.com\/live\/wp-json\/wp\/v2\/users\/1"}],"replies":[{"embeddable":true,"href":"https:\/\/www.creaerte.com\/live\/wp-json\/wp\/v2\/comments?post=14476"}],"version-history":[{"count":0,"href":"https:\/\/www.creaerte.com\/live\/wp-json\/wp\/v2\/posts\/14476\/revisions"}],"wp:featuredmedia":[{"embeddable":true,"href":"https:\/\/www.creaerte.com\/live\/wp-json\/wp\/v2\/media\/14482"}],"wp:attachment":[{"href":"https:\/\/www.creaerte.com\/live\/wp-json\/wp\/v2\/media?parent=14476"}],"wp:term":[{"taxonomy":"category","embeddable":true,"href":"https:\/\/www.creaerte.com\/live\/wp-json\/wp\/v2\/categories?post=14476"},{"taxonomy":"post_tag","embeddable":true,"href":"https:\/\/www.creaerte.com\/live\/wp-json\/wp\/v2\/tags?post=14476"}],"curies":[{"name":"wp","href":"https:\/\/api.w.org\/{rel}","templated":true}]}}