{"id":16271,"date":"2015-01-16T13:42:18","date_gmt":"2015-01-16T12:42:18","guid":{"rendered":"http:\/\/creaerte.com\/live\/?p=16271"},"modified":"2015-01-16T13:57:38","modified_gmt":"2015-01-16T12:57:38","slug":"maia-vidal-refuerza-la-sensualidad-de-dkny-delicius","status":"publish","type":"post","link":"https:\/\/www.creaerte.com\/live\/maia-vidal-refuerza-la-sensualidad-de-dkny-delicius\/","title":{"rendered":"Ma\u00efa Vidal refuerza la sensualidad de DKNY Be Delicius"},"content":{"rendered":"<p>La cantante de folk-pop Ma\u00efa Vidal protagoniza en nuestro blog la \u00faltima entrada de la semana con la tem\u00e1tica de m\u00fasica y publicidad. En esta ocasi\u00f3n, en <a href=\"http:\/\/www.creaerte.com\/\" target=\"_blank\">Cre\u00e6rte<\/a> nos hemos fijado en su t\u00edtulo &#8216;Follow me&#8217;, escogido como banda sonora para un spot de la firma <a href=\"http:\/\/www.dkny.com\/\" target=\"_blank\">DKNY<\/a>.<\/p>\n<p>Para promocionar su fragancia DKNY Be Delicius, la compa\u00f1\u00eda de moda y complementos pone encima de la mesa una propuesta sensual en la que la m\u00fasica adquiere un gran peso espec\u00edfico narrativo.<\/p>\n<p>Cabe destacar que el videoclip de la canci\u00f3n que nos ocupa, incluido en el \u00e1lbum &#8216;God is my bike&#8217;, fue nominado para los premios <a href=\"http:\/\/www.ukmva.com\/\" target=\"_blank\">UK Music Video Awards<\/a> de 2012.<\/p>\n<p><iframe width=\"615\" height=\"360\" src=\"\/\/www.youtube.com\/embed\/h-nkIPfBJN4?feature=player_detailpage\" frameborder=\"0\" allowfullscreen><\/iframe><\/p>\n<p>Aqu\u00ed pod\u00e9is escuchar la canci\u00f3n \u00edntegra:<\/p>\n<p><iframe width=\"100%\" height=\"150\" scrolling=\"no\" frameborder=\"no\" src=\"https:\/\/w.soundcloud.com\/player\/?url=https%3A\/\/api.soundcloud.com\/tracks\/22359069&amp;auto_play=false&amp;hide_related=false&amp;show_comments=true&amp;show_user=true&amp;show_reposts=false&amp;visual=true\"><\/iframe><\/p>\n","protected":false},"excerpt":{"rendered":"<p>La cantante de folk-pop Ma\u00efa Vidal protagoniza en nuestro blog la \u00faltima entrada de la semana con la tem\u00e1tica de m\u00fasica y publicidad. En esta ocasi\u00f3n, en Cre\u00e6rte nos hemos fijado en su t\u00edtulo &#8216;Follow me&#8217;, escogido como banda sonora para un spot de la firma DKNY. Para promocionar su fragancia DKNY Be Delicius, la compa\u00f1\u00eda de moda y complementos&#8230;<\/p>\n","protected":false},"author":1,"featured_media":16272,"comment_status":"open","ping_status":"open","sticky":false,"template":"","format":"standard","meta":{"footnotes":""},"categories":[285,10],"tags":[631,633,632,630,1185],"class_list":["post-16271","post","type-post","status-publish","format-standard","has-post-thumbnail","hentry","category-musica-de-anuncio","category-noticias","tag-dkny-be-delicius","tag-follow-me","tag-maia-vidal","tag-musica-y-publicidad","tag-noticias","has_thumb"],"yoast_head":"<!-- This site is optimized with the Yoast SEO plugin v26.9 - https:\/\/yoast.com\/product\/yoast-seo-wordpress\/ -->\n<title>Ma\u00efa Vidal refuerza la sensualidad de DKNY Be Delicius - creaerte.com<\/title>\n<meta name=\"description\" content=\"En un anuncio cargado de sensualidad, Ma\u00efa Vidal pone la banda sonora al anuncio de DKNY Be Delicius, una de las fragancias de la firma estadounidense\" \/>\n<meta name=\"robots\" content=\"index, follow, max-snippet:-1, max-image-preview:large, max-video-preview:-1\" \/>\n<link rel=\"canonical\" href=\"https:\/\/www.creaerte.com\/live\/maia-vidal-refuerza-la-sensualidad-de-dkny-delicius\/\" \/>\n<meta property=\"og:locale\" content=\"es_ES\" \/>\n<meta property=\"og:type\" content=\"article\" \/>\n<meta property=\"og:title\" content=\"Ma\u00efa Vidal refuerza la sensualidad de DKNY Be Delicius - creaerte.com\" \/>\n<meta property=\"og:description\" content=\"En un anuncio cargado de sensualidad, Ma\u00efa Vidal pone la banda sonora al anuncio de DKNY Be Delicius, una de las fragancias de la firma estadounidense\" \/>\n<meta property=\"og:url\" content=\"https:\/\/www.creaerte.com\/live\/maia-vidal-refuerza-la-sensualidad-de-dkny-delicius\/\" \/>\n<meta property=\"og:site_name\" content=\"creaerte.com\" \/>\n<meta property=\"article:publisher\" content=\"https:\/\/www.facebook.com\/creaerte\" \/>\n<meta property=\"article:published_time\" content=\"2015-01-16T12:42:18+00:00\" \/>\n<meta property=\"article:modified_time\" content=\"2015-01-16T12:57:38+00:00\" \/>\n<meta property=\"og:image\" content=\"https:\/\/www.creaerte.com\/live\/wp-content\/uploads\/2015\/01\/Captura_de_pantalla_2015-01-16_a_las_13.jpg\" \/>\n\t<meta property=\"og:image:width\" content=\"650\" \/>\n\t<meta property=\"og:image:height\" content=\"353\" \/>\n\t<meta property=\"og:image:type\" content=\"image\/jpeg\" \/>\n<meta name=\"author\" content=\"admin\" \/>\n<meta name=\"twitter:card\" content=\"summary_large_image\" \/>\n<meta name=\"twitter:creator\" content=\"@Creaerte\" \/>\n<meta name=\"twitter:site\" content=\"@Creaerte\" \/>\n<meta name=\"twitter:label1\" content=\"Escrito por\" \/>\n\t<meta name=\"twitter:data1\" content=\"admin\" \/>\n\t<meta name=\"twitter:label2\" content=\"Tiempo de lectura\" \/>\n\t<meta name=\"twitter:data2\" content=\"1 minuto\" \/>\n<script type=\"application\/ld+json\" class=\"yoast-schema-graph\">{\"@context\":\"https:\/\/schema.org\",\"@graph\":[{\"@type\":\"Article\",\"@id\":\"https:\/\/www.creaerte.com\/live\/maia-vidal-refuerza-la-sensualidad-de-dkny-delicius\/#article\",\"isPartOf\":{\"@id\":\"https:\/\/www.creaerte.com\/live\/maia-vidal-refuerza-la-sensualidad-de-dkny-delicius\/\"},\"author\":{\"name\":\"admin\",\"@id\":\"https:\/\/www.creaerte.com\/live\/#\/schema\/person\/acc9e93c6216bce2d569b1f0a99607f6\"},\"headline\":\"Ma\u00efa Vidal refuerza la sensualidad de DKNY Be Delicius\",\"datePublished\":\"2015-01-16T12:42:18+00:00\",\"dateModified\":\"2015-01-16T12:57:38+00:00\",\"mainEntityOfPage\":{\"@id\":\"https:\/\/www.creaerte.com\/live\/maia-vidal-refuerza-la-sensualidad-de-dkny-delicius\/\"},\"wordCount\":136,\"commentCount\":0,\"image\":{\"@id\":\"https:\/\/www.creaerte.com\/live\/maia-vidal-refuerza-la-sensualidad-de-dkny-delicius\/#primaryimage\"},\"thumbnailUrl\":\"https:\/\/www.creaerte.com\/live\/wp-content\/uploads\/2015\/01\/Captura_de_pantalla_2015-01-16_a_las_13.jpg\",\"keywords\":[\"DKNY Be Delicius\",\"Follow me\",\"Ma\u00efa Vidal\",\"M\u00fasica y publicidad\",\"Noticias\"],\"articleSection\":[\"M\u00fasica de anuncio\",\"Noticias\"],\"inLanguage\":\"es\",\"potentialAction\":[{\"@type\":\"CommentAction\",\"name\":\"Comment\",\"target\":[\"https:\/\/www.creaerte.com\/live\/maia-vidal-refuerza-la-sensualidad-de-dkny-delicius\/#respond\"]}]},{\"@type\":\"WebPage\",\"@id\":\"https:\/\/www.creaerte.com\/live\/maia-vidal-refuerza-la-sensualidad-de-dkny-delicius\/\",\"url\":\"https:\/\/www.creaerte.com\/live\/maia-vidal-refuerza-la-sensualidad-de-dkny-delicius\/\",\"name\":\"Ma\u00efa Vidal refuerza la sensualidad de DKNY Be Delicius - creaerte.com\",\"isPartOf\":{\"@id\":\"https:\/\/www.creaerte.com\/live\/#website\"},\"primaryImageOfPage\":{\"@id\":\"https:\/\/www.creaerte.com\/live\/maia-vidal-refuerza-la-sensualidad-de-dkny-delicius\/#primaryimage\"},\"image\":{\"@id\":\"https:\/\/www.creaerte.com\/live\/maia-vidal-refuerza-la-sensualidad-de-dkny-delicius\/#primaryimage\"},\"thumbnailUrl\":\"https:\/\/www.creaerte.com\/live\/wp-content\/uploads\/2015\/01\/Captura_de_pantalla_2015-01-16_a_las_13.jpg\",\"datePublished\":\"2015-01-16T12:42:18+00:00\",\"dateModified\":\"2015-01-16T12:57:38+00:00\",\"author\":{\"@id\":\"https:\/\/www.creaerte.com\/live\/#\/schema\/person\/acc9e93c6216bce2d569b1f0a99607f6\"},\"description\":\"En un anuncio cargado de sensualidad, Ma\u00efa Vidal pone la banda sonora al anuncio de DKNY Be Delicius, una de las fragancias de la firma estadounidense\",\"inLanguage\":\"es\",\"potentialAction\":[{\"@type\":\"ReadAction\",\"target\":[\"https:\/\/www.creaerte.com\/live\/maia-vidal-refuerza-la-sensualidad-de-dkny-delicius\/\"]}]},{\"@type\":\"ImageObject\",\"inLanguage\":\"es\",\"@id\":\"https:\/\/www.creaerte.com\/live\/maia-vidal-refuerza-la-sensualidad-de-dkny-delicius\/#primaryimage\",\"url\":\"https:\/\/www.creaerte.com\/live\/wp-content\/uploads\/2015\/01\/Captura_de_pantalla_2015-01-16_a_las_13.jpg\",\"contentUrl\":\"https:\/\/www.creaerte.com\/live\/wp-content\/uploads\/2015\/01\/Captura_de_pantalla_2015-01-16_a_las_13.jpg\",\"width\":650,\"height\":353,\"caption\":\"DKNY Be Delicius\"},{\"@type\":\"WebSite\",\"@id\":\"https:\/\/www.creaerte.com\/live\/#website\",\"url\":\"https:\/\/www.creaerte.com\/live\/\",\"name\":\"creaerte.com\",\"description\":\"Agencia de publicidad, comunicaci\u00f3n y marketing en C\u00e1ceres \u2022 Extremadura\",\"potentialAction\":[{\"@type\":\"SearchAction\",\"target\":{\"@type\":\"EntryPoint\",\"urlTemplate\":\"https:\/\/www.creaerte.com\/live\/?s={search_term_string}\"},\"query-input\":{\"@type\":\"PropertyValueSpecification\",\"valueRequired\":true,\"valueName\":\"search_term_string\"}}],\"inLanguage\":\"es\"},{\"@type\":\"Person\",\"@id\":\"https:\/\/www.creaerte.com\/live\/#\/schema\/person\/acc9e93c6216bce2d569b1f0a99607f6\",\"name\":\"admin\",\"image\":{\"@type\":\"ImageObject\",\"inLanguage\":\"es\",\"@id\":\"https:\/\/www.creaerte.com\/live\/#\/schema\/person\/image\/\",\"url\":\"https:\/\/secure.gravatar.com\/avatar\/736f9ff6dd176e443e4c9cf884b23352631c533b611f216dbc09fc84cda6e67c?s=96&d=mm&r=g\",\"contentUrl\":\"https:\/\/secure.gravatar.com\/avatar\/736f9ff6dd176e443e4c9cf884b23352631c533b611f216dbc09fc84cda6e67c?s=96&d=mm&r=g\",\"caption\":\"admin\"},\"url\":\"https:\/\/www.creaerte.com\/live\/author\/admin\/\"}]}<\/script>\n<!-- \/ Yoast SEO plugin. -->","yoast_head_json":{"title":"Ma\u00efa Vidal refuerza la sensualidad de DKNY Be Delicius - creaerte.com","description":"En un anuncio cargado de sensualidad, Ma\u00efa Vidal pone la banda sonora al anuncio de DKNY Be Delicius, una de las fragancias de la firma estadounidense","robots":{"index":"index","follow":"follow","max-snippet":"max-snippet:-1","max-image-preview":"max-image-preview:large","max-video-preview":"max-video-preview:-1"},"canonical":"https:\/\/www.creaerte.com\/live\/maia-vidal-refuerza-la-sensualidad-de-dkny-delicius\/","og_locale":"es_ES","og_type":"article","og_title":"Ma\u00efa Vidal refuerza la sensualidad de DKNY Be Delicius - creaerte.com","og_description":"En un anuncio cargado de sensualidad, Ma\u00efa Vidal pone la banda sonora al anuncio de DKNY Be Delicius, una de las fragancias de la firma estadounidense","og_url":"https:\/\/www.creaerte.com\/live\/maia-vidal-refuerza-la-sensualidad-de-dkny-delicius\/","og_site_name":"creaerte.com","article_publisher":"https:\/\/www.facebook.com\/creaerte","article_published_time":"2015-01-16T12:42:18+00:00","article_modified_time":"2015-01-16T12:57:38+00:00","og_image":[{"width":650,"height":353,"url":"https:\/\/www.creaerte.com\/live\/wp-content\/uploads\/2015\/01\/Captura_de_pantalla_2015-01-16_a_las_13.jpg","type":"image\/jpeg"}],"author":"admin","twitter_card":"summary_large_image","twitter_creator":"@Creaerte","twitter_site":"@Creaerte","twitter_misc":{"Escrito por":"admin","Tiempo de lectura":"1 minuto"},"schema":{"@context":"https:\/\/schema.org","@graph":[{"@type":"Article","@id":"https:\/\/www.creaerte.com\/live\/maia-vidal-refuerza-la-sensualidad-de-dkny-delicius\/#article","isPartOf":{"@id":"https:\/\/www.creaerte.com\/live\/maia-vidal-refuerza-la-sensualidad-de-dkny-delicius\/"},"author":{"name":"admin","@id":"https:\/\/www.creaerte.com\/live\/#\/schema\/person\/acc9e93c6216bce2d569b1f0a99607f6"},"headline":"Ma\u00efa Vidal refuerza la sensualidad de DKNY Be Delicius","datePublished":"2015-01-16T12:42:18+00:00","dateModified":"2015-01-16T12:57:38+00:00","mainEntityOfPage":{"@id":"https:\/\/www.creaerte.com\/live\/maia-vidal-refuerza-la-sensualidad-de-dkny-delicius\/"},"wordCount":136,"commentCount":0,"image":{"@id":"https:\/\/www.creaerte.com\/live\/maia-vidal-refuerza-la-sensualidad-de-dkny-delicius\/#primaryimage"},"thumbnailUrl":"https:\/\/www.creaerte.com\/live\/wp-content\/uploads\/2015\/01\/Captura_de_pantalla_2015-01-16_a_las_13.jpg","keywords":["DKNY Be Delicius","Follow me","Ma\u00efa Vidal","M\u00fasica y publicidad","Noticias"],"articleSection":["M\u00fasica de anuncio","Noticias"],"inLanguage":"es","potentialAction":[{"@type":"CommentAction","name":"Comment","target":["https:\/\/www.creaerte.com\/live\/maia-vidal-refuerza-la-sensualidad-de-dkny-delicius\/#respond"]}]},{"@type":"WebPage","@id":"https:\/\/www.creaerte.com\/live\/maia-vidal-refuerza-la-sensualidad-de-dkny-delicius\/","url":"https:\/\/www.creaerte.com\/live\/maia-vidal-refuerza-la-sensualidad-de-dkny-delicius\/","name":"Ma\u00efa Vidal refuerza la sensualidad de DKNY Be Delicius - creaerte.com","isPartOf":{"@id":"https:\/\/www.creaerte.com\/live\/#website"},"primaryImageOfPage":{"@id":"https:\/\/www.creaerte.com\/live\/maia-vidal-refuerza-la-sensualidad-de-dkny-delicius\/#primaryimage"},"image":{"@id":"https:\/\/www.creaerte.com\/live\/maia-vidal-refuerza-la-sensualidad-de-dkny-delicius\/#primaryimage"},"thumbnailUrl":"https:\/\/www.creaerte.com\/live\/wp-content\/uploads\/2015\/01\/Captura_de_pantalla_2015-01-16_a_las_13.jpg","datePublished":"2015-01-16T12:42:18+00:00","dateModified":"2015-01-16T12:57:38+00:00","author":{"@id":"https:\/\/www.creaerte.com\/live\/#\/schema\/person\/acc9e93c6216bce2d569b1f0a99607f6"},"description":"En un anuncio cargado de sensualidad, Ma\u00efa Vidal pone la banda sonora al anuncio de DKNY Be Delicius, una de las fragancias de la firma estadounidense","inLanguage":"es","potentialAction":[{"@type":"ReadAction","target":["https:\/\/www.creaerte.com\/live\/maia-vidal-refuerza-la-sensualidad-de-dkny-delicius\/"]}]},{"@type":"ImageObject","inLanguage":"es","@id":"https:\/\/www.creaerte.com\/live\/maia-vidal-refuerza-la-sensualidad-de-dkny-delicius\/#primaryimage","url":"https:\/\/www.creaerte.com\/live\/wp-content\/uploads\/2015\/01\/Captura_de_pantalla_2015-01-16_a_las_13.jpg","contentUrl":"https:\/\/www.creaerte.com\/live\/wp-content\/uploads\/2015\/01\/Captura_de_pantalla_2015-01-16_a_las_13.jpg","width":650,"height":353,"caption":"DKNY Be Delicius"},{"@type":"WebSite","@id":"https:\/\/www.creaerte.com\/live\/#website","url":"https:\/\/www.creaerte.com\/live\/","name":"creaerte.com","description":"Agencia de publicidad, comunicaci\u00f3n y marketing en C\u00e1ceres \u2022 Extremadura","potentialAction":[{"@type":"SearchAction","target":{"@type":"EntryPoint","urlTemplate":"https:\/\/www.creaerte.com\/live\/?s={search_term_string}"},"query-input":{"@type":"PropertyValueSpecification","valueRequired":true,"valueName":"search_term_string"}}],"inLanguage":"es"},{"@type":"Person","@id":"https:\/\/www.creaerte.com\/live\/#\/schema\/person\/acc9e93c6216bce2d569b1f0a99607f6","name":"admin","image":{"@type":"ImageObject","inLanguage":"es","@id":"https:\/\/www.creaerte.com\/live\/#\/schema\/person\/image\/","url":"https:\/\/secure.gravatar.com\/avatar\/736f9ff6dd176e443e4c9cf884b23352631c533b611f216dbc09fc84cda6e67c?s=96&d=mm&r=g","contentUrl":"https:\/\/secure.gravatar.com\/avatar\/736f9ff6dd176e443e4c9cf884b23352631c533b611f216dbc09fc84cda6e67c?s=96&d=mm&r=g","caption":"admin"},"url":"https:\/\/www.creaerte.com\/live\/author\/admin\/"}]}},"_links":{"self":[{"href":"https:\/\/www.creaerte.com\/live\/wp-json\/wp\/v2\/posts\/16271","targetHints":{"allow":["GET"]}}],"collection":[{"href":"https:\/\/www.creaerte.com\/live\/wp-json\/wp\/v2\/posts"}],"about":[{"href":"https:\/\/www.creaerte.com\/live\/wp-json\/wp\/v2\/types\/post"}],"author":[{"embeddable":true,"href":"https:\/\/www.creaerte.com\/live\/wp-json\/wp\/v2\/users\/1"}],"replies":[{"embeddable":true,"href":"https:\/\/www.creaerte.com\/live\/wp-json\/wp\/v2\/comments?post=16271"}],"version-history":[{"count":0,"href":"https:\/\/www.creaerte.com\/live\/wp-json\/wp\/v2\/posts\/16271\/revisions"}],"wp:featuredmedia":[{"embeddable":true,"href":"https:\/\/www.creaerte.com\/live\/wp-json\/wp\/v2\/media\/16272"}],"wp:attachment":[{"href":"https:\/\/www.creaerte.com\/live\/wp-json\/wp\/v2\/media?parent=16271"}],"wp:term":[{"taxonomy":"category","embeddable":true,"href":"https:\/\/www.creaerte.com\/live\/wp-json\/wp\/v2\/categories?post=16271"},{"taxonomy":"post_tag","embeddable":true,"href":"https:\/\/www.creaerte.com\/live\/wp-json\/wp\/v2\/tags?post=16271"}],"curies":[{"name":"wp","href":"https:\/\/api.w.org\/{rel}","templated":true}]}}