{"id":16279,"date":"2015-01-19T12:05:31","date_gmt":"2015-01-19T11:05:31","guid":{"rendered":"http:\/\/creaerte.com\/live\/?p=16279"},"modified":"2015-01-19T14:17:31","modified_gmt":"2015-01-19T13:17:31","slug":"fundacion-balia-conciencia-sobre-la-pobreza-infantil","status":"publish","type":"post","link":"https:\/\/www.creaerte.com\/live\/fundacion-balia-conciencia-sobre-la-pobreza-infantil\/","title":{"rendered":"Fundaci\u00f3n Balia conciencia sobre la pobreza infantil"},"content":{"rendered":"<p>La <a href=\"https:\/\/fundacionbalia.org\/\" target=\"_blank\">Fundaci\u00f3n Balia<\/a>, con su lema &#8216;Ayudamos de cerca&#8217;, lanz\u00f3 recientemente una campa\u00f1a para concienciar sobre la pobreza infantil en Espa\u00f1a, un pa\u00eds en el que 2,8 millones de menores viven bajo este umbral.<\/p>\n<p>La organizaci\u00f3n confi\u00f3 a <a href=\"http:\/\/www.mccann.es\/\" target=\"_blank\">McCann<\/a> la elaboraci\u00f3n de una emotiva campa\u00f1a mediante la que se pretende llegar al coraz\u00f3n de las personas para aumentar as\u00ed el n\u00famero de adhesiones a la causa de la Fundaci\u00f3n, que trabaja para dar apoyo escolar, econ\u00f3mico y psicol\u00f3gico a los j\u00f3venes desfavorecidos. <\/p>\n<p>Con la tem\u00e1tica de publicidad emocional, para abrir la semana en <a href=\"http:\/\/creaerte.com\/\" target=\"_blank\">Cre\u00e6rte<\/a> damos voz a los que m\u00e1s lo necesitan, a las v\u00edctimas silenciosas que no tienen la oportunidad de contar con las herramientas necesarias para poder satisfacer las necesidades b\u00e1sicas. Personas que no est\u00e1n a miles de kil\u00f3metros, sino a la vuelta de la esquina&#8230;<\/p>\n<p><iframe width=\"615\" height=\"360\" src=\"\/\/www.youtube.com\/embed\/PkDCw_j2HqI?feature=player_detailpage\" frameborder=\"0\" allowfullscreen><\/iframe><\/p>\n","protected":false},"excerpt":{"rendered":"<p>La Fundaci\u00f3n Balia, con su lema &#8216;Ayudamos de cerca&#8217;, lanz\u00f3 recientemente una campa\u00f1a para concienciar sobre la pobreza infantil en Espa\u00f1a, un pa\u00eds en el que 2,8 millones de menores viven bajo este umbral. La organizaci\u00f3n confi\u00f3 a McCann la elaboraci\u00f3n de una emotiva campa\u00f1a mediante la que se pretende llegar al coraz\u00f3n de las personas para aumentar as\u00ed el&#8230;<\/p>\n","protected":false},"author":1,"featured_media":16280,"comment_status":"open","ping_status":"open","sticky":false,"template":"","format":"standard","meta":{"footnotes":""},"categories":[10,322],"tags":[634,1185,332],"class_list":["post-16279","post","type-post","status-publish","format-standard","has-post-thumbnail","hentry","category-noticias","category-publicidad-emocional","tag-fundacion-balia","tag-noticias","tag-publicidad-emocional-2","has_thumb"],"yoast_head":"<!-- This site is optimized with the Yoast SEO plugin v26.9 - https:\/\/yoast.com\/product\/yoast-seo-wordpress\/ -->\n<title>Fundaci\u00f3n Balia conciencia sobre la pobreza infantil - creaerte.com<\/title>\n<meta name=\"description\" content=\"La agencia McCann ide\u00f3 para la Fundaci\u00f3n Balia una campa\u00f1a que pretende concienciar sobre la pobreza infantil y conseguir m\u00e1s colaboradores para la causa\" \/>\n<meta name=\"robots\" content=\"index, follow, max-snippet:-1, max-image-preview:large, max-video-preview:-1\" \/>\n<link rel=\"canonical\" href=\"https:\/\/www.creaerte.com\/live\/fundacion-balia-conciencia-sobre-la-pobreza-infantil\/\" \/>\n<meta property=\"og:locale\" content=\"es_ES\" \/>\n<meta property=\"og:type\" content=\"article\" \/>\n<meta property=\"og:title\" content=\"Fundaci\u00f3n Balia conciencia sobre la pobreza infantil - creaerte.com\" \/>\n<meta property=\"og:description\" content=\"La agencia McCann ide\u00f3 para la Fundaci\u00f3n Balia una campa\u00f1a que pretende concienciar sobre la pobreza infantil y conseguir m\u00e1s colaboradores para la causa\" \/>\n<meta property=\"og:url\" content=\"https:\/\/www.creaerte.com\/live\/fundacion-balia-conciencia-sobre-la-pobreza-infantil\/\" \/>\n<meta property=\"og:site_name\" content=\"creaerte.com\" \/>\n<meta property=\"article:publisher\" content=\"https:\/\/www.facebook.com\/creaerte\" \/>\n<meta property=\"article:published_time\" content=\"2015-01-19T11:05:31+00:00\" \/>\n<meta property=\"article:modified_time\" content=\"2015-01-19T13:17:31+00:00\" \/>\n<meta property=\"og:image\" content=\"https:\/\/www.creaerte.com\/live\/wp-content\/uploads\/2015\/01\/Captura_de_pantalla_2015-01-19_a_las_11.jpg\" \/>\n\t<meta property=\"og:image:width\" content=\"650\" \/>\n\t<meta property=\"og:image:height\" content=\"354\" \/>\n\t<meta property=\"og:image:type\" content=\"image\/jpeg\" \/>\n<meta name=\"author\" content=\"admin\" \/>\n<meta name=\"twitter:card\" content=\"summary_large_image\" \/>\n<meta name=\"twitter:creator\" content=\"@Creaerte\" \/>\n<meta name=\"twitter:site\" content=\"@Creaerte\" \/>\n<meta name=\"twitter:label1\" content=\"Escrito por\" \/>\n\t<meta name=\"twitter:data1\" content=\"admin\" \/>\n\t<meta name=\"twitter:label2\" content=\"Tiempo de lectura\" \/>\n\t<meta name=\"twitter:data2\" content=\"1 minuto\" \/>\n<script type=\"application\/ld+json\" class=\"yoast-schema-graph\">{\"@context\":\"https:\/\/schema.org\",\"@graph\":[{\"@type\":\"Article\",\"@id\":\"https:\/\/www.creaerte.com\/live\/fundacion-balia-conciencia-sobre-la-pobreza-infantil\/#article\",\"isPartOf\":{\"@id\":\"https:\/\/www.creaerte.com\/live\/fundacion-balia-conciencia-sobre-la-pobreza-infantil\/\"},\"author\":{\"name\":\"admin\",\"@id\":\"https:\/\/www.creaerte.com\/live\/#\/schema\/person\/acc9e93c6216bce2d569b1f0a99607f6\"},\"headline\":\"Fundaci\u00f3n Balia conciencia sobre la pobreza infantil\",\"datePublished\":\"2015-01-19T11:05:31+00:00\",\"dateModified\":\"2015-01-19T13:17:31+00:00\",\"mainEntityOfPage\":{\"@id\":\"https:\/\/www.creaerte.com\/live\/fundacion-balia-conciencia-sobre-la-pobreza-infantil\/\"},\"wordCount\":165,\"commentCount\":0,\"image\":{\"@id\":\"https:\/\/www.creaerte.com\/live\/fundacion-balia-conciencia-sobre-la-pobreza-infantil\/#primaryimage\"},\"thumbnailUrl\":\"https:\/\/www.creaerte.com\/live\/wp-content\/uploads\/2015\/01\/Captura_de_pantalla_2015-01-19_a_las_11.jpg\",\"keywords\":[\"Fundaci\u00f3n Balia\",\"Noticias\",\"publicidad emocional\"],\"articleSection\":[\"Noticias\",\"Publicidad Emocional\"],\"inLanguage\":\"es\",\"potentialAction\":[{\"@type\":\"CommentAction\",\"name\":\"Comment\",\"target\":[\"https:\/\/www.creaerte.com\/live\/fundacion-balia-conciencia-sobre-la-pobreza-infantil\/#respond\"]}]},{\"@type\":\"WebPage\",\"@id\":\"https:\/\/www.creaerte.com\/live\/fundacion-balia-conciencia-sobre-la-pobreza-infantil\/\",\"url\":\"https:\/\/www.creaerte.com\/live\/fundacion-balia-conciencia-sobre-la-pobreza-infantil\/\",\"name\":\"Fundaci\u00f3n Balia conciencia sobre la pobreza infantil - creaerte.com\",\"isPartOf\":{\"@id\":\"https:\/\/www.creaerte.com\/live\/#website\"},\"primaryImageOfPage\":{\"@id\":\"https:\/\/www.creaerte.com\/live\/fundacion-balia-conciencia-sobre-la-pobreza-infantil\/#primaryimage\"},\"image\":{\"@id\":\"https:\/\/www.creaerte.com\/live\/fundacion-balia-conciencia-sobre-la-pobreza-infantil\/#primaryimage\"},\"thumbnailUrl\":\"https:\/\/www.creaerte.com\/live\/wp-content\/uploads\/2015\/01\/Captura_de_pantalla_2015-01-19_a_las_11.jpg\",\"datePublished\":\"2015-01-19T11:05:31+00:00\",\"dateModified\":\"2015-01-19T13:17:31+00:00\",\"author\":{\"@id\":\"https:\/\/www.creaerte.com\/live\/#\/schema\/person\/acc9e93c6216bce2d569b1f0a99607f6\"},\"description\":\"La agencia McCann ide\u00f3 para la Fundaci\u00f3n Balia una campa\u00f1a que pretende concienciar sobre la pobreza infantil y conseguir m\u00e1s colaboradores para la causa\",\"inLanguage\":\"es\",\"potentialAction\":[{\"@type\":\"ReadAction\",\"target\":[\"https:\/\/www.creaerte.com\/live\/fundacion-balia-conciencia-sobre-la-pobreza-infantil\/\"]}]},{\"@type\":\"ImageObject\",\"inLanguage\":\"es\",\"@id\":\"https:\/\/www.creaerte.com\/live\/fundacion-balia-conciencia-sobre-la-pobreza-infantil\/#primaryimage\",\"url\":\"https:\/\/www.creaerte.com\/live\/wp-content\/uploads\/2015\/01\/Captura_de_pantalla_2015-01-19_a_las_11.jpg\",\"contentUrl\":\"https:\/\/www.creaerte.com\/live\/wp-content\/uploads\/2015\/01\/Captura_de_pantalla_2015-01-19_a_las_11.jpg\",\"width\":650,\"height\":354,\"caption\":\"Balia - Ayudamos de cerca\"},{\"@type\":\"WebSite\",\"@id\":\"https:\/\/www.creaerte.com\/live\/#website\",\"url\":\"https:\/\/www.creaerte.com\/live\/\",\"name\":\"creaerte.com\",\"description\":\"Agencia de publicidad, comunicaci\u00f3n y marketing en C\u00e1ceres \u2022 Extremadura\",\"potentialAction\":[{\"@type\":\"SearchAction\",\"target\":{\"@type\":\"EntryPoint\",\"urlTemplate\":\"https:\/\/www.creaerte.com\/live\/?s={search_term_string}\"},\"query-input\":{\"@type\":\"PropertyValueSpecification\",\"valueRequired\":true,\"valueName\":\"search_term_string\"}}],\"inLanguage\":\"es\"},{\"@type\":\"Person\",\"@id\":\"https:\/\/www.creaerte.com\/live\/#\/schema\/person\/acc9e93c6216bce2d569b1f0a99607f6\",\"name\":\"admin\",\"image\":{\"@type\":\"ImageObject\",\"inLanguage\":\"es\",\"@id\":\"https:\/\/www.creaerte.com\/live\/#\/schema\/person\/image\/\",\"url\":\"https:\/\/secure.gravatar.com\/avatar\/736f9ff6dd176e443e4c9cf884b23352631c533b611f216dbc09fc84cda6e67c?s=96&d=mm&r=g\",\"contentUrl\":\"https:\/\/secure.gravatar.com\/avatar\/736f9ff6dd176e443e4c9cf884b23352631c533b611f216dbc09fc84cda6e67c?s=96&d=mm&r=g\",\"caption\":\"admin\"},\"url\":\"https:\/\/www.creaerte.com\/live\/author\/admin\/\"}]}<\/script>\n<!-- \/ Yoast SEO plugin. -->","yoast_head_json":{"title":"Fundaci\u00f3n Balia conciencia sobre la pobreza infantil - creaerte.com","description":"La agencia McCann ide\u00f3 para la Fundaci\u00f3n Balia una campa\u00f1a que pretende concienciar sobre la pobreza infantil y conseguir m\u00e1s colaboradores para la causa","robots":{"index":"index","follow":"follow","max-snippet":"max-snippet:-1","max-image-preview":"max-image-preview:large","max-video-preview":"max-video-preview:-1"},"canonical":"https:\/\/www.creaerte.com\/live\/fundacion-balia-conciencia-sobre-la-pobreza-infantil\/","og_locale":"es_ES","og_type":"article","og_title":"Fundaci\u00f3n Balia conciencia sobre la pobreza infantil - creaerte.com","og_description":"La agencia McCann ide\u00f3 para la Fundaci\u00f3n Balia una campa\u00f1a que pretende concienciar sobre la pobreza infantil y conseguir m\u00e1s colaboradores para la causa","og_url":"https:\/\/www.creaerte.com\/live\/fundacion-balia-conciencia-sobre-la-pobreza-infantil\/","og_site_name":"creaerte.com","article_publisher":"https:\/\/www.facebook.com\/creaerte","article_published_time":"2015-01-19T11:05:31+00:00","article_modified_time":"2015-01-19T13:17:31+00:00","og_image":[{"width":650,"height":354,"url":"https:\/\/www.creaerte.com\/live\/wp-content\/uploads\/2015\/01\/Captura_de_pantalla_2015-01-19_a_las_11.jpg","type":"image\/jpeg"}],"author":"admin","twitter_card":"summary_large_image","twitter_creator":"@Creaerte","twitter_site":"@Creaerte","twitter_misc":{"Escrito por":"admin","Tiempo de lectura":"1 minuto"},"schema":{"@context":"https:\/\/schema.org","@graph":[{"@type":"Article","@id":"https:\/\/www.creaerte.com\/live\/fundacion-balia-conciencia-sobre-la-pobreza-infantil\/#article","isPartOf":{"@id":"https:\/\/www.creaerte.com\/live\/fundacion-balia-conciencia-sobre-la-pobreza-infantil\/"},"author":{"name":"admin","@id":"https:\/\/www.creaerte.com\/live\/#\/schema\/person\/acc9e93c6216bce2d569b1f0a99607f6"},"headline":"Fundaci\u00f3n Balia conciencia sobre la pobreza infantil","datePublished":"2015-01-19T11:05:31+00:00","dateModified":"2015-01-19T13:17:31+00:00","mainEntityOfPage":{"@id":"https:\/\/www.creaerte.com\/live\/fundacion-balia-conciencia-sobre-la-pobreza-infantil\/"},"wordCount":165,"commentCount":0,"image":{"@id":"https:\/\/www.creaerte.com\/live\/fundacion-balia-conciencia-sobre-la-pobreza-infantil\/#primaryimage"},"thumbnailUrl":"https:\/\/www.creaerte.com\/live\/wp-content\/uploads\/2015\/01\/Captura_de_pantalla_2015-01-19_a_las_11.jpg","keywords":["Fundaci\u00f3n Balia","Noticias","publicidad emocional"],"articleSection":["Noticias","Publicidad Emocional"],"inLanguage":"es","potentialAction":[{"@type":"CommentAction","name":"Comment","target":["https:\/\/www.creaerte.com\/live\/fundacion-balia-conciencia-sobre-la-pobreza-infantil\/#respond"]}]},{"@type":"WebPage","@id":"https:\/\/www.creaerte.com\/live\/fundacion-balia-conciencia-sobre-la-pobreza-infantil\/","url":"https:\/\/www.creaerte.com\/live\/fundacion-balia-conciencia-sobre-la-pobreza-infantil\/","name":"Fundaci\u00f3n Balia conciencia sobre la pobreza infantil - creaerte.com","isPartOf":{"@id":"https:\/\/www.creaerte.com\/live\/#website"},"primaryImageOfPage":{"@id":"https:\/\/www.creaerte.com\/live\/fundacion-balia-conciencia-sobre-la-pobreza-infantil\/#primaryimage"},"image":{"@id":"https:\/\/www.creaerte.com\/live\/fundacion-balia-conciencia-sobre-la-pobreza-infantil\/#primaryimage"},"thumbnailUrl":"https:\/\/www.creaerte.com\/live\/wp-content\/uploads\/2015\/01\/Captura_de_pantalla_2015-01-19_a_las_11.jpg","datePublished":"2015-01-19T11:05:31+00:00","dateModified":"2015-01-19T13:17:31+00:00","author":{"@id":"https:\/\/www.creaerte.com\/live\/#\/schema\/person\/acc9e93c6216bce2d569b1f0a99607f6"},"description":"La agencia McCann ide\u00f3 para la Fundaci\u00f3n Balia una campa\u00f1a que pretende concienciar sobre la pobreza infantil y conseguir m\u00e1s colaboradores para la causa","inLanguage":"es","potentialAction":[{"@type":"ReadAction","target":["https:\/\/www.creaerte.com\/live\/fundacion-balia-conciencia-sobre-la-pobreza-infantil\/"]}]},{"@type":"ImageObject","inLanguage":"es","@id":"https:\/\/www.creaerte.com\/live\/fundacion-balia-conciencia-sobre-la-pobreza-infantil\/#primaryimage","url":"https:\/\/www.creaerte.com\/live\/wp-content\/uploads\/2015\/01\/Captura_de_pantalla_2015-01-19_a_las_11.jpg","contentUrl":"https:\/\/www.creaerte.com\/live\/wp-content\/uploads\/2015\/01\/Captura_de_pantalla_2015-01-19_a_las_11.jpg","width":650,"height":354,"caption":"Balia - Ayudamos de cerca"},{"@type":"WebSite","@id":"https:\/\/www.creaerte.com\/live\/#website","url":"https:\/\/www.creaerte.com\/live\/","name":"creaerte.com","description":"Agencia de publicidad, comunicaci\u00f3n y marketing en C\u00e1ceres \u2022 Extremadura","potentialAction":[{"@type":"SearchAction","target":{"@type":"EntryPoint","urlTemplate":"https:\/\/www.creaerte.com\/live\/?s={search_term_string}"},"query-input":{"@type":"PropertyValueSpecification","valueRequired":true,"valueName":"search_term_string"}}],"inLanguage":"es"},{"@type":"Person","@id":"https:\/\/www.creaerte.com\/live\/#\/schema\/person\/acc9e93c6216bce2d569b1f0a99607f6","name":"admin","image":{"@type":"ImageObject","inLanguage":"es","@id":"https:\/\/www.creaerte.com\/live\/#\/schema\/person\/image\/","url":"https:\/\/secure.gravatar.com\/avatar\/736f9ff6dd176e443e4c9cf884b23352631c533b611f216dbc09fc84cda6e67c?s=96&d=mm&r=g","contentUrl":"https:\/\/secure.gravatar.com\/avatar\/736f9ff6dd176e443e4c9cf884b23352631c533b611f216dbc09fc84cda6e67c?s=96&d=mm&r=g","caption":"admin"},"url":"https:\/\/www.creaerte.com\/live\/author\/admin\/"}]}},"_links":{"self":[{"href":"https:\/\/www.creaerte.com\/live\/wp-json\/wp\/v2\/posts\/16279","targetHints":{"allow":["GET"]}}],"collection":[{"href":"https:\/\/www.creaerte.com\/live\/wp-json\/wp\/v2\/posts"}],"about":[{"href":"https:\/\/www.creaerte.com\/live\/wp-json\/wp\/v2\/types\/post"}],"author":[{"embeddable":true,"href":"https:\/\/www.creaerte.com\/live\/wp-json\/wp\/v2\/users\/1"}],"replies":[{"embeddable":true,"href":"https:\/\/www.creaerte.com\/live\/wp-json\/wp\/v2\/comments?post=16279"}],"version-history":[{"count":0,"href":"https:\/\/www.creaerte.com\/live\/wp-json\/wp\/v2\/posts\/16279\/revisions"}],"wp:featuredmedia":[{"embeddable":true,"href":"https:\/\/www.creaerte.com\/live\/wp-json\/wp\/v2\/media\/16280"}],"wp:attachment":[{"href":"https:\/\/www.creaerte.com\/live\/wp-json\/wp\/v2\/media?parent=16279"}],"wp:term":[{"taxonomy":"category","embeddable":true,"href":"https:\/\/www.creaerte.com\/live\/wp-json\/wp\/v2\/categories?post=16279"},{"taxonomy":"post_tag","embeddable":true,"href":"https:\/\/www.creaerte.com\/live\/wp-json\/wp\/v2\/tags?post=16279"}],"curies":[{"name":"wp","href":"https:\/\/api.w.org\/{rel}","templated":true}]}}