{"id":16755,"date":"2015-04-08T13:00:30","date_gmt":"2015-04-08T12:00:30","guid":{"rendered":"http:\/\/creaerte.com\/live\/?p=16755"},"modified":"2015-04-09T08:23:28","modified_gmt":"2015-04-09T07:23:28","slug":"mofexsa-el-aprovechamiento-del-potencial-de-marca","status":"publish","type":"post","link":"https:\/\/www.creaerte.com\/live\/mofexsa-el-aprovechamiento-del-potencial-de-marca\/","title":{"rendered":"Mofexsa, el aprovechamiento del potencial de marca"},"content":{"rendered":"<p>Hace unos meses, en nuestra secci\u00f3n de <strong>cosecha propia<\/strong>, os habl\u00e1bamos de la nueva acci\u00f3n promocional de <a href=\"http:\/\/mofexsa.com\/\" target=\"_blank\">Mofexsa<\/a>, una de las empresas punteras en Extremadura en el mundo del mobiliario y el interiorismo, para quien dise\u00f1amos un <a href=\"http:\/\/creaerte.com\/live\/?p=16252\" target=\"_blank\">calendario corporativo<\/a>.<\/p>\n<p>En un mercado globalizado en constante movimiento donde la competencia aprieta, no basta solo con generar <strong>productos de calidad<\/strong>, sino que tambi\u00e9n hay que darles salida. Es el caso, por ejemplo, de las inserciones en prensa que en <a href=\"http:\/\/www.creaerte.com\/\" target=\"_blank\">Cre\u00e6rte<\/a> dise\u00f1amos recientemente para esta empresa. En formato de media p\u00e1gina y fald\u00f3n, nuestra agencia confeccion\u00f3 diferentes anuncios corporativos aleg\u00f3ricos al calendario para fortalezer as\u00ed la imagen de marca.<\/p>\n<p>En lo que a entendimiento de marketing se refiere, el de Mofexsa es un ejemplo de <strong>madurez<\/strong> y dominio del escenario competitivo, mimando su marca, explotando su potencial y delegando la ejecuci\u00f3n en una <strong>gesti\u00f3n profesionalizada<\/strong>.<\/p>\n<p><img fetchpriority=\"high\" decoding=\"async\" src=\"http:\/\/creaerte.com\/live\/wp-content\/uploads\/2015\/04\/Mofexsa-Media-pagina-6151.jpg\" alt=\"Mofexsa-Media-pagina-615\" width=\"615\" height=\"405\" class=\"alignnone size-full wp-image-16767\" srcset=\"https:\/\/www.creaerte.com\/live\/wp-content\/uploads\/2015\/04\/Mofexsa-Media-pagina-6151.jpg 615w, https:\/\/www.creaerte.com\/live\/wp-content\/uploads\/2015\/04\/Mofexsa-Media-pagina-6151-384x253.jpg 384w\" sizes=\"(max-width: 615px) 100vw, 615px\" \/><\/p>\n<p><img decoding=\"async\" src=\"http:\/\/creaerte.com\/live\/wp-content\/uploads\/2015\/04\/Mofexsa-faldon-5x2-11.jpg\" alt=\"Mofexsa-faldon-5x2-1\" width=\"615\" height=\"151\" class=\"alignnone size-full wp-image-16766\" srcset=\"https:\/\/www.creaerte.com\/live\/wp-content\/uploads\/2015\/04\/Mofexsa-faldon-5x2-11.jpg 615w, https:\/\/www.creaerte.com\/live\/wp-content\/uploads\/2015\/04\/Mofexsa-faldon-5x2-11-384x94.jpg 384w\" sizes=\"(max-width: 615px) 100vw, 615px\" \/><\/p>\n","protected":false},"excerpt":{"rendered":"<p>Hace unos meses, en nuestra secci\u00f3n de cosecha propia, os habl\u00e1bamos de la nueva acci\u00f3n promocional de Mofexsa, una de las empresas punteras en Extremadura en el mundo del mobiliario y el interiorismo, para quien dise\u00f1amos un calendario corporativo. En un mercado globalizado en constante movimiento donde la competencia aprieta, no basta solo con generar productos de calidad, sino que&#8230;<\/p>\n","protected":false},"author":1,"featured_media":16768,"comment_status":"open","ping_status":"open","sticky":false,"template":"","format":"standard","meta":{"footnotes":""},"categories":[319,10],"tags":[],"class_list":["post-16755","post","type-post","status-publish","format-standard","has-post-thumbnail","hentry","category-cosecha-propia","category-noticias","has_thumb"],"yoast_head":"<!-- This site is optimized with the Yoast SEO plugin v26.9 - https:\/\/yoast.com\/product\/yoast-seo-wordpress\/ -->\n<title>Mofexsa, el aprovechamiento del potencial de marca - creaerte.com<\/title>\n<meta name=\"robots\" content=\"index, follow, max-snippet:-1, max-image-preview:large, max-video-preview:-1\" \/>\n<link rel=\"canonical\" href=\"https:\/\/www.creaerte.com\/live\/mofexsa-el-aprovechamiento-del-potencial-de-marca\/\" \/>\n<meta property=\"og:locale\" content=\"es_ES\" \/>\n<meta property=\"og:type\" content=\"article\" \/>\n<meta property=\"og:title\" content=\"Mofexsa, el aprovechamiento del potencial de marca - creaerte.com\" \/>\n<meta property=\"og:description\" content=\"Hace unos meses, en nuestra secci\u00f3n de cosecha propia, os habl\u00e1bamos de la nueva acci\u00f3n promocional de Mofexsa, una de las empresas punteras en Extremadura en el mundo del mobiliario y el interiorismo, para quien dise\u00f1amos un calendario corporativo. En un mercado globalizado en constante movimiento donde la competencia aprieta, no basta solo con generar productos de calidad, sino que...\" \/>\n<meta property=\"og:url\" content=\"https:\/\/www.creaerte.com\/live\/mofexsa-el-aprovechamiento-del-potencial-de-marca\/\" \/>\n<meta property=\"og:site_name\" content=\"creaerte.com\" \/>\n<meta property=\"article:publisher\" content=\"https:\/\/www.facebook.com\/creaerte\" \/>\n<meta property=\"article:published_time\" content=\"2015-04-08T12:00:30+00:00\" \/>\n<meta property=\"article:modified_time\" content=\"2015-04-09T07:23:28+00:00\" \/>\n<meta property=\"og:image\" content=\"https:\/\/www.creaerte.com\/live\/wp-content\/uploads\/2015\/04\/Mofexsa-Media-pagina-6501.jpg\" \/>\n\t<meta property=\"og:image:width\" content=\"650\" \/>\n\t<meta property=\"og:image:height\" content=\"428\" \/>\n\t<meta property=\"og:image:type\" content=\"image\/jpeg\" \/>\n<meta name=\"author\" content=\"admin\" \/>\n<meta name=\"twitter:card\" content=\"summary_large_image\" \/>\n<meta name=\"twitter:creator\" content=\"@Creaerte\" \/>\n<meta name=\"twitter:site\" content=\"@Creaerte\" \/>\n<meta name=\"twitter:label1\" content=\"Escrito por\" \/>\n\t<meta name=\"twitter:data1\" content=\"admin\" \/>\n\t<meta name=\"twitter:label2\" content=\"Tiempo de lectura\" \/>\n\t<meta name=\"twitter:data2\" content=\"1 minuto\" \/>\n<script type=\"application\/ld+json\" class=\"yoast-schema-graph\">{\"@context\":\"https:\/\/schema.org\",\"@graph\":[{\"@type\":\"Article\",\"@id\":\"https:\/\/www.creaerte.com\/live\/mofexsa-el-aprovechamiento-del-potencial-de-marca\/#article\",\"isPartOf\":{\"@id\":\"https:\/\/www.creaerte.com\/live\/mofexsa-el-aprovechamiento-del-potencial-de-marca\/\"},\"author\":{\"name\":\"admin\",\"@id\":\"https:\/\/www.creaerte.com\/live\/#\/schema\/person\/acc9e93c6216bce2d569b1f0a99607f6\"},\"headline\":\"Mofexsa, el aprovechamiento del potencial de marca\",\"datePublished\":\"2015-04-08T12:00:30+00:00\",\"dateModified\":\"2015-04-09T07:23:28+00:00\",\"mainEntityOfPage\":{\"@id\":\"https:\/\/www.creaerte.com\/live\/mofexsa-el-aprovechamiento-del-potencial-de-marca\/\"},\"wordCount\":161,\"commentCount\":0,\"image\":{\"@id\":\"https:\/\/www.creaerte.com\/live\/mofexsa-el-aprovechamiento-del-potencial-de-marca\/#primaryimage\"},\"thumbnailUrl\":\"https:\/\/www.creaerte.com\/live\/wp-content\/uploads\/2015\/04\/Mofexsa-Media-pagina-6501.jpg\",\"articleSection\":[\"Cosecha propia\",\"Noticias\"],\"inLanguage\":\"es\",\"potentialAction\":[{\"@type\":\"CommentAction\",\"name\":\"Comment\",\"target\":[\"https:\/\/www.creaerte.com\/live\/mofexsa-el-aprovechamiento-del-potencial-de-marca\/#respond\"]}]},{\"@type\":\"WebPage\",\"@id\":\"https:\/\/www.creaerte.com\/live\/mofexsa-el-aprovechamiento-del-potencial-de-marca\/\",\"url\":\"https:\/\/www.creaerte.com\/live\/mofexsa-el-aprovechamiento-del-potencial-de-marca\/\",\"name\":\"Mofexsa, el aprovechamiento del potencial de marca - creaerte.com\",\"isPartOf\":{\"@id\":\"https:\/\/www.creaerte.com\/live\/#website\"},\"primaryImageOfPage\":{\"@id\":\"https:\/\/www.creaerte.com\/live\/mofexsa-el-aprovechamiento-del-potencial-de-marca\/#primaryimage\"},\"image\":{\"@id\":\"https:\/\/www.creaerte.com\/live\/mofexsa-el-aprovechamiento-del-potencial-de-marca\/#primaryimage\"},\"thumbnailUrl\":\"https:\/\/www.creaerte.com\/live\/wp-content\/uploads\/2015\/04\/Mofexsa-Media-pagina-6501.jpg\",\"datePublished\":\"2015-04-08T12:00:30+00:00\",\"dateModified\":\"2015-04-09T07:23:28+00:00\",\"author\":{\"@id\":\"https:\/\/www.creaerte.com\/live\/#\/schema\/person\/acc9e93c6216bce2d569b1f0a99607f6\"},\"inLanguage\":\"es\",\"potentialAction\":[{\"@type\":\"ReadAction\",\"target\":[\"https:\/\/www.creaerte.com\/live\/mofexsa-el-aprovechamiento-del-potencial-de-marca\/\"]}]},{\"@type\":\"ImageObject\",\"inLanguage\":\"es\",\"@id\":\"https:\/\/www.creaerte.com\/live\/mofexsa-el-aprovechamiento-del-potencial-de-marca\/#primaryimage\",\"url\":\"https:\/\/www.creaerte.com\/live\/wp-content\/uploads\/2015\/04\/Mofexsa-Media-pagina-6501.jpg\",\"contentUrl\":\"https:\/\/www.creaerte.com\/live\/wp-content\/uploads\/2015\/04\/Mofexsa-Media-pagina-6501.jpg\",\"width\":650,\"height\":428},{\"@type\":\"WebSite\",\"@id\":\"https:\/\/www.creaerte.com\/live\/#website\",\"url\":\"https:\/\/www.creaerte.com\/live\/\",\"name\":\"creaerte.com\",\"description\":\"Agencia de publicidad, comunicaci\u00f3n y marketing en C\u00e1ceres \u2022 Extremadura\",\"potentialAction\":[{\"@type\":\"SearchAction\",\"target\":{\"@type\":\"EntryPoint\",\"urlTemplate\":\"https:\/\/www.creaerte.com\/live\/?s={search_term_string}\"},\"query-input\":{\"@type\":\"PropertyValueSpecification\",\"valueRequired\":true,\"valueName\":\"search_term_string\"}}],\"inLanguage\":\"es\"},{\"@type\":\"Person\",\"@id\":\"https:\/\/www.creaerte.com\/live\/#\/schema\/person\/acc9e93c6216bce2d569b1f0a99607f6\",\"name\":\"admin\",\"image\":{\"@type\":\"ImageObject\",\"inLanguage\":\"es\",\"@id\":\"https:\/\/www.creaerte.com\/live\/#\/schema\/person\/image\/\",\"url\":\"https:\/\/secure.gravatar.com\/avatar\/736f9ff6dd176e443e4c9cf884b23352631c533b611f216dbc09fc84cda6e67c?s=96&d=mm&r=g\",\"contentUrl\":\"https:\/\/secure.gravatar.com\/avatar\/736f9ff6dd176e443e4c9cf884b23352631c533b611f216dbc09fc84cda6e67c?s=96&d=mm&r=g\",\"caption\":\"admin\"},\"url\":\"https:\/\/www.creaerte.com\/live\/author\/admin\/\"}]}<\/script>\n<!-- \/ Yoast SEO plugin. -->","yoast_head_json":{"title":"Mofexsa, el aprovechamiento del potencial de marca - creaerte.com","robots":{"index":"index","follow":"follow","max-snippet":"max-snippet:-1","max-image-preview":"max-image-preview:large","max-video-preview":"max-video-preview:-1"},"canonical":"https:\/\/www.creaerte.com\/live\/mofexsa-el-aprovechamiento-del-potencial-de-marca\/","og_locale":"es_ES","og_type":"article","og_title":"Mofexsa, el aprovechamiento del potencial de marca - creaerte.com","og_description":"Hace unos meses, en nuestra secci\u00f3n de cosecha propia, os habl\u00e1bamos de la nueva acci\u00f3n promocional de Mofexsa, una de las empresas punteras en Extremadura en el mundo del mobiliario y el interiorismo, para quien dise\u00f1amos un calendario corporativo. En un mercado globalizado en constante movimiento donde la competencia aprieta, no basta solo con generar productos de calidad, sino que...","og_url":"https:\/\/www.creaerte.com\/live\/mofexsa-el-aprovechamiento-del-potencial-de-marca\/","og_site_name":"creaerte.com","article_publisher":"https:\/\/www.facebook.com\/creaerte","article_published_time":"2015-04-08T12:00:30+00:00","article_modified_time":"2015-04-09T07:23:28+00:00","og_image":[{"width":650,"height":428,"url":"https:\/\/www.creaerte.com\/live\/wp-content\/uploads\/2015\/04\/Mofexsa-Media-pagina-6501.jpg","type":"image\/jpeg"}],"author":"admin","twitter_card":"summary_large_image","twitter_creator":"@Creaerte","twitter_site":"@Creaerte","twitter_misc":{"Escrito por":"admin","Tiempo de lectura":"1 minuto"},"schema":{"@context":"https:\/\/schema.org","@graph":[{"@type":"Article","@id":"https:\/\/www.creaerte.com\/live\/mofexsa-el-aprovechamiento-del-potencial-de-marca\/#article","isPartOf":{"@id":"https:\/\/www.creaerte.com\/live\/mofexsa-el-aprovechamiento-del-potencial-de-marca\/"},"author":{"name":"admin","@id":"https:\/\/www.creaerte.com\/live\/#\/schema\/person\/acc9e93c6216bce2d569b1f0a99607f6"},"headline":"Mofexsa, el aprovechamiento del potencial de marca","datePublished":"2015-04-08T12:00:30+00:00","dateModified":"2015-04-09T07:23:28+00:00","mainEntityOfPage":{"@id":"https:\/\/www.creaerte.com\/live\/mofexsa-el-aprovechamiento-del-potencial-de-marca\/"},"wordCount":161,"commentCount":0,"image":{"@id":"https:\/\/www.creaerte.com\/live\/mofexsa-el-aprovechamiento-del-potencial-de-marca\/#primaryimage"},"thumbnailUrl":"https:\/\/www.creaerte.com\/live\/wp-content\/uploads\/2015\/04\/Mofexsa-Media-pagina-6501.jpg","articleSection":["Cosecha propia","Noticias"],"inLanguage":"es","potentialAction":[{"@type":"CommentAction","name":"Comment","target":["https:\/\/www.creaerte.com\/live\/mofexsa-el-aprovechamiento-del-potencial-de-marca\/#respond"]}]},{"@type":"WebPage","@id":"https:\/\/www.creaerte.com\/live\/mofexsa-el-aprovechamiento-del-potencial-de-marca\/","url":"https:\/\/www.creaerte.com\/live\/mofexsa-el-aprovechamiento-del-potencial-de-marca\/","name":"Mofexsa, el aprovechamiento del potencial de marca - creaerte.com","isPartOf":{"@id":"https:\/\/www.creaerte.com\/live\/#website"},"primaryImageOfPage":{"@id":"https:\/\/www.creaerte.com\/live\/mofexsa-el-aprovechamiento-del-potencial-de-marca\/#primaryimage"},"image":{"@id":"https:\/\/www.creaerte.com\/live\/mofexsa-el-aprovechamiento-del-potencial-de-marca\/#primaryimage"},"thumbnailUrl":"https:\/\/www.creaerte.com\/live\/wp-content\/uploads\/2015\/04\/Mofexsa-Media-pagina-6501.jpg","datePublished":"2015-04-08T12:00:30+00:00","dateModified":"2015-04-09T07:23:28+00:00","author":{"@id":"https:\/\/www.creaerte.com\/live\/#\/schema\/person\/acc9e93c6216bce2d569b1f0a99607f6"},"inLanguage":"es","potentialAction":[{"@type":"ReadAction","target":["https:\/\/www.creaerte.com\/live\/mofexsa-el-aprovechamiento-del-potencial-de-marca\/"]}]},{"@type":"ImageObject","inLanguage":"es","@id":"https:\/\/www.creaerte.com\/live\/mofexsa-el-aprovechamiento-del-potencial-de-marca\/#primaryimage","url":"https:\/\/www.creaerte.com\/live\/wp-content\/uploads\/2015\/04\/Mofexsa-Media-pagina-6501.jpg","contentUrl":"https:\/\/www.creaerte.com\/live\/wp-content\/uploads\/2015\/04\/Mofexsa-Media-pagina-6501.jpg","width":650,"height":428},{"@type":"WebSite","@id":"https:\/\/www.creaerte.com\/live\/#website","url":"https:\/\/www.creaerte.com\/live\/","name":"creaerte.com","description":"Agencia de publicidad, comunicaci\u00f3n y marketing en C\u00e1ceres \u2022 Extremadura","potentialAction":[{"@type":"SearchAction","target":{"@type":"EntryPoint","urlTemplate":"https:\/\/www.creaerte.com\/live\/?s={search_term_string}"},"query-input":{"@type":"PropertyValueSpecification","valueRequired":true,"valueName":"search_term_string"}}],"inLanguage":"es"},{"@type":"Person","@id":"https:\/\/www.creaerte.com\/live\/#\/schema\/person\/acc9e93c6216bce2d569b1f0a99607f6","name":"admin","image":{"@type":"ImageObject","inLanguage":"es","@id":"https:\/\/www.creaerte.com\/live\/#\/schema\/person\/image\/","url":"https:\/\/secure.gravatar.com\/avatar\/736f9ff6dd176e443e4c9cf884b23352631c533b611f216dbc09fc84cda6e67c?s=96&d=mm&r=g","contentUrl":"https:\/\/secure.gravatar.com\/avatar\/736f9ff6dd176e443e4c9cf884b23352631c533b611f216dbc09fc84cda6e67c?s=96&d=mm&r=g","caption":"admin"},"url":"https:\/\/www.creaerte.com\/live\/author\/admin\/"}]}},"_links":{"self":[{"href":"https:\/\/www.creaerte.com\/live\/wp-json\/wp\/v2\/posts\/16755","targetHints":{"allow":["GET"]}}],"collection":[{"href":"https:\/\/www.creaerte.com\/live\/wp-json\/wp\/v2\/posts"}],"about":[{"href":"https:\/\/www.creaerte.com\/live\/wp-json\/wp\/v2\/types\/post"}],"author":[{"embeddable":true,"href":"https:\/\/www.creaerte.com\/live\/wp-json\/wp\/v2\/users\/1"}],"replies":[{"embeddable":true,"href":"https:\/\/www.creaerte.com\/live\/wp-json\/wp\/v2\/comments?post=16755"}],"version-history":[{"count":0,"href":"https:\/\/www.creaerte.com\/live\/wp-json\/wp\/v2\/posts\/16755\/revisions"}],"wp:featuredmedia":[{"embeddable":true,"href":"https:\/\/www.creaerte.com\/live\/wp-json\/wp\/v2\/media\/16768"}],"wp:attachment":[{"href":"https:\/\/www.creaerte.com\/live\/wp-json\/wp\/v2\/media?parent=16755"}],"wp:term":[{"taxonomy":"category","embeddable":true,"href":"https:\/\/www.creaerte.com\/live\/wp-json\/wp\/v2\/categories?post=16755"},{"taxonomy":"post_tag","embeddable":true,"href":"https:\/\/www.creaerte.com\/live\/wp-json\/wp\/v2\/tags?post=16755"}],"curies":[{"name":"wp","href":"https:\/\/api.w.org\/{rel}","templated":true}]}}