{"id":17126,"date":"2015-06-10T13:07:31","date_gmt":"2015-06-10T12:07:31","guid":{"rendered":"http:\/\/creaerte.com\/live\/?p=17126"},"modified":"2015-06-11T08:20:56","modified_gmt":"2015-06-11T07:20:56","slug":"el-figon-de-eustaquio-parte-indisoluble-de-la-idiosincrasia-local","status":"publish","type":"post","link":"https:\/\/www.creaerte.com\/live\/el-figon-de-eustaquio-parte-indisoluble-de-la-idiosincrasia-local\/","title":{"rendered":"El Fig\u00f3n de Eustaquio, parte indisoluble de la idiosincrasia local"},"content":{"rendered":"<p>Desde 1947, el negocio hostelero de <strong>El Fig\u00f3n de Eustaquio<\/strong> ha sabido hacerse un hueco en la historia viva de <strong>C\u00e1ceres<\/strong> y en su zona monumental e hist\u00f3rica, m\u00e1s concretamente en la <strong>Plaza San Juan<\/strong>.<\/p>\n<p>Icono y parte fundamental de la gastronom\u00eda local y regional, y habiendo sido reconocido con premios como el de la <strong>Medalla de Extremadura en 2007<\/strong>, luce orgulloso el logotipo que dise\u00f1\u00f3 <a href=\"http:\/\/www.creaerte.com\/\" target=\"_blank\">Cre\u00e6rte<\/a> hace ya m\u00e1s de 15 a\u00f1os.<\/p>\n<p>Junto a un d\u00edptico informativo y promocional de peque\u00f1o tama\u00f1o, en el que se inclu\u00edan algunos de sus platos m\u00e1s t\u00edpicos y un plano para ubicarlo en la ciudad, nuestro trabajo de <strong>dise\u00f1o<\/strong> perdura y adorna uno de los negocios hosteleros de mayor renombre de <strong>Extremadura<\/strong>.<\/p>\n<p>Y as\u00ed ha sido hasta convertirse en lugar de paso obligado para los miles de turistas que pasan por la capital cacere\u00f1a a lo largo del a\u00f1o y buscan degustar los productos t\u00edpicos de nuestra tierra con una buena relaci\u00f3n calidad precio.<\/p>\n<p>Os dejamos una peque\u00f1a muestra de nuestra labor.<\/p>\n<p><img fetchpriority=\"high\" decoding=\"async\" class=\"alignnone wp-image-17128\" src=\"http:\/\/creaerte.com\/live\/wp-content\/uploads\/2015\/06\/el-figon-de-Estaquio.jpg\" alt=\"Logotipo y d\u00edptico del Restaurante El Fig\u00f3n de Eustaquio\" width=\"615\" height=\"525\" srcset=\"https:\/\/www.creaerte.com\/live\/wp-content\/uploads\/2015\/06\/el-figon-de-Estaquio.jpg 650w, https:\/\/www.creaerte.com\/live\/wp-content\/uploads\/2015\/06\/el-figon-de-Estaquio-384x328.jpg 384w, https:\/\/www.creaerte.com\/live\/wp-content\/uploads\/2015\/06\/el-figon-de-Estaquio-600x512.jpg 600w\" sizes=\"(max-width: 615px) 100vw, 615px\" \/><\/p>\n","protected":false},"excerpt":{"rendered":"<p>Desde 1947, el negocio hostelero de El Fig\u00f3n de Eustaquio ha sabido hacerse un hueco en la historia viva de C\u00e1ceres y en su zona monumental e hist\u00f3rica, m\u00e1s concretamente en la Plaza San Juan. Icono y parte fundamental de la gastronom\u00eda local y regional, y habiendo sido reconocido con premios como el de la Medalla de Extremadura en 2007,&#8230;<\/p>\n","protected":false},"author":1,"featured_media":17128,"comment_status":"open","ping_status":"open","sticky":false,"template":"","format":"standard","meta":{"footnotes":""},"categories":[319,42,863,10],"tags":[326,875,1185],"class_list":["post-17126","post","type-post","status-publish","format-standard","has-post-thumbnail","hentry","category-cosecha-propia","category-diseno","category-logotipos-2","category-noticias","tag-cosecha-propia-2","tag-figon-de-eustaquio","tag-noticias","has_thumb"],"yoast_head":"<!-- This site is optimized with the Yoast SEO plugin v26.9 - https:\/\/yoast.com\/product\/yoast-seo-wordpress\/ -->\n<title>El Fig\u00f3n de Eustaquio, parte indisoluble de la idiosincrasia local - creaerte.com<\/title>\n<meta name=\"description\" content=\"El Fig\u00f3n de Eustaqui, uno de los restaurantes de mayor renombre de Extremadura, luce a\u00fan el logotipo que dise\u00f1\u00f3 Cre\u00e6rte hace m\u00e1s de 15 a\u00f1os.\" \/>\n<meta name=\"robots\" content=\"index, follow, max-snippet:-1, max-image-preview:large, max-video-preview:-1\" \/>\n<link rel=\"canonical\" href=\"https:\/\/www.creaerte.com\/live\/el-figon-de-eustaquio-parte-indisoluble-de-la-idiosincrasia-local\/\" \/>\n<meta property=\"og:locale\" content=\"es_ES\" \/>\n<meta property=\"og:type\" content=\"article\" \/>\n<meta property=\"og:title\" content=\"El Fig\u00f3n de Eustaquio, parte indisoluble de la idiosincrasia local - creaerte.com\" \/>\n<meta property=\"og:description\" content=\"El Fig\u00f3n de Eustaqui, uno de los restaurantes de mayor renombre de Extremadura, luce a\u00fan el logotipo que dise\u00f1\u00f3 Cre\u00e6rte hace m\u00e1s de 15 a\u00f1os.\" \/>\n<meta property=\"og:url\" content=\"https:\/\/www.creaerte.com\/live\/el-figon-de-eustaquio-parte-indisoluble-de-la-idiosincrasia-local\/\" \/>\n<meta property=\"og:site_name\" content=\"creaerte.com\" \/>\n<meta property=\"article:publisher\" content=\"https:\/\/www.facebook.com\/creaerte\" \/>\n<meta property=\"article:published_time\" content=\"2015-06-10T12:07:31+00:00\" \/>\n<meta property=\"article:modified_time\" content=\"2015-06-11T07:20:56+00:00\" \/>\n<meta property=\"og:image\" content=\"https:\/\/www.creaerte.com\/live\/wp-content\/uploads\/2015\/06\/el-figon-de-Estaquio.jpg\" \/>\n\t<meta property=\"og:image:width\" content=\"650\" \/>\n\t<meta property=\"og:image:height\" content=\"555\" \/>\n\t<meta property=\"og:image:type\" content=\"image\/jpeg\" \/>\n<meta name=\"author\" content=\"admin\" \/>\n<meta name=\"twitter:card\" content=\"summary_large_image\" \/>\n<meta name=\"twitter:creator\" content=\"@Creaerte\" \/>\n<meta name=\"twitter:site\" content=\"@Creaerte\" \/>\n<meta name=\"twitter:label1\" content=\"Escrito por\" \/>\n\t<meta name=\"twitter:data1\" content=\"admin\" \/>\n\t<meta name=\"twitter:label2\" content=\"Tiempo de lectura\" \/>\n\t<meta name=\"twitter:data2\" content=\"1 minuto\" \/>\n<script type=\"application\/ld+json\" class=\"yoast-schema-graph\">{\"@context\":\"https:\/\/schema.org\",\"@graph\":[{\"@type\":\"Article\",\"@id\":\"https:\/\/www.creaerte.com\/live\/el-figon-de-eustaquio-parte-indisoluble-de-la-idiosincrasia-local\/#article\",\"isPartOf\":{\"@id\":\"https:\/\/www.creaerte.com\/live\/el-figon-de-eustaquio-parte-indisoluble-de-la-idiosincrasia-local\/\"},\"author\":{\"name\":\"admin\",\"@id\":\"https:\/\/www.creaerte.com\/live\/#\/schema\/person\/acc9e93c6216bce2d569b1f0a99607f6\"},\"headline\":\"El Fig\u00f3n de Eustaquio, parte indisoluble de la idiosincrasia local\",\"datePublished\":\"2015-06-10T12:07:31+00:00\",\"dateModified\":\"2015-06-11T07:20:56+00:00\",\"mainEntityOfPage\":{\"@id\":\"https:\/\/www.creaerte.com\/live\/el-figon-de-eustaquio-parte-indisoluble-de-la-idiosincrasia-local\/\"},\"wordCount\":197,\"commentCount\":0,\"image\":{\"@id\":\"https:\/\/www.creaerte.com\/live\/el-figon-de-eustaquio-parte-indisoluble-de-la-idiosincrasia-local\/#primaryimage\"},\"thumbnailUrl\":\"https:\/\/www.creaerte.com\/live\/wp-content\/uploads\/2015\/06\/el-figon-de-Estaquio.jpg\",\"keywords\":[\"cosecha propia\",\"fig\u00f3n de eustaquio\",\"Noticias\"],\"articleSection\":[\"Cosecha propia\",\"dise\u00f1o\",\"Logotipos\",\"Noticias\"],\"inLanguage\":\"es\",\"potentialAction\":[{\"@type\":\"CommentAction\",\"name\":\"Comment\",\"target\":[\"https:\/\/www.creaerte.com\/live\/el-figon-de-eustaquio-parte-indisoluble-de-la-idiosincrasia-local\/#respond\"]}]},{\"@type\":\"WebPage\",\"@id\":\"https:\/\/www.creaerte.com\/live\/el-figon-de-eustaquio-parte-indisoluble-de-la-idiosincrasia-local\/\",\"url\":\"https:\/\/www.creaerte.com\/live\/el-figon-de-eustaquio-parte-indisoluble-de-la-idiosincrasia-local\/\",\"name\":\"El Fig\u00f3n de Eustaquio, parte indisoluble de la idiosincrasia local - creaerte.com\",\"isPartOf\":{\"@id\":\"https:\/\/www.creaerte.com\/live\/#website\"},\"primaryImageOfPage\":{\"@id\":\"https:\/\/www.creaerte.com\/live\/el-figon-de-eustaquio-parte-indisoluble-de-la-idiosincrasia-local\/#primaryimage\"},\"image\":{\"@id\":\"https:\/\/www.creaerte.com\/live\/el-figon-de-eustaquio-parte-indisoluble-de-la-idiosincrasia-local\/#primaryimage\"},\"thumbnailUrl\":\"https:\/\/www.creaerte.com\/live\/wp-content\/uploads\/2015\/06\/el-figon-de-Estaquio.jpg\",\"datePublished\":\"2015-06-10T12:07:31+00:00\",\"dateModified\":\"2015-06-11T07:20:56+00:00\",\"author\":{\"@id\":\"https:\/\/www.creaerte.com\/live\/#\/schema\/person\/acc9e93c6216bce2d569b1f0a99607f6\"},\"description\":\"El Fig\u00f3n de Eustaqui, uno de los restaurantes de mayor renombre de Extremadura, luce a\u00fan el logotipo que dise\u00f1\u00f3 Cre\u00e6rte hace m\u00e1s de 15 a\u00f1os.\",\"inLanguage\":\"es\",\"potentialAction\":[{\"@type\":\"ReadAction\",\"target\":[\"https:\/\/www.creaerte.com\/live\/el-figon-de-eustaquio-parte-indisoluble-de-la-idiosincrasia-local\/\"]}]},{\"@type\":\"ImageObject\",\"inLanguage\":\"es\",\"@id\":\"https:\/\/www.creaerte.com\/live\/el-figon-de-eustaquio-parte-indisoluble-de-la-idiosincrasia-local\/#primaryimage\",\"url\":\"https:\/\/www.creaerte.com\/live\/wp-content\/uploads\/2015\/06\/el-figon-de-Estaquio.jpg\",\"contentUrl\":\"https:\/\/www.creaerte.com\/live\/wp-content\/uploads\/2015\/06\/el-figon-de-Estaquio.jpg\",\"width\":650,\"height\":555,\"caption\":\"Logotipo y d\u00edptico del Restaurante El Fig\u00f3n de Eustaquio\"},{\"@type\":\"WebSite\",\"@id\":\"https:\/\/www.creaerte.com\/live\/#website\",\"url\":\"https:\/\/www.creaerte.com\/live\/\",\"name\":\"creaerte.com\",\"description\":\"Agencia de publicidad, comunicaci\u00f3n y marketing en C\u00e1ceres \u2022 Extremadura\",\"potentialAction\":[{\"@type\":\"SearchAction\",\"target\":{\"@type\":\"EntryPoint\",\"urlTemplate\":\"https:\/\/www.creaerte.com\/live\/?s={search_term_string}\"},\"query-input\":{\"@type\":\"PropertyValueSpecification\",\"valueRequired\":true,\"valueName\":\"search_term_string\"}}],\"inLanguage\":\"es\"},{\"@type\":\"Person\",\"@id\":\"https:\/\/www.creaerte.com\/live\/#\/schema\/person\/acc9e93c6216bce2d569b1f0a99607f6\",\"name\":\"admin\",\"image\":{\"@type\":\"ImageObject\",\"inLanguage\":\"es\",\"@id\":\"https:\/\/www.creaerte.com\/live\/#\/schema\/person\/image\/\",\"url\":\"https:\/\/secure.gravatar.com\/avatar\/736f9ff6dd176e443e4c9cf884b23352631c533b611f216dbc09fc84cda6e67c?s=96&d=mm&r=g\",\"contentUrl\":\"https:\/\/secure.gravatar.com\/avatar\/736f9ff6dd176e443e4c9cf884b23352631c533b611f216dbc09fc84cda6e67c?s=96&d=mm&r=g\",\"caption\":\"admin\"},\"url\":\"https:\/\/www.creaerte.com\/live\/author\/admin\/\"}]}<\/script>\n<!-- \/ Yoast SEO plugin. -->","yoast_head_json":{"title":"El Fig\u00f3n de Eustaquio, parte indisoluble de la idiosincrasia local - creaerte.com","description":"El Fig\u00f3n de Eustaqui, uno de los restaurantes de mayor renombre de Extremadura, luce a\u00fan el logotipo que dise\u00f1\u00f3 Cre\u00e6rte hace m\u00e1s de 15 a\u00f1os.","robots":{"index":"index","follow":"follow","max-snippet":"max-snippet:-1","max-image-preview":"max-image-preview:large","max-video-preview":"max-video-preview:-1"},"canonical":"https:\/\/www.creaerte.com\/live\/el-figon-de-eustaquio-parte-indisoluble-de-la-idiosincrasia-local\/","og_locale":"es_ES","og_type":"article","og_title":"El Fig\u00f3n de Eustaquio, parte indisoluble de la idiosincrasia local - creaerte.com","og_description":"El Fig\u00f3n de Eustaqui, uno de los restaurantes de mayor renombre de Extremadura, luce a\u00fan el logotipo que dise\u00f1\u00f3 Cre\u00e6rte hace m\u00e1s de 15 a\u00f1os.","og_url":"https:\/\/www.creaerte.com\/live\/el-figon-de-eustaquio-parte-indisoluble-de-la-idiosincrasia-local\/","og_site_name":"creaerte.com","article_publisher":"https:\/\/www.facebook.com\/creaerte","article_published_time":"2015-06-10T12:07:31+00:00","article_modified_time":"2015-06-11T07:20:56+00:00","og_image":[{"width":650,"height":555,"url":"https:\/\/www.creaerte.com\/live\/wp-content\/uploads\/2015\/06\/el-figon-de-Estaquio.jpg","type":"image\/jpeg"}],"author":"admin","twitter_card":"summary_large_image","twitter_creator":"@Creaerte","twitter_site":"@Creaerte","twitter_misc":{"Escrito por":"admin","Tiempo de lectura":"1 minuto"},"schema":{"@context":"https:\/\/schema.org","@graph":[{"@type":"Article","@id":"https:\/\/www.creaerte.com\/live\/el-figon-de-eustaquio-parte-indisoluble-de-la-idiosincrasia-local\/#article","isPartOf":{"@id":"https:\/\/www.creaerte.com\/live\/el-figon-de-eustaquio-parte-indisoluble-de-la-idiosincrasia-local\/"},"author":{"name":"admin","@id":"https:\/\/www.creaerte.com\/live\/#\/schema\/person\/acc9e93c6216bce2d569b1f0a99607f6"},"headline":"El Fig\u00f3n de Eustaquio, parte indisoluble de la idiosincrasia local","datePublished":"2015-06-10T12:07:31+00:00","dateModified":"2015-06-11T07:20:56+00:00","mainEntityOfPage":{"@id":"https:\/\/www.creaerte.com\/live\/el-figon-de-eustaquio-parte-indisoluble-de-la-idiosincrasia-local\/"},"wordCount":197,"commentCount":0,"image":{"@id":"https:\/\/www.creaerte.com\/live\/el-figon-de-eustaquio-parte-indisoluble-de-la-idiosincrasia-local\/#primaryimage"},"thumbnailUrl":"https:\/\/www.creaerte.com\/live\/wp-content\/uploads\/2015\/06\/el-figon-de-Estaquio.jpg","keywords":["cosecha propia","fig\u00f3n de eustaquio","Noticias"],"articleSection":["Cosecha propia","dise\u00f1o","Logotipos","Noticias"],"inLanguage":"es","potentialAction":[{"@type":"CommentAction","name":"Comment","target":["https:\/\/www.creaerte.com\/live\/el-figon-de-eustaquio-parte-indisoluble-de-la-idiosincrasia-local\/#respond"]}]},{"@type":"WebPage","@id":"https:\/\/www.creaerte.com\/live\/el-figon-de-eustaquio-parte-indisoluble-de-la-idiosincrasia-local\/","url":"https:\/\/www.creaerte.com\/live\/el-figon-de-eustaquio-parte-indisoluble-de-la-idiosincrasia-local\/","name":"El Fig\u00f3n de Eustaquio, parte indisoluble de la idiosincrasia local - creaerte.com","isPartOf":{"@id":"https:\/\/www.creaerte.com\/live\/#website"},"primaryImageOfPage":{"@id":"https:\/\/www.creaerte.com\/live\/el-figon-de-eustaquio-parte-indisoluble-de-la-idiosincrasia-local\/#primaryimage"},"image":{"@id":"https:\/\/www.creaerte.com\/live\/el-figon-de-eustaquio-parte-indisoluble-de-la-idiosincrasia-local\/#primaryimage"},"thumbnailUrl":"https:\/\/www.creaerte.com\/live\/wp-content\/uploads\/2015\/06\/el-figon-de-Estaquio.jpg","datePublished":"2015-06-10T12:07:31+00:00","dateModified":"2015-06-11T07:20:56+00:00","author":{"@id":"https:\/\/www.creaerte.com\/live\/#\/schema\/person\/acc9e93c6216bce2d569b1f0a99607f6"},"description":"El Fig\u00f3n de Eustaqui, uno de los restaurantes de mayor renombre de Extremadura, luce a\u00fan el logotipo que dise\u00f1\u00f3 Cre\u00e6rte hace m\u00e1s de 15 a\u00f1os.","inLanguage":"es","potentialAction":[{"@type":"ReadAction","target":["https:\/\/www.creaerte.com\/live\/el-figon-de-eustaquio-parte-indisoluble-de-la-idiosincrasia-local\/"]}]},{"@type":"ImageObject","inLanguage":"es","@id":"https:\/\/www.creaerte.com\/live\/el-figon-de-eustaquio-parte-indisoluble-de-la-idiosincrasia-local\/#primaryimage","url":"https:\/\/www.creaerte.com\/live\/wp-content\/uploads\/2015\/06\/el-figon-de-Estaquio.jpg","contentUrl":"https:\/\/www.creaerte.com\/live\/wp-content\/uploads\/2015\/06\/el-figon-de-Estaquio.jpg","width":650,"height":555,"caption":"Logotipo y d\u00edptico del Restaurante El Fig\u00f3n de Eustaquio"},{"@type":"WebSite","@id":"https:\/\/www.creaerte.com\/live\/#website","url":"https:\/\/www.creaerte.com\/live\/","name":"creaerte.com","description":"Agencia de publicidad, comunicaci\u00f3n y marketing en C\u00e1ceres \u2022 Extremadura","potentialAction":[{"@type":"SearchAction","target":{"@type":"EntryPoint","urlTemplate":"https:\/\/www.creaerte.com\/live\/?s={search_term_string}"},"query-input":{"@type":"PropertyValueSpecification","valueRequired":true,"valueName":"search_term_string"}}],"inLanguage":"es"},{"@type":"Person","@id":"https:\/\/www.creaerte.com\/live\/#\/schema\/person\/acc9e93c6216bce2d569b1f0a99607f6","name":"admin","image":{"@type":"ImageObject","inLanguage":"es","@id":"https:\/\/www.creaerte.com\/live\/#\/schema\/person\/image\/","url":"https:\/\/secure.gravatar.com\/avatar\/736f9ff6dd176e443e4c9cf884b23352631c533b611f216dbc09fc84cda6e67c?s=96&d=mm&r=g","contentUrl":"https:\/\/secure.gravatar.com\/avatar\/736f9ff6dd176e443e4c9cf884b23352631c533b611f216dbc09fc84cda6e67c?s=96&d=mm&r=g","caption":"admin"},"url":"https:\/\/www.creaerte.com\/live\/author\/admin\/"}]}},"_links":{"self":[{"href":"https:\/\/www.creaerte.com\/live\/wp-json\/wp\/v2\/posts\/17126","targetHints":{"allow":["GET"]}}],"collection":[{"href":"https:\/\/www.creaerte.com\/live\/wp-json\/wp\/v2\/posts"}],"about":[{"href":"https:\/\/www.creaerte.com\/live\/wp-json\/wp\/v2\/types\/post"}],"author":[{"embeddable":true,"href":"https:\/\/www.creaerte.com\/live\/wp-json\/wp\/v2\/users\/1"}],"replies":[{"embeddable":true,"href":"https:\/\/www.creaerte.com\/live\/wp-json\/wp\/v2\/comments?post=17126"}],"version-history":[{"count":5,"href":"https:\/\/www.creaerte.com\/live\/wp-json\/wp\/v2\/posts\/17126\/revisions"}],"predecessor-version":[{"id":17132,"href":"https:\/\/www.creaerte.com\/live\/wp-json\/wp\/v2\/posts\/17126\/revisions\/17132"}],"wp:featuredmedia":[{"embeddable":true,"href":"https:\/\/www.creaerte.com\/live\/wp-json\/wp\/v2\/media\/17128"}],"wp:attachment":[{"href":"https:\/\/www.creaerte.com\/live\/wp-json\/wp\/v2\/media?parent=17126"}],"wp:term":[{"taxonomy":"category","embeddable":true,"href":"https:\/\/www.creaerte.com\/live\/wp-json\/wp\/v2\/categories?post=17126"},{"taxonomy":"post_tag","embeddable":true,"href":"https:\/\/www.creaerte.com\/live\/wp-json\/wp\/v2\/tags?post=17126"}],"curies":[{"name":"wp","href":"https:\/\/api.w.org\/{rel}","templated":true}]}}