{"id":17637,"date":"2015-09-02T11:43:21","date_gmt":"2015-09-02T10:43:21","guid":{"rendered":"http:\/\/creaerte.com\/live\/?p=17637"},"modified":"2015-09-02T11:45:53","modified_gmt":"2015-09-02T10:45:53","slug":"tiempo-para-el-pimenton-en-retrogusto","status":"publish","type":"post","link":"https:\/\/www.creaerte.com\/live\/tiempo-para-el-pimenton-en-retrogusto\/","title":{"rendered":"Tiempo para el piment\u00f3n en Retrogusto"},"content":{"rendered":"<p>Llega septiembre y en <a href=\"http:\/\/creaerte.com\/\" target=\"_blank\"><strong>Creaerte<\/strong><\/a> es el mes del piment\u00f3n. En efecto, hablamos de nuestra colecci\u00f3n de 2015, <strong>Retrogusto<\/strong>. Hoy, en nuestra secci\u00f3n de <strong>cosecha propia<\/strong>, os presentamos esta imagen cuidada al detalle que intenta y consigue destacar las bondades de uno de los productos que abanderan la <strong>gastronom\u00eda de nuestra tierra<\/strong>.<\/p>\n<p>Tal y como destacamos en nuestro almanaque, el <strong>Piment\u00f3n de la Vera<\/strong> es ingrediente fundamental para muchos platos de la cocina tradicional espa\u00f1ola. Su calidad no pasa desapercibida para los grandes exportadores; pa\u00edses como China se han interesado por el proceso de elaboraci\u00f3n y sus posibilidades culinarias.<\/p>\n<p>Esta imagen formar\u00e1 parte del d\u00eda a d\u00eda de muchos de nuestros <strong>clientes<\/strong> en sus <strong>lugares de trabajo<\/strong> durante las pr\u00f3ximas semanas. La vuelta de las vacaciones, con Creaerte, es m\u00e1s amena. <\/p>\n<p><a href=\"http:\/\/creaerte.com\/live\/wp-content\/uploads\/2015\/09\/pimenton.jpg\"><img fetchpriority=\"high\" decoding=\"async\" src=\"http:\/\/creaerte.com\/live\/wp-content\/uploads\/2015\/09\/pimenton.jpg\" alt=\"Retrogusto piment\u00f3n\" width=\"650\" height=\"650\" class=\"alignnone size-full wp-image-17639\" srcset=\"https:\/\/www.creaerte.com\/live\/wp-content\/uploads\/2015\/09\/pimenton.jpg 650w, https:\/\/www.creaerte.com\/live\/wp-content\/uploads\/2015\/09\/pimenton-300x300.jpg 300w, https:\/\/www.creaerte.com\/live\/wp-content\/uploads\/2015\/09\/pimenton-384x384.jpg 384w, https:\/\/www.creaerte.com\/live\/wp-content\/uploads\/2015\/09\/pimenton-624x624.jpg 624w\" sizes=\"(max-width: 650px) 100vw, 650px\" \/><\/a><\/p>\n","protected":false},"excerpt":{"rendered":"<p>Llega septiembre y en Creaerte es el mes del piment\u00f3n. En efecto, hablamos de nuestra colecci\u00f3n de 2015, Retrogusto. Hoy, en nuestra secci\u00f3n de cosecha propia, os presentamos esta imagen cuidada al detalle que intenta y consigue destacar las bondades de uno de los productos que abanderan la gastronom\u00eda de nuestra tierra. Tal y como destacamos en nuestro almanaque, el&#8230;<\/p>\n","protected":false},"author":1,"featured_media":17638,"comment_status":"open","ping_status":"open","sticky":false,"template":"","format":"standard","meta":{"footnotes":""},"categories":[319,42,10],"tags":[558],"class_list":["post-17637","post","type-post","status-publish","format-standard","has-post-thumbnail","hentry","category-cosecha-propia","category-diseno","category-noticias","tag-retrogusto","has_thumb"],"yoast_head":"<!-- This site is optimized with the Yoast SEO plugin v26.9 - https:\/\/yoast.com\/product\/yoast-seo-wordpress\/ -->\n<title>Tiempo para el piment\u00f3n en Retrogusto - creaerte.com<\/title>\n<meta name=\"description\" content=\"Con la llegada del mes de septiembre, en Creaerte damos salida a la imagen que ilustra el mes de septiembre en nuestra colecci\u00f3n de 2015, Retrogusto\" \/>\n<meta name=\"robots\" content=\"index, follow, max-snippet:-1, max-image-preview:large, max-video-preview:-1\" \/>\n<link rel=\"canonical\" href=\"https:\/\/www.creaerte.com\/live\/tiempo-para-el-pimenton-en-retrogusto\/\" \/>\n<meta property=\"og:locale\" content=\"es_ES\" \/>\n<meta property=\"og:type\" content=\"article\" \/>\n<meta property=\"og:title\" content=\"Tiempo para el piment\u00f3n en Retrogusto - creaerte.com\" \/>\n<meta property=\"og:description\" content=\"Con la llegada del mes de septiembre, en Creaerte damos salida a la imagen que ilustra el mes de septiembre en nuestra colecci\u00f3n de 2015, Retrogusto\" \/>\n<meta property=\"og:url\" content=\"https:\/\/www.creaerte.com\/live\/tiempo-para-el-pimenton-en-retrogusto\/\" \/>\n<meta property=\"og:site_name\" content=\"creaerte.com\" \/>\n<meta property=\"article:publisher\" content=\"https:\/\/www.facebook.com\/creaerte\" \/>\n<meta property=\"article:published_time\" content=\"2015-09-02T10:43:21+00:00\" \/>\n<meta property=\"article:modified_time\" content=\"2015-09-02T10:45:53+00:00\" \/>\n<meta property=\"og:image\" content=\"https:\/\/www.creaerte.com\/live\/wp-content\/uploads\/2015\/09\/pimentongrande.jpg\" \/>\n\t<meta property=\"og:image:width\" content=\"817\" \/>\n\t<meta property=\"og:image:height\" content=\"468\" \/>\n\t<meta property=\"og:image:type\" content=\"image\/jpeg\" \/>\n<meta name=\"author\" content=\"admin\" \/>\n<meta name=\"twitter:card\" content=\"summary_large_image\" \/>\n<meta name=\"twitter:creator\" content=\"@Creaerte\" \/>\n<meta name=\"twitter:site\" content=\"@Creaerte\" \/>\n<meta name=\"twitter:label1\" content=\"Escrito por\" \/>\n\t<meta name=\"twitter:data1\" content=\"admin\" \/>\n\t<meta name=\"twitter:label2\" content=\"Tiempo de lectura\" \/>\n\t<meta name=\"twitter:data2\" content=\"1 minuto\" \/>\n<script type=\"application\/ld+json\" class=\"yoast-schema-graph\">{\"@context\":\"https:\/\/schema.org\",\"@graph\":[{\"@type\":\"Article\",\"@id\":\"https:\/\/www.creaerte.com\/live\/tiempo-para-el-pimenton-en-retrogusto\/#article\",\"isPartOf\":{\"@id\":\"https:\/\/www.creaerte.com\/live\/tiempo-para-el-pimenton-en-retrogusto\/\"},\"author\":{\"name\":\"admin\",\"@id\":\"https:\/\/www.creaerte.com\/live\/#\/schema\/person\/acc9e93c6216bce2d569b1f0a99607f6\"},\"headline\":\"Tiempo para el piment\u00f3n en Retrogusto\",\"datePublished\":\"2015-09-02T10:43:21+00:00\",\"dateModified\":\"2015-09-02T10:45:53+00:00\",\"mainEntityOfPage\":{\"@id\":\"https:\/\/www.creaerte.com\/live\/tiempo-para-el-pimenton-en-retrogusto\/\"},\"wordCount\":149,\"commentCount\":0,\"image\":{\"@id\":\"https:\/\/www.creaerte.com\/live\/tiempo-para-el-pimenton-en-retrogusto\/#primaryimage\"},\"thumbnailUrl\":\"https:\/\/www.creaerte.com\/live\/wp-content\/uploads\/2015\/09\/pimentongrande.jpg\",\"keywords\":[\"Retrogusto\"],\"articleSection\":[\"Cosecha propia\",\"dise\u00f1o\",\"Noticias\"],\"inLanguage\":\"es\",\"potentialAction\":[{\"@type\":\"CommentAction\",\"name\":\"Comment\",\"target\":[\"https:\/\/www.creaerte.com\/live\/tiempo-para-el-pimenton-en-retrogusto\/#respond\"]}]},{\"@type\":\"WebPage\",\"@id\":\"https:\/\/www.creaerte.com\/live\/tiempo-para-el-pimenton-en-retrogusto\/\",\"url\":\"https:\/\/www.creaerte.com\/live\/tiempo-para-el-pimenton-en-retrogusto\/\",\"name\":\"Tiempo para el piment\u00f3n en Retrogusto - creaerte.com\",\"isPartOf\":{\"@id\":\"https:\/\/www.creaerte.com\/live\/#website\"},\"primaryImageOfPage\":{\"@id\":\"https:\/\/www.creaerte.com\/live\/tiempo-para-el-pimenton-en-retrogusto\/#primaryimage\"},\"image\":{\"@id\":\"https:\/\/www.creaerte.com\/live\/tiempo-para-el-pimenton-en-retrogusto\/#primaryimage\"},\"thumbnailUrl\":\"https:\/\/www.creaerte.com\/live\/wp-content\/uploads\/2015\/09\/pimentongrande.jpg\",\"datePublished\":\"2015-09-02T10:43:21+00:00\",\"dateModified\":\"2015-09-02T10:45:53+00:00\",\"author\":{\"@id\":\"https:\/\/www.creaerte.com\/live\/#\/schema\/person\/acc9e93c6216bce2d569b1f0a99607f6\"},\"description\":\"Con la llegada del mes de septiembre, en Creaerte damos salida a la imagen que ilustra el mes de septiembre en nuestra colecci\u00f3n de 2015, Retrogusto\",\"inLanguage\":\"es\",\"potentialAction\":[{\"@type\":\"ReadAction\",\"target\":[\"https:\/\/www.creaerte.com\/live\/tiempo-para-el-pimenton-en-retrogusto\/\"]}]},{\"@type\":\"ImageObject\",\"inLanguage\":\"es\",\"@id\":\"https:\/\/www.creaerte.com\/live\/tiempo-para-el-pimenton-en-retrogusto\/#primaryimage\",\"url\":\"https:\/\/www.creaerte.com\/live\/wp-content\/uploads\/2015\/09\/pimentongrande.jpg\",\"contentUrl\":\"https:\/\/www.creaerte.com\/live\/wp-content\/uploads\/2015\/09\/pimentongrande.jpg\",\"width\":817,\"height\":468,\"caption\":\"Retrogusto piment\u00f3n\"},{\"@type\":\"WebSite\",\"@id\":\"https:\/\/www.creaerte.com\/live\/#website\",\"url\":\"https:\/\/www.creaerte.com\/live\/\",\"name\":\"creaerte.com\",\"description\":\"Agencia de publicidad, comunicaci\u00f3n y marketing en C\u00e1ceres \u2022 Extremadura\",\"potentialAction\":[{\"@type\":\"SearchAction\",\"target\":{\"@type\":\"EntryPoint\",\"urlTemplate\":\"https:\/\/www.creaerte.com\/live\/?s={search_term_string}\"},\"query-input\":{\"@type\":\"PropertyValueSpecification\",\"valueRequired\":true,\"valueName\":\"search_term_string\"}}],\"inLanguage\":\"es\"},{\"@type\":\"Person\",\"@id\":\"https:\/\/www.creaerte.com\/live\/#\/schema\/person\/acc9e93c6216bce2d569b1f0a99607f6\",\"name\":\"admin\",\"image\":{\"@type\":\"ImageObject\",\"inLanguage\":\"es\",\"@id\":\"https:\/\/www.creaerte.com\/live\/#\/schema\/person\/image\/\",\"url\":\"https:\/\/secure.gravatar.com\/avatar\/736f9ff6dd176e443e4c9cf884b23352631c533b611f216dbc09fc84cda6e67c?s=96&d=mm&r=g\",\"contentUrl\":\"https:\/\/secure.gravatar.com\/avatar\/736f9ff6dd176e443e4c9cf884b23352631c533b611f216dbc09fc84cda6e67c?s=96&d=mm&r=g\",\"caption\":\"admin\"},\"url\":\"https:\/\/www.creaerte.com\/live\/author\/admin\/\"}]}<\/script>\n<!-- \/ Yoast SEO plugin. -->","yoast_head_json":{"title":"Tiempo para el piment\u00f3n en Retrogusto - creaerte.com","description":"Con la llegada del mes de septiembre, en Creaerte damos salida a la imagen que ilustra el mes de septiembre en nuestra colecci\u00f3n de 2015, Retrogusto","robots":{"index":"index","follow":"follow","max-snippet":"max-snippet:-1","max-image-preview":"max-image-preview:large","max-video-preview":"max-video-preview:-1"},"canonical":"https:\/\/www.creaerte.com\/live\/tiempo-para-el-pimenton-en-retrogusto\/","og_locale":"es_ES","og_type":"article","og_title":"Tiempo para el piment\u00f3n en Retrogusto - creaerte.com","og_description":"Con la llegada del mes de septiembre, en Creaerte damos salida a la imagen que ilustra el mes de septiembre en nuestra colecci\u00f3n de 2015, Retrogusto","og_url":"https:\/\/www.creaerte.com\/live\/tiempo-para-el-pimenton-en-retrogusto\/","og_site_name":"creaerte.com","article_publisher":"https:\/\/www.facebook.com\/creaerte","article_published_time":"2015-09-02T10:43:21+00:00","article_modified_time":"2015-09-02T10:45:53+00:00","og_image":[{"width":817,"height":468,"url":"https:\/\/www.creaerte.com\/live\/wp-content\/uploads\/2015\/09\/pimentongrande.jpg","type":"image\/jpeg"}],"author":"admin","twitter_card":"summary_large_image","twitter_creator":"@Creaerte","twitter_site":"@Creaerte","twitter_misc":{"Escrito por":"admin","Tiempo de lectura":"1 minuto"},"schema":{"@context":"https:\/\/schema.org","@graph":[{"@type":"Article","@id":"https:\/\/www.creaerte.com\/live\/tiempo-para-el-pimenton-en-retrogusto\/#article","isPartOf":{"@id":"https:\/\/www.creaerte.com\/live\/tiempo-para-el-pimenton-en-retrogusto\/"},"author":{"name":"admin","@id":"https:\/\/www.creaerte.com\/live\/#\/schema\/person\/acc9e93c6216bce2d569b1f0a99607f6"},"headline":"Tiempo para el piment\u00f3n en Retrogusto","datePublished":"2015-09-02T10:43:21+00:00","dateModified":"2015-09-02T10:45:53+00:00","mainEntityOfPage":{"@id":"https:\/\/www.creaerte.com\/live\/tiempo-para-el-pimenton-en-retrogusto\/"},"wordCount":149,"commentCount":0,"image":{"@id":"https:\/\/www.creaerte.com\/live\/tiempo-para-el-pimenton-en-retrogusto\/#primaryimage"},"thumbnailUrl":"https:\/\/www.creaerte.com\/live\/wp-content\/uploads\/2015\/09\/pimentongrande.jpg","keywords":["Retrogusto"],"articleSection":["Cosecha propia","dise\u00f1o","Noticias"],"inLanguage":"es","potentialAction":[{"@type":"CommentAction","name":"Comment","target":["https:\/\/www.creaerte.com\/live\/tiempo-para-el-pimenton-en-retrogusto\/#respond"]}]},{"@type":"WebPage","@id":"https:\/\/www.creaerte.com\/live\/tiempo-para-el-pimenton-en-retrogusto\/","url":"https:\/\/www.creaerte.com\/live\/tiempo-para-el-pimenton-en-retrogusto\/","name":"Tiempo para el piment\u00f3n en Retrogusto - creaerte.com","isPartOf":{"@id":"https:\/\/www.creaerte.com\/live\/#website"},"primaryImageOfPage":{"@id":"https:\/\/www.creaerte.com\/live\/tiempo-para-el-pimenton-en-retrogusto\/#primaryimage"},"image":{"@id":"https:\/\/www.creaerte.com\/live\/tiempo-para-el-pimenton-en-retrogusto\/#primaryimage"},"thumbnailUrl":"https:\/\/www.creaerte.com\/live\/wp-content\/uploads\/2015\/09\/pimentongrande.jpg","datePublished":"2015-09-02T10:43:21+00:00","dateModified":"2015-09-02T10:45:53+00:00","author":{"@id":"https:\/\/www.creaerte.com\/live\/#\/schema\/person\/acc9e93c6216bce2d569b1f0a99607f6"},"description":"Con la llegada del mes de septiembre, en Creaerte damos salida a la imagen que ilustra el mes de septiembre en nuestra colecci\u00f3n de 2015, Retrogusto","inLanguage":"es","potentialAction":[{"@type":"ReadAction","target":["https:\/\/www.creaerte.com\/live\/tiempo-para-el-pimenton-en-retrogusto\/"]}]},{"@type":"ImageObject","inLanguage":"es","@id":"https:\/\/www.creaerte.com\/live\/tiempo-para-el-pimenton-en-retrogusto\/#primaryimage","url":"https:\/\/www.creaerte.com\/live\/wp-content\/uploads\/2015\/09\/pimentongrande.jpg","contentUrl":"https:\/\/www.creaerte.com\/live\/wp-content\/uploads\/2015\/09\/pimentongrande.jpg","width":817,"height":468,"caption":"Retrogusto piment\u00f3n"},{"@type":"WebSite","@id":"https:\/\/www.creaerte.com\/live\/#website","url":"https:\/\/www.creaerte.com\/live\/","name":"creaerte.com","description":"Agencia de publicidad, comunicaci\u00f3n y marketing en C\u00e1ceres \u2022 Extremadura","potentialAction":[{"@type":"SearchAction","target":{"@type":"EntryPoint","urlTemplate":"https:\/\/www.creaerte.com\/live\/?s={search_term_string}"},"query-input":{"@type":"PropertyValueSpecification","valueRequired":true,"valueName":"search_term_string"}}],"inLanguage":"es"},{"@type":"Person","@id":"https:\/\/www.creaerte.com\/live\/#\/schema\/person\/acc9e93c6216bce2d569b1f0a99607f6","name":"admin","image":{"@type":"ImageObject","inLanguage":"es","@id":"https:\/\/www.creaerte.com\/live\/#\/schema\/person\/image\/","url":"https:\/\/secure.gravatar.com\/avatar\/736f9ff6dd176e443e4c9cf884b23352631c533b611f216dbc09fc84cda6e67c?s=96&d=mm&r=g","contentUrl":"https:\/\/secure.gravatar.com\/avatar\/736f9ff6dd176e443e4c9cf884b23352631c533b611f216dbc09fc84cda6e67c?s=96&d=mm&r=g","caption":"admin"},"url":"https:\/\/www.creaerte.com\/live\/author\/admin\/"}]}},"_links":{"self":[{"href":"https:\/\/www.creaerte.com\/live\/wp-json\/wp\/v2\/posts\/17637","targetHints":{"allow":["GET"]}}],"collection":[{"href":"https:\/\/www.creaerte.com\/live\/wp-json\/wp\/v2\/posts"}],"about":[{"href":"https:\/\/www.creaerte.com\/live\/wp-json\/wp\/v2\/types\/post"}],"author":[{"embeddable":true,"href":"https:\/\/www.creaerte.com\/live\/wp-json\/wp\/v2\/users\/1"}],"replies":[{"embeddable":true,"href":"https:\/\/www.creaerte.com\/live\/wp-json\/wp\/v2\/comments?post=17637"}],"version-history":[{"count":3,"href":"https:\/\/www.creaerte.com\/live\/wp-json\/wp\/v2\/posts\/17637\/revisions"}],"predecessor-version":[{"id":17642,"href":"https:\/\/www.creaerte.com\/live\/wp-json\/wp\/v2\/posts\/17637\/revisions\/17642"}],"wp:featuredmedia":[{"embeddable":true,"href":"https:\/\/www.creaerte.com\/live\/wp-json\/wp\/v2\/media\/17638"}],"wp:attachment":[{"href":"https:\/\/www.creaerte.com\/live\/wp-json\/wp\/v2\/media?parent=17637"}],"wp:term":[{"taxonomy":"category","embeddable":true,"href":"https:\/\/www.creaerte.com\/live\/wp-json\/wp\/v2\/categories?post=17637"},{"taxonomy":"post_tag","embeddable":true,"href":"https:\/\/www.creaerte.com\/live\/wp-json\/wp\/v2\/tags?post=17637"}],"curies":[{"name":"wp","href":"https:\/\/api.w.org\/{rel}","templated":true}]}}