{"id":17643,"date":"2015-09-03T09:42:22","date_gmt":"2015-09-03T08:42:22","guid":{"rendered":"http:\/\/creaerte.com\/live\/?p=17643"},"modified":"2015-09-03T10:30:43","modified_gmt":"2015-09-03T09:30:43","slug":"el-milagro-anual-de-ikea","status":"publish","type":"post","link":"https:\/\/www.creaerte.com\/live\/el-milagro-anual-de-ikea\/","title":{"rendered":"El &#8216;milagro&#8217; anual de Ikea"},"content":{"rendered":"<p>Casi nunca defraudan. Las campa\u00f1as de <strong>Ikea<\/strong>, cargadas de sentido del humor, suelen tener siempre cabida en el blog de <a href=\"http:\/\/creaerte.com\/\" target=\"_blank\"><strong>Creaerte<\/strong><\/a> y en esta ocasi\u00f3n no pod\u00eda ser menos.<\/p>\n<p>Hoy os traemos la campa\u00f1a que la multinacional ha lanzado para promocionar su cat\u00e1logo de 2016. Bajo el lema <em>El cat\u00e1logo de Ikea abre las puertas de la inspiraci\u00f3n<\/em>, la marca ha confiado a <strong>McCann<\/strong> la realizaci\u00f3n de una campa\u00f1a que tiene una versi\u00f3n larga, la que m\u00e1s abajo os mostramos, adem\u00e1s de adaptaciones de 20 y 30 segundos para televisi\u00f3n.<\/p>\n<p>El anuncio se puede ver en Espa\u00f1a desde finales del pasado mes de agosto, una rareza, teniendo en cuenta que septiembre siempre ha sido el mes en el que la compa\u00f1\u00eda comenzaba tradicionalmente la promoci\u00f3n de su cat\u00e1logo en nuestro pa\u00eds.<\/p>\n<p>Os dejamos con la divertida campa\u00f1a.<\/p>\n<p><iframe width=\"654\" height=\"368\" src=\"https:\/\/www.youtube.com\/embed\/5nvmGHkKJck\" frameborder=\"0\" allowfullscreen><\/iframe><\/p>\n","protected":false},"excerpt":{"rendered":"<p>Casi nunca defraudan. Las campa\u00f1as de Ikea, cargadas de sentido del humor, suelen tener siempre cabida en el blog de Creaerte y en esta ocasi\u00f3n no pod\u00eda ser menos. Hoy os traemos la campa\u00f1a que la multinacional ha lanzado para promocionar su cat\u00e1logo de 2016. Bajo el lema El cat\u00e1logo de Ikea abre las puertas de la inspiraci\u00f3n, la marca&#8230;<\/p>\n","protected":false},"author":1,"featured_media":17646,"comment_status":"open","ping_status":"open","sticky":false,"template":"","format":"standard","meta":{"footnotes":""},"categories":[10],"tags":[945],"class_list":["post-17643","post","type-post","status-publish","format-standard","has-post-thumbnail","hentry","category-noticias","tag-catalogo-ikea","has_thumb"],"yoast_head":"<!-- This site is optimized with the Yoast SEO plugin v26.9 - https:\/\/yoast.com\/product\/yoast-seo-wordpress\/ -->\n<title>El &#039;milagro&#039; anual de Ikea - creaerte.com<\/title>\n<meta name=\"description\" content=\"En Creaerte os presentamos la nueva campa\u00f1a de Ikea para promocionar su cat\u00e1logo de 2016 con el lema El cat\u00e1logo de Ikea abre las puertas de la inspiraci\u00f3n\" \/>\n<meta name=\"robots\" content=\"index, follow, max-snippet:-1, max-image-preview:large, max-video-preview:-1\" \/>\n<link rel=\"canonical\" href=\"https:\/\/www.creaerte.com\/live\/el-milagro-anual-de-ikea\/\" \/>\n<meta property=\"og:locale\" content=\"es_ES\" \/>\n<meta property=\"og:type\" content=\"article\" \/>\n<meta property=\"og:title\" content=\"El &#039;milagro&#039; anual de Ikea - creaerte.com\" \/>\n<meta property=\"og:description\" content=\"En Creaerte os presentamos la nueva campa\u00f1a de Ikea para promocionar su cat\u00e1logo de 2016 con el lema El cat\u00e1logo de Ikea abre las puertas de la inspiraci\u00f3n\" \/>\n<meta property=\"og:url\" content=\"https:\/\/www.creaerte.com\/live\/el-milagro-anual-de-ikea\/\" \/>\n<meta property=\"og:site_name\" content=\"creaerte.com\" \/>\n<meta property=\"article:publisher\" content=\"https:\/\/www.facebook.com\/creaerte\" \/>\n<meta property=\"article:published_time\" content=\"2015-09-03T08:42:22+00:00\" \/>\n<meta property=\"article:modified_time\" content=\"2015-09-03T09:30:43+00:00\" \/>\n<meta property=\"og:image\" content=\"https:\/\/www.creaerte.com\/live\/wp-content\/uploads\/2015\/09\/ikea.jpg\" \/>\n\t<meta property=\"og:image:width\" content=\"817\" \/>\n\t<meta property=\"og:image:height\" content=\"468\" \/>\n\t<meta property=\"og:image:type\" content=\"image\/jpeg\" \/>\n<meta name=\"author\" content=\"admin\" \/>\n<meta name=\"twitter:card\" content=\"summary_large_image\" \/>\n<meta name=\"twitter:creator\" content=\"@Creaerte\" \/>\n<meta name=\"twitter:site\" content=\"@Creaerte\" \/>\n<meta name=\"twitter:label1\" content=\"Escrito por\" \/>\n\t<meta name=\"twitter:data1\" content=\"admin\" \/>\n\t<meta name=\"twitter:label2\" content=\"Tiempo de lectura\" \/>\n\t<meta name=\"twitter:data2\" content=\"1 minuto\" \/>\n<script type=\"application\/ld+json\" class=\"yoast-schema-graph\">{\"@context\":\"https:\/\/schema.org\",\"@graph\":[{\"@type\":\"Article\",\"@id\":\"https:\/\/www.creaerte.com\/live\/el-milagro-anual-de-ikea\/#article\",\"isPartOf\":{\"@id\":\"https:\/\/www.creaerte.com\/live\/el-milagro-anual-de-ikea\/\"},\"author\":{\"name\":\"admin\",\"@id\":\"https:\/\/www.creaerte.com\/live\/#\/schema\/person\/acc9e93c6216bce2d569b1f0a99607f6\"},\"headline\":\"El &#8216;milagro&#8217; anual de Ikea\",\"datePublished\":\"2015-09-03T08:42:22+00:00\",\"dateModified\":\"2015-09-03T09:30:43+00:00\",\"mainEntityOfPage\":{\"@id\":\"https:\/\/www.creaerte.com\/live\/el-milagro-anual-de-ikea\/\"},\"wordCount\":158,\"commentCount\":0,\"image\":{\"@id\":\"https:\/\/www.creaerte.com\/live\/el-milagro-anual-de-ikea\/#primaryimage\"},\"thumbnailUrl\":\"https:\/\/www.creaerte.com\/live\/wp-content\/uploads\/2015\/09\/ikea.jpg\",\"keywords\":[\"Cat\u00e1logo Ikea\"],\"articleSection\":[\"Noticias\"],\"inLanguage\":\"es\",\"potentialAction\":[{\"@type\":\"CommentAction\",\"name\":\"Comment\",\"target\":[\"https:\/\/www.creaerte.com\/live\/el-milagro-anual-de-ikea\/#respond\"]}]},{\"@type\":\"WebPage\",\"@id\":\"https:\/\/www.creaerte.com\/live\/el-milagro-anual-de-ikea\/\",\"url\":\"https:\/\/www.creaerte.com\/live\/el-milagro-anual-de-ikea\/\",\"name\":\"El 'milagro' anual de Ikea - creaerte.com\",\"isPartOf\":{\"@id\":\"https:\/\/www.creaerte.com\/live\/#website\"},\"primaryImageOfPage\":{\"@id\":\"https:\/\/www.creaerte.com\/live\/el-milagro-anual-de-ikea\/#primaryimage\"},\"image\":{\"@id\":\"https:\/\/www.creaerte.com\/live\/el-milagro-anual-de-ikea\/#primaryimage\"},\"thumbnailUrl\":\"https:\/\/www.creaerte.com\/live\/wp-content\/uploads\/2015\/09\/ikea.jpg\",\"datePublished\":\"2015-09-03T08:42:22+00:00\",\"dateModified\":\"2015-09-03T09:30:43+00:00\",\"author\":{\"@id\":\"https:\/\/www.creaerte.com\/live\/#\/schema\/person\/acc9e93c6216bce2d569b1f0a99607f6\"},\"description\":\"En Creaerte os presentamos la nueva campa\u00f1a de Ikea para promocionar su cat\u00e1logo de 2016 con el lema El cat\u00e1logo de Ikea abre las puertas de la inspiraci\u00f3n\",\"inLanguage\":\"es\",\"potentialAction\":[{\"@type\":\"ReadAction\",\"target\":[\"https:\/\/www.creaerte.com\/live\/el-milagro-anual-de-ikea\/\"]}]},{\"@type\":\"ImageObject\",\"inLanguage\":\"es\",\"@id\":\"https:\/\/www.creaerte.com\/live\/el-milagro-anual-de-ikea\/#primaryimage\",\"url\":\"https:\/\/www.creaerte.com\/live\/wp-content\/uploads\/2015\/09\/ikea.jpg\",\"contentUrl\":\"https:\/\/www.creaerte.com\/live\/wp-content\/uploads\/2015\/09\/ikea.jpg\",\"width\":817,\"height\":468,\"caption\":\"Ikea\"},{\"@type\":\"WebSite\",\"@id\":\"https:\/\/www.creaerte.com\/live\/#website\",\"url\":\"https:\/\/www.creaerte.com\/live\/\",\"name\":\"creaerte.com\",\"description\":\"Agencia de publicidad, comunicaci\u00f3n y marketing en C\u00e1ceres \u2022 Extremadura\",\"potentialAction\":[{\"@type\":\"SearchAction\",\"target\":{\"@type\":\"EntryPoint\",\"urlTemplate\":\"https:\/\/www.creaerte.com\/live\/?s={search_term_string}\"},\"query-input\":{\"@type\":\"PropertyValueSpecification\",\"valueRequired\":true,\"valueName\":\"search_term_string\"}}],\"inLanguage\":\"es\"},{\"@type\":\"Person\",\"@id\":\"https:\/\/www.creaerte.com\/live\/#\/schema\/person\/acc9e93c6216bce2d569b1f0a99607f6\",\"name\":\"admin\",\"image\":{\"@type\":\"ImageObject\",\"inLanguage\":\"es\",\"@id\":\"https:\/\/www.creaerte.com\/live\/#\/schema\/person\/image\/\",\"url\":\"https:\/\/secure.gravatar.com\/avatar\/736f9ff6dd176e443e4c9cf884b23352631c533b611f216dbc09fc84cda6e67c?s=96&d=mm&r=g\",\"contentUrl\":\"https:\/\/secure.gravatar.com\/avatar\/736f9ff6dd176e443e4c9cf884b23352631c533b611f216dbc09fc84cda6e67c?s=96&d=mm&r=g\",\"caption\":\"admin\"},\"url\":\"https:\/\/www.creaerte.com\/live\/author\/admin\/\"}]}<\/script>\n<!-- \/ Yoast SEO plugin. -->","yoast_head_json":{"title":"El 'milagro' anual de Ikea - creaerte.com","description":"En Creaerte os presentamos la nueva campa\u00f1a de Ikea para promocionar su cat\u00e1logo de 2016 con el lema El cat\u00e1logo de Ikea abre las puertas de la inspiraci\u00f3n","robots":{"index":"index","follow":"follow","max-snippet":"max-snippet:-1","max-image-preview":"max-image-preview:large","max-video-preview":"max-video-preview:-1"},"canonical":"https:\/\/www.creaerte.com\/live\/el-milagro-anual-de-ikea\/","og_locale":"es_ES","og_type":"article","og_title":"El 'milagro' anual de Ikea - creaerte.com","og_description":"En Creaerte os presentamos la nueva campa\u00f1a de Ikea para promocionar su cat\u00e1logo de 2016 con el lema El cat\u00e1logo de Ikea abre las puertas de la inspiraci\u00f3n","og_url":"https:\/\/www.creaerte.com\/live\/el-milagro-anual-de-ikea\/","og_site_name":"creaerte.com","article_publisher":"https:\/\/www.facebook.com\/creaerte","article_published_time":"2015-09-03T08:42:22+00:00","article_modified_time":"2015-09-03T09:30:43+00:00","og_image":[{"width":817,"height":468,"url":"https:\/\/www.creaerte.com\/live\/wp-content\/uploads\/2015\/09\/ikea.jpg","type":"image\/jpeg"}],"author":"admin","twitter_card":"summary_large_image","twitter_creator":"@Creaerte","twitter_site":"@Creaerte","twitter_misc":{"Escrito por":"admin","Tiempo de lectura":"1 minuto"},"schema":{"@context":"https:\/\/schema.org","@graph":[{"@type":"Article","@id":"https:\/\/www.creaerte.com\/live\/el-milagro-anual-de-ikea\/#article","isPartOf":{"@id":"https:\/\/www.creaerte.com\/live\/el-milagro-anual-de-ikea\/"},"author":{"name":"admin","@id":"https:\/\/www.creaerte.com\/live\/#\/schema\/person\/acc9e93c6216bce2d569b1f0a99607f6"},"headline":"El &#8216;milagro&#8217; anual de Ikea","datePublished":"2015-09-03T08:42:22+00:00","dateModified":"2015-09-03T09:30:43+00:00","mainEntityOfPage":{"@id":"https:\/\/www.creaerte.com\/live\/el-milagro-anual-de-ikea\/"},"wordCount":158,"commentCount":0,"image":{"@id":"https:\/\/www.creaerte.com\/live\/el-milagro-anual-de-ikea\/#primaryimage"},"thumbnailUrl":"https:\/\/www.creaerte.com\/live\/wp-content\/uploads\/2015\/09\/ikea.jpg","keywords":["Cat\u00e1logo Ikea"],"articleSection":["Noticias"],"inLanguage":"es","potentialAction":[{"@type":"CommentAction","name":"Comment","target":["https:\/\/www.creaerte.com\/live\/el-milagro-anual-de-ikea\/#respond"]}]},{"@type":"WebPage","@id":"https:\/\/www.creaerte.com\/live\/el-milagro-anual-de-ikea\/","url":"https:\/\/www.creaerte.com\/live\/el-milagro-anual-de-ikea\/","name":"El 'milagro' anual de Ikea - creaerte.com","isPartOf":{"@id":"https:\/\/www.creaerte.com\/live\/#website"},"primaryImageOfPage":{"@id":"https:\/\/www.creaerte.com\/live\/el-milagro-anual-de-ikea\/#primaryimage"},"image":{"@id":"https:\/\/www.creaerte.com\/live\/el-milagro-anual-de-ikea\/#primaryimage"},"thumbnailUrl":"https:\/\/www.creaerte.com\/live\/wp-content\/uploads\/2015\/09\/ikea.jpg","datePublished":"2015-09-03T08:42:22+00:00","dateModified":"2015-09-03T09:30:43+00:00","author":{"@id":"https:\/\/www.creaerte.com\/live\/#\/schema\/person\/acc9e93c6216bce2d569b1f0a99607f6"},"description":"En Creaerte os presentamos la nueva campa\u00f1a de Ikea para promocionar su cat\u00e1logo de 2016 con el lema El cat\u00e1logo de Ikea abre las puertas de la inspiraci\u00f3n","inLanguage":"es","potentialAction":[{"@type":"ReadAction","target":["https:\/\/www.creaerte.com\/live\/el-milagro-anual-de-ikea\/"]}]},{"@type":"ImageObject","inLanguage":"es","@id":"https:\/\/www.creaerte.com\/live\/el-milagro-anual-de-ikea\/#primaryimage","url":"https:\/\/www.creaerte.com\/live\/wp-content\/uploads\/2015\/09\/ikea.jpg","contentUrl":"https:\/\/www.creaerte.com\/live\/wp-content\/uploads\/2015\/09\/ikea.jpg","width":817,"height":468,"caption":"Ikea"},{"@type":"WebSite","@id":"https:\/\/www.creaerte.com\/live\/#website","url":"https:\/\/www.creaerte.com\/live\/","name":"creaerte.com","description":"Agencia de publicidad, comunicaci\u00f3n y marketing en C\u00e1ceres \u2022 Extremadura","potentialAction":[{"@type":"SearchAction","target":{"@type":"EntryPoint","urlTemplate":"https:\/\/www.creaerte.com\/live\/?s={search_term_string}"},"query-input":{"@type":"PropertyValueSpecification","valueRequired":true,"valueName":"search_term_string"}}],"inLanguage":"es"},{"@type":"Person","@id":"https:\/\/www.creaerte.com\/live\/#\/schema\/person\/acc9e93c6216bce2d569b1f0a99607f6","name":"admin","image":{"@type":"ImageObject","inLanguage":"es","@id":"https:\/\/www.creaerte.com\/live\/#\/schema\/person\/image\/","url":"https:\/\/secure.gravatar.com\/avatar\/736f9ff6dd176e443e4c9cf884b23352631c533b611f216dbc09fc84cda6e67c?s=96&d=mm&r=g","contentUrl":"https:\/\/secure.gravatar.com\/avatar\/736f9ff6dd176e443e4c9cf884b23352631c533b611f216dbc09fc84cda6e67c?s=96&d=mm&r=g","caption":"admin"},"url":"https:\/\/www.creaerte.com\/live\/author\/admin\/"}]}},"_links":{"self":[{"href":"https:\/\/www.creaerte.com\/live\/wp-json\/wp\/v2\/posts\/17643","targetHints":{"allow":["GET"]}}],"collection":[{"href":"https:\/\/www.creaerte.com\/live\/wp-json\/wp\/v2\/posts"}],"about":[{"href":"https:\/\/www.creaerte.com\/live\/wp-json\/wp\/v2\/types\/post"}],"author":[{"embeddable":true,"href":"https:\/\/www.creaerte.com\/live\/wp-json\/wp\/v2\/users\/1"}],"replies":[{"embeddable":true,"href":"https:\/\/www.creaerte.com\/live\/wp-json\/wp\/v2\/comments?post=17643"}],"version-history":[{"count":1,"href":"https:\/\/www.creaerte.com\/live\/wp-json\/wp\/v2\/posts\/17643\/revisions"}],"predecessor-version":[{"id":17644,"href":"https:\/\/www.creaerte.com\/live\/wp-json\/wp\/v2\/posts\/17643\/revisions\/17644"}],"wp:featuredmedia":[{"embeddable":true,"href":"https:\/\/www.creaerte.com\/live\/wp-json\/wp\/v2\/media\/17646"}],"wp:attachment":[{"href":"https:\/\/www.creaerte.com\/live\/wp-json\/wp\/v2\/media?parent=17643"}],"wp:term":[{"taxonomy":"category","embeddable":true,"href":"https:\/\/www.creaerte.com\/live\/wp-json\/wp\/v2\/categories?post=17643"},{"taxonomy":"post_tag","embeddable":true,"href":"https:\/\/www.creaerte.com\/live\/wp-json\/wp\/v2\/tags?post=17643"}],"curies":[{"name":"wp","href":"https:\/\/api.w.org\/{rel}","templated":true}]}}