{"id":17658,"date":"2015-09-07T12:02:15","date_gmt":"2015-09-07T11:02:15","guid":{"rendered":"http:\/\/creaerte.com\/live\/?p=17658"},"modified":"2015-09-07T12:02:15","modified_gmt":"2015-09-07T11:02:15","slug":"fiat-500x-y-la-pera-branding-diseno-innovacion-y-creatividad","status":"publish","type":"post","link":"https:\/\/www.creaerte.com\/live\/fiat-500x-y-la-pera-branding-diseno-innovacion-y-creatividad\/","title":{"rendered":"Fiat 500X y La Pera Branding; dise\u00f1o, innovaci\u00f3n y creatividad"},"content":{"rendered":"<p>Con sede en la ciudad de M\u00e1laga, <a href=\"http:\/\/www.somoslapera.eu\/\" target=\"_blank\"><strong>La Pera Branding<\/strong><\/a> es una agencia especializada en el desarrollo de estrategias de marca. S\u00ed, ese valor tan intangible como vital para el crecimiento de nuestras empresas. En esta ocasi\u00f3n, la agencia ha apadrinado el lanzamiento del prototipo <strong>Fiat 500X<\/strong> bajo la campa\u00f1a <strong>#talentomalaga<\/strong>. <\/p>\n<p>La cita reuni\u00f3 el pasado viernes en <strong>Fim\u00e1laga<\/strong> a destacadas <strong>personalidades malague\u00f1as<\/strong> en el mundo de la <strong>innovaci\u00f3n<\/strong>, la <strong>cultura<\/strong> y, como no podr\u00eda ser de otra manera, el <strong>talento<\/strong>. Todo para ver la puesta de largo de un veh\u00edculo que tiene mucho de M\u00e1laga y de talentoso. Y es que el dise\u00f1o ha corrido a cargo de <strong>Frank Stephenson Santos<\/strong>, de padre estadounidense y madre malague\u00f1a, m\u00e1s conocido por \u2018Curro\u2019. Hoy, es jefe de dise\u00f1o de <strong>McLaren<\/strong>.<\/p>\n<p>El interior del veh\u00edculo tambi\u00e9n tiene acabados espa\u00f1oles gracias a <strong>Virgilio Fern\u00e1ndez<\/strong>, quien ha sido el encargado de dise\u00f1ar uno de los interiores m\u00e1s deseados en el mundo del motor.<\/p>\n<p>Desde <a href=\"http:\/\/creaerte.com\/\" target=\"_blank\"><strong>Creaerte<\/strong><\/a> estamos encantados de la buena acogida de esta puesta de largo desarrollada por una agencia hermana como es La Pera Branding, con la que nos unen fuertes v\u00ednculos y con la que compartimos alianzas.<\/p>\n","protected":false},"excerpt":{"rendered":"<p>Con sede en la ciudad de M\u00e1laga, La Pera Branding es una agencia especializada en el desarrollo de estrategias de marca. S\u00ed, ese valor tan intangible como vital para el crecimiento de nuestras empresas. En esta ocasi\u00f3n, la agencia ha apadrinado el lanzamiento del prototipo Fiat 500X bajo la campa\u00f1a #talentomalaga. La cita reuni\u00f3 el pasado viernes en Fim\u00e1laga a&#8230;<\/p>\n","protected":false},"author":1,"featured_media":17659,"comment_status":"open","ping_status":"open","sticky":false,"template":"","format":"standard","meta":{"footnotes":""},"categories":[10],"tags":[949,948],"class_list":["post-17658","post","type-post","status-publish","format-standard","has-post-thumbnail","hentry","category-noticias","tag-fiat-la-pera","tag-la-pera-branding","has_thumb"],"yoast_head":"<!-- This site is optimized with the Yoast SEO plugin v26.9 - https:\/\/yoast.com\/product\/yoast-seo-wordpress\/ -->\n<title>Fiat 500X y La Pera Branding; dise\u00f1o, innovaci\u00f3n y creatividad - creaerte.com<\/title>\n<meta name=\"description\" content=\"La agencia malague\u00f1a La Pera Branding reuini\u00f3 el viernes a m\u00faltiples personalidades para la puesta de largo del prototipo Fiat 500X en Fim\u00e1laga\" \/>\n<meta name=\"robots\" content=\"index, follow, max-snippet:-1, max-image-preview:large, max-video-preview:-1\" \/>\n<link rel=\"canonical\" href=\"https:\/\/www.creaerte.com\/live\/fiat-500x-y-la-pera-branding-diseno-innovacion-y-creatividad\/\" \/>\n<meta property=\"og:locale\" content=\"es_ES\" \/>\n<meta property=\"og:type\" content=\"article\" \/>\n<meta property=\"og:title\" content=\"Fiat 500X y La Pera Branding; dise\u00f1o, innovaci\u00f3n y creatividad - creaerte.com\" \/>\n<meta property=\"og:description\" content=\"La agencia malague\u00f1a La Pera Branding reuini\u00f3 el viernes a m\u00faltiples personalidades para la puesta de largo del prototipo Fiat 500X en Fim\u00e1laga\" \/>\n<meta property=\"og:url\" content=\"https:\/\/www.creaerte.com\/live\/fiat-500x-y-la-pera-branding-diseno-innovacion-y-creatividad\/\" \/>\n<meta property=\"og:site_name\" content=\"creaerte.com\" \/>\n<meta property=\"article:publisher\" content=\"https:\/\/www.facebook.com\/creaerte\" \/>\n<meta property=\"article:published_time\" content=\"2015-09-07T11:02:15+00:00\" \/>\n<meta property=\"og:image\" content=\"https:\/\/www.creaerte.com\/live\/wp-content\/uploads\/2015\/09\/Converted_file_a178b8c6.jpg\" \/>\n\t<meta property=\"og:image:width\" content=\"817\" \/>\n\t<meta property=\"og:image:height\" content=\"545\" \/>\n\t<meta property=\"og:image:type\" content=\"image\/jpeg\" \/>\n<meta name=\"author\" content=\"admin\" \/>\n<meta name=\"twitter:card\" content=\"summary_large_image\" \/>\n<meta name=\"twitter:creator\" content=\"@Creaerte\" \/>\n<meta name=\"twitter:site\" content=\"@Creaerte\" \/>\n<meta name=\"twitter:label1\" content=\"Escrito por\" \/>\n\t<meta name=\"twitter:data1\" content=\"admin\" \/>\n\t<meta name=\"twitter:label2\" content=\"Tiempo de lectura\" \/>\n\t<meta name=\"twitter:data2\" content=\"1 minuto\" \/>\n<script type=\"application\/ld+json\" class=\"yoast-schema-graph\">{\"@context\":\"https:\/\/schema.org\",\"@graph\":[{\"@type\":\"Article\",\"@id\":\"https:\/\/www.creaerte.com\/live\/fiat-500x-y-la-pera-branding-diseno-innovacion-y-creatividad\/#article\",\"isPartOf\":{\"@id\":\"https:\/\/www.creaerte.com\/live\/fiat-500x-y-la-pera-branding-diseno-innovacion-y-creatividad\/\"},\"author\":{\"name\":\"admin\",\"@id\":\"https:\/\/www.creaerte.com\/live\/#\/schema\/person\/acc9e93c6216bce2d569b1f0a99607f6\"},\"headline\":\"Fiat 500X y La Pera Branding; dise\u00f1o, innovaci\u00f3n y creatividad\",\"datePublished\":\"2015-09-07T11:02:15+00:00\",\"mainEntityOfPage\":{\"@id\":\"https:\/\/www.creaerte.com\/live\/fiat-500x-y-la-pera-branding-diseno-innovacion-y-creatividad\/\"},\"wordCount\":227,\"commentCount\":0,\"image\":{\"@id\":\"https:\/\/www.creaerte.com\/live\/fiat-500x-y-la-pera-branding-diseno-innovacion-y-creatividad\/#primaryimage\"},\"thumbnailUrl\":\"https:\/\/www.creaerte.com\/live\/wp-content\/uploads\/2015\/09\/Converted_file_a178b8c6.jpg\",\"keywords\":[\"Fiat La Pera\",\"La Pera Branding\"],\"articleSection\":[\"Noticias\"],\"inLanguage\":\"es\",\"potentialAction\":[{\"@type\":\"CommentAction\",\"name\":\"Comment\",\"target\":[\"https:\/\/www.creaerte.com\/live\/fiat-500x-y-la-pera-branding-diseno-innovacion-y-creatividad\/#respond\"]}]},{\"@type\":\"WebPage\",\"@id\":\"https:\/\/www.creaerte.com\/live\/fiat-500x-y-la-pera-branding-diseno-innovacion-y-creatividad\/\",\"url\":\"https:\/\/www.creaerte.com\/live\/fiat-500x-y-la-pera-branding-diseno-innovacion-y-creatividad\/\",\"name\":\"Fiat 500X y La Pera Branding; dise\u00f1o, innovaci\u00f3n y creatividad - creaerte.com\",\"isPartOf\":{\"@id\":\"https:\/\/www.creaerte.com\/live\/#website\"},\"primaryImageOfPage\":{\"@id\":\"https:\/\/www.creaerte.com\/live\/fiat-500x-y-la-pera-branding-diseno-innovacion-y-creatividad\/#primaryimage\"},\"image\":{\"@id\":\"https:\/\/www.creaerte.com\/live\/fiat-500x-y-la-pera-branding-diseno-innovacion-y-creatividad\/#primaryimage\"},\"thumbnailUrl\":\"https:\/\/www.creaerte.com\/live\/wp-content\/uploads\/2015\/09\/Converted_file_a178b8c6.jpg\",\"datePublished\":\"2015-09-07T11:02:15+00:00\",\"author\":{\"@id\":\"https:\/\/www.creaerte.com\/live\/#\/schema\/person\/acc9e93c6216bce2d569b1f0a99607f6\"},\"description\":\"La agencia malague\u00f1a La Pera Branding reuini\u00f3 el viernes a m\u00faltiples personalidades para la puesta de largo del prototipo Fiat 500X en Fim\u00e1laga\",\"inLanguage\":\"es\",\"potentialAction\":[{\"@type\":\"ReadAction\",\"target\":[\"https:\/\/www.creaerte.com\/live\/fiat-500x-y-la-pera-branding-diseno-innovacion-y-creatividad\/\"]}]},{\"@type\":\"ImageObject\",\"inLanguage\":\"es\",\"@id\":\"https:\/\/www.creaerte.com\/live\/fiat-500x-y-la-pera-branding-diseno-innovacion-y-creatividad\/#primaryimage\",\"url\":\"https:\/\/www.creaerte.com\/live\/wp-content\/uploads\/2015\/09\/Converted_file_a178b8c6.jpg\",\"contentUrl\":\"https:\/\/www.creaerte.com\/live\/wp-content\/uploads\/2015\/09\/Converted_file_a178b8c6.jpg\",\"width\":817,\"height\":545,\"caption\":\"La Pera Branding\"},{\"@type\":\"WebSite\",\"@id\":\"https:\/\/www.creaerte.com\/live\/#website\",\"url\":\"https:\/\/www.creaerte.com\/live\/\",\"name\":\"creaerte.com\",\"description\":\"Agencia de publicidad, comunicaci\u00f3n y marketing en C\u00e1ceres \u2022 Extremadura\",\"potentialAction\":[{\"@type\":\"SearchAction\",\"target\":{\"@type\":\"EntryPoint\",\"urlTemplate\":\"https:\/\/www.creaerte.com\/live\/?s={search_term_string}\"},\"query-input\":{\"@type\":\"PropertyValueSpecification\",\"valueRequired\":true,\"valueName\":\"search_term_string\"}}],\"inLanguage\":\"es\"},{\"@type\":\"Person\",\"@id\":\"https:\/\/www.creaerte.com\/live\/#\/schema\/person\/acc9e93c6216bce2d569b1f0a99607f6\",\"name\":\"admin\",\"image\":{\"@type\":\"ImageObject\",\"inLanguage\":\"es\",\"@id\":\"https:\/\/www.creaerte.com\/live\/#\/schema\/person\/image\/\",\"url\":\"https:\/\/secure.gravatar.com\/avatar\/736f9ff6dd176e443e4c9cf884b23352631c533b611f216dbc09fc84cda6e67c?s=96&d=mm&r=g\",\"contentUrl\":\"https:\/\/secure.gravatar.com\/avatar\/736f9ff6dd176e443e4c9cf884b23352631c533b611f216dbc09fc84cda6e67c?s=96&d=mm&r=g\",\"caption\":\"admin\"},\"url\":\"https:\/\/www.creaerte.com\/live\/author\/admin\/\"}]}<\/script>\n<!-- \/ Yoast SEO plugin. -->","yoast_head_json":{"title":"Fiat 500X y La Pera Branding; dise\u00f1o, innovaci\u00f3n y creatividad - creaerte.com","description":"La agencia malague\u00f1a La Pera Branding reuini\u00f3 el viernes a m\u00faltiples personalidades para la puesta de largo del prototipo Fiat 500X en Fim\u00e1laga","robots":{"index":"index","follow":"follow","max-snippet":"max-snippet:-1","max-image-preview":"max-image-preview:large","max-video-preview":"max-video-preview:-1"},"canonical":"https:\/\/www.creaerte.com\/live\/fiat-500x-y-la-pera-branding-diseno-innovacion-y-creatividad\/","og_locale":"es_ES","og_type":"article","og_title":"Fiat 500X y La Pera Branding; dise\u00f1o, innovaci\u00f3n y creatividad - creaerte.com","og_description":"La agencia malague\u00f1a La Pera Branding reuini\u00f3 el viernes a m\u00faltiples personalidades para la puesta de largo del prototipo Fiat 500X en Fim\u00e1laga","og_url":"https:\/\/www.creaerte.com\/live\/fiat-500x-y-la-pera-branding-diseno-innovacion-y-creatividad\/","og_site_name":"creaerte.com","article_publisher":"https:\/\/www.facebook.com\/creaerte","article_published_time":"2015-09-07T11:02:15+00:00","og_image":[{"width":817,"height":545,"url":"https:\/\/www.creaerte.com\/live\/wp-content\/uploads\/2015\/09\/Converted_file_a178b8c6.jpg","type":"image\/jpeg"}],"author":"admin","twitter_card":"summary_large_image","twitter_creator":"@Creaerte","twitter_site":"@Creaerte","twitter_misc":{"Escrito por":"admin","Tiempo de lectura":"1 minuto"},"schema":{"@context":"https:\/\/schema.org","@graph":[{"@type":"Article","@id":"https:\/\/www.creaerte.com\/live\/fiat-500x-y-la-pera-branding-diseno-innovacion-y-creatividad\/#article","isPartOf":{"@id":"https:\/\/www.creaerte.com\/live\/fiat-500x-y-la-pera-branding-diseno-innovacion-y-creatividad\/"},"author":{"name":"admin","@id":"https:\/\/www.creaerte.com\/live\/#\/schema\/person\/acc9e93c6216bce2d569b1f0a99607f6"},"headline":"Fiat 500X y La Pera Branding; dise\u00f1o, innovaci\u00f3n y creatividad","datePublished":"2015-09-07T11:02:15+00:00","mainEntityOfPage":{"@id":"https:\/\/www.creaerte.com\/live\/fiat-500x-y-la-pera-branding-diseno-innovacion-y-creatividad\/"},"wordCount":227,"commentCount":0,"image":{"@id":"https:\/\/www.creaerte.com\/live\/fiat-500x-y-la-pera-branding-diseno-innovacion-y-creatividad\/#primaryimage"},"thumbnailUrl":"https:\/\/www.creaerte.com\/live\/wp-content\/uploads\/2015\/09\/Converted_file_a178b8c6.jpg","keywords":["Fiat La Pera","La Pera Branding"],"articleSection":["Noticias"],"inLanguage":"es","potentialAction":[{"@type":"CommentAction","name":"Comment","target":["https:\/\/www.creaerte.com\/live\/fiat-500x-y-la-pera-branding-diseno-innovacion-y-creatividad\/#respond"]}]},{"@type":"WebPage","@id":"https:\/\/www.creaerte.com\/live\/fiat-500x-y-la-pera-branding-diseno-innovacion-y-creatividad\/","url":"https:\/\/www.creaerte.com\/live\/fiat-500x-y-la-pera-branding-diseno-innovacion-y-creatividad\/","name":"Fiat 500X y La Pera Branding; dise\u00f1o, innovaci\u00f3n y creatividad - creaerte.com","isPartOf":{"@id":"https:\/\/www.creaerte.com\/live\/#website"},"primaryImageOfPage":{"@id":"https:\/\/www.creaerte.com\/live\/fiat-500x-y-la-pera-branding-diseno-innovacion-y-creatividad\/#primaryimage"},"image":{"@id":"https:\/\/www.creaerte.com\/live\/fiat-500x-y-la-pera-branding-diseno-innovacion-y-creatividad\/#primaryimage"},"thumbnailUrl":"https:\/\/www.creaerte.com\/live\/wp-content\/uploads\/2015\/09\/Converted_file_a178b8c6.jpg","datePublished":"2015-09-07T11:02:15+00:00","author":{"@id":"https:\/\/www.creaerte.com\/live\/#\/schema\/person\/acc9e93c6216bce2d569b1f0a99607f6"},"description":"La agencia malague\u00f1a La Pera Branding reuini\u00f3 el viernes a m\u00faltiples personalidades para la puesta de largo del prototipo Fiat 500X en Fim\u00e1laga","inLanguage":"es","potentialAction":[{"@type":"ReadAction","target":["https:\/\/www.creaerte.com\/live\/fiat-500x-y-la-pera-branding-diseno-innovacion-y-creatividad\/"]}]},{"@type":"ImageObject","inLanguage":"es","@id":"https:\/\/www.creaerte.com\/live\/fiat-500x-y-la-pera-branding-diseno-innovacion-y-creatividad\/#primaryimage","url":"https:\/\/www.creaerte.com\/live\/wp-content\/uploads\/2015\/09\/Converted_file_a178b8c6.jpg","contentUrl":"https:\/\/www.creaerte.com\/live\/wp-content\/uploads\/2015\/09\/Converted_file_a178b8c6.jpg","width":817,"height":545,"caption":"La Pera Branding"},{"@type":"WebSite","@id":"https:\/\/www.creaerte.com\/live\/#website","url":"https:\/\/www.creaerte.com\/live\/","name":"creaerte.com","description":"Agencia de publicidad, comunicaci\u00f3n y marketing en C\u00e1ceres \u2022 Extremadura","potentialAction":[{"@type":"SearchAction","target":{"@type":"EntryPoint","urlTemplate":"https:\/\/www.creaerte.com\/live\/?s={search_term_string}"},"query-input":{"@type":"PropertyValueSpecification","valueRequired":true,"valueName":"search_term_string"}}],"inLanguage":"es"},{"@type":"Person","@id":"https:\/\/www.creaerte.com\/live\/#\/schema\/person\/acc9e93c6216bce2d569b1f0a99607f6","name":"admin","image":{"@type":"ImageObject","inLanguage":"es","@id":"https:\/\/www.creaerte.com\/live\/#\/schema\/person\/image\/","url":"https:\/\/secure.gravatar.com\/avatar\/736f9ff6dd176e443e4c9cf884b23352631c533b611f216dbc09fc84cda6e67c?s=96&d=mm&r=g","contentUrl":"https:\/\/secure.gravatar.com\/avatar\/736f9ff6dd176e443e4c9cf884b23352631c533b611f216dbc09fc84cda6e67c?s=96&d=mm&r=g","caption":"admin"},"url":"https:\/\/www.creaerte.com\/live\/author\/admin\/"}]}},"_links":{"self":[{"href":"https:\/\/www.creaerte.com\/live\/wp-json\/wp\/v2\/posts\/17658","targetHints":{"allow":["GET"]}}],"collection":[{"href":"https:\/\/www.creaerte.com\/live\/wp-json\/wp\/v2\/posts"}],"about":[{"href":"https:\/\/www.creaerte.com\/live\/wp-json\/wp\/v2\/types\/post"}],"author":[{"embeddable":true,"href":"https:\/\/www.creaerte.com\/live\/wp-json\/wp\/v2\/users\/1"}],"replies":[{"embeddable":true,"href":"https:\/\/www.creaerte.com\/live\/wp-json\/wp\/v2\/comments?post=17658"}],"version-history":[{"count":3,"href":"https:\/\/www.creaerte.com\/live\/wp-json\/wp\/v2\/posts\/17658\/revisions"}],"predecessor-version":[{"id":17663,"href":"https:\/\/www.creaerte.com\/live\/wp-json\/wp\/v2\/posts\/17658\/revisions\/17663"}],"wp:featuredmedia":[{"embeddable":true,"href":"https:\/\/www.creaerte.com\/live\/wp-json\/wp\/v2\/media\/17659"}],"wp:attachment":[{"href":"https:\/\/www.creaerte.com\/live\/wp-json\/wp\/v2\/media?parent=17658"}],"wp:term":[{"taxonomy":"category","embeddable":true,"href":"https:\/\/www.creaerte.com\/live\/wp-json\/wp\/v2\/categories?post=17658"},{"taxonomy":"post_tag","embeddable":true,"href":"https:\/\/www.creaerte.com\/live\/wp-json\/wp\/v2\/tags?post=17658"}],"curies":[{"name":"wp","href":"https:\/\/api.w.org\/{rel}","templated":true}]}}