{"id":18038,"date":"2015-11-04T16:57:50","date_gmt":"2015-11-04T15:57:50","guid":{"rendered":"http:\/\/creaerte.com\/live\/?p=18038"},"modified":"2016-12-28T10:35:38","modified_gmt":"2016-12-28T09:35:38","slug":"nuestro-almanaque-de-2016-a-punto-de-salir-del-horno","status":"publish","type":"post","link":"https:\/\/www.creaerte.com\/live\/nuestro-almanaque-de-2016-a-punto-de-salir-del-horno\/","title":{"rendered":"Nuestro almanaque de 2016, a punto de salir del horno"},"content":{"rendered":"<p>Aunque a\u00fan tenemos que presentaros la imagen del mes de diciembre dentro de la colecci\u00f3n <strong>Retrogusto<\/strong>, en <strong>Creaerte<\/strong> no esperamos sentados y durante los \u00faltimos meses hemos estado trabajando en nuestro <strong>almanaque<\/strong> para el a\u00f1o <strong>2016<\/strong>, que est\u00e1 a la vuelta de la esquina.<\/p>\n<p>Una colecci\u00f3n de cuya tem\u00e1tica a\u00fan nos os desvelaremos nada, pero s\u00ed podemos anunciar que estar\u00e1 llena de sorpresas y que, por supuesto, incidir\u00e1 en las bondades de Extremadura. Como ya hicimos con anteriores colecciones, antes de final de a\u00f1o haremos una presentaci\u00f3n de este calendario para nuestros amigos y clientes.<\/p>\n<p>El almanaque, a punto de salir del horno, ya est\u00e1 recibiendo sus \u00faltimas pinceladas. Igual que ocurri\u00f3 con <strong>Ver para Creer<\/strong>, <strong>T\u00edpicos T\u00f3picos<\/strong>, <strong>Publicidad Emocional<\/strong>, <strong>Leitmotiv<\/strong> y, en 2015, con Retrogusto, la <strong>creatividad<\/strong>, el <strong>dise\u00f1o<\/strong> y el <strong>concepto<\/strong> volver\u00e1n a unirse para promocionar un mensaje que siempre supone una suma para la <strong>imagen corporativa<\/strong> de esta agencia. <\/p>\n<p>Para ir abriendo boca, hoy en nuestra secci\u00f3n de <strong>cosecha propia<\/strong> os dejamos con el v\u00eddeo que elaboramos hace ya casi un a\u00f1o para dar salida a la colecci\u00f3n vigente.<\/p>\n<p><iframe width=\"654\" height=\"368\" src=\"https:\/\/www.youtube.com\/embed\/nyZB2AN-Fu4\" frameborder=\"0\" allowfullscreen><\/iframe><\/p>\n","protected":false},"excerpt":{"rendered":"<p>Aunque a\u00fan tenemos que presentaros la imagen del mes de diciembre dentro de la colecci\u00f3n Retrogusto, en Creaerte no esperamos sentados y durante los \u00faltimos meses hemos estado trabajando en nuestro almanaque para el a\u00f1o 2016, que est\u00e1 a la vuelta de la esquina. Una colecci\u00f3n de cuya tem\u00e1tica a\u00fan nos os desvelaremos nada, pero s\u00ed podemos anunciar que estar\u00e1&#8230;<\/p>\n","protected":false},"author":1,"featured_media":18043,"comment_status":"open","ping_status":"open","sticky":false,"template":"","format":"standard","meta":{"footnotes":""},"categories":[319,10],"tags":[991],"class_list":["post-18038","post","type-post","status-publish","format-standard","has-post-thumbnail","hentry","category-cosecha-propia","category-noticias","tag-almanaque-2016","has_thumb"],"yoast_head":"<!-- This site is optimized with the Yoast SEO plugin v26.9 - https:\/\/yoast.com\/product\/yoast-seo-wordpress\/ -->\n<title>Nuestro almanaque de 2016, a punto de salir del horno - creaerte.com<\/title>\n<meta name=\"description\" content=\"En Creaerte estamos dando las \u00faltimas pinceladas a nuestro almanaque para 2016, el cual llevamos preparando todo el a\u00f1o y est\u00e1 a punto de salir del horno.\" \/>\n<meta name=\"robots\" content=\"index, follow, max-snippet:-1, max-image-preview:large, max-video-preview:-1\" \/>\n<link rel=\"canonical\" href=\"https:\/\/www.creaerte.com\/live\/nuestro-almanaque-de-2016-a-punto-de-salir-del-horno\/\" \/>\n<meta property=\"og:locale\" content=\"es_ES\" \/>\n<meta property=\"og:type\" content=\"article\" \/>\n<meta property=\"og:title\" content=\"Nuestro almanaque de 2016, a punto de salir del horno - creaerte.com\" \/>\n<meta property=\"og:description\" content=\"En Creaerte estamos dando las \u00faltimas pinceladas a nuestro almanaque para 2016, el cual llevamos preparando todo el a\u00f1o y est\u00e1 a punto de salir del horno.\" \/>\n<meta property=\"og:url\" content=\"https:\/\/www.creaerte.com\/live\/nuestro-almanaque-de-2016-a-punto-de-salir-del-horno\/\" \/>\n<meta property=\"og:site_name\" content=\"creaerte.com\" \/>\n<meta property=\"article:publisher\" content=\"https:\/\/www.facebook.com\/creaerte\" \/>\n<meta property=\"article:published_time\" content=\"2015-11-04T15:57:50+00:00\" \/>\n<meta property=\"article:modified_time\" content=\"2016-12-28T09:35:38+00:00\" \/>\n<meta property=\"og:image\" content=\"https:\/\/www.creaerte.com\/live\/wp-content\/uploads\/2015\/11\/almanaque.jpg\" \/>\n\t<meta property=\"og:image:width\" content=\"817\" \/>\n\t<meta property=\"og:image:height\" content=\"468\" \/>\n\t<meta property=\"og:image:type\" content=\"image\/jpeg\" \/>\n<meta name=\"author\" content=\"admin\" \/>\n<meta name=\"twitter:card\" content=\"summary_large_image\" \/>\n<meta name=\"twitter:creator\" content=\"@Creaerte\" \/>\n<meta name=\"twitter:site\" content=\"@Creaerte\" \/>\n<meta name=\"twitter:label1\" content=\"Escrito por\" \/>\n\t<meta name=\"twitter:data1\" content=\"admin\" \/>\n\t<meta name=\"twitter:label2\" content=\"Tiempo de lectura\" \/>\n\t<meta name=\"twitter:data2\" content=\"1 minuto\" \/>\n<script type=\"application\/ld+json\" class=\"yoast-schema-graph\">{\"@context\":\"https:\/\/schema.org\",\"@graph\":[{\"@type\":\"Article\",\"@id\":\"https:\/\/www.creaerte.com\/live\/nuestro-almanaque-de-2016-a-punto-de-salir-del-horno\/#article\",\"isPartOf\":{\"@id\":\"https:\/\/www.creaerte.com\/live\/nuestro-almanaque-de-2016-a-punto-de-salir-del-horno\/\"},\"author\":{\"name\":\"admin\",\"@id\":\"https:\/\/www.creaerte.com\/live\/#\/schema\/person\/acc9e93c6216bce2d569b1f0a99607f6\"},\"headline\":\"Nuestro almanaque de 2016, a punto de salir del horno\",\"datePublished\":\"2015-11-04T15:57:50+00:00\",\"dateModified\":\"2016-12-28T09:35:38+00:00\",\"mainEntityOfPage\":{\"@id\":\"https:\/\/www.creaerte.com\/live\/nuestro-almanaque-de-2016-a-punto-de-salir-del-horno\/\"},\"wordCount\":205,\"commentCount\":0,\"image\":{\"@id\":\"https:\/\/www.creaerte.com\/live\/nuestro-almanaque-de-2016-a-punto-de-salir-del-horno\/#primaryimage\"},\"thumbnailUrl\":\"https:\/\/www.creaerte.com\/live\/wp-content\/uploads\/2015\/11\/almanaque.jpg\",\"keywords\":[\"Almanaque 2016\"],\"articleSection\":[\"Cosecha propia\",\"Noticias\"],\"inLanguage\":\"es\",\"potentialAction\":[{\"@type\":\"CommentAction\",\"name\":\"Comment\",\"target\":[\"https:\/\/www.creaerte.com\/live\/nuestro-almanaque-de-2016-a-punto-de-salir-del-horno\/#respond\"]}]},{\"@type\":\"WebPage\",\"@id\":\"https:\/\/www.creaerte.com\/live\/nuestro-almanaque-de-2016-a-punto-de-salir-del-horno\/\",\"url\":\"https:\/\/www.creaerte.com\/live\/nuestro-almanaque-de-2016-a-punto-de-salir-del-horno\/\",\"name\":\"Nuestro almanaque de 2016, a punto de salir del horno - creaerte.com\",\"isPartOf\":{\"@id\":\"https:\/\/www.creaerte.com\/live\/#website\"},\"primaryImageOfPage\":{\"@id\":\"https:\/\/www.creaerte.com\/live\/nuestro-almanaque-de-2016-a-punto-de-salir-del-horno\/#primaryimage\"},\"image\":{\"@id\":\"https:\/\/www.creaerte.com\/live\/nuestro-almanaque-de-2016-a-punto-de-salir-del-horno\/#primaryimage\"},\"thumbnailUrl\":\"https:\/\/www.creaerte.com\/live\/wp-content\/uploads\/2015\/11\/almanaque.jpg\",\"datePublished\":\"2015-11-04T15:57:50+00:00\",\"dateModified\":\"2016-12-28T09:35:38+00:00\",\"author\":{\"@id\":\"https:\/\/www.creaerte.com\/live\/#\/schema\/person\/acc9e93c6216bce2d569b1f0a99607f6\"},\"description\":\"En Creaerte estamos dando las \u00faltimas pinceladas a nuestro almanaque para 2016, el cual llevamos preparando todo el a\u00f1o y est\u00e1 a punto de salir del horno.\",\"inLanguage\":\"es\",\"potentialAction\":[{\"@type\":\"ReadAction\",\"target\":[\"https:\/\/www.creaerte.com\/live\/nuestro-almanaque-de-2016-a-punto-de-salir-del-horno\/\"]}]},{\"@type\":\"ImageObject\",\"inLanguage\":\"es\",\"@id\":\"https:\/\/www.creaerte.com\/live\/nuestro-almanaque-de-2016-a-punto-de-salir-del-horno\/#primaryimage\",\"url\":\"https:\/\/www.creaerte.com\/live\/wp-content\/uploads\/2015\/11\/almanaque.jpg\",\"contentUrl\":\"https:\/\/www.creaerte.com\/live\/wp-content\/uploads\/2015\/11\/almanaque.jpg\",\"width\":817,\"height\":468},{\"@type\":\"WebSite\",\"@id\":\"https:\/\/www.creaerte.com\/live\/#website\",\"url\":\"https:\/\/www.creaerte.com\/live\/\",\"name\":\"creaerte.com\",\"description\":\"Agencia de publicidad, comunicaci\u00f3n y marketing en C\u00e1ceres \u2022 Extremadura\",\"potentialAction\":[{\"@type\":\"SearchAction\",\"target\":{\"@type\":\"EntryPoint\",\"urlTemplate\":\"https:\/\/www.creaerte.com\/live\/?s={search_term_string}\"},\"query-input\":{\"@type\":\"PropertyValueSpecification\",\"valueRequired\":true,\"valueName\":\"search_term_string\"}}],\"inLanguage\":\"es\"},{\"@type\":\"Person\",\"@id\":\"https:\/\/www.creaerte.com\/live\/#\/schema\/person\/acc9e93c6216bce2d569b1f0a99607f6\",\"name\":\"admin\",\"image\":{\"@type\":\"ImageObject\",\"inLanguage\":\"es\",\"@id\":\"https:\/\/www.creaerte.com\/live\/#\/schema\/person\/image\/\",\"url\":\"https:\/\/secure.gravatar.com\/avatar\/736f9ff6dd176e443e4c9cf884b23352631c533b611f216dbc09fc84cda6e67c?s=96&d=mm&r=g\",\"contentUrl\":\"https:\/\/secure.gravatar.com\/avatar\/736f9ff6dd176e443e4c9cf884b23352631c533b611f216dbc09fc84cda6e67c?s=96&d=mm&r=g\",\"caption\":\"admin\"},\"url\":\"https:\/\/www.creaerte.com\/live\/author\/admin\/\"}]}<\/script>\n<!-- \/ Yoast SEO plugin. -->","yoast_head_json":{"title":"Nuestro almanaque de 2016, a punto de salir del horno - creaerte.com","description":"En Creaerte estamos dando las \u00faltimas pinceladas a nuestro almanaque para 2016, el cual llevamos preparando todo el a\u00f1o y est\u00e1 a punto de salir del horno.","robots":{"index":"index","follow":"follow","max-snippet":"max-snippet:-1","max-image-preview":"max-image-preview:large","max-video-preview":"max-video-preview:-1"},"canonical":"https:\/\/www.creaerte.com\/live\/nuestro-almanaque-de-2016-a-punto-de-salir-del-horno\/","og_locale":"es_ES","og_type":"article","og_title":"Nuestro almanaque de 2016, a punto de salir del horno - creaerte.com","og_description":"En Creaerte estamos dando las \u00faltimas pinceladas a nuestro almanaque para 2016, el cual llevamos preparando todo el a\u00f1o y est\u00e1 a punto de salir del horno.","og_url":"https:\/\/www.creaerte.com\/live\/nuestro-almanaque-de-2016-a-punto-de-salir-del-horno\/","og_site_name":"creaerte.com","article_publisher":"https:\/\/www.facebook.com\/creaerte","article_published_time":"2015-11-04T15:57:50+00:00","article_modified_time":"2016-12-28T09:35:38+00:00","og_image":[{"width":817,"height":468,"url":"https:\/\/www.creaerte.com\/live\/wp-content\/uploads\/2015\/11\/almanaque.jpg","type":"image\/jpeg"}],"author":"admin","twitter_card":"summary_large_image","twitter_creator":"@Creaerte","twitter_site":"@Creaerte","twitter_misc":{"Escrito por":"admin","Tiempo de lectura":"1 minuto"},"schema":{"@context":"https:\/\/schema.org","@graph":[{"@type":"Article","@id":"https:\/\/www.creaerte.com\/live\/nuestro-almanaque-de-2016-a-punto-de-salir-del-horno\/#article","isPartOf":{"@id":"https:\/\/www.creaerte.com\/live\/nuestro-almanaque-de-2016-a-punto-de-salir-del-horno\/"},"author":{"name":"admin","@id":"https:\/\/www.creaerte.com\/live\/#\/schema\/person\/acc9e93c6216bce2d569b1f0a99607f6"},"headline":"Nuestro almanaque de 2016, a punto de salir del horno","datePublished":"2015-11-04T15:57:50+00:00","dateModified":"2016-12-28T09:35:38+00:00","mainEntityOfPage":{"@id":"https:\/\/www.creaerte.com\/live\/nuestro-almanaque-de-2016-a-punto-de-salir-del-horno\/"},"wordCount":205,"commentCount":0,"image":{"@id":"https:\/\/www.creaerte.com\/live\/nuestro-almanaque-de-2016-a-punto-de-salir-del-horno\/#primaryimage"},"thumbnailUrl":"https:\/\/www.creaerte.com\/live\/wp-content\/uploads\/2015\/11\/almanaque.jpg","keywords":["Almanaque 2016"],"articleSection":["Cosecha propia","Noticias"],"inLanguage":"es","potentialAction":[{"@type":"CommentAction","name":"Comment","target":["https:\/\/www.creaerte.com\/live\/nuestro-almanaque-de-2016-a-punto-de-salir-del-horno\/#respond"]}]},{"@type":"WebPage","@id":"https:\/\/www.creaerte.com\/live\/nuestro-almanaque-de-2016-a-punto-de-salir-del-horno\/","url":"https:\/\/www.creaerte.com\/live\/nuestro-almanaque-de-2016-a-punto-de-salir-del-horno\/","name":"Nuestro almanaque de 2016, a punto de salir del horno - creaerte.com","isPartOf":{"@id":"https:\/\/www.creaerte.com\/live\/#website"},"primaryImageOfPage":{"@id":"https:\/\/www.creaerte.com\/live\/nuestro-almanaque-de-2016-a-punto-de-salir-del-horno\/#primaryimage"},"image":{"@id":"https:\/\/www.creaerte.com\/live\/nuestro-almanaque-de-2016-a-punto-de-salir-del-horno\/#primaryimage"},"thumbnailUrl":"https:\/\/www.creaerte.com\/live\/wp-content\/uploads\/2015\/11\/almanaque.jpg","datePublished":"2015-11-04T15:57:50+00:00","dateModified":"2016-12-28T09:35:38+00:00","author":{"@id":"https:\/\/www.creaerte.com\/live\/#\/schema\/person\/acc9e93c6216bce2d569b1f0a99607f6"},"description":"En Creaerte estamos dando las \u00faltimas pinceladas a nuestro almanaque para 2016, el cual llevamos preparando todo el a\u00f1o y est\u00e1 a punto de salir del horno.","inLanguage":"es","potentialAction":[{"@type":"ReadAction","target":["https:\/\/www.creaerte.com\/live\/nuestro-almanaque-de-2016-a-punto-de-salir-del-horno\/"]}]},{"@type":"ImageObject","inLanguage":"es","@id":"https:\/\/www.creaerte.com\/live\/nuestro-almanaque-de-2016-a-punto-de-salir-del-horno\/#primaryimage","url":"https:\/\/www.creaerte.com\/live\/wp-content\/uploads\/2015\/11\/almanaque.jpg","contentUrl":"https:\/\/www.creaerte.com\/live\/wp-content\/uploads\/2015\/11\/almanaque.jpg","width":817,"height":468},{"@type":"WebSite","@id":"https:\/\/www.creaerte.com\/live\/#website","url":"https:\/\/www.creaerte.com\/live\/","name":"creaerte.com","description":"Agencia de publicidad, comunicaci\u00f3n y marketing en C\u00e1ceres \u2022 Extremadura","potentialAction":[{"@type":"SearchAction","target":{"@type":"EntryPoint","urlTemplate":"https:\/\/www.creaerte.com\/live\/?s={search_term_string}"},"query-input":{"@type":"PropertyValueSpecification","valueRequired":true,"valueName":"search_term_string"}}],"inLanguage":"es"},{"@type":"Person","@id":"https:\/\/www.creaerte.com\/live\/#\/schema\/person\/acc9e93c6216bce2d569b1f0a99607f6","name":"admin","image":{"@type":"ImageObject","inLanguage":"es","@id":"https:\/\/www.creaerte.com\/live\/#\/schema\/person\/image\/","url":"https:\/\/secure.gravatar.com\/avatar\/736f9ff6dd176e443e4c9cf884b23352631c533b611f216dbc09fc84cda6e67c?s=96&d=mm&r=g","contentUrl":"https:\/\/secure.gravatar.com\/avatar\/736f9ff6dd176e443e4c9cf884b23352631c533b611f216dbc09fc84cda6e67c?s=96&d=mm&r=g","caption":"admin"},"url":"https:\/\/www.creaerte.com\/live\/author\/admin\/"}]}},"_links":{"self":[{"href":"https:\/\/www.creaerte.com\/live\/wp-json\/wp\/v2\/posts\/18038","targetHints":{"allow":["GET"]}}],"collection":[{"href":"https:\/\/www.creaerte.com\/live\/wp-json\/wp\/v2\/posts"}],"about":[{"href":"https:\/\/www.creaerte.com\/live\/wp-json\/wp\/v2\/types\/post"}],"author":[{"embeddable":true,"href":"https:\/\/www.creaerte.com\/live\/wp-json\/wp\/v2\/users\/1"}],"replies":[{"embeddable":true,"href":"https:\/\/www.creaerte.com\/live\/wp-json\/wp\/v2\/comments?post=18038"}],"version-history":[{"count":17,"href":"https:\/\/www.creaerte.com\/live\/wp-json\/wp\/v2\/posts\/18038\/revisions"}],"predecessor-version":[{"id":21147,"href":"https:\/\/www.creaerte.com\/live\/wp-json\/wp\/v2\/posts\/18038\/revisions\/21147"}],"wp:featuredmedia":[{"embeddable":true,"href":"https:\/\/www.creaerte.com\/live\/wp-json\/wp\/v2\/media\/18043"}],"wp:attachment":[{"href":"https:\/\/www.creaerte.com\/live\/wp-json\/wp\/v2\/media?parent=18038"}],"wp:term":[{"taxonomy":"category","embeddable":true,"href":"https:\/\/www.creaerte.com\/live\/wp-json\/wp\/v2\/categories?post=18038"},{"taxonomy":"post_tag","embeddable":true,"href":"https:\/\/www.creaerte.com\/live\/wp-json\/wp\/v2\/tags?post=18038"}],"curies":[{"name":"wp","href":"https:\/\/api.w.org\/{rel}","templated":true}]}}