{"id":18058,"date":"2015-11-05T17:37:38","date_gmt":"2015-11-05T16:37:38","guid":{"rendered":"http:\/\/creaerte.com\/live\/?p=18058"},"modified":"2015-11-05T18:52:49","modified_gmt":"2015-11-05T17:52:49","slug":"a-volkswagen-le-queda-la-publicidad","status":"publish","type":"post","link":"https:\/\/www.creaerte.com\/live\/a-volkswagen-le-queda-la-publicidad\/","title":{"rendered":"A Volkswagen le queda la publicidad"},"content":{"rendered":"<p>\u00daltimamente estamos siendo testigos de la pol\u00e9mica que envuelve a la compa\u00f1\u00eda <strong>Volkswagen<\/strong> por el fraude de <strong>emisiones<\/strong> de CO2. Pero nosotros, como no pod\u00eda ser de otra manera, nos hemos acordado de su vertiente publicitaria, uno de los fuertes de esta multinacional.<\/p>\n<p>Hoy rescatamos uno de los spots m\u00e1s famosos de la compa\u00f1\u00eda alemana de coches. Concretamente uno del a\u00f1o <strong>2011<\/strong> y que seguramente muchos recordar\u00e9is. Y es que resulta cuanto menos curioso, pues parec\u00eda tratarse de una premonici\u00f3n de lo que a\u00f1os despu\u00e9s se avecinar\u00eda.<\/p>\n<p>La pieza en cuesti\u00f3n nos muestra a un ni\u00f1o disfrazado del villano de <strong>Star Wars<\/strong>, <strong>&#8216;Darth Vader&#8217;<\/strong>, intentando hacer uso del &#8216;lado oscuro de la fuerza&#8217;, ese en el que la marca parece estar inmersa en estos momentos. Respecto al contenido en s\u00ed del anuncio, magn\u00edfico. El protagonista intenta mover varios elementos a trav\u00e9s de la fuerza sin resultado alguno hasta que llega el padre conduciendo el coche y el chaval logra su cometido. A resaltar la interpretaci\u00f3n del peque\u00f1o &#8216;Lord Sith&#8217;, que se mete en el papel hasta tal punto que, pese a no mostrar la cara en momento alguno, transmite una enorme capacidad expresiva.<\/p>\n<p>Os dejamos con el anuncio, una muestra de que a Volkswagen, al menos, le queda su publicidad.<\/p>\n<p><iframe width=\"654\" height=\"368\" src=\"https:\/\/www.youtube.com\/embed\/R55e-uHQna0\" frameborder=\"0\" allowfullscreen><\/iframe><\/p>\n","protected":false},"excerpt":{"rendered":"<p>\u00daltimamente estamos siendo testigos de la pol\u00e9mica que envuelve a la compa\u00f1\u00eda Volkswagen por el fraude de emisiones de CO2. Pero nosotros, como no pod\u00eda ser de otra manera, nos hemos acordado de su vertiente publicitaria, uno de los fuertes de esta multinacional. Hoy rescatamos uno de los spots m\u00e1s famosos de la compa\u00f1\u00eda alemana de coches. Concretamente uno del&#8230;<\/p>\n","protected":false},"author":1,"featured_media":18059,"comment_status":"open","ping_status":"open","sticky":false,"template":"","format":"standard","meta":{"footnotes":""},"categories":[10,557],"tags":[6,992],"class_list":["post-18058","post","type-post","status-publish","format-standard","has-post-thumbnail","hentry","category-noticias","category-publicidad-2","tag-publicidad","tag-volkswagen","has_thumb"],"yoast_head":"<!-- This site is optimized with the Yoast SEO plugin v26.9 - https:\/\/yoast.com\/product\/yoast-seo-wordpress\/ -->\n<title>A Volkswagen le queda la publicidad - creaerte.com<\/title>\n<meta name=\"description\" content=\"A pesar de la pol\u00e9mica que envuelve a Volkswagen por las emisiones, hoy rescatamos un anuncio como muestra de que la publicidad es un fuerte de la compa\u00f1\u00eda.\" \/>\n<meta name=\"robots\" content=\"index, follow, max-snippet:-1, max-image-preview:large, max-video-preview:-1\" \/>\n<link rel=\"canonical\" href=\"https:\/\/www.creaerte.com\/live\/a-volkswagen-le-queda-la-publicidad\/\" \/>\n<meta property=\"og:locale\" content=\"es_ES\" \/>\n<meta property=\"og:type\" content=\"article\" \/>\n<meta property=\"og:title\" content=\"A Volkswagen le queda la publicidad - creaerte.com\" \/>\n<meta property=\"og:description\" content=\"A pesar de la pol\u00e9mica que envuelve a Volkswagen por las emisiones, hoy rescatamos un anuncio como muestra de que la publicidad es un fuerte de la compa\u00f1\u00eda.\" \/>\n<meta property=\"og:url\" content=\"https:\/\/www.creaerte.com\/live\/a-volkswagen-le-queda-la-publicidad\/\" \/>\n<meta property=\"og:site_name\" content=\"creaerte.com\" \/>\n<meta property=\"article:publisher\" content=\"https:\/\/www.facebook.com\/creaerte\" \/>\n<meta property=\"article:published_time\" content=\"2015-11-05T16:37:38+00:00\" \/>\n<meta property=\"article:modified_time\" content=\"2015-11-05T17:52:49+00:00\" \/>\n<meta property=\"og:image\" content=\"https:\/\/www.creaerte.com\/live\/wp-content\/uploads\/2015\/11\/Volkswagen.jpg\" \/>\n\t<meta property=\"og:image:width\" content=\"817\" \/>\n\t<meta property=\"og:image:height\" content=\"468\" \/>\n\t<meta property=\"og:image:type\" content=\"image\/jpeg\" \/>\n<meta name=\"author\" content=\"admin\" \/>\n<meta name=\"twitter:card\" content=\"summary_large_image\" \/>\n<meta name=\"twitter:creator\" content=\"@Creaerte\" \/>\n<meta name=\"twitter:site\" content=\"@Creaerte\" \/>\n<meta name=\"twitter:label1\" content=\"Escrito por\" \/>\n\t<meta name=\"twitter:data1\" content=\"admin\" \/>\n\t<meta name=\"twitter:label2\" content=\"Tiempo de lectura\" \/>\n\t<meta name=\"twitter:data2\" content=\"1 minuto\" \/>\n<script type=\"application\/ld+json\" class=\"yoast-schema-graph\">{\"@context\":\"https:\/\/schema.org\",\"@graph\":[{\"@type\":\"Article\",\"@id\":\"https:\/\/www.creaerte.com\/live\/a-volkswagen-le-queda-la-publicidad\/#article\",\"isPartOf\":{\"@id\":\"https:\/\/www.creaerte.com\/live\/a-volkswagen-le-queda-la-publicidad\/\"},\"author\":{\"name\":\"admin\",\"@id\":\"https:\/\/www.creaerte.com\/live\/#\/schema\/person\/acc9e93c6216bce2d569b1f0a99607f6\"},\"headline\":\"A Volkswagen le queda la publicidad\",\"datePublished\":\"2015-11-05T16:37:38+00:00\",\"dateModified\":\"2015-11-05T17:52:49+00:00\",\"mainEntityOfPage\":{\"@id\":\"https:\/\/www.creaerte.com\/live\/a-volkswagen-le-queda-la-publicidad\/\"},\"wordCount\":233,\"commentCount\":0,\"image\":{\"@id\":\"https:\/\/www.creaerte.com\/live\/a-volkswagen-le-queda-la-publicidad\/#primaryimage\"},\"thumbnailUrl\":\"https:\/\/www.creaerte.com\/live\/wp-content\/uploads\/2015\/11\/Volkswagen.jpg\",\"keywords\":[\"publicidad\",\"Volkswagen\"],\"articleSection\":[\"Noticias\",\"Publicidad\"],\"inLanguage\":\"es\",\"potentialAction\":[{\"@type\":\"CommentAction\",\"name\":\"Comment\",\"target\":[\"https:\/\/www.creaerte.com\/live\/a-volkswagen-le-queda-la-publicidad\/#respond\"]}]},{\"@type\":\"WebPage\",\"@id\":\"https:\/\/www.creaerte.com\/live\/a-volkswagen-le-queda-la-publicidad\/\",\"url\":\"https:\/\/www.creaerte.com\/live\/a-volkswagen-le-queda-la-publicidad\/\",\"name\":\"A Volkswagen le queda la publicidad - creaerte.com\",\"isPartOf\":{\"@id\":\"https:\/\/www.creaerte.com\/live\/#website\"},\"primaryImageOfPage\":{\"@id\":\"https:\/\/www.creaerte.com\/live\/a-volkswagen-le-queda-la-publicidad\/#primaryimage\"},\"image\":{\"@id\":\"https:\/\/www.creaerte.com\/live\/a-volkswagen-le-queda-la-publicidad\/#primaryimage\"},\"thumbnailUrl\":\"https:\/\/www.creaerte.com\/live\/wp-content\/uploads\/2015\/11\/Volkswagen.jpg\",\"datePublished\":\"2015-11-05T16:37:38+00:00\",\"dateModified\":\"2015-11-05T17:52:49+00:00\",\"author\":{\"@id\":\"https:\/\/www.creaerte.com\/live\/#\/schema\/person\/acc9e93c6216bce2d569b1f0a99607f6\"},\"description\":\"A pesar de la pol\u00e9mica que envuelve a Volkswagen por las emisiones, hoy rescatamos un anuncio como muestra de que la publicidad es un fuerte de la compa\u00f1\u00eda.\",\"inLanguage\":\"es\",\"potentialAction\":[{\"@type\":\"ReadAction\",\"target\":[\"https:\/\/www.creaerte.com\/live\/a-volkswagen-le-queda-la-publicidad\/\"]}]},{\"@type\":\"ImageObject\",\"inLanguage\":\"es\",\"@id\":\"https:\/\/www.creaerte.com\/live\/a-volkswagen-le-queda-la-publicidad\/#primaryimage\",\"url\":\"https:\/\/www.creaerte.com\/live\/wp-content\/uploads\/2015\/11\/Volkswagen.jpg\",\"contentUrl\":\"https:\/\/www.creaerte.com\/live\/wp-content\/uploads\/2015\/11\/Volkswagen.jpg\",\"width\":817,\"height\":468},{\"@type\":\"WebSite\",\"@id\":\"https:\/\/www.creaerte.com\/live\/#website\",\"url\":\"https:\/\/www.creaerte.com\/live\/\",\"name\":\"creaerte.com\",\"description\":\"Agencia de publicidad, comunicaci\u00f3n y marketing en C\u00e1ceres \u2022 Extremadura\",\"potentialAction\":[{\"@type\":\"SearchAction\",\"target\":{\"@type\":\"EntryPoint\",\"urlTemplate\":\"https:\/\/www.creaerte.com\/live\/?s={search_term_string}\"},\"query-input\":{\"@type\":\"PropertyValueSpecification\",\"valueRequired\":true,\"valueName\":\"search_term_string\"}}],\"inLanguage\":\"es\"},{\"@type\":\"Person\",\"@id\":\"https:\/\/www.creaerte.com\/live\/#\/schema\/person\/acc9e93c6216bce2d569b1f0a99607f6\",\"name\":\"admin\",\"image\":{\"@type\":\"ImageObject\",\"inLanguage\":\"es\",\"@id\":\"https:\/\/www.creaerte.com\/live\/#\/schema\/person\/image\/\",\"url\":\"https:\/\/secure.gravatar.com\/avatar\/736f9ff6dd176e443e4c9cf884b23352631c533b611f216dbc09fc84cda6e67c?s=96&d=mm&r=g\",\"contentUrl\":\"https:\/\/secure.gravatar.com\/avatar\/736f9ff6dd176e443e4c9cf884b23352631c533b611f216dbc09fc84cda6e67c?s=96&d=mm&r=g\",\"caption\":\"admin\"},\"url\":\"https:\/\/www.creaerte.com\/live\/author\/admin\/\"}]}<\/script>\n<!-- \/ Yoast SEO plugin. -->","yoast_head_json":{"title":"A Volkswagen le queda la publicidad - creaerte.com","description":"A pesar de la pol\u00e9mica que envuelve a Volkswagen por las emisiones, hoy rescatamos un anuncio como muestra de que la publicidad es un fuerte de la compa\u00f1\u00eda.","robots":{"index":"index","follow":"follow","max-snippet":"max-snippet:-1","max-image-preview":"max-image-preview:large","max-video-preview":"max-video-preview:-1"},"canonical":"https:\/\/www.creaerte.com\/live\/a-volkswagen-le-queda-la-publicidad\/","og_locale":"es_ES","og_type":"article","og_title":"A Volkswagen le queda la publicidad - creaerte.com","og_description":"A pesar de la pol\u00e9mica que envuelve a Volkswagen por las emisiones, hoy rescatamos un anuncio como muestra de que la publicidad es un fuerte de la compa\u00f1\u00eda.","og_url":"https:\/\/www.creaerte.com\/live\/a-volkswagen-le-queda-la-publicidad\/","og_site_name":"creaerte.com","article_publisher":"https:\/\/www.facebook.com\/creaerte","article_published_time":"2015-11-05T16:37:38+00:00","article_modified_time":"2015-11-05T17:52:49+00:00","og_image":[{"width":817,"height":468,"url":"https:\/\/www.creaerte.com\/live\/wp-content\/uploads\/2015\/11\/Volkswagen.jpg","type":"image\/jpeg"}],"author":"admin","twitter_card":"summary_large_image","twitter_creator":"@Creaerte","twitter_site":"@Creaerte","twitter_misc":{"Escrito por":"admin","Tiempo de lectura":"1 minuto"},"schema":{"@context":"https:\/\/schema.org","@graph":[{"@type":"Article","@id":"https:\/\/www.creaerte.com\/live\/a-volkswagen-le-queda-la-publicidad\/#article","isPartOf":{"@id":"https:\/\/www.creaerte.com\/live\/a-volkswagen-le-queda-la-publicidad\/"},"author":{"name":"admin","@id":"https:\/\/www.creaerte.com\/live\/#\/schema\/person\/acc9e93c6216bce2d569b1f0a99607f6"},"headline":"A Volkswagen le queda la publicidad","datePublished":"2015-11-05T16:37:38+00:00","dateModified":"2015-11-05T17:52:49+00:00","mainEntityOfPage":{"@id":"https:\/\/www.creaerte.com\/live\/a-volkswagen-le-queda-la-publicidad\/"},"wordCount":233,"commentCount":0,"image":{"@id":"https:\/\/www.creaerte.com\/live\/a-volkswagen-le-queda-la-publicidad\/#primaryimage"},"thumbnailUrl":"https:\/\/www.creaerte.com\/live\/wp-content\/uploads\/2015\/11\/Volkswagen.jpg","keywords":["publicidad","Volkswagen"],"articleSection":["Noticias","Publicidad"],"inLanguage":"es","potentialAction":[{"@type":"CommentAction","name":"Comment","target":["https:\/\/www.creaerte.com\/live\/a-volkswagen-le-queda-la-publicidad\/#respond"]}]},{"@type":"WebPage","@id":"https:\/\/www.creaerte.com\/live\/a-volkswagen-le-queda-la-publicidad\/","url":"https:\/\/www.creaerte.com\/live\/a-volkswagen-le-queda-la-publicidad\/","name":"A Volkswagen le queda la publicidad - creaerte.com","isPartOf":{"@id":"https:\/\/www.creaerte.com\/live\/#website"},"primaryImageOfPage":{"@id":"https:\/\/www.creaerte.com\/live\/a-volkswagen-le-queda-la-publicidad\/#primaryimage"},"image":{"@id":"https:\/\/www.creaerte.com\/live\/a-volkswagen-le-queda-la-publicidad\/#primaryimage"},"thumbnailUrl":"https:\/\/www.creaerte.com\/live\/wp-content\/uploads\/2015\/11\/Volkswagen.jpg","datePublished":"2015-11-05T16:37:38+00:00","dateModified":"2015-11-05T17:52:49+00:00","author":{"@id":"https:\/\/www.creaerte.com\/live\/#\/schema\/person\/acc9e93c6216bce2d569b1f0a99607f6"},"description":"A pesar de la pol\u00e9mica que envuelve a Volkswagen por las emisiones, hoy rescatamos un anuncio como muestra de que la publicidad es un fuerte de la compa\u00f1\u00eda.","inLanguage":"es","potentialAction":[{"@type":"ReadAction","target":["https:\/\/www.creaerte.com\/live\/a-volkswagen-le-queda-la-publicidad\/"]}]},{"@type":"ImageObject","inLanguage":"es","@id":"https:\/\/www.creaerte.com\/live\/a-volkswagen-le-queda-la-publicidad\/#primaryimage","url":"https:\/\/www.creaerte.com\/live\/wp-content\/uploads\/2015\/11\/Volkswagen.jpg","contentUrl":"https:\/\/www.creaerte.com\/live\/wp-content\/uploads\/2015\/11\/Volkswagen.jpg","width":817,"height":468},{"@type":"WebSite","@id":"https:\/\/www.creaerte.com\/live\/#website","url":"https:\/\/www.creaerte.com\/live\/","name":"creaerte.com","description":"Agencia de publicidad, comunicaci\u00f3n y marketing en C\u00e1ceres \u2022 Extremadura","potentialAction":[{"@type":"SearchAction","target":{"@type":"EntryPoint","urlTemplate":"https:\/\/www.creaerte.com\/live\/?s={search_term_string}"},"query-input":{"@type":"PropertyValueSpecification","valueRequired":true,"valueName":"search_term_string"}}],"inLanguage":"es"},{"@type":"Person","@id":"https:\/\/www.creaerte.com\/live\/#\/schema\/person\/acc9e93c6216bce2d569b1f0a99607f6","name":"admin","image":{"@type":"ImageObject","inLanguage":"es","@id":"https:\/\/www.creaerte.com\/live\/#\/schema\/person\/image\/","url":"https:\/\/secure.gravatar.com\/avatar\/736f9ff6dd176e443e4c9cf884b23352631c533b611f216dbc09fc84cda6e67c?s=96&d=mm&r=g","contentUrl":"https:\/\/secure.gravatar.com\/avatar\/736f9ff6dd176e443e4c9cf884b23352631c533b611f216dbc09fc84cda6e67c?s=96&d=mm&r=g","caption":"admin"},"url":"https:\/\/www.creaerte.com\/live\/author\/admin\/"}]}},"_links":{"self":[{"href":"https:\/\/www.creaerte.com\/live\/wp-json\/wp\/v2\/posts\/18058","targetHints":{"allow":["GET"]}}],"collection":[{"href":"https:\/\/www.creaerte.com\/live\/wp-json\/wp\/v2\/posts"}],"about":[{"href":"https:\/\/www.creaerte.com\/live\/wp-json\/wp\/v2\/types\/post"}],"author":[{"embeddable":true,"href":"https:\/\/www.creaerte.com\/live\/wp-json\/wp\/v2\/users\/1"}],"replies":[{"embeddable":true,"href":"https:\/\/www.creaerte.com\/live\/wp-json\/wp\/v2\/comments?post=18058"}],"version-history":[{"count":4,"href":"https:\/\/www.creaerte.com\/live\/wp-json\/wp\/v2\/posts\/18058\/revisions"}],"predecessor-version":[{"id":18063,"href":"https:\/\/www.creaerte.com\/live\/wp-json\/wp\/v2\/posts\/18058\/revisions\/18063"}],"wp:featuredmedia":[{"embeddable":true,"href":"https:\/\/www.creaerte.com\/live\/wp-json\/wp\/v2\/media\/18059"}],"wp:attachment":[{"href":"https:\/\/www.creaerte.com\/live\/wp-json\/wp\/v2\/media?parent=18058"}],"wp:term":[{"taxonomy":"category","embeddable":true,"href":"https:\/\/www.creaerte.com\/live\/wp-json\/wp\/v2\/categories?post=18058"},{"taxonomy":"post_tag","embeddable":true,"href":"https:\/\/www.creaerte.com\/live\/wp-json\/wp\/v2\/tags?post=18058"}],"curies":[{"name":"wp","href":"https:\/\/api.w.org\/{rel}","templated":true}]}}