{"id":18064,"date":"2015-11-06T13:01:46","date_gmt":"2015-11-06T12:01:46","guid":{"rendered":"http:\/\/creaerte.com\/live\/?p=18064"},"modified":"2015-11-06T13:11:55","modified_gmt":"2015-11-06T12:11:55","slug":"creaerte-en-los-premios-extremenos-de-hoy","status":"publish","type":"post","link":"https:\/\/www.creaerte.com\/live\/creaerte-en-los-premios-extremenos-de-hoy\/","title":{"rendered":"Creaerte, en los premios Extreme\u00f1os de HOY"},"content":{"rendered":"<p>Un a\u00f1o m\u00e1s, fieles a la cita. En <strong>Creaerte<\/strong> hemos vuelto a compartir la experiencia de acompa\u00f1ar a nuestros amigos del <a href=\"http:\/\/www.hoy.es\/\" target=\"_blank\"><strong>Diario HOY<\/strong><\/a> en su tradicional jornada festiva de los <em>Premios Extreme\u00f1os de HOY<\/em>, uno de los eventos sociales con m\u00e1s prestancia de todos cuantos que se dan en nuestra regi\u00f3n. El escenario, el <strong>Palacio de Congresos de M\u00e9rida<\/strong>.<\/p>\n<p>En esta ocasi\u00f3n, los premiados fueron el cirujano Javier Bueno, el Meiac, y el archiconocido Miguel de la Quadra-Salcedo, en una cita en la que se ensalzaron las bondades de Extremadura como comunidad cargada de historia, cultura y futuro, as\u00ed como sus v\u00ednculos seculares con Hispanoam\u00e9rica.<\/p>\n<p>Tanto en los proleg\u00f3menos como al final de la gala tuvimos la oportunidad de poder intercambiar impresiones sobre la actualidad tem\u00e1tica de Extremadura con varios de los agentes sociales, as\u00ed como de saludar a los m\u00faltiples amigos y anunciantes que all\u00ed se dieron cita.  <\/p>\n","protected":false},"excerpt":{"rendered":"<p>Un a\u00f1o m\u00e1s, fieles a la cita. En Creaerte hemos vuelto a compartir la experiencia de acompa\u00f1ar a nuestros amigos del Diario HOY en su tradicional jornada festiva de los Premios Extreme\u00f1os de HOY, uno de los eventos sociales con m\u00e1s prestancia de todos cuantos que se dan en nuestra regi\u00f3n. El escenario, el Palacio de Congresos de M\u00e9rida. En&#8230;<\/p>\n","protected":false},"author":1,"featured_media":18067,"comment_status":"open","ping_status":"open","sticky":false,"template":"","format":"standard","meta":{"footnotes":""},"categories":[10],"tags":[],"class_list":["post-18064","post","type-post","status-publish","format-standard","has-post-thumbnail","hentry","category-noticias","has_thumb"],"yoast_head":"<!-- This site is optimized with the Yoast SEO plugin v26.9 - https:\/\/yoast.com\/product\/yoast-seo-wordpress\/ -->\n<title>Creaerte, en los premios Extreme\u00f1os de HOY - creaerte.com<\/title>\n<meta name=\"description\" content=\"Un a\u00f1o m\u00e1s, hemos estado presentes en la gala de los Premios Extreme\u00f1os de HOY, uno de los actos sociales con m\u00e1s prestancia de cuantos se dan en la regi\u00f3n.\" \/>\n<meta name=\"robots\" content=\"index, follow, max-snippet:-1, max-image-preview:large, max-video-preview:-1\" \/>\n<link rel=\"canonical\" href=\"https:\/\/www.creaerte.com\/live\/creaerte-en-los-premios-extremenos-de-hoy\/\" \/>\n<meta property=\"og:locale\" content=\"es_ES\" \/>\n<meta property=\"og:type\" content=\"article\" \/>\n<meta property=\"og:title\" content=\"Creaerte, en los premios Extreme\u00f1os de HOY - creaerte.com\" \/>\n<meta property=\"og:description\" content=\"Un a\u00f1o m\u00e1s, hemos estado presentes en la gala de los Premios Extreme\u00f1os de HOY, uno de los actos sociales con m\u00e1s prestancia de cuantos se dan en la regi\u00f3n.\" \/>\n<meta property=\"og:url\" content=\"https:\/\/www.creaerte.com\/live\/creaerte-en-los-premios-extremenos-de-hoy\/\" \/>\n<meta property=\"og:site_name\" content=\"creaerte.com\" \/>\n<meta property=\"article:publisher\" content=\"https:\/\/www.facebook.com\/creaerte\" \/>\n<meta property=\"article:published_time\" content=\"2015-11-06T12:01:46+00:00\" \/>\n<meta property=\"article:modified_time\" content=\"2015-11-06T12:11:55+00:00\" \/>\n<meta property=\"og:image\" content=\"https:\/\/www.creaerte.com\/live\/wp-content\/uploads\/2015\/11\/HOY-foto.jpg\" \/>\n\t<meta property=\"og:image:width\" content=\"817\" \/>\n\t<meta property=\"og:image:height\" content=\"468\" \/>\n\t<meta property=\"og:image:type\" content=\"image\/jpeg\" \/>\n<meta name=\"author\" content=\"admin\" \/>\n<meta name=\"twitter:card\" content=\"summary_large_image\" \/>\n<meta name=\"twitter:creator\" content=\"@Creaerte\" \/>\n<meta name=\"twitter:site\" content=\"@Creaerte\" \/>\n<meta name=\"twitter:label1\" content=\"Escrito por\" \/>\n\t<meta name=\"twitter:data1\" content=\"admin\" \/>\n\t<meta name=\"twitter:label2\" content=\"Tiempo de lectura\" \/>\n\t<meta name=\"twitter:data2\" content=\"1 minuto\" \/>\n<script type=\"application\/ld+json\" class=\"yoast-schema-graph\">{\"@context\":\"https:\/\/schema.org\",\"@graph\":[{\"@type\":\"Article\",\"@id\":\"https:\/\/www.creaerte.com\/live\/creaerte-en-los-premios-extremenos-de-hoy\/#article\",\"isPartOf\":{\"@id\":\"https:\/\/www.creaerte.com\/live\/creaerte-en-los-premios-extremenos-de-hoy\/\"},\"author\":{\"name\":\"admin\",\"@id\":\"https:\/\/www.creaerte.com\/live\/#\/schema\/person\/acc9e93c6216bce2d569b1f0a99607f6\"},\"headline\":\"Creaerte, en los premios Extreme\u00f1os de HOY\",\"datePublished\":\"2015-11-06T12:01:46+00:00\",\"dateModified\":\"2015-11-06T12:11:55+00:00\",\"mainEntityOfPage\":{\"@id\":\"https:\/\/www.creaerte.com\/live\/creaerte-en-los-premios-extremenos-de-hoy\/\"},\"wordCount\":170,\"commentCount\":0,\"image\":{\"@id\":\"https:\/\/www.creaerte.com\/live\/creaerte-en-los-premios-extremenos-de-hoy\/#primaryimage\"},\"thumbnailUrl\":\"https:\/\/www.creaerte.com\/live\/wp-content\/uploads\/2015\/11\/HOY-foto.jpg\",\"articleSection\":[\"Noticias\"],\"inLanguage\":\"es\",\"potentialAction\":[{\"@type\":\"CommentAction\",\"name\":\"Comment\",\"target\":[\"https:\/\/www.creaerte.com\/live\/creaerte-en-los-premios-extremenos-de-hoy\/#respond\"]}]},{\"@type\":\"WebPage\",\"@id\":\"https:\/\/www.creaerte.com\/live\/creaerte-en-los-premios-extremenos-de-hoy\/\",\"url\":\"https:\/\/www.creaerte.com\/live\/creaerte-en-los-premios-extremenos-de-hoy\/\",\"name\":\"Creaerte, en los premios Extreme\u00f1os de HOY - creaerte.com\",\"isPartOf\":{\"@id\":\"https:\/\/www.creaerte.com\/live\/#website\"},\"primaryImageOfPage\":{\"@id\":\"https:\/\/www.creaerte.com\/live\/creaerte-en-los-premios-extremenos-de-hoy\/#primaryimage\"},\"image\":{\"@id\":\"https:\/\/www.creaerte.com\/live\/creaerte-en-los-premios-extremenos-de-hoy\/#primaryimage\"},\"thumbnailUrl\":\"https:\/\/www.creaerte.com\/live\/wp-content\/uploads\/2015\/11\/HOY-foto.jpg\",\"datePublished\":\"2015-11-06T12:01:46+00:00\",\"dateModified\":\"2015-11-06T12:11:55+00:00\",\"author\":{\"@id\":\"https:\/\/www.creaerte.com\/live\/#\/schema\/person\/acc9e93c6216bce2d569b1f0a99607f6\"},\"description\":\"Un a\u00f1o m\u00e1s, hemos estado presentes en la gala de los Premios Extreme\u00f1os de HOY, uno de los actos sociales con m\u00e1s prestancia de cuantos se dan en la regi\u00f3n.\",\"inLanguage\":\"es\",\"potentialAction\":[{\"@type\":\"ReadAction\",\"target\":[\"https:\/\/www.creaerte.com\/live\/creaerte-en-los-premios-extremenos-de-hoy\/\"]}]},{\"@type\":\"ImageObject\",\"inLanguage\":\"es\",\"@id\":\"https:\/\/www.creaerte.com\/live\/creaerte-en-los-premios-extremenos-de-hoy\/#primaryimage\",\"url\":\"https:\/\/www.creaerte.com\/live\/wp-content\/uploads\/2015\/11\/HOY-foto.jpg\",\"contentUrl\":\"https:\/\/www.creaerte.com\/live\/wp-content\/uploads\/2015\/11\/HOY-foto.jpg\",\"width\":817,\"height\":468,\"caption\":\"Premios HOY\"},{\"@type\":\"WebSite\",\"@id\":\"https:\/\/www.creaerte.com\/live\/#website\",\"url\":\"https:\/\/www.creaerte.com\/live\/\",\"name\":\"creaerte.com\",\"description\":\"Agencia de publicidad, comunicaci\u00f3n y marketing en C\u00e1ceres \u2022 Extremadura\",\"potentialAction\":[{\"@type\":\"SearchAction\",\"target\":{\"@type\":\"EntryPoint\",\"urlTemplate\":\"https:\/\/www.creaerte.com\/live\/?s={search_term_string}\"},\"query-input\":{\"@type\":\"PropertyValueSpecification\",\"valueRequired\":true,\"valueName\":\"search_term_string\"}}],\"inLanguage\":\"es\"},{\"@type\":\"Person\",\"@id\":\"https:\/\/www.creaerte.com\/live\/#\/schema\/person\/acc9e93c6216bce2d569b1f0a99607f6\",\"name\":\"admin\",\"image\":{\"@type\":\"ImageObject\",\"inLanguage\":\"es\",\"@id\":\"https:\/\/www.creaerte.com\/live\/#\/schema\/person\/image\/\",\"url\":\"https:\/\/secure.gravatar.com\/avatar\/736f9ff6dd176e443e4c9cf884b23352631c533b611f216dbc09fc84cda6e67c?s=96&d=mm&r=g\",\"contentUrl\":\"https:\/\/secure.gravatar.com\/avatar\/736f9ff6dd176e443e4c9cf884b23352631c533b611f216dbc09fc84cda6e67c?s=96&d=mm&r=g\",\"caption\":\"admin\"},\"url\":\"https:\/\/www.creaerte.com\/live\/author\/admin\/\"}]}<\/script>\n<!-- \/ Yoast SEO plugin. -->","yoast_head_json":{"title":"Creaerte, en los premios Extreme\u00f1os de HOY - creaerte.com","description":"Un a\u00f1o m\u00e1s, hemos estado presentes en la gala de los Premios Extreme\u00f1os de HOY, uno de los actos sociales con m\u00e1s prestancia de cuantos se dan en la regi\u00f3n.","robots":{"index":"index","follow":"follow","max-snippet":"max-snippet:-1","max-image-preview":"max-image-preview:large","max-video-preview":"max-video-preview:-1"},"canonical":"https:\/\/www.creaerte.com\/live\/creaerte-en-los-premios-extremenos-de-hoy\/","og_locale":"es_ES","og_type":"article","og_title":"Creaerte, en los premios Extreme\u00f1os de HOY - creaerte.com","og_description":"Un a\u00f1o m\u00e1s, hemos estado presentes en la gala de los Premios Extreme\u00f1os de HOY, uno de los actos sociales con m\u00e1s prestancia de cuantos se dan en la regi\u00f3n.","og_url":"https:\/\/www.creaerte.com\/live\/creaerte-en-los-premios-extremenos-de-hoy\/","og_site_name":"creaerte.com","article_publisher":"https:\/\/www.facebook.com\/creaerte","article_published_time":"2015-11-06T12:01:46+00:00","article_modified_time":"2015-11-06T12:11:55+00:00","og_image":[{"width":817,"height":468,"url":"https:\/\/www.creaerte.com\/live\/wp-content\/uploads\/2015\/11\/HOY-foto.jpg","type":"image\/jpeg"}],"author":"admin","twitter_card":"summary_large_image","twitter_creator":"@Creaerte","twitter_site":"@Creaerte","twitter_misc":{"Escrito por":"admin","Tiempo de lectura":"1 minuto"},"schema":{"@context":"https:\/\/schema.org","@graph":[{"@type":"Article","@id":"https:\/\/www.creaerte.com\/live\/creaerte-en-los-premios-extremenos-de-hoy\/#article","isPartOf":{"@id":"https:\/\/www.creaerte.com\/live\/creaerte-en-los-premios-extremenos-de-hoy\/"},"author":{"name":"admin","@id":"https:\/\/www.creaerte.com\/live\/#\/schema\/person\/acc9e93c6216bce2d569b1f0a99607f6"},"headline":"Creaerte, en los premios Extreme\u00f1os de HOY","datePublished":"2015-11-06T12:01:46+00:00","dateModified":"2015-11-06T12:11:55+00:00","mainEntityOfPage":{"@id":"https:\/\/www.creaerte.com\/live\/creaerte-en-los-premios-extremenos-de-hoy\/"},"wordCount":170,"commentCount":0,"image":{"@id":"https:\/\/www.creaerte.com\/live\/creaerte-en-los-premios-extremenos-de-hoy\/#primaryimage"},"thumbnailUrl":"https:\/\/www.creaerte.com\/live\/wp-content\/uploads\/2015\/11\/HOY-foto.jpg","articleSection":["Noticias"],"inLanguage":"es","potentialAction":[{"@type":"CommentAction","name":"Comment","target":["https:\/\/www.creaerte.com\/live\/creaerte-en-los-premios-extremenos-de-hoy\/#respond"]}]},{"@type":"WebPage","@id":"https:\/\/www.creaerte.com\/live\/creaerte-en-los-premios-extremenos-de-hoy\/","url":"https:\/\/www.creaerte.com\/live\/creaerte-en-los-premios-extremenos-de-hoy\/","name":"Creaerte, en los premios Extreme\u00f1os de HOY - creaerte.com","isPartOf":{"@id":"https:\/\/www.creaerte.com\/live\/#website"},"primaryImageOfPage":{"@id":"https:\/\/www.creaerte.com\/live\/creaerte-en-los-premios-extremenos-de-hoy\/#primaryimage"},"image":{"@id":"https:\/\/www.creaerte.com\/live\/creaerte-en-los-premios-extremenos-de-hoy\/#primaryimage"},"thumbnailUrl":"https:\/\/www.creaerte.com\/live\/wp-content\/uploads\/2015\/11\/HOY-foto.jpg","datePublished":"2015-11-06T12:01:46+00:00","dateModified":"2015-11-06T12:11:55+00:00","author":{"@id":"https:\/\/www.creaerte.com\/live\/#\/schema\/person\/acc9e93c6216bce2d569b1f0a99607f6"},"description":"Un a\u00f1o m\u00e1s, hemos estado presentes en la gala de los Premios Extreme\u00f1os de HOY, uno de los actos sociales con m\u00e1s prestancia de cuantos se dan en la regi\u00f3n.","inLanguage":"es","potentialAction":[{"@type":"ReadAction","target":["https:\/\/www.creaerte.com\/live\/creaerte-en-los-premios-extremenos-de-hoy\/"]}]},{"@type":"ImageObject","inLanguage":"es","@id":"https:\/\/www.creaerte.com\/live\/creaerte-en-los-premios-extremenos-de-hoy\/#primaryimage","url":"https:\/\/www.creaerte.com\/live\/wp-content\/uploads\/2015\/11\/HOY-foto.jpg","contentUrl":"https:\/\/www.creaerte.com\/live\/wp-content\/uploads\/2015\/11\/HOY-foto.jpg","width":817,"height":468,"caption":"Premios HOY"},{"@type":"WebSite","@id":"https:\/\/www.creaerte.com\/live\/#website","url":"https:\/\/www.creaerte.com\/live\/","name":"creaerte.com","description":"Agencia de publicidad, comunicaci\u00f3n y marketing en C\u00e1ceres \u2022 Extremadura","potentialAction":[{"@type":"SearchAction","target":{"@type":"EntryPoint","urlTemplate":"https:\/\/www.creaerte.com\/live\/?s={search_term_string}"},"query-input":{"@type":"PropertyValueSpecification","valueRequired":true,"valueName":"search_term_string"}}],"inLanguage":"es"},{"@type":"Person","@id":"https:\/\/www.creaerte.com\/live\/#\/schema\/person\/acc9e93c6216bce2d569b1f0a99607f6","name":"admin","image":{"@type":"ImageObject","inLanguage":"es","@id":"https:\/\/www.creaerte.com\/live\/#\/schema\/person\/image\/","url":"https:\/\/secure.gravatar.com\/avatar\/736f9ff6dd176e443e4c9cf884b23352631c533b611f216dbc09fc84cda6e67c?s=96&d=mm&r=g","contentUrl":"https:\/\/secure.gravatar.com\/avatar\/736f9ff6dd176e443e4c9cf884b23352631c533b611f216dbc09fc84cda6e67c?s=96&d=mm&r=g","caption":"admin"},"url":"https:\/\/www.creaerte.com\/live\/author\/admin\/"}]}},"_links":{"self":[{"href":"https:\/\/www.creaerte.com\/live\/wp-json\/wp\/v2\/posts\/18064","targetHints":{"allow":["GET"]}}],"collection":[{"href":"https:\/\/www.creaerte.com\/live\/wp-json\/wp\/v2\/posts"}],"about":[{"href":"https:\/\/www.creaerte.com\/live\/wp-json\/wp\/v2\/types\/post"}],"author":[{"embeddable":true,"href":"https:\/\/www.creaerte.com\/live\/wp-json\/wp\/v2\/users\/1"}],"replies":[{"embeddable":true,"href":"https:\/\/www.creaerte.com\/live\/wp-json\/wp\/v2\/comments?post=18064"}],"version-history":[{"count":11,"href":"https:\/\/www.creaerte.com\/live\/wp-json\/wp\/v2\/posts\/18064\/revisions"}],"predecessor-version":[{"id":18076,"href":"https:\/\/www.creaerte.com\/live\/wp-json\/wp\/v2\/posts\/18064\/revisions\/18076"}],"wp:featuredmedia":[{"embeddable":true,"href":"https:\/\/www.creaerte.com\/live\/wp-json\/wp\/v2\/media\/18067"}],"wp:attachment":[{"href":"https:\/\/www.creaerte.com\/live\/wp-json\/wp\/v2\/media?parent=18064"}],"wp:term":[{"taxonomy":"category","embeddable":true,"href":"https:\/\/www.creaerte.com\/live\/wp-json\/wp\/v2\/categories?post=18064"},{"taxonomy":"post_tag","embeddable":true,"href":"https:\/\/www.creaerte.com\/live\/wp-json\/wp\/v2\/tags?post=18064"}],"curies":[{"name":"wp","href":"https:\/\/api.w.org\/{rel}","templated":true}]}}