{"id":18698,"date":"2016-01-27T17:04:48","date_gmt":"2016-01-27T16:04:48","guid":{"rendered":"http:\/\/creaerte.com\/live\/?p=18698"},"modified":"2016-01-27T17:19:50","modified_gmt":"2016-01-27T16:19:50","slug":"best15-para-los-premios-extremenos-de-padel","status":"publish","type":"post","link":"https:\/\/www.creaerte.com\/live\/best15-para-los-premios-extremenos-de-padel\/","title":{"rendered":"Best&#8217;15 para los Premios Extreme\u00f1os de P\u00e1del"},"content":{"rendered":"<p>Acaba de nacer y ya est\u00e1 dando sus primeros pasos. Hablamos de <strong>Best\u201915<\/strong>, la imagen que desde esta casa hemos dise\u00f1ado para la <strong>Gala de Premios Extreme\u00f1os de P\u00e1del<\/strong>, que tendr\u00e1 lugar el pr\u00f3ximo d\u00eda 13 de febrero en los salones del complejo Aralia, en la capital cacere\u00f1a. Se trata de un evento organizado por la <strong><a href=\"http:\/\/www.fexpadel.com\/\" target=\"_blank\">Federaci\u00f3n Extreme\u00f1a de P\u00e1del<\/a><\/strong>, en consonancia con las diferentes administraciones p\u00fablicas y con el apoyo de la iniciativa privada.<\/p>\n<p>Para la elaboraci\u00f3n de este cometido nos hemos decantado por percepciones psicol\u00f3gicas que atienden al <strong>dinamismo<\/strong>, con la inclusi\u00f3n de colores vivos y sensaci\u00f3n de movimiento en la distribuci\u00f3n de los elementos que aparecen en liza.<\/p>\n<p>La marca Best&#8217;15 va acompa\u00f1ada de un s\u00edmbolo que supone un <strong>juego visual<\/strong>, pues la curva es fiel resultado de la fisionom\u00eda de la pala en su parte alta, instaurando una alegor\u00eda de la movilidad propiciada por los deportistas.<\/p>\n<p>A su vez, la figura central es capital para reforzar el recuerdo de la marca, que adquiere <strong>entidad propia<\/strong>.<\/p>\n<p>Se trata de una <strong>moderna y renovada imagen<\/strong> que a partir de ahora ser\u00e1 utilizada para las sucesivas ediciones de un evento en el que, a trav\u00e9s de m\u00e1s de una veintena de premios diferenciados, se rinde homenaje a los mejores jugadores, jueces-\u00e1rbitro y t\u00e9cnicos, as\u00ed como a empresas e instituciones que fomentan esta pr\u00e1ctica deportiva.<\/p>\n<p>La cita del pr\u00f3ximo d\u00eda 13 de febrero contar\u00e1, adem\u00e1s, con un c\u00f3ctel de despedida para todos los asistentes al evento.<\/p>\n","protected":false},"excerpt":{"rendered":"<p>Acaba de nacer y ya est\u00e1 dando sus primeros pasos. Hablamos de Best\u201915, la imagen que desde esta casa hemos dise\u00f1ado para la Gala de Premios Extreme\u00f1os de P\u00e1del, que tendr\u00e1 lugar el pr\u00f3ximo d\u00eda 13 de febrero en los salones del complejo Aralia, en la capital cacere\u00f1a. Se trata de un evento organizado por la Federaci\u00f3n Extreme\u00f1a de P\u00e1del,&#8230;<\/p>\n","protected":false},"author":1,"featured_media":18703,"comment_status":"open","ping_status":"open","sticky":false,"template":"","format":"standard","meta":{"footnotes":""},"categories":[319,10],"tags":[1053,1054],"class_list":["post-18698","post","type-post","status-publish","format-standard","has-post-thumbnail","hentry","category-cosecha-propia","category-noticias","tag-best15","tag-padel","has_thumb"],"yoast_head":"<!-- This site is optimized with the Yoast SEO plugin v26.9 - https:\/\/yoast.com\/product\/yoast-seo-wordpress\/ -->\n<title>Best&#039;15 para los Premios Extreme\u00f1os de P\u00e1del - creaerte.com<\/title>\n<meta name=\"robots\" content=\"index, follow, max-snippet:-1, max-image-preview:large, max-video-preview:-1\" \/>\n<link rel=\"canonical\" href=\"https:\/\/www.creaerte.com\/live\/best15-para-los-premios-extremenos-de-padel\/\" \/>\n<meta property=\"og:locale\" content=\"es_ES\" \/>\n<meta property=\"og:type\" content=\"article\" \/>\n<meta property=\"og:title\" content=\"Best&#039;15 para los Premios Extreme\u00f1os de P\u00e1del - creaerte.com\" \/>\n<meta property=\"og:description\" content=\"Acaba de nacer y ya est\u00e1 dando sus primeros pasos. Hablamos de Best\u201915, la imagen que desde esta casa hemos dise\u00f1ado para la Gala de Premios Extreme\u00f1os de P\u00e1del, que tendr\u00e1 lugar el pr\u00f3ximo d\u00eda 13 de febrero en los salones del complejo Aralia, en la capital cacere\u00f1a. Se trata de un evento organizado por la Federaci\u00f3n Extreme\u00f1a de P\u00e1del,...\" \/>\n<meta property=\"og:url\" content=\"https:\/\/www.creaerte.com\/live\/best15-para-los-premios-extremenos-de-padel\/\" \/>\n<meta property=\"og:site_name\" content=\"creaerte.com\" \/>\n<meta property=\"article:publisher\" content=\"https:\/\/www.facebook.com\/creaerte\" \/>\n<meta property=\"article:published_time\" content=\"2016-01-27T16:04:48+00:00\" \/>\n<meta property=\"article:modified_time\" content=\"2016-01-27T16:19:50+00:00\" \/>\n<meta property=\"og:image\" content=\"https:\/\/www.creaerte.com\/live\/wp-content\/uploads\/2016\/01\/best15.jpg\" \/>\n\t<meta property=\"og:image:width\" content=\"817\" \/>\n\t<meta property=\"og:image:height\" content=\"468\" \/>\n\t<meta property=\"og:image:type\" content=\"image\/jpeg\" \/>\n<meta name=\"author\" content=\"admin\" \/>\n<meta name=\"twitter:card\" content=\"summary_large_image\" \/>\n<meta name=\"twitter:creator\" content=\"@Creaerte\" \/>\n<meta name=\"twitter:site\" content=\"@Creaerte\" \/>\n<meta name=\"twitter:label1\" content=\"Escrito por\" \/>\n\t<meta name=\"twitter:data1\" content=\"admin\" \/>\n\t<meta name=\"twitter:label2\" content=\"Tiempo de lectura\" \/>\n\t<meta name=\"twitter:data2\" content=\"1 minuto\" \/>\n<script type=\"application\/ld+json\" class=\"yoast-schema-graph\">{\"@context\":\"https:\/\/schema.org\",\"@graph\":[{\"@type\":\"Article\",\"@id\":\"https:\/\/www.creaerte.com\/live\/best15-para-los-premios-extremenos-de-padel\/#article\",\"isPartOf\":{\"@id\":\"https:\/\/www.creaerte.com\/live\/best15-para-los-premios-extremenos-de-padel\/\"},\"author\":{\"name\":\"admin\",\"@id\":\"https:\/\/www.creaerte.com\/live\/#\/schema\/person\/acc9e93c6216bce2d569b1f0a99607f6\"},\"headline\":\"Best&#8217;15 para los Premios Extreme\u00f1os de P\u00e1del\",\"datePublished\":\"2016-01-27T16:04:48+00:00\",\"dateModified\":\"2016-01-27T16:19:50+00:00\",\"mainEntityOfPage\":{\"@id\":\"https:\/\/www.creaerte.com\/live\/best15-para-los-premios-extremenos-de-padel\/\"},\"wordCount\":281,\"commentCount\":0,\"image\":{\"@id\":\"https:\/\/www.creaerte.com\/live\/best15-para-los-premios-extremenos-de-padel\/#primaryimage\"},\"thumbnailUrl\":\"https:\/\/www.creaerte.com\/live\/wp-content\/uploads\/2016\/01\/best15.jpg\",\"keywords\":[\"Best'15\",\"P\u00e1del\"],\"articleSection\":[\"Cosecha propia\",\"Noticias\"],\"inLanguage\":\"es\",\"potentialAction\":[{\"@type\":\"CommentAction\",\"name\":\"Comment\",\"target\":[\"https:\/\/www.creaerte.com\/live\/best15-para-los-premios-extremenos-de-padel\/#respond\"]}]},{\"@type\":\"WebPage\",\"@id\":\"https:\/\/www.creaerte.com\/live\/best15-para-los-premios-extremenos-de-padel\/\",\"url\":\"https:\/\/www.creaerte.com\/live\/best15-para-los-premios-extremenos-de-padel\/\",\"name\":\"Best'15 para los Premios Extreme\u00f1os de P\u00e1del - creaerte.com\",\"isPartOf\":{\"@id\":\"https:\/\/www.creaerte.com\/live\/#website\"},\"primaryImageOfPage\":{\"@id\":\"https:\/\/www.creaerte.com\/live\/best15-para-los-premios-extremenos-de-padel\/#primaryimage\"},\"image\":{\"@id\":\"https:\/\/www.creaerte.com\/live\/best15-para-los-premios-extremenos-de-padel\/#primaryimage\"},\"thumbnailUrl\":\"https:\/\/www.creaerte.com\/live\/wp-content\/uploads\/2016\/01\/best15.jpg\",\"datePublished\":\"2016-01-27T16:04:48+00:00\",\"dateModified\":\"2016-01-27T16:19:50+00:00\",\"author\":{\"@id\":\"https:\/\/www.creaerte.com\/live\/#\/schema\/person\/acc9e93c6216bce2d569b1f0a99607f6\"},\"inLanguage\":\"es\",\"potentialAction\":[{\"@type\":\"ReadAction\",\"target\":[\"https:\/\/www.creaerte.com\/live\/best15-para-los-premios-extremenos-de-padel\/\"]}]},{\"@type\":\"ImageObject\",\"inLanguage\":\"es\",\"@id\":\"https:\/\/www.creaerte.com\/live\/best15-para-los-premios-extremenos-de-padel\/#primaryimage\",\"url\":\"https:\/\/www.creaerte.com\/live\/wp-content\/uploads\/2016\/01\/best15.jpg\",\"contentUrl\":\"https:\/\/www.creaerte.com\/live\/wp-content\/uploads\/2016\/01\/best15.jpg\",\"width\":817,\"height\":468,\"caption\":\"Best15\"},{\"@type\":\"WebSite\",\"@id\":\"https:\/\/www.creaerte.com\/live\/#website\",\"url\":\"https:\/\/www.creaerte.com\/live\/\",\"name\":\"creaerte.com\",\"description\":\"Agencia de publicidad, comunicaci\u00f3n y marketing en C\u00e1ceres \u2022 Extremadura\",\"potentialAction\":[{\"@type\":\"SearchAction\",\"target\":{\"@type\":\"EntryPoint\",\"urlTemplate\":\"https:\/\/www.creaerte.com\/live\/?s={search_term_string}\"},\"query-input\":{\"@type\":\"PropertyValueSpecification\",\"valueRequired\":true,\"valueName\":\"search_term_string\"}}],\"inLanguage\":\"es\"},{\"@type\":\"Person\",\"@id\":\"https:\/\/www.creaerte.com\/live\/#\/schema\/person\/acc9e93c6216bce2d569b1f0a99607f6\",\"name\":\"admin\",\"image\":{\"@type\":\"ImageObject\",\"inLanguage\":\"es\",\"@id\":\"https:\/\/www.creaerte.com\/live\/#\/schema\/person\/image\/\",\"url\":\"https:\/\/secure.gravatar.com\/avatar\/736f9ff6dd176e443e4c9cf884b23352631c533b611f216dbc09fc84cda6e67c?s=96&d=mm&r=g\",\"contentUrl\":\"https:\/\/secure.gravatar.com\/avatar\/736f9ff6dd176e443e4c9cf884b23352631c533b611f216dbc09fc84cda6e67c?s=96&d=mm&r=g\",\"caption\":\"admin\"},\"url\":\"https:\/\/www.creaerte.com\/live\/author\/admin\/\"}]}<\/script>\n<!-- \/ Yoast SEO plugin. -->","yoast_head_json":{"title":"Best'15 para los Premios Extreme\u00f1os de P\u00e1del - creaerte.com","robots":{"index":"index","follow":"follow","max-snippet":"max-snippet:-1","max-image-preview":"max-image-preview:large","max-video-preview":"max-video-preview:-1"},"canonical":"https:\/\/www.creaerte.com\/live\/best15-para-los-premios-extremenos-de-padel\/","og_locale":"es_ES","og_type":"article","og_title":"Best'15 para los Premios Extreme\u00f1os de P\u00e1del - creaerte.com","og_description":"Acaba de nacer y ya est\u00e1 dando sus primeros pasos. Hablamos de Best\u201915, la imagen que desde esta casa hemos dise\u00f1ado para la Gala de Premios Extreme\u00f1os de P\u00e1del, que tendr\u00e1 lugar el pr\u00f3ximo d\u00eda 13 de febrero en los salones del complejo Aralia, en la capital cacere\u00f1a. Se trata de un evento organizado por la Federaci\u00f3n Extreme\u00f1a de P\u00e1del,...","og_url":"https:\/\/www.creaerte.com\/live\/best15-para-los-premios-extremenos-de-padel\/","og_site_name":"creaerte.com","article_publisher":"https:\/\/www.facebook.com\/creaerte","article_published_time":"2016-01-27T16:04:48+00:00","article_modified_time":"2016-01-27T16:19:50+00:00","og_image":[{"width":817,"height":468,"url":"https:\/\/www.creaerte.com\/live\/wp-content\/uploads\/2016\/01\/best15.jpg","type":"image\/jpeg"}],"author":"admin","twitter_card":"summary_large_image","twitter_creator":"@Creaerte","twitter_site":"@Creaerte","twitter_misc":{"Escrito por":"admin","Tiempo de lectura":"1 minuto"},"schema":{"@context":"https:\/\/schema.org","@graph":[{"@type":"Article","@id":"https:\/\/www.creaerte.com\/live\/best15-para-los-premios-extremenos-de-padel\/#article","isPartOf":{"@id":"https:\/\/www.creaerte.com\/live\/best15-para-los-premios-extremenos-de-padel\/"},"author":{"name":"admin","@id":"https:\/\/www.creaerte.com\/live\/#\/schema\/person\/acc9e93c6216bce2d569b1f0a99607f6"},"headline":"Best&#8217;15 para los Premios Extreme\u00f1os de P\u00e1del","datePublished":"2016-01-27T16:04:48+00:00","dateModified":"2016-01-27T16:19:50+00:00","mainEntityOfPage":{"@id":"https:\/\/www.creaerte.com\/live\/best15-para-los-premios-extremenos-de-padel\/"},"wordCount":281,"commentCount":0,"image":{"@id":"https:\/\/www.creaerte.com\/live\/best15-para-los-premios-extremenos-de-padel\/#primaryimage"},"thumbnailUrl":"https:\/\/www.creaerte.com\/live\/wp-content\/uploads\/2016\/01\/best15.jpg","keywords":["Best'15","P\u00e1del"],"articleSection":["Cosecha propia","Noticias"],"inLanguage":"es","potentialAction":[{"@type":"CommentAction","name":"Comment","target":["https:\/\/www.creaerte.com\/live\/best15-para-los-premios-extremenos-de-padel\/#respond"]}]},{"@type":"WebPage","@id":"https:\/\/www.creaerte.com\/live\/best15-para-los-premios-extremenos-de-padel\/","url":"https:\/\/www.creaerte.com\/live\/best15-para-los-premios-extremenos-de-padel\/","name":"Best'15 para los Premios Extreme\u00f1os de P\u00e1del - creaerte.com","isPartOf":{"@id":"https:\/\/www.creaerte.com\/live\/#website"},"primaryImageOfPage":{"@id":"https:\/\/www.creaerte.com\/live\/best15-para-los-premios-extremenos-de-padel\/#primaryimage"},"image":{"@id":"https:\/\/www.creaerte.com\/live\/best15-para-los-premios-extremenos-de-padel\/#primaryimage"},"thumbnailUrl":"https:\/\/www.creaerte.com\/live\/wp-content\/uploads\/2016\/01\/best15.jpg","datePublished":"2016-01-27T16:04:48+00:00","dateModified":"2016-01-27T16:19:50+00:00","author":{"@id":"https:\/\/www.creaerte.com\/live\/#\/schema\/person\/acc9e93c6216bce2d569b1f0a99607f6"},"inLanguage":"es","potentialAction":[{"@type":"ReadAction","target":["https:\/\/www.creaerte.com\/live\/best15-para-los-premios-extremenos-de-padel\/"]}]},{"@type":"ImageObject","inLanguage":"es","@id":"https:\/\/www.creaerte.com\/live\/best15-para-los-premios-extremenos-de-padel\/#primaryimage","url":"https:\/\/www.creaerte.com\/live\/wp-content\/uploads\/2016\/01\/best15.jpg","contentUrl":"https:\/\/www.creaerte.com\/live\/wp-content\/uploads\/2016\/01\/best15.jpg","width":817,"height":468,"caption":"Best15"},{"@type":"WebSite","@id":"https:\/\/www.creaerte.com\/live\/#website","url":"https:\/\/www.creaerte.com\/live\/","name":"creaerte.com","description":"Agencia de publicidad, comunicaci\u00f3n y marketing en C\u00e1ceres \u2022 Extremadura","potentialAction":[{"@type":"SearchAction","target":{"@type":"EntryPoint","urlTemplate":"https:\/\/www.creaerte.com\/live\/?s={search_term_string}"},"query-input":{"@type":"PropertyValueSpecification","valueRequired":true,"valueName":"search_term_string"}}],"inLanguage":"es"},{"@type":"Person","@id":"https:\/\/www.creaerte.com\/live\/#\/schema\/person\/acc9e93c6216bce2d569b1f0a99607f6","name":"admin","image":{"@type":"ImageObject","inLanguage":"es","@id":"https:\/\/www.creaerte.com\/live\/#\/schema\/person\/image\/","url":"https:\/\/secure.gravatar.com\/avatar\/736f9ff6dd176e443e4c9cf884b23352631c533b611f216dbc09fc84cda6e67c?s=96&d=mm&r=g","contentUrl":"https:\/\/secure.gravatar.com\/avatar\/736f9ff6dd176e443e4c9cf884b23352631c533b611f216dbc09fc84cda6e67c?s=96&d=mm&r=g","caption":"admin"},"url":"https:\/\/www.creaerte.com\/live\/author\/admin\/"}]}},"_links":{"self":[{"href":"https:\/\/www.creaerte.com\/live\/wp-json\/wp\/v2\/posts\/18698","targetHints":{"allow":["GET"]}}],"collection":[{"href":"https:\/\/www.creaerte.com\/live\/wp-json\/wp\/v2\/posts"}],"about":[{"href":"https:\/\/www.creaerte.com\/live\/wp-json\/wp\/v2\/types\/post"}],"author":[{"embeddable":true,"href":"https:\/\/www.creaerte.com\/live\/wp-json\/wp\/v2\/users\/1"}],"replies":[{"embeddable":true,"href":"https:\/\/www.creaerte.com\/live\/wp-json\/wp\/v2\/comments?post=18698"}],"version-history":[{"count":9,"href":"https:\/\/www.creaerte.com\/live\/wp-json\/wp\/v2\/posts\/18698\/revisions"}],"predecessor-version":[{"id":18711,"href":"https:\/\/www.creaerte.com\/live\/wp-json\/wp\/v2\/posts\/18698\/revisions\/18711"}],"wp:featuredmedia":[{"embeddable":true,"href":"https:\/\/www.creaerte.com\/live\/wp-json\/wp\/v2\/media\/18703"}],"wp:attachment":[{"href":"https:\/\/www.creaerte.com\/live\/wp-json\/wp\/v2\/media?parent=18698"}],"wp:term":[{"taxonomy":"category","embeddable":true,"href":"https:\/\/www.creaerte.com\/live\/wp-json\/wp\/v2\/categories?post=18698"},{"taxonomy":"post_tag","embeddable":true,"href":"https:\/\/www.creaerte.com\/live\/wp-json\/wp\/v2\/tags?post=18698"}],"curies":[{"name":"wp","href":"https:\/\/api.w.org\/{rel}","templated":true}]}}