{"id":1876,"date":"2011-06-07T08:56:04","date_gmt":"2011-06-07T07:56:04","guid":{"rendered":"http:\/\/creaerte.com\/live\/?p=1876"},"modified":"2011-06-10T12:05:41","modified_gmt":"2011-06-10T11:05:41","slug":"the-mac-el-graffiti-en-negativo","status":"publish","type":"post","link":"https:\/\/www.creaerte.com\/live\/the-mac-el-graffiti-en-negativo\/","title":{"rendered":"The Mac: El graffiti en negativo"},"content":{"rendered":"<p><a href=\"http:\/\/creaerte.com\/live\/wp-content\/uploads\/2011\/06\/3.jpg\"><\/a><a href=\"http:\/\/creaerte.com\/live\/wp-content\/uploads\/2011\/06\/31.jpg\"><\/a>El arte urbano est\u00e1 cargado de una y mil sorpresas, la \u00faltima que he descubierto, los graffitis en negativo de The Mac, un artista californiano que literalmente ha dibujado incre\u00edbles murales como si se tratara de negativos fotogr\u00e1ficos.<\/p>\n<p>Si tienes un Mac puedes comprobar los resultados pulsando CTRL+ALT+CMD+8, pero si no lo tienes, entonces utiliza Photoshop.<\/p>\n<p>The Mac es algo m\u00e1s que sus im\u00e1genes en negativo, desde que comenz\u00f3 a pintar graffiti a mediados de los a\u00f1os 90, sus murales se han convertido en puntos de referencia reconocido en ciudades de todo el mundo. El graffitero describe su propia obra como \u00abel resultado de una vida dedicada al arte\u00bb.<\/p>\n<p>Sus murales representan a gente com\u00fan y mujeres et\u00e9reas, combina t\u00e9cnicas y temas cl\u00e1sicos del arte con la inspiraci\u00f3n de la cultura mexicana y chicana del sudoeste, el arte pin-up, y la imaginer\u00eda religiosa.<\/p>\n<p style=\"text-align: center;\"><a href=\"http:\/\/creaerte.com\/live\/wp-content\/uploads\/2011\/06\/1.jpg\"><img fetchpriority=\"high\" decoding=\"async\" class=\"aligncenter size-full wp-image-1877\" title=\"The Mac. Negativo1\" src=\"http:\/\/creaerte.com\/live\/wp-content\/uploads\/2011\/06\/1.jpg\" alt=\"The Mac. Negativo1\" width=\"529\" height=\"415\" srcset=\"https:\/\/www.creaerte.com\/live\/wp-content\/uploads\/2011\/06\/1.jpg 529w, https:\/\/www.creaerte.com\/live\/wp-content\/uploads\/2011\/06\/1-384x301.jpg 384w\" sizes=\"(max-width: 529px) 100vw, 529px\" \/><\/a><a href=\"http:\/\/creaerte.com\/live\/wp-content\/uploads\/2011\/06\/2.jpg\"><\/a><\/p>\n<p style=\"text-align: center;\"><a href=\"http:\/\/creaerte.com\/live\/wp-content\/uploads\/2011\/06\/31.jpg\"><img decoding=\"async\" class=\"aligncenter\" style=\"display: block;\" title=\"The Mac. Negativo3\" src=\"http:\/\/creaerte.com\/live\/wp-content\/uploads\/2011\/06\/31.jpg\" alt=\"The Mac. Negativo3\" width=\"529\" \/><\/a><br \/>\n<a href=\"http:\/\/creaerte.com\/live\/wp-content\/uploads\/2011\/06\/2.jpg\"><img decoding=\"async\" class=\"aligncenter size-full wp-image-1878\" title=\"The Mac. Negativo2\" src=\"http:\/\/creaerte.com\/live\/wp-content\/uploads\/2011\/06\/2.jpg\" alt=\"The Mac. Negativo2\" width=\"529\" srcset=\"https:\/\/www.creaerte.com\/live\/wp-content\/uploads\/2011\/06\/2.jpg 1000w, https:\/\/www.creaerte.com\/live\/wp-content\/uploads\/2011\/06\/2-384x288.jpg 384w\" sizes=\"(max-width: 1000px) 100vw, 1000px\" \/><\/a><\/p>\n","protected":false},"excerpt":{"rendered":"<p>El arte urbano est\u00e1 cargado de una y mil sorpresas, la \u00faltima que he descubierto, los graffitis en negativo de The Mac, un artista californiano que literalmente ha dibujado incre\u00edbles murales como si se tratara de negativos fotogr\u00e1ficos. Si tienes un Mac puedes comprobar los resultados pulsando CTRL+ALT+CMD+8, pero si no lo tienes, entonces utiliza Photoshop. The Mac es algo&#8230;<\/p>\n","protected":false},"author":1,"featured_media":0,"comment_status":"open","ping_status":"open","sticky":false,"template":"","format":"standard","meta":{"footnotes":""},"categories":[10],"tags":[74,72,73],"class_list":["post-1876","post","type-post","status-publish","format-standard","hentry","category-noticias","tag-arte-urbano","tag-graffiti","tag-the-mac","has_thumb"],"yoast_head":"<!-- This site is optimized with the Yoast SEO plugin v26.9 - https:\/\/yoast.com\/product\/yoast-seo-wordpress\/ -->\n<title>The Mac: El graffiti en negativo - creaerte.com<\/title>\n<meta name=\"robots\" content=\"index, follow, max-snippet:-1, max-image-preview:large, max-video-preview:-1\" \/>\n<link rel=\"canonical\" href=\"https:\/\/www.creaerte.com\/live\/the-mac-el-graffiti-en-negativo\/\" \/>\n<meta property=\"og:locale\" content=\"es_ES\" \/>\n<meta property=\"og:type\" content=\"article\" \/>\n<meta property=\"og:title\" content=\"The Mac: El graffiti en negativo - creaerte.com\" \/>\n<meta property=\"og:description\" content=\"El arte urbano est\u00e1 cargado de una y mil sorpresas, la \u00faltima que he descubierto, los graffitis en negativo de The Mac, un artista californiano que literalmente ha dibujado incre\u00edbles murales como si se tratara de negativos fotogr\u00e1ficos. Si tienes un Mac puedes comprobar los resultados pulsando CTRL+ALT+CMD+8, pero si no lo tienes, entonces utiliza Photoshop. The Mac es algo...\" \/>\n<meta property=\"og:url\" content=\"https:\/\/www.creaerte.com\/live\/the-mac-el-graffiti-en-negativo\/\" \/>\n<meta property=\"og:site_name\" content=\"creaerte.com\" \/>\n<meta property=\"article:publisher\" content=\"https:\/\/www.facebook.com\/creaerte\" \/>\n<meta property=\"article:published_time\" content=\"2011-06-07T07:56:04+00:00\" \/>\n<meta property=\"article:modified_time\" content=\"2011-06-10T11:05:41+00:00\" \/>\n<meta property=\"og:image\" content=\"https:\/\/www.creaerte.com\/live\/wp-content\/uploads\/2011\/06\/1.jpg\" \/>\n\t<meta property=\"og:image:width\" content=\"529\" \/>\n\t<meta property=\"og:image:height\" content=\"415\" \/>\n\t<meta property=\"og:image:type\" content=\"image\/jpeg\" \/>\n<meta name=\"author\" content=\"admin\" \/>\n<meta name=\"twitter:card\" content=\"summary_large_image\" \/>\n<meta name=\"twitter:creator\" content=\"@Creaerte\" \/>\n<meta name=\"twitter:site\" content=\"@Creaerte\" \/>\n<meta name=\"twitter:label1\" content=\"Escrito por\" \/>\n\t<meta name=\"twitter:data1\" content=\"admin\" \/>\n\t<meta name=\"twitter:label2\" content=\"Tiempo de lectura\" \/>\n\t<meta name=\"twitter:data2\" content=\"1 minuto\" \/>\n<script type=\"application\/ld+json\" class=\"yoast-schema-graph\">{\"@context\":\"https:\/\/schema.org\",\"@graph\":[{\"@type\":\"Article\",\"@id\":\"https:\/\/www.creaerte.com\/live\/the-mac-el-graffiti-en-negativo\/#article\",\"isPartOf\":{\"@id\":\"https:\/\/www.creaerte.com\/live\/the-mac-el-graffiti-en-negativo\/\"},\"author\":{\"name\":\"admin\",\"@id\":\"https:\/\/www.creaerte.com\/live\/#\/schema\/person\/acc9e93c6216bce2d569b1f0a99607f6\"},\"headline\":\"The Mac: El graffiti en negativo\",\"datePublished\":\"2011-06-07T07:56:04+00:00\",\"dateModified\":\"2011-06-10T11:05:41+00:00\",\"mainEntityOfPage\":{\"@id\":\"https:\/\/www.creaerte.com\/live\/the-mac-el-graffiti-en-negativo\/\"},\"wordCount\":161,\"commentCount\":0,\"image\":{\"@id\":\"https:\/\/www.creaerte.com\/live\/the-mac-el-graffiti-en-negativo\/#primaryimage\"},\"thumbnailUrl\":\"http:\/\/creaerte.com\/live\/wp-content\/uploads\/2011\/06\/1.jpg\",\"keywords\":[\"Arte urbano\",\"graffiti\",\"The Mac\"],\"articleSection\":[\"Noticias\"],\"inLanguage\":\"es\",\"potentialAction\":[{\"@type\":\"CommentAction\",\"name\":\"Comment\",\"target\":[\"https:\/\/www.creaerte.com\/live\/the-mac-el-graffiti-en-negativo\/#respond\"]}]},{\"@type\":\"WebPage\",\"@id\":\"https:\/\/www.creaerte.com\/live\/the-mac-el-graffiti-en-negativo\/\",\"url\":\"https:\/\/www.creaerte.com\/live\/the-mac-el-graffiti-en-negativo\/\",\"name\":\"The Mac: El graffiti en negativo - creaerte.com\",\"isPartOf\":{\"@id\":\"https:\/\/www.creaerte.com\/live\/#website\"},\"primaryImageOfPage\":{\"@id\":\"https:\/\/www.creaerte.com\/live\/the-mac-el-graffiti-en-negativo\/#primaryimage\"},\"image\":{\"@id\":\"https:\/\/www.creaerte.com\/live\/the-mac-el-graffiti-en-negativo\/#primaryimage\"},\"thumbnailUrl\":\"http:\/\/creaerte.com\/live\/wp-content\/uploads\/2011\/06\/1.jpg\",\"datePublished\":\"2011-06-07T07:56:04+00:00\",\"dateModified\":\"2011-06-10T11:05:41+00:00\",\"author\":{\"@id\":\"https:\/\/www.creaerte.com\/live\/#\/schema\/person\/acc9e93c6216bce2d569b1f0a99607f6\"},\"inLanguage\":\"es\",\"potentialAction\":[{\"@type\":\"ReadAction\",\"target\":[\"https:\/\/www.creaerte.com\/live\/the-mac-el-graffiti-en-negativo\/\"]}]},{\"@type\":\"ImageObject\",\"inLanguage\":\"es\",\"@id\":\"https:\/\/www.creaerte.com\/live\/the-mac-el-graffiti-en-negativo\/#primaryimage\",\"url\":\"http:\/\/creaerte.com\/live\/wp-content\/uploads\/2011\/06\/1.jpg\",\"contentUrl\":\"http:\/\/creaerte.com\/live\/wp-content\/uploads\/2011\/06\/1.jpg\"},{\"@type\":\"WebSite\",\"@id\":\"https:\/\/www.creaerte.com\/live\/#website\",\"url\":\"https:\/\/www.creaerte.com\/live\/\",\"name\":\"creaerte.com\",\"description\":\"Agencia de publicidad, comunicaci\u00f3n y marketing en C\u00e1ceres \u2022 Extremadura\",\"potentialAction\":[{\"@type\":\"SearchAction\",\"target\":{\"@type\":\"EntryPoint\",\"urlTemplate\":\"https:\/\/www.creaerte.com\/live\/?s={search_term_string}\"},\"query-input\":{\"@type\":\"PropertyValueSpecification\",\"valueRequired\":true,\"valueName\":\"search_term_string\"}}],\"inLanguage\":\"es\"},{\"@type\":\"Person\",\"@id\":\"https:\/\/www.creaerte.com\/live\/#\/schema\/person\/acc9e93c6216bce2d569b1f0a99607f6\",\"name\":\"admin\",\"image\":{\"@type\":\"ImageObject\",\"inLanguage\":\"es\",\"@id\":\"https:\/\/www.creaerte.com\/live\/#\/schema\/person\/image\/\",\"url\":\"https:\/\/secure.gravatar.com\/avatar\/736f9ff6dd176e443e4c9cf884b23352631c533b611f216dbc09fc84cda6e67c?s=96&d=mm&r=g\",\"contentUrl\":\"https:\/\/secure.gravatar.com\/avatar\/736f9ff6dd176e443e4c9cf884b23352631c533b611f216dbc09fc84cda6e67c?s=96&d=mm&r=g\",\"caption\":\"admin\"},\"url\":\"https:\/\/www.creaerte.com\/live\/author\/admin\/\"}]}<\/script>\n<!-- \/ Yoast SEO plugin. -->","yoast_head_json":{"title":"The Mac: El graffiti en negativo - creaerte.com","robots":{"index":"index","follow":"follow","max-snippet":"max-snippet:-1","max-image-preview":"max-image-preview:large","max-video-preview":"max-video-preview:-1"},"canonical":"https:\/\/www.creaerte.com\/live\/the-mac-el-graffiti-en-negativo\/","og_locale":"es_ES","og_type":"article","og_title":"The Mac: El graffiti en negativo - creaerte.com","og_description":"El arte urbano est\u00e1 cargado de una y mil sorpresas, la \u00faltima que he descubierto, los graffitis en negativo de The Mac, un artista californiano que literalmente ha dibujado incre\u00edbles murales como si se tratara de negativos fotogr\u00e1ficos. Si tienes un Mac puedes comprobar los resultados pulsando CTRL+ALT+CMD+8, pero si no lo tienes, entonces utiliza Photoshop. The Mac es algo...","og_url":"https:\/\/www.creaerte.com\/live\/the-mac-el-graffiti-en-negativo\/","og_site_name":"creaerte.com","article_publisher":"https:\/\/www.facebook.com\/creaerte","article_published_time":"2011-06-07T07:56:04+00:00","article_modified_time":"2011-06-10T11:05:41+00:00","og_image":[{"width":529,"height":415,"url":"https:\/\/www.creaerte.com\/live\/wp-content\/uploads\/2011\/06\/1.jpg","type":"image\/jpeg"}],"author":"admin","twitter_card":"summary_large_image","twitter_creator":"@Creaerte","twitter_site":"@Creaerte","twitter_misc":{"Escrito por":"admin","Tiempo de lectura":"1 minuto"},"schema":{"@context":"https:\/\/schema.org","@graph":[{"@type":"Article","@id":"https:\/\/www.creaerte.com\/live\/the-mac-el-graffiti-en-negativo\/#article","isPartOf":{"@id":"https:\/\/www.creaerte.com\/live\/the-mac-el-graffiti-en-negativo\/"},"author":{"name":"admin","@id":"https:\/\/www.creaerte.com\/live\/#\/schema\/person\/acc9e93c6216bce2d569b1f0a99607f6"},"headline":"The Mac: El graffiti en negativo","datePublished":"2011-06-07T07:56:04+00:00","dateModified":"2011-06-10T11:05:41+00:00","mainEntityOfPage":{"@id":"https:\/\/www.creaerte.com\/live\/the-mac-el-graffiti-en-negativo\/"},"wordCount":161,"commentCount":0,"image":{"@id":"https:\/\/www.creaerte.com\/live\/the-mac-el-graffiti-en-negativo\/#primaryimage"},"thumbnailUrl":"http:\/\/creaerte.com\/live\/wp-content\/uploads\/2011\/06\/1.jpg","keywords":["Arte urbano","graffiti","The Mac"],"articleSection":["Noticias"],"inLanguage":"es","potentialAction":[{"@type":"CommentAction","name":"Comment","target":["https:\/\/www.creaerte.com\/live\/the-mac-el-graffiti-en-negativo\/#respond"]}]},{"@type":"WebPage","@id":"https:\/\/www.creaerte.com\/live\/the-mac-el-graffiti-en-negativo\/","url":"https:\/\/www.creaerte.com\/live\/the-mac-el-graffiti-en-negativo\/","name":"The Mac: El graffiti en negativo - creaerte.com","isPartOf":{"@id":"https:\/\/www.creaerte.com\/live\/#website"},"primaryImageOfPage":{"@id":"https:\/\/www.creaerte.com\/live\/the-mac-el-graffiti-en-negativo\/#primaryimage"},"image":{"@id":"https:\/\/www.creaerte.com\/live\/the-mac-el-graffiti-en-negativo\/#primaryimage"},"thumbnailUrl":"http:\/\/creaerte.com\/live\/wp-content\/uploads\/2011\/06\/1.jpg","datePublished":"2011-06-07T07:56:04+00:00","dateModified":"2011-06-10T11:05:41+00:00","author":{"@id":"https:\/\/www.creaerte.com\/live\/#\/schema\/person\/acc9e93c6216bce2d569b1f0a99607f6"},"inLanguage":"es","potentialAction":[{"@type":"ReadAction","target":["https:\/\/www.creaerte.com\/live\/the-mac-el-graffiti-en-negativo\/"]}]},{"@type":"ImageObject","inLanguage":"es","@id":"https:\/\/www.creaerte.com\/live\/the-mac-el-graffiti-en-negativo\/#primaryimage","url":"http:\/\/creaerte.com\/live\/wp-content\/uploads\/2011\/06\/1.jpg","contentUrl":"http:\/\/creaerte.com\/live\/wp-content\/uploads\/2011\/06\/1.jpg"},{"@type":"WebSite","@id":"https:\/\/www.creaerte.com\/live\/#website","url":"https:\/\/www.creaerte.com\/live\/","name":"creaerte.com","description":"Agencia de publicidad, comunicaci\u00f3n y marketing en C\u00e1ceres \u2022 Extremadura","potentialAction":[{"@type":"SearchAction","target":{"@type":"EntryPoint","urlTemplate":"https:\/\/www.creaerte.com\/live\/?s={search_term_string}"},"query-input":{"@type":"PropertyValueSpecification","valueRequired":true,"valueName":"search_term_string"}}],"inLanguage":"es"},{"@type":"Person","@id":"https:\/\/www.creaerte.com\/live\/#\/schema\/person\/acc9e93c6216bce2d569b1f0a99607f6","name":"admin","image":{"@type":"ImageObject","inLanguage":"es","@id":"https:\/\/www.creaerte.com\/live\/#\/schema\/person\/image\/","url":"https:\/\/secure.gravatar.com\/avatar\/736f9ff6dd176e443e4c9cf884b23352631c533b611f216dbc09fc84cda6e67c?s=96&d=mm&r=g","contentUrl":"https:\/\/secure.gravatar.com\/avatar\/736f9ff6dd176e443e4c9cf884b23352631c533b611f216dbc09fc84cda6e67c?s=96&d=mm&r=g","caption":"admin"},"url":"https:\/\/www.creaerte.com\/live\/author\/admin\/"}]}},"_links":{"self":[{"href":"https:\/\/www.creaerte.com\/live\/wp-json\/wp\/v2\/posts\/1876","targetHints":{"allow":["GET"]}}],"collection":[{"href":"https:\/\/www.creaerte.com\/live\/wp-json\/wp\/v2\/posts"}],"about":[{"href":"https:\/\/www.creaerte.com\/live\/wp-json\/wp\/v2\/types\/post"}],"author":[{"embeddable":true,"href":"https:\/\/www.creaerte.com\/live\/wp-json\/wp\/v2\/users\/1"}],"replies":[{"embeddable":true,"href":"https:\/\/www.creaerte.com\/live\/wp-json\/wp\/v2\/comments?post=1876"}],"version-history":[{"count":0,"href":"https:\/\/www.creaerte.com\/live\/wp-json\/wp\/v2\/posts\/1876\/revisions"}],"wp:attachment":[{"href":"https:\/\/www.creaerte.com\/live\/wp-json\/wp\/v2\/media?parent=1876"}],"wp:term":[{"taxonomy":"category","embeddable":true,"href":"https:\/\/www.creaerte.com\/live\/wp-json\/wp\/v2\/categories?post=1876"},{"taxonomy":"post_tag","embeddable":true,"href":"https:\/\/www.creaerte.com\/live\/wp-json\/wp\/v2\/tags?post=1876"}],"curies":[{"name":"wp","href":"https:\/\/api.w.org\/{rel}","templated":true}]}}