{"id":1920,"date":"2011-06-10T09:24:09","date_gmt":"2011-06-10T08:24:09","guid":{"rendered":"http:\/\/creaerte.com\/live\/?p=1920"},"modified":"2013-07-04T11:36:46","modified_gmt":"2013-07-04T10:36:46","slug":"fronteras-del-espacio-ultimas-imagenes-del-iss-y-el-endeavour","status":"publish","type":"post","link":"https:\/\/www.creaerte.com\/live\/fronteras-del-espacio-ultimas-imagenes-del-iss-y-el-endeavour\/","title":{"rendered":"Fronteras del espacio: \u00daltimas im\u00e1genes del ISS y el Endeavour"},"content":{"rendered":"<p style=\"text-align: left; \"><a href=\"http:\/\/creaerte.com\/live\/wp-content\/uploads\/2011\/06\/557251main_iss027e036627_full.jpg\"><\/a>Una estampa para la memoria que no se repetir\u00e1 jam\u00e1s, la imagen del transbordador Endeavour, la nave tripulada m\u00e1s grande del mundo, acoplado a la estaci\u00f3n espacial ISS, la mayor estructura espacial creada por el hombre.<\/p>\n<p>Para tomar las fotograf\u00edas una nave Soyuz se separ\u00f3 de la ISS hasta alcanzar una distancia de 180 metros coincidiendo con la salida del Sol. Lo l\u00f3gico hubiese sido que la Soyuz realizase una maniobra de giro alrededor de la estaci\u00f3n para fotografiarla, pero por cuestiones t\u00e9cnicas se tom\u00f3 la decisi\u00f3n de girar toda la ISS con el Endeavour acoplado.<\/p>\n<p>El encargado de fotografiar el momento fue el astronauta Paolo Nespoli, la sesi\u00f3n finaliz\u00f3 cuando la ISS y la Soyuz se internaron en la sombra de la Tierra. Sin embargo, esta no ha sido la primera vez que se fotograf\u00eda a un transbordador acoplado a la ISS, el 4 de julio de 1995, los cosmonautas Anatoli Solovyov y Nikol\u00e1i Budarin, inmortalizaron al transbordador Atlantis acoplado con la estaci\u00f3n Mir durante la misi\u00f3n STS-71.<\/p>\n<p style=\"text-align: center; \"><a href=\"http:\/\/creaerte.com\/live\/wp-content\/uploads\/2011\/06\/557251main_iss027e036627_full1.jpg\"><\/a><a href=\"http:\/\/creaerte.com\/live\/wp-content\/uploads\/2011\/06\/557477main_iss027e036657_full.jpg\"><\/a><\/p>\n<p><a href=\"http:\/\/creaerte.com\/live\/wp-content\/uploads\/2011\/06\/557477main_iss027e036657_full.jpg\"> <\/a><\/p>\n<p style=\"text-align: center; \"><a href=\"http:\/\/creaerte.com\/live\/wp-content\/uploads\/2011\/06\/557477main_iss027e036657_full.jpg\"><\/a><a href=\"http:\/\/creaerte.com\/live\/wp-content\/uploads\/2011\/06\/557489main_iss027e036700_full.jpg\"><\/a><a href=\"http:\/\/creaerte.com\/live\/wp-content\/uploads\/2011\/06\/557861main_iss027e036706_full.jpg\"><\/a><a href=\"http:\/\/creaerte.com\/live\/wp-content\/uploads\/2011\/06\/557677main_iss027e036801_full.jpg\"><img fetchpriority=\"high\" decoding=\"async\" style=\"display: block; margin-left: auto; margin-right: auto; border: 0px initial initial;\" title=\"557677main_iss027e036801_full\" src=\"http:\/\/creaerte.com\/live\/wp-content\/uploads\/2011\/06\/557677main_iss027e036801_full.jpg\" alt=\"557677main_iss027e036801_full\" width=\"600\" height=\"900\" \/><\/a><a href=\"http:\/\/creaerte.com\/live\/wp-content\/uploads\/2011\/06\/557701main_iss027e036816_full.jpg\"><\/a><br \/>\n<a href=\"http:\/\/creaerte.com\/live\/wp-content\/uploads\/2011\/06\/557665main_iss027e036793_full.jpg\"><img decoding=\"async\" class=\"aligncenter size-full wp-image-1934\" title=\"557665main_iss027e036793_full\" src=\"http:\/\/creaerte.com\/live\/wp-content\/uploads\/2011\/06\/557665main_iss027e036793_full.jpg\" alt=\"557665main_iss027e036793_full\" width=\"600\" height=\"400\" srcset=\"https:\/\/www.creaerte.com\/live\/wp-content\/uploads\/2011\/06\/557665main_iss027e036793_full.jpg 600w, https:\/\/www.creaerte.com\/live\/wp-content\/uploads\/2011\/06\/557665main_iss027e036793_full-384x256.jpg 384w\" sizes=\"(max-width: 600px) 100vw, 600px\" \/><\/a><\/p>\n","protected":false},"excerpt":{"rendered":"<p>Una estampa para la memoria que no se repetir\u00e1 jam\u00e1s, la imagen del transbordador Endeavour, la nave tripulada m\u00e1s grande del mundo, acoplado a la estaci\u00f3n espacial ISS, la mayor estructura espacial creada por el hombre. Para tomar las fotograf\u00edas una nave Soyuz se separ\u00f3 de la ISS hasta alcanzar una distancia de 180 metros coincidiendo con la salida del&#8230;<\/p>\n","protected":false},"author":1,"featured_media":0,"comment_status":"open","ping_status":"open","sticky":false,"template":"","format":"standard","meta":{"footnotes":""},"categories":[10],"tags":[71,69,19,70],"class_list":["post-1920","post","type-post","status-publish","format-standard","hentry","category-noticias","tag-endeavour","tag-espacio","tag-fotografia","tag-iss","has_thumb"],"yoast_head":"<!-- This site is optimized with the Yoast SEO plugin v26.9 - https:\/\/yoast.com\/product\/yoast-seo-wordpress\/ -->\n<title>Fronteras del espacio: \u00daltimas im\u00e1genes del ISS y el Endeavour - creaerte.com<\/title>\n<meta name=\"robots\" content=\"index, follow, max-snippet:-1, max-image-preview:large, max-video-preview:-1\" \/>\n<link rel=\"canonical\" href=\"https:\/\/www.creaerte.com\/live\/fronteras-del-espacio-ultimas-imagenes-del-iss-y-el-endeavour\/\" \/>\n<meta property=\"og:locale\" content=\"es_ES\" \/>\n<meta property=\"og:type\" content=\"article\" \/>\n<meta property=\"og:title\" content=\"Fronteras del espacio: \u00daltimas im\u00e1genes del ISS y el Endeavour - creaerte.com\" \/>\n<meta property=\"og:description\" content=\"Una estampa para la memoria que no se repetir\u00e1 jam\u00e1s, la imagen del transbordador Endeavour, la nave tripulada m\u00e1s grande del mundo, acoplado a la estaci\u00f3n espacial ISS, la mayor estructura espacial creada por el hombre. Para tomar las fotograf\u00edas una nave Soyuz se separ\u00f3 de la ISS hasta alcanzar una distancia de 180 metros coincidiendo con la salida del...\" \/>\n<meta property=\"og:url\" content=\"https:\/\/www.creaerte.com\/live\/fronteras-del-espacio-ultimas-imagenes-del-iss-y-el-endeavour\/\" \/>\n<meta property=\"og:site_name\" content=\"creaerte.com\" \/>\n<meta property=\"article:publisher\" content=\"https:\/\/www.facebook.com\/creaerte\" \/>\n<meta property=\"article:published_time\" content=\"2011-06-10T08:24:09+00:00\" \/>\n<meta property=\"article:modified_time\" content=\"2013-07-04T10:36:46+00:00\" \/>\n<meta property=\"og:image\" content=\"http:\/\/creaerte.com\/live\/wp-content\/uploads\/2011\/06\/557677main_iss027e036801_full.jpg\" \/>\n<meta name=\"author\" content=\"admin\" \/>\n<meta name=\"twitter:card\" content=\"summary_large_image\" \/>\n<meta name=\"twitter:creator\" content=\"@Creaerte\" \/>\n<meta name=\"twitter:site\" content=\"@Creaerte\" \/>\n<meta name=\"twitter:label1\" content=\"Escrito por\" \/>\n\t<meta name=\"twitter:data1\" content=\"admin\" \/>\n\t<meta name=\"twitter:label2\" content=\"Tiempo de lectura\" \/>\n\t<meta name=\"twitter:data2\" content=\"1 minuto\" \/>\n<script type=\"application\/ld+json\" class=\"yoast-schema-graph\">{\"@context\":\"https:\/\/schema.org\",\"@graph\":[{\"@type\":\"Article\",\"@id\":\"https:\/\/www.creaerte.com\/live\/fronteras-del-espacio-ultimas-imagenes-del-iss-y-el-endeavour\/#article\",\"isPartOf\":{\"@id\":\"https:\/\/www.creaerte.com\/live\/fronteras-del-espacio-ultimas-imagenes-del-iss-y-el-endeavour\/\"},\"author\":{\"name\":\"admin\",\"@id\":\"https:\/\/www.creaerte.com\/live\/#\/schema\/person\/acc9e93c6216bce2d569b1f0a99607f6\"},\"headline\":\"Fronteras del espacio: \u00daltimas im\u00e1genes del ISS y el Endeavour\",\"datePublished\":\"2011-06-10T08:24:09+00:00\",\"dateModified\":\"2013-07-04T10:36:46+00:00\",\"mainEntityOfPage\":{\"@id\":\"https:\/\/www.creaerte.com\/live\/fronteras-del-espacio-ultimas-imagenes-del-iss-y-el-endeavour\/\"},\"wordCount\":190,\"commentCount\":0,\"image\":{\"@id\":\"https:\/\/www.creaerte.com\/live\/fronteras-del-espacio-ultimas-imagenes-del-iss-y-el-endeavour\/#primaryimage\"},\"thumbnailUrl\":\"http:\/\/creaerte.com\/live\/wp-content\/uploads\/2011\/06\/557677main_iss027e036801_full.jpg\",\"keywords\":[\"Endeavour\",\"espacio\",\"fotograf\u00eda\",\"ISS\"],\"articleSection\":[\"Noticias\"],\"inLanguage\":\"es\",\"potentialAction\":[{\"@type\":\"CommentAction\",\"name\":\"Comment\",\"target\":[\"https:\/\/www.creaerte.com\/live\/fronteras-del-espacio-ultimas-imagenes-del-iss-y-el-endeavour\/#respond\"]}]},{\"@type\":\"WebPage\",\"@id\":\"https:\/\/www.creaerte.com\/live\/fronteras-del-espacio-ultimas-imagenes-del-iss-y-el-endeavour\/\",\"url\":\"https:\/\/www.creaerte.com\/live\/fronteras-del-espacio-ultimas-imagenes-del-iss-y-el-endeavour\/\",\"name\":\"Fronteras del espacio: \u00daltimas im\u00e1genes del ISS y el Endeavour - creaerte.com\",\"isPartOf\":{\"@id\":\"https:\/\/www.creaerte.com\/live\/#website\"},\"primaryImageOfPage\":{\"@id\":\"https:\/\/www.creaerte.com\/live\/fronteras-del-espacio-ultimas-imagenes-del-iss-y-el-endeavour\/#primaryimage\"},\"image\":{\"@id\":\"https:\/\/www.creaerte.com\/live\/fronteras-del-espacio-ultimas-imagenes-del-iss-y-el-endeavour\/#primaryimage\"},\"thumbnailUrl\":\"http:\/\/creaerte.com\/live\/wp-content\/uploads\/2011\/06\/557677main_iss027e036801_full.jpg\",\"datePublished\":\"2011-06-10T08:24:09+00:00\",\"dateModified\":\"2013-07-04T10:36:46+00:00\",\"author\":{\"@id\":\"https:\/\/www.creaerte.com\/live\/#\/schema\/person\/acc9e93c6216bce2d569b1f0a99607f6\"},\"inLanguage\":\"es\",\"potentialAction\":[{\"@type\":\"ReadAction\",\"target\":[\"https:\/\/www.creaerte.com\/live\/fronteras-del-espacio-ultimas-imagenes-del-iss-y-el-endeavour\/\"]}]},{\"@type\":\"ImageObject\",\"inLanguage\":\"es\",\"@id\":\"https:\/\/www.creaerte.com\/live\/fronteras-del-espacio-ultimas-imagenes-del-iss-y-el-endeavour\/#primaryimage\",\"url\":\"http:\/\/creaerte.com\/live\/wp-content\/uploads\/2011\/06\/557677main_iss027e036801_full.jpg\",\"contentUrl\":\"http:\/\/creaerte.com\/live\/wp-content\/uploads\/2011\/06\/557677main_iss027e036801_full.jpg\"},{\"@type\":\"WebSite\",\"@id\":\"https:\/\/www.creaerte.com\/live\/#website\",\"url\":\"https:\/\/www.creaerte.com\/live\/\",\"name\":\"creaerte.com\",\"description\":\"Agencia de publicidad, comunicaci\u00f3n y marketing en C\u00e1ceres \u2022 Extremadura\",\"potentialAction\":[{\"@type\":\"SearchAction\",\"target\":{\"@type\":\"EntryPoint\",\"urlTemplate\":\"https:\/\/www.creaerte.com\/live\/?s={search_term_string}\"},\"query-input\":{\"@type\":\"PropertyValueSpecification\",\"valueRequired\":true,\"valueName\":\"search_term_string\"}}],\"inLanguage\":\"es\"},{\"@type\":\"Person\",\"@id\":\"https:\/\/www.creaerte.com\/live\/#\/schema\/person\/acc9e93c6216bce2d569b1f0a99607f6\",\"name\":\"admin\",\"image\":{\"@type\":\"ImageObject\",\"inLanguage\":\"es\",\"@id\":\"https:\/\/www.creaerte.com\/live\/#\/schema\/person\/image\/\",\"url\":\"https:\/\/secure.gravatar.com\/avatar\/736f9ff6dd176e443e4c9cf884b23352631c533b611f216dbc09fc84cda6e67c?s=96&d=mm&r=g\",\"contentUrl\":\"https:\/\/secure.gravatar.com\/avatar\/736f9ff6dd176e443e4c9cf884b23352631c533b611f216dbc09fc84cda6e67c?s=96&d=mm&r=g\",\"caption\":\"admin\"},\"url\":\"https:\/\/www.creaerte.com\/live\/author\/admin\/\"}]}<\/script>\n<!-- \/ Yoast SEO plugin. -->","yoast_head_json":{"title":"Fronteras del espacio: \u00daltimas im\u00e1genes del ISS y el Endeavour - creaerte.com","robots":{"index":"index","follow":"follow","max-snippet":"max-snippet:-1","max-image-preview":"max-image-preview:large","max-video-preview":"max-video-preview:-1"},"canonical":"https:\/\/www.creaerte.com\/live\/fronteras-del-espacio-ultimas-imagenes-del-iss-y-el-endeavour\/","og_locale":"es_ES","og_type":"article","og_title":"Fronteras del espacio: \u00daltimas im\u00e1genes del ISS y el Endeavour - creaerte.com","og_description":"Una estampa para la memoria que no se repetir\u00e1 jam\u00e1s, la imagen del transbordador Endeavour, la nave tripulada m\u00e1s grande del mundo, acoplado a la estaci\u00f3n espacial ISS, la mayor estructura espacial creada por el hombre. Para tomar las fotograf\u00edas una nave Soyuz se separ\u00f3 de la ISS hasta alcanzar una distancia de 180 metros coincidiendo con la salida del...","og_url":"https:\/\/www.creaerte.com\/live\/fronteras-del-espacio-ultimas-imagenes-del-iss-y-el-endeavour\/","og_site_name":"creaerte.com","article_publisher":"https:\/\/www.facebook.com\/creaerte","article_published_time":"2011-06-10T08:24:09+00:00","article_modified_time":"2013-07-04T10:36:46+00:00","og_image":[{"url":"http:\/\/creaerte.com\/live\/wp-content\/uploads\/2011\/06\/557677main_iss027e036801_full.jpg","type":"","width":"","height":""}],"author":"admin","twitter_card":"summary_large_image","twitter_creator":"@Creaerte","twitter_site":"@Creaerte","twitter_misc":{"Escrito por":"admin","Tiempo de lectura":"1 minuto"},"schema":{"@context":"https:\/\/schema.org","@graph":[{"@type":"Article","@id":"https:\/\/www.creaerte.com\/live\/fronteras-del-espacio-ultimas-imagenes-del-iss-y-el-endeavour\/#article","isPartOf":{"@id":"https:\/\/www.creaerte.com\/live\/fronteras-del-espacio-ultimas-imagenes-del-iss-y-el-endeavour\/"},"author":{"name":"admin","@id":"https:\/\/www.creaerte.com\/live\/#\/schema\/person\/acc9e93c6216bce2d569b1f0a99607f6"},"headline":"Fronteras del espacio: \u00daltimas im\u00e1genes del ISS y el Endeavour","datePublished":"2011-06-10T08:24:09+00:00","dateModified":"2013-07-04T10:36:46+00:00","mainEntityOfPage":{"@id":"https:\/\/www.creaerte.com\/live\/fronteras-del-espacio-ultimas-imagenes-del-iss-y-el-endeavour\/"},"wordCount":190,"commentCount":0,"image":{"@id":"https:\/\/www.creaerte.com\/live\/fronteras-del-espacio-ultimas-imagenes-del-iss-y-el-endeavour\/#primaryimage"},"thumbnailUrl":"http:\/\/creaerte.com\/live\/wp-content\/uploads\/2011\/06\/557677main_iss027e036801_full.jpg","keywords":["Endeavour","espacio","fotograf\u00eda","ISS"],"articleSection":["Noticias"],"inLanguage":"es","potentialAction":[{"@type":"CommentAction","name":"Comment","target":["https:\/\/www.creaerte.com\/live\/fronteras-del-espacio-ultimas-imagenes-del-iss-y-el-endeavour\/#respond"]}]},{"@type":"WebPage","@id":"https:\/\/www.creaerte.com\/live\/fronteras-del-espacio-ultimas-imagenes-del-iss-y-el-endeavour\/","url":"https:\/\/www.creaerte.com\/live\/fronteras-del-espacio-ultimas-imagenes-del-iss-y-el-endeavour\/","name":"Fronteras del espacio: \u00daltimas im\u00e1genes del ISS y el Endeavour - creaerte.com","isPartOf":{"@id":"https:\/\/www.creaerte.com\/live\/#website"},"primaryImageOfPage":{"@id":"https:\/\/www.creaerte.com\/live\/fronteras-del-espacio-ultimas-imagenes-del-iss-y-el-endeavour\/#primaryimage"},"image":{"@id":"https:\/\/www.creaerte.com\/live\/fronteras-del-espacio-ultimas-imagenes-del-iss-y-el-endeavour\/#primaryimage"},"thumbnailUrl":"http:\/\/creaerte.com\/live\/wp-content\/uploads\/2011\/06\/557677main_iss027e036801_full.jpg","datePublished":"2011-06-10T08:24:09+00:00","dateModified":"2013-07-04T10:36:46+00:00","author":{"@id":"https:\/\/www.creaerte.com\/live\/#\/schema\/person\/acc9e93c6216bce2d569b1f0a99607f6"},"inLanguage":"es","potentialAction":[{"@type":"ReadAction","target":["https:\/\/www.creaerte.com\/live\/fronteras-del-espacio-ultimas-imagenes-del-iss-y-el-endeavour\/"]}]},{"@type":"ImageObject","inLanguage":"es","@id":"https:\/\/www.creaerte.com\/live\/fronteras-del-espacio-ultimas-imagenes-del-iss-y-el-endeavour\/#primaryimage","url":"http:\/\/creaerte.com\/live\/wp-content\/uploads\/2011\/06\/557677main_iss027e036801_full.jpg","contentUrl":"http:\/\/creaerte.com\/live\/wp-content\/uploads\/2011\/06\/557677main_iss027e036801_full.jpg"},{"@type":"WebSite","@id":"https:\/\/www.creaerte.com\/live\/#website","url":"https:\/\/www.creaerte.com\/live\/","name":"creaerte.com","description":"Agencia de publicidad, comunicaci\u00f3n y marketing en C\u00e1ceres \u2022 Extremadura","potentialAction":[{"@type":"SearchAction","target":{"@type":"EntryPoint","urlTemplate":"https:\/\/www.creaerte.com\/live\/?s={search_term_string}"},"query-input":{"@type":"PropertyValueSpecification","valueRequired":true,"valueName":"search_term_string"}}],"inLanguage":"es"},{"@type":"Person","@id":"https:\/\/www.creaerte.com\/live\/#\/schema\/person\/acc9e93c6216bce2d569b1f0a99607f6","name":"admin","image":{"@type":"ImageObject","inLanguage":"es","@id":"https:\/\/www.creaerte.com\/live\/#\/schema\/person\/image\/","url":"https:\/\/secure.gravatar.com\/avatar\/736f9ff6dd176e443e4c9cf884b23352631c533b611f216dbc09fc84cda6e67c?s=96&d=mm&r=g","contentUrl":"https:\/\/secure.gravatar.com\/avatar\/736f9ff6dd176e443e4c9cf884b23352631c533b611f216dbc09fc84cda6e67c?s=96&d=mm&r=g","caption":"admin"},"url":"https:\/\/www.creaerte.com\/live\/author\/admin\/"}]}},"_links":{"self":[{"href":"https:\/\/www.creaerte.com\/live\/wp-json\/wp\/v2\/posts\/1920","targetHints":{"allow":["GET"]}}],"collection":[{"href":"https:\/\/www.creaerte.com\/live\/wp-json\/wp\/v2\/posts"}],"about":[{"href":"https:\/\/www.creaerte.com\/live\/wp-json\/wp\/v2\/types\/post"}],"author":[{"embeddable":true,"href":"https:\/\/www.creaerte.com\/live\/wp-json\/wp\/v2\/users\/1"}],"replies":[{"embeddable":true,"href":"https:\/\/www.creaerte.com\/live\/wp-json\/wp\/v2\/comments?post=1920"}],"version-history":[{"count":0,"href":"https:\/\/www.creaerte.com\/live\/wp-json\/wp\/v2\/posts\/1920\/revisions"}],"wp:attachment":[{"href":"https:\/\/www.creaerte.com\/live\/wp-json\/wp\/v2\/media?parent=1920"}],"wp:term":[{"taxonomy":"category","embeddable":true,"href":"https:\/\/www.creaerte.com\/live\/wp-json\/wp\/v2\/categories?post=1920"},{"taxonomy":"post_tag","embeddable":true,"href":"https:\/\/www.creaerte.com\/live\/wp-json\/wp\/v2\/tags?post=1920"}],"curies":[{"name":"wp","href":"https:\/\/api.w.org\/{rel}","templated":true}]}}