{"id":19860,"date":"2016-06-23T09:32:57","date_gmt":"2016-06-23T08:32:57","guid":{"rendered":"http:\/\/creaerte.com\/live\/?p=19860"},"modified":"2016-06-23T10:53:46","modified_gmt":"2016-06-23T09:53:46","slug":"spot-estrella-damm-2016","status":"publish","type":"post","link":"https:\/\/www.creaerte.com\/live\/spot-estrella-damm-2016\/","title":{"rendered":"No hay verano sin el spot de Estrella Damm"},"content":{"rendered":"<p>Esta misma semana hemos dado la bienvenida al verano. Llegado el momento, muchas firmas sacan su artiller\u00eda. Una de las m\u00e1s esperadas por esta \u00e9poca es <strong>Estrella Damm<\/strong>.<\/p>\n<p>Como viene siendo habitual desde hace alg\u00fan tiempo, la firma de cervezas vuelve a tirar la casa por la ventana. Si el a\u00f1o pasado la campa\u00f1a fue dirigida por <strong>Alejandro Amen\u00e1bar<\/strong>, en esta ocasi\u00f3n el encargado de colocarse tras las c\u00e1maras ha sido <strong>Alberto Rodr\u00edguez<\/strong>, director de la premiada pel\u00edcula &#8216;La Isla M\u00ednima&#8217;.<\/p>\n<p>Desde las semanas previas al estreno, las cadenas de televisi\u00f3n nos estuvieron bombardeando con el tr\u00e1iler de cortometraje que, finalmente, fue estrenado a principios de mes y que lleva por t\u00edtulo <strong>&#8216;Las peque\u00f1as cosas&#8217;<\/strong>. El elenco interpretativo est\u00e1 encabezado por el actor franc\u00e9s Jean Reno y una de las actrices espa\u00f1olas del momento, Laia Costa. Ambos protagonizan una divertida y tierna historia que, con el paso de los minutos, les lleva a alcanzar una conexi\u00f3n emocional. <\/p>\n<p>La creatividad es obra de <strong>Oriol Villar<\/strong> y el tema musical, llamado &#8216;Those Little Things&#8217;, corre a cargo de <strong>Ram\u00f3n Mirabet<\/strong>. Seguro que ya hab\u00e9is visto el tr\u00e1iler en todos lados, as\u00ed que nosotros os dejamos con el cortometraje completo para que lo disfrut\u00e9is tranquilamente.<\/p>\n<p><iframe width=\"654\" height=\"368\" src=\"https:\/\/www.youtube.com\/embed\/pwWLAC539dw\" frameborder=\"0\" allowfullscreen><\/iframe><\/p>\n","protected":false},"excerpt":{"rendered":"<p>Esta misma semana hemos dado la bienvenida al verano. Llegado el momento, muchas firmas sacan su artiller\u00eda. Una de las m\u00e1s esperadas por esta \u00e9poca es Estrella Damm. Como viene siendo habitual desde hace alg\u00fan tiempo, la firma de cervezas vuelve a tirar la casa por la ventana. Si el a\u00f1o pasado la campa\u00f1a fue dirigida por Alejandro Amen\u00e1bar, en&#8230;<\/p>\n","protected":false},"author":1,"featured_media":19861,"comment_status":"open","ping_status":"open","sticky":false,"template":"","format":"standard","meta":{"footnotes":""},"categories":[10,557],"tags":[947],"class_list":["post-19860","post","type-post","status-publish","format-standard","has-post-thumbnail","hentry","category-noticias","category-publicidad-2","tag-estrella-damm","has_thumb"],"yoast_head":"<!-- This site is optimized with the Yoast SEO plugin v26.9 - https:\/\/yoast.com\/product\/yoast-seo-wordpress\/ -->\n<title>No hay verano sin el spot de Estrella Damm - creaerte.com<\/title>\n<meta name=\"description\" content=\"Como cada a\u00f1o, la marca de cervezas Estrella Damm lanza su campa\u00f1a veraniega, que este a\u00f1o es un cortometraje titulado &#039;Las peque\u00f1as cosas&#039;.\" \/>\n<meta name=\"robots\" content=\"index, follow, max-snippet:-1, max-image-preview:large, max-video-preview:-1\" \/>\n<link rel=\"canonical\" href=\"https:\/\/www.creaerte.com\/live\/spot-estrella-damm-2016\/\" \/>\n<meta property=\"og:locale\" content=\"es_ES\" \/>\n<meta property=\"og:type\" content=\"article\" \/>\n<meta property=\"og:title\" content=\"No hay verano sin el spot de Estrella Damm - creaerte.com\" \/>\n<meta property=\"og:description\" content=\"Como cada a\u00f1o, la marca de cervezas Estrella Damm lanza su campa\u00f1a veraniega, que este a\u00f1o es un cortometraje titulado &#039;Las peque\u00f1as cosas&#039;.\" \/>\n<meta property=\"og:url\" content=\"https:\/\/www.creaerte.com\/live\/spot-estrella-damm-2016\/\" \/>\n<meta property=\"og:site_name\" content=\"creaerte.com\" \/>\n<meta property=\"article:publisher\" content=\"https:\/\/www.facebook.com\/creaerte\" \/>\n<meta property=\"article:published_time\" content=\"2016-06-23T08:32:57+00:00\" \/>\n<meta property=\"article:modified_time\" content=\"2016-06-23T09:53:46+00:00\" \/>\n<meta property=\"og:image\" content=\"https:\/\/www.creaerte.com\/live\/wp-content\/uploads\/2016\/06\/spot-estrella-damm.jpg\" \/>\n\t<meta property=\"og:image:width\" content=\"817\" \/>\n\t<meta property=\"og:image:height\" content=\"468\" \/>\n\t<meta property=\"og:image:type\" content=\"image\/jpeg\" \/>\n<meta name=\"author\" content=\"admin\" \/>\n<meta name=\"twitter:card\" content=\"summary_large_image\" \/>\n<meta name=\"twitter:creator\" content=\"@Creaerte\" \/>\n<meta name=\"twitter:site\" content=\"@Creaerte\" \/>\n<meta name=\"twitter:label1\" content=\"Escrito por\" \/>\n\t<meta name=\"twitter:data1\" content=\"admin\" \/>\n\t<meta name=\"twitter:label2\" content=\"Tiempo de lectura\" \/>\n\t<meta name=\"twitter:data2\" content=\"1 minuto\" \/>\n<script type=\"application\/ld+json\" class=\"yoast-schema-graph\">{\"@context\":\"https:\/\/schema.org\",\"@graph\":[{\"@type\":\"Article\",\"@id\":\"https:\/\/www.creaerte.com\/live\/spot-estrella-damm-2016\/#article\",\"isPartOf\":{\"@id\":\"https:\/\/www.creaerte.com\/live\/spot-estrella-damm-2016\/\"},\"author\":{\"name\":\"admin\",\"@id\":\"https:\/\/www.creaerte.com\/live\/#\/schema\/person\/acc9e93c6216bce2d569b1f0a99607f6\"},\"headline\":\"No hay verano sin el spot de Estrella Damm\",\"datePublished\":\"2016-06-23T08:32:57+00:00\",\"dateModified\":\"2016-06-23T09:53:46+00:00\",\"mainEntityOfPage\":{\"@id\":\"https:\/\/www.creaerte.com\/live\/spot-estrella-damm-2016\/\"},\"wordCount\":233,\"commentCount\":0,\"image\":{\"@id\":\"https:\/\/www.creaerte.com\/live\/spot-estrella-damm-2016\/#primaryimage\"},\"thumbnailUrl\":\"https:\/\/www.creaerte.com\/live\/wp-content\/uploads\/2016\/06\/spot-estrella-damm.jpg\",\"keywords\":[\"Estrella Damm\"],\"articleSection\":[\"Noticias\",\"Publicidad\"],\"inLanguage\":\"es\",\"potentialAction\":[{\"@type\":\"CommentAction\",\"name\":\"Comment\",\"target\":[\"https:\/\/www.creaerte.com\/live\/spot-estrella-damm-2016\/#respond\"]}]},{\"@type\":\"WebPage\",\"@id\":\"https:\/\/www.creaerte.com\/live\/spot-estrella-damm-2016\/\",\"url\":\"https:\/\/www.creaerte.com\/live\/spot-estrella-damm-2016\/\",\"name\":\"No hay verano sin el spot de Estrella Damm - creaerte.com\",\"isPartOf\":{\"@id\":\"https:\/\/www.creaerte.com\/live\/#website\"},\"primaryImageOfPage\":{\"@id\":\"https:\/\/www.creaerte.com\/live\/spot-estrella-damm-2016\/#primaryimage\"},\"image\":{\"@id\":\"https:\/\/www.creaerte.com\/live\/spot-estrella-damm-2016\/#primaryimage\"},\"thumbnailUrl\":\"https:\/\/www.creaerte.com\/live\/wp-content\/uploads\/2016\/06\/spot-estrella-damm.jpg\",\"datePublished\":\"2016-06-23T08:32:57+00:00\",\"dateModified\":\"2016-06-23T09:53:46+00:00\",\"author\":{\"@id\":\"https:\/\/www.creaerte.com\/live\/#\/schema\/person\/acc9e93c6216bce2d569b1f0a99607f6\"},\"description\":\"Como cada a\u00f1o, la marca de cervezas Estrella Damm lanza su campa\u00f1a veraniega, que este a\u00f1o es un cortometraje titulado 'Las peque\u00f1as cosas'.\",\"inLanguage\":\"es\",\"potentialAction\":[{\"@type\":\"ReadAction\",\"target\":[\"https:\/\/www.creaerte.com\/live\/spot-estrella-damm-2016\/\"]}]},{\"@type\":\"ImageObject\",\"inLanguage\":\"es\",\"@id\":\"https:\/\/www.creaerte.com\/live\/spot-estrella-damm-2016\/#primaryimage\",\"url\":\"https:\/\/www.creaerte.com\/live\/wp-content\/uploads\/2016\/06\/spot-estrella-damm.jpg\",\"contentUrl\":\"https:\/\/www.creaerte.com\/live\/wp-content\/uploads\/2016\/06\/spot-estrella-damm.jpg\",\"width\":817,\"height\":468},{\"@type\":\"WebSite\",\"@id\":\"https:\/\/www.creaerte.com\/live\/#website\",\"url\":\"https:\/\/www.creaerte.com\/live\/\",\"name\":\"creaerte.com\",\"description\":\"Agencia de publicidad, comunicaci\u00f3n y marketing en C\u00e1ceres \u2022 Extremadura\",\"potentialAction\":[{\"@type\":\"SearchAction\",\"target\":{\"@type\":\"EntryPoint\",\"urlTemplate\":\"https:\/\/www.creaerte.com\/live\/?s={search_term_string}\"},\"query-input\":{\"@type\":\"PropertyValueSpecification\",\"valueRequired\":true,\"valueName\":\"search_term_string\"}}],\"inLanguage\":\"es\"},{\"@type\":\"Person\",\"@id\":\"https:\/\/www.creaerte.com\/live\/#\/schema\/person\/acc9e93c6216bce2d569b1f0a99607f6\",\"name\":\"admin\",\"image\":{\"@type\":\"ImageObject\",\"inLanguage\":\"es\",\"@id\":\"https:\/\/www.creaerte.com\/live\/#\/schema\/person\/image\/\",\"url\":\"https:\/\/secure.gravatar.com\/avatar\/736f9ff6dd176e443e4c9cf884b23352631c533b611f216dbc09fc84cda6e67c?s=96&d=mm&r=g\",\"contentUrl\":\"https:\/\/secure.gravatar.com\/avatar\/736f9ff6dd176e443e4c9cf884b23352631c533b611f216dbc09fc84cda6e67c?s=96&d=mm&r=g\",\"caption\":\"admin\"},\"url\":\"https:\/\/www.creaerte.com\/live\/author\/admin\/\"}]}<\/script>\n<!-- \/ Yoast SEO plugin. -->","yoast_head_json":{"title":"No hay verano sin el spot de Estrella Damm - creaerte.com","description":"Como cada a\u00f1o, la marca de cervezas Estrella Damm lanza su campa\u00f1a veraniega, que este a\u00f1o es un cortometraje titulado 'Las peque\u00f1as cosas'.","robots":{"index":"index","follow":"follow","max-snippet":"max-snippet:-1","max-image-preview":"max-image-preview:large","max-video-preview":"max-video-preview:-1"},"canonical":"https:\/\/www.creaerte.com\/live\/spot-estrella-damm-2016\/","og_locale":"es_ES","og_type":"article","og_title":"No hay verano sin el spot de Estrella Damm - creaerte.com","og_description":"Como cada a\u00f1o, la marca de cervezas Estrella Damm lanza su campa\u00f1a veraniega, que este a\u00f1o es un cortometraje titulado 'Las peque\u00f1as cosas'.","og_url":"https:\/\/www.creaerte.com\/live\/spot-estrella-damm-2016\/","og_site_name":"creaerte.com","article_publisher":"https:\/\/www.facebook.com\/creaerte","article_published_time":"2016-06-23T08:32:57+00:00","article_modified_time":"2016-06-23T09:53:46+00:00","og_image":[{"width":817,"height":468,"url":"https:\/\/www.creaerte.com\/live\/wp-content\/uploads\/2016\/06\/spot-estrella-damm.jpg","type":"image\/jpeg"}],"author":"admin","twitter_card":"summary_large_image","twitter_creator":"@Creaerte","twitter_site":"@Creaerte","twitter_misc":{"Escrito por":"admin","Tiempo de lectura":"1 minuto"},"schema":{"@context":"https:\/\/schema.org","@graph":[{"@type":"Article","@id":"https:\/\/www.creaerte.com\/live\/spot-estrella-damm-2016\/#article","isPartOf":{"@id":"https:\/\/www.creaerte.com\/live\/spot-estrella-damm-2016\/"},"author":{"name":"admin","@id":"https:\/\/www.creaerte.com\/live\/#\/schema\/person\/acc9e93c6216bce2d569b1f0a99607f6"},"headline":"No hay verano sin el spot de Estrella Damm","datePublished":"2016-06-23T08:32:57+00:00","dateModified":"2016-06-23T09:53:46+00:00","mainEntityOfPage":{"@id":"https:\/\/www.creaerte.com\/live\/spot-estrella-damm-2016\/"},"wordCount":233,"commentCount":0,"image":{"@id":"https:\/\/www.creaerte.com\/live\/spot-estrella-damm-2016\/#primaryimage"},"thumbnailUrl":"https:\/\/www.creaerte.com\/live\/wp-content\/uploads\/2016\/06\/spot-estrella-damm.jpg","keywords":["Estrella Damm"],"articleSection":["Noticias","Publicidad"],"inLanguage":"es","potentialAction":[{"@type":"CommentAction","name":"Comment","target":["https:\/\/www.creaerte.com\/live\/spot-estrella-damm-2016\/#respond"]}]},{"@type":"WebPage","@id":"https:\/\/www.creaerte.com\/live\/spot-estrella-damm-2016\/","url":"https:\/\/www.creaerte.com\/live\/spot-estrella-damm-2016\/","name":"No hay verano sin el spot de Estrella Damm - creaerte.com","isPartOf":{"@id":"https:\/\/www.creaerte.com\/live\/#website"},"primaryImageOfPage":{"@id":"https:\/\/www.creaerte.com\/live\/spot-estrella-damm-2016\/#primaryimage"},"image":{"@id":"https:\/\/www.creaerte.com\/live\/spot-estrella-damm-2016\/#primaryimage"},"thumbnailUrl":"https:\/\/www.creaerte.com\/live\/wp-content\/uploads\/2016\/06\/spot-estrella-damm.jpg","datePublished":"2016-06-23T08:32:57+00:00","dateModified":"2016-06-23T09:53:46+00:00","author":{"@id":"https:\/\/www.creaerte.com\/live\/#\/schema\/person\/acc9e93c6216bce2d569b1f0a99607f6"},"description":"Como cada a\u00f1o, la marca de cervezas Estrella Damm lanza su campa\u00f1a veraniega, que este a\u00f1o es un cortometraje titulado 'Las peque\u00f1as cosas'.","inLanguage":"es","potentialAction":[{"@type":"ReadAction","target":["https:\/\/www.creaerte.com\/live\/spot-estrella-damm-2016\/"]}]},{"@type":"ImageObject","inLanguage":"es","@id":"https:\/\/www.creaerte.com\/live\/spot-estrella-damm-2016\/#primaryimage","url":"https:\/\/www.creaerte.com\/live\/wp-content\/uploads\/2016\/06\/spot-estrella-damm.jpg","contentUrl":"https:\/\/www.creaerte.com\/live\/wp-content\/uploads\/2016\/06\/spot-estrella-damm.jpg","width":817,"height":468},{"@type":"WebSite","@id":"https:\/\/www.creaerte.com\/live\/#website","url":"https:\/\/www.creaerte.com\/live\/","name":"creaerte.com","description":"Agencia de publicidad, comunicaci\u00f3n y marketing en C\u00e1ceres \u2022 Extremadura","potentialAction":[{"@type":"SearchAction","target":{"@type":"EntryPoint","urlTemplate":"https:\/\/www.creaerte.com\/live\/?s={search_term_string}"},"query-input":{"@type":"PropertyValueSpecification","valueRequired":true,"valueName":"search_term_string"}}],"inLanguage":"es"},{"@type":"Person","@id":"https:\/\/www.creaerte.com\/live\/#\/schema\/person\/acc9e93c6216bce2d569b1f0a99607f6","name":"admin","image":{"@type":"ImageObject","inLanguage":"es","@id":"https:\/\/www.creaerte.com\/live\/#\/schema\/person\/image\/","url":"https:\/\/secure.gravatar.com\/avatar\/736f9ff6dd176e443e4c9cf884b23352631c533b611f216dbc09fc84cda6e67c?s=96&d=mm&r=g","contentUrl":"https:\/\/secure.gravatar.com\/avatar\/736f9ff6dd176e443e4c9cf884b23352631c533b611f216dbc09fc84cda6e67c?s=96&d=mm&r=g","caption":"admin"},"url":"https:\/\/www.creaerte.com\/live\/author\/admin\/"}]}},"_links":{"self":[{"href":"https:\/\/www.creaerte.com\/live\/wp-json\/wp\/v2\/posts\/19860","targetHints":{"allow":["GET"]}}],"collection":[{"href":"https:\/\/www.creaerte.com\/live\/wp-json\/wp\/v2\/posts"}],"about":[{"href":"https:\/\/www.creaerte.com\/live\/wp-json\/wp\/v2\/types\/post"}],"author":[{"embeddable":true,"href":"https:\/\/www.creaerte.com\/live\/wp-json\/wp\/v2\/users\/1"}],"replies":[{"embeddable":true,"href":"https:\/\/www.creaerte.com\/live\/wp-json\/wp\/v2\/comments?post=19860"}],"version-history":[{"count":5,"href":"https:\/\/www.creaerte.com\/live\/wp-json\/wp\/v2\/posts\/19860\/revisions"}],"predecessor-version":[{"id":19866,"href":"https:\/\/www.creaerte.com\/live\/wp-json\/wp\/v2\/posts\/19860\/revisions\/19866"}],"wp:featuredmedia":[{"embeddable":true,"href":"https:\/\/www.creaerte.com\/live\/wp-json\/wp\/v2\/media\/19861"}],"wp:attachment":[{"href":"https:\/\/www.creaerte.com\/live\/wp-json\/wp\/v2\/media?parent=19860"}],"wp:term":[{"taxonomy":"category","embeddable":true,"href":"https:\/\/www.creaerte.com\/live\/wp-json\/wp\/v2\/categories?post=19860"},{"taxonomy":"post_tag","embeddable":true,"href":"https:\/\/www.creaerte.com\/live\/wp-json\/wp\/v2\/tags?post=19860"}],"curies":[{"name":"wp","href":"https:\/\/api.w.org\/{rel}","templated":true}]}}