{"id":19869,"date":"2016-06-24T11:49:05","date_gmt":"2016-06-24T10:49:05","guid":{"rendered":"http:\/\/creaerte.com\/live\/?p=19869"},"modified":"2016-06-24T11:55:58","modified_gmt":"2016-06-24T10:55:58","slug":"creaerte-san-juan","status":"publish","type":"post","link":"https:\/\/www.creaerte.com\/live\/creaerte-san-juan\/","title":{"rendered":"Creaerte, muy fan de San Juan"},"content":{"rendered":"<p>Hoy, 24 de junio, se conmemora en el calendario el d\u00eda de <strong>San Juan<\/strong>. Una fecha que se celebra por todo lo alto a lo largo de la geograf\u00eda espa\u00f1ola y extreme\u00f1a. <\/p>\n<p>En nuestra regi\u00f3n no son pocos los lugares que visten sus mejores galas para la ocasi\u00f3n. En algunas zonas, San Juan se vive de una forma muy especial, como por ejemplo en la ciudad de <strong>Badajoz<\/strong>. En otros municipios, muchos barrios y grupos de personas se suman a este d\u00eda. Sin ir m\u00e1s lejos, en <strong>C\u00e1ceres<\/strong>, en la madrugada del d\u00eda 23, se organizan las tradicionales hogueras.<\/p>\n<p>En <strong>Creaerte<\/strong> no hemos querido ser menos y tambi\u00e9n nos sumamos a la celebraci\u00f3n. Han llegado a la oficina y, casi sin tiempo de espera, nos hemos enfundado estas camisetas conmemorativas de los <strong>&#8216;Sanjuanes&#8217; de Coria<\/strong>. Unas piezas con dise\u00f1o <strong>&#8216;made in&#8217; Creaerte<\/strong> elaboradas para el diario <strong>HOY<\/strong> y que ya est\u00e1n disponibles para los habitantes de esta localidad cacere\u00f1a.<\/p>\n<p>Los <strong>toros<\/strong>, una actividad ligada estrechamente a esta fiesta, han sido el hilo conductor para confeccionar la camiseta. Tambi\u00e9n se incluyen motivos caracter\u00edsticos de Coria, como un detalle de la fachada del <strong>Palacio Episcopal<\/strong>, el <strong>Puente del Alag\u00f3n<\/strong>, la <strong>catedral<\/strong> y los s\u00edmbolos del escudo de la ciudad.<\/p>\n<p><img fetchpriority=\"high\" decoding=\"async\" src=\"http:\/\/creaerte.com\/live\/wp-content\/uploads\/2016\/06\/Collage-San-Juan-2.jpg\" alt=\"Collage San Juan 2\" width=\"3543\" height=\"3543\" class=\"aligncenter size-full wp-image-19871\" srcset=\"https:\/\/www.creaerte.com\/live\/wp-content\/uploads\/2016\/06\/Collage-San-Juan-2.jpg 3543w, https:\/\/www.creaerte.com\/live\/wp-content\/uploads\/2016\/06\/Collage-San-Juan-2-300x300.jpg 300w, https:\/\/www.creaerte.com\/live\/wp-content\/uploads\/2016\/06\/Collage-San-Juan-2-384x384.jpg 384w, https:\/\/www.creaerte.com\/live\/wp-content\/uploads\/2016\/06\/Collage-San-Juan-2-1024x1024.jpg 1024w, https:\/\/www.creaerte.com\/live\/wp-content\/uploads\/2016\/06\/Collage-San-Juan-2-624x624.jpg 624w\" sizes=\"(max-width: 3543px) 100vw, 3543px\" \/><\/p>\n","protected":false},"excerpt":{"rendered":"<p>Hoy, 24 de junio, se conmemora en el calendario el d\u00eda de San Juan. Una fecha que se celebra por todo lo alto a lo largo de la geograf\u00eda espa\u00f1ola y extreme\u00f1a. En nuestra regi\u00f3n no son pocos los lugares que visten sus mejores galas para la ocasi\u00f3n. En algunas zonas, San Juan se vive de una forma muy especial,&#8230;<\/p>\n","protected":false},"author":1,"featured_media":19870,"comment_status":"open","ping_status":"open","sticky":false,"template":"","format":"standard","meta":{"footnotes":""},"categories":[42,10],"tags":[1046,1151],"class_list":["post-19869","post","type-post","status-publish","format-standard","has-post-thumbnail","hentry","category-diseno","category-noticias","tag-creaerte","tag-san-juan","has_thumb"],"yoast_head":"<!-- This site is optimized with the Yoast SEO plugin v26.9 - https:\/\/yoast.com\/product\/yoast-seo-wordpress\/ -->\n<title>Creaerte, muy fan de San Juan<\/title>\n<meta name=\"description\" content=\"Con motivo del d\u00eda de San Juan, en Creaerte hemos elaborado estas camisetas para los &#039;Sanjuanes&#039; Coria, que celebran hoy su fiesta grande.\" \/>\n<meta name=\"robots\" content=\"index, follow, max-snippet:-1, max-image-preview:large, max-video-preview:-1\" \/>\n<link rel=\"canonical\" href=\"https:\/\/www.creaerte.com\/live\/creaerte-san-juan\/\" \/>\n<meta property=\"og:locale\" content=\"es_ES\" \/>\n<meta property=\"og:type\" content=\"article\" \/>\n<meta property=\"og:title\" content=\"Creaerte, muy fan de San Juan\" \/>\n<meta property=\"og:description\" content=\"Con motivo del d\u00eda de San Juan, en Creaerte hemos elaborado estas camisetas para los &#039;Sanjuanes&#039; Coria, que celebran hoy su fiesta grande.\" \/>\n<meta property=\"og:url\" content=\"https:\/\/www.creaerte.com\/live\/creaerte-san-juan\/\" \/>\n<meta property=\"og:site_name\" content=\"creaerte.com\" \/>\n<meta property=\"article:publisher\" content=\"https:\/\/www.facebook.com\/creaerte\" \/>\n<meta property=\"article:published_time\" content=\"2016-06-24T10:49:05+00:00\" \/>\n<meta property=\"article:modified_time\" content=\"2016-06-24T10:55:58+00:00\" \/>\n<meta property=\"og:image\" content=\"https:\/\/www.creaerte.com\/live\/wp-content\/uploads\/2016\/06\/Creaerte-San-Juan.jpg\" \/>\n\t<meta property=\"og:image:width\" content=\"817\" \/>\n\t<meta property=\"og:image:height\" content=\"468\" \/>\n\t<meta property=\"og:image:type\" content=\"image\/jpeg\" \/>\n<meta name=\"author\" content=\"admin\" \/>\n<meta name=\"twitter:card\" content=\"summary_large_image\" \/>\n<meta name=\"twitter:creator\" content=\"@Creaerte\" \/>\n<meta name=\"twitter:site\" content=\"@Creaerte\" \/>\n<meta name=\"twitter:label1\" content=\"Escrito por\" \/>\n\t<meta name=\"twitter:data1\" content=\"admin\" \/>\n\t<meta name=\"twitter:label2\" content=\"Tiempo de lectura\" \/>\n\t<meta name=\"twitter:data2\" content=\"1 minuto\" \/>\n<script type=\"application\/ld+json\" class=\"yoast-schema-graph\">{\"@context\":\"https:\/\/schema.org\",\"@graph\":[{\"@type\":\"Article\",\"@id\":\"https:\/\/www.creaerte.com\/live\/creaerte-san-juan\/#article\",\"isPartOf\":{\"@id\":\"https:\/\/www.creaerte.com\/live\/creaerte-san-juan\/\"},\"author\":{\"name\":\"admin\",\"@id\":\"https:\/\/www.creaerte.com\/live\/#\/schema\/person\/acc9e93c6216bce2d569b1f0a99607f6\"},\"headline\":\"Creaerte, muy fan de San Juan\",\"datePublished\":\"2016-06-24T10:49:05+00:00\",\"dateModified\":\"2016-06-24T10:55:58+00:00\",\"mainEntityOfPage\":{\"@id\":\"https:\/\/www.creaerte.com\/live\/creaerte-san-juan\/\"},\"wordCount\":230,\"commentCount\":0,\"image\":{\"@id\":\"https:\/\/www.creaerte.com\/live\/creaerte-san-juan\/#primaryimage\"},\"thumbnailUrl\":\"https:\/\/www.creaerte.com\/live\/wp-content\/uploads\/2016\/06\/Creaerte-San-Juan.jpg\",\"keywords\":[\"Creaerte\",\"San Juan\"],\"articleSection\":[\"dise\u00f1o\",\"Noticias\"],\"inLanguage\":\"es\",\"potentialAction\":[{\"@type\":\"CommentAction\",\"name\":\"Comment\",\"target\":[\"https:\/\/www.creaerte.com\/live\/creaerte-san-juan\/#respond\"]}]},{\"@type\":\"WebPage\",\"@id\":\"https:\/\/www.creaerte.com\/live\/creaerte-san-juan\/\",\"url\":\"https:\/\/www.creaerte.com\/live\/creaerte-san-juan\/\",\"name\":\"Creaerte, muy fan de San Juan\",\"isPartOf\":{\"@id\":\"https:\/\/www.creaerte.com\/live\/#website\"},\"primaryImageOfPage\":{\"@id\":\"https:\/\/www.creaerte.com\/live\/creaerte-san-juan\/#primaryimage\"},\"image\":{\"@id\":\"https:\/\/www.creaerte.com\/live\/creaerte-san-juan\/#primaryimage\"},\"thumbnailUrl\":\"https:\/\/www.creaerte.com\/live\/wp-content\/uploads\/2016\/06\/Creaerte-San-Juan.jpg\",\"datePublished\":\"2016-06-24T10:49:05+00:00\",\"dateModified\":\"2016-06-24T10:55:58+00:00\",\"author\":{\"@id\":\"https:\/\/www.creaerte.com\/live\/#\/schema\/person\/acc9e93c6216bce2d569b1f0a99607f6\"},\"description\":\"Con motivo del d\u00eda de San Juan, en Creaerte hemos elaborado estas camisetas para los 'Sanjuanes' Coria, que celebran hoy su fiesta grande.\",\"inLanguage\":\"es\",\"potentialAction\":[{\"@type\":\"ReadAction\",\"target\":[\"https:\/\/www.creaerte.com\/live\/creaerte-san-juan\/\"]}]},{\"@type\":\"ImageObject\",\"inLanguage\":\"es\",\"@id\":\"https:\/\/www.creaerte.com\/live\/creaerte-san-juan\/#primaryimage\",\"url\":\"https:\/\/www.creaerte.com\/live\/wp-content\/uploads\/2016\/06\/Creaerte-San-Juan.jpg\",\"contentUrl\":\"https:\/\/www.creaerte.com\/live\/wp-content\/uploads\/2016\/06\/Creaerte-San-Juan.jpg\",\"width\":817,\"height\":468},{\"@type\":\"WebSite\",\"@id\":\"https:\/\/www.creaerte.com\/live\/#website\",\"url\":\"https:\/\/www.creaerte.com\/live\/\",\"name\":\"creaerte.com\",\"description\":\"Agencia de publicidad, comunicaci\u00f3n y marketing en C\u00e1ceres \u2022 Extremadura\",\"potentialAction\":[{\"@type\":\"SearchAction\",\"target\":{\"@type\":\"EntryPoint\",\"urlTemplate\":\"https:\/\/www.creaerte.com\/live\/?s={search_term_string}\"},\"query-input\":{\"@type\":\"PropertyValueSpecification\",\"valueRequired\":true,\"valueName\":\"search_term_string\"}}],\"inLanguage\":\"es\"},{\"@type\":\"Person\",\"@id\":\"https:\/\/www.creaerte.com\/live\/#\/schema\/person\/acc9e93c6216bce2d569b1f0a99607f6\",\"name\":\"admin\",\"image\":{\"@type\":\"ImageObject\",\"inLanguage\":\"es\",\"@id\":\"https:\/\/www.creaerte.com\/live\/#\/schema\/person\/image\/\",\"url\":\"https:\/\/secure.gravatar.com\/avatar\/736f9ff6dd176e443e4c9cf884b23352631c533b611f216dbc09fc84cda6e67c?s=96&d=mm&r=g\",\"contentUrl\":\"https:\/\/secure.gravatar.com\/avatar\/736f9ff6dd176e443e4c9cf884b23352631c533b611f216dbc09fc84cda6e67c?s=96&d=mm&r=g\",\"caption\":\"admin\"},\"url\":\"https:\/\/www.creaerte.com\/live\/author\/admin\/\"}]}<\/script>\n<!-- \/ Yoast SEO plugin. -->","yoast_head_json":{"title":"Creaerte, muy fan de San Juan","description":"Con motivo del d\u00eda de San Juan, en Creaerte hemos elaborado estas camisetas para los 'Sanjuanes' Coria, que celebran hoy su fiesta grande.","robots":{"index":"index","follow":"follow","max-snippet":"max-snippet:-1","max-image-preview":"max-image-preview:large","max-video-preview":"max-video-preview:-1"},"canonical":"https:\/\/www.creaerte.com\/live\/creaerte-san-juan\/","og_locale":"es_ES","og_type":"article","og_title":"Creaerte, muy fan de San Juan","og_description":"Con motivo del d\u00eda de San Juan, en Creaerte hemos elaborado estas camisetas para los 'Sanjuanes' Coria, que celebran hoy su fiesta grande.","og_url":"https:\/\/www.creaerte.com\/live\/creaerte-san-juan\/","og_site_name":"creaerte.com","article_publisher":"https:\/\/www.facebook.com\/creaerte","article_published_time":"2016-06-24T10:49:05+00:00","article_modified_time":"2016-06-24T10:55:58+00:00","og_image":[{"width":817,"height":468,"url":"https:\/\/www.creaerte.com\/live\/wp-content\/uploads\/2016\/06\/Creaerte-San-Juan.jpg","type":"image\/jpeg"}],"author":"admin","twitter_card":"summary_large_image","twitter_creator":"@Creaerte","twitter_site":"@Creaerte","twitter_misc":{"Escrito por":"admin","Tiempo de lectura":"1 minuto"},"schema":{"@context":"https:\/\/schema.org","@graph":[{"@type":"Article","@id":"https:\/\/www.creaerte.com\/live\/creaerte-san-juan\/#article","isPartOf":{"@id":"https:\/\/www.creaerte.com\/live\/creaerte-san-juan\/"},"author":{"name":"admin","@id":"https:\/\/www.creaerte.com\/live\/#\/schema\/person\/acc9e93c6216bce2d569b1f0a99607f6"},"headline":"Creaerte, muy fan de San Juan","datePublished":"2016-06-24T10:49:05+00:00","dateModified":"2016-06-24T10:55:58+00:00","mainEntityOfPage":{"@id":"https:\/\/www.creaerte.com\/live\/creaerte-san-juan\/"},"wordCount":230,"commentCount":0,"image":{"@id":"https:\/\/www.creaerte.com\/live\/creaerte-san-juan\/#primaryimage"},"thumbnailUrl":"https:\/\/www.creaerte.com\/live\/wp-content\/uploads\/2016\/06\/Creaerte-San-Juan.jpg","keywords":["Creaerte","San Juan"],"articleSection":["dise\u00f1o","Noticias"],"inLanguage":"es","potentialAction":[{"@type":"CommentAction","name":"Comment","target":["https:\/\/www.creaerte.com\/live\/creaerte-san-juan\/#respond"]}]},{"@type":"WebPage","@id":"https:\/\/www.creaerte.com\/live\/creaerte-san-juan\/","url":"https:\/\/www.creaerte.com\/live\/creaerte-san-juan\/","name":"Creaerte, muy fan de San Juan","isPartOf":{"@id":"https:\/\/www.creaerte.com\/live\/#website"},"primaryImageOfPage":{"@id":"https:\/\/www.creaerte.com\/live\/creaerte-san-juan\/#primaryimage"},"image":{"@id":"https:\/\/www.creaerte.com\/live\/creaerte-san-juan\/#primaryimage"},"thumbnailUrl":"https:\/\/www.creaerte.com\/live\/wp-content\/uploads\/2016\/06\/Creaerte-San-Juan.jpg","datePublished":"2016-06-24T10:49:05+00:00","dateModified":"2016-06-24T10:55:58+00:00","author":{"@id":"https:\/\/www.creaerte.com\/live\/#\/schema\/person\/acc9e93c6216bce2d569b1f0a99607f6"},"description":"Con motivo del d\u00eda de San Juan, en Creaerte hemos elaborado estas camisetas para los 'Sanjuanes' Coria, que celebran hoy su fiesta grande.","inLanguage":"es","potentialAction":[{"@type":"ReadAction","target":["https:\/\/www.creaerte.com\/live\/creaerte-san-juan\/"]}]},{"@type":"ImageObject","inLanguage":"es","@id":"https:\/\/www.creaerte.com\/live\/creaerte-san-juan\/#primaryimage","url":"https:\/\/www.creaerte.com\/live\/wp-content\/uploads\/2016\/06\/Creaerte-San-Juan.jpg","contentUrl":"https:\/\/www.creaerte.com\/live\/wp-content\/uploads\/2016\/06\/Creaerte-San-Juan.jpg","width":817,"height":468},{"@type":"WebSite","@id":"https:\/\/www.creaerte.com\/live\/#website","url":"https:\/\/www.creaerte.com\/live\/","name":"creaerte.com","description":"Agencia de publicidad, comunicaci\u00f3n y marketing en C\u00e1ceres \u2022 Extremadura","potentialAction":[{"@type":"SearchAction","target":{"@type":"EntryPoint","urlTemplate":"https:\/\/www.creaerte.com\/live\/?s={search_term_string}"},"query-input":{"@type":"PropertyValueSpecification","valueRequired":true,"valueName":"search_term_string"}}],"inLanguage":"es"},{"@type":"Person","@id":"https:\/\/www.creaerte.com\/live\/#\/schema\/person\/acc9e93c6216bce2d569b1f0a99607f6","name":"admin","image":{"@type":"ImageObject","inLanguage":"es","@id":"https:\/\/www.creaerte.com\/live\/#\/schema\/person\/image\/","url":"https:\/\/secure.gravatar.com\/avatar\/736f9ff6dd176e443e4c9cf884b23352631c533b611f216dbc09fc84cda6e67c?s=96&d=mm&r=g","contentUrl":"https:\/\/secure.gravatar.com\/avatar\/736f9ff6dd176e443e4c9cf884b23352631c533b611f216dbc09fc84cda6e67c?s=96&d=mm&r=g","caption":"admin"},"url":"https:\/\/www.creaerte.com\/live\/author\/admin\/"}]}},"_links":{"self":[{"href":"https:\/\/www.creaerte.com\/live\/wp-json\/wp\/v2\/posts\/19869","targetHints":{"allow":["GET"]}}],"collection":[{"href":"https:\/\/www.creaerte.com\/live\/wp-json\/wp\/v2\/posts"}],"about":[{"href":"https:\/\/www.creaerte.com\/live\/wp-json\/wp\/v2\/types\/post"}],"author":[{"embeddable":true,"href":"https:\/\/www.creaerte.com\/live\/wp-json\/wp\/v2\/users\/1"}],"replies":[{"embeddable":true,"href":"https:\/\/www.creaerte.com\/live\/wp-json\/wp\/v2\/comments?post=19869"}],"version-history":[{"count":7,"href":"https:\/\/www.creaerte.com\/live\/wp-json\/wp\/v2\/posts\/19869\/revisions"}],"predecessor-version":[{"id":19878,"href":"https:\/\/www.creaerte.com\/live\/wp-json\/wp\/v2\/posts\/19869\/revisions\/19878"}],"wp:featuredmedia":[{"embeddable":true,"href":"https:\/\/www.creaerte.com\/live\/wp-json\/wp\/v2\/media\/19870"}],"wp:attachment":[{"href":"https:\/\/www.creaerte.com\/live\/wp-json\/wp\/v2\/media?parent=19869"}],"wp:term":[{"taxonomy":"category","embeddable":true,"href":"https:\/\/www.creaerte.com\/live\/wp-json\/wp\/v2\/categories?post=19869"},{"taxonomy":"post_tag","embeddable":true,"href":"https:\/\/www.creaerte.com\/live\/wp-json\/wp\/v2\/tags?post=19869"}],"curies":[{"name":"wp","href":"https:\/\/api.w.org\/{rel}","templated":true}]}}