{"id":19889,"date":"2016-06-28T10:30:24","date_gmt":"2016-06-28T09:30:24","guid":{"rendered":"http:\/\/creaerte.com\/live\/?p=19889"},"modified":"2016-06-28T10:49:19","modified_gmt":"2016-06-28T09:49:19","slug":"redes-sociales-verano","status":"publish","type":"post","link":"https:\/\/www.creaerte.com\/live\/redes-sociales-verano\/","title":{"rendered":"La presencia en redes sociales, tambi\u00e9n en verano"},"content":{"rendered":"<p>El <strong>verano<\/strong> es un buen momento para relajarse, no hay duda. La inminente llegada de las vacaciones disipa en ocasiones la mente. Pero <strong>marcas<\/strong> y <strong>anunciantes<\/strong> deben estar alerta y no olvidar al consumidor.<\/p>\n<p>La era actual est\u00e1 marcada, como hemos se\u00f1alado en m\u00faltiples ocasiones, por la impronta digital. A pesar de la menor actividad por la que se caracteriza la \u00e9poca estival, las cosas no son como antes. Las <strong>Tecnolog\u00edas de la Informaci\u00f3n y la Comunicaci\u00f3n (TIC)<\/strong> han cambiado el concepto del c\u00f3mo y del cu\u00e1ndo. Los consumidores siguen reclamando efectividad a las marcas, ya sea desde la oficina o consultando sus dispositivos m\u00f3viles en la playa o la piscina. <\/p>\n<p>Por tanto, tenemos claro que las <strong>redes sociales<\/strong> son ese escenario en el que la presencia debe existir durante todo el a\u00f1o. La actividad debe continuar en verano, aunque sea ofreciendo unos servicios m\u00ednimos. Dejar de lanzar publicaciones durante las vacaciones es una estrategia muy cuestionable.<\/p>\n<p>Asimismo, el verano es un buen momento para posicionarse y diferenciarse. Aquellas marcas m\u00e1s avispadas ven aqu\u00ed una oportunidad para arropar a esos consumidores que la competencia ha descuidado. <strong>La planificaci\u00f3n es fundamental<\/strong>.<\/p>\n<p>En nuestro caso particular, esta forma de trabajar es una filosof\u00eda ya asentada desde hace a\u00f1os. Nos hemos adaptado a un <a href=\"http:\/\/creaerte.com\/live\/creaerte-video-online\/\" target=\"_blank\">nuevo horario<\/a> con la intenci\u00f3n de no dejar de ofrecer servicios a nuestros clientes. Rotar las vacaciones y planificar contenidos son acciones fundamentales para seguir siendo productivos y poder continuar estando presentes en la red, tambi\u00e9n durante el verano.<\/p>\n","protected":false},"excerpt":{"rendered":"<p>El verano es un buen momento para relajarse, no hay duda. La inminente llegada de las vacaciones disipa en ocasiones la mente. Pero marcas y anunciantes deben estar alerta y no olvidar al consumidor. La era actual est\u00e1 marcada, como hemos se\u00f1alado en m\u00faltiples ocasiones, por la impronta digital. A pesar de la menor actividad por la que se caracteriza&#8230;<\/p>\n","protected":false},"author":1,"featured_media":19891,"comment_status":"open","ping_status":"open","sticky":false,"template":"","format":"standard","meta":{"footnotes":""},"categories":[1147,10,1104],"tags":[1046,100,1154],"class_list":["post-19889","post","type-post","status-publish","format-standard","has-post-thumbnail","hentry","category-internet-2","category-noticias","category-social-media-2","tag-creaerte","tag-redes-sociales","tag-socialmedia","has_thumb"],"yoast_head":"<!-- This site is optimized with the Yoast SEO plugin v26.9 - https:\/\/yoast.com\/product\/yoast-seo-wordpress\/ -->\n<title>La presencia en redes sociales, tambi\u00e9n en verano - creaerte.com<\/title>\n<meta name=\"robots\" content=\"index, follow, max-snippet:-1, max-image-preview:large, max-video-preview:-1\" \/>\n<link rel=\"canonical\" href=\"https:\/\/www.creaerte.com\/live\/redes-sociales-verano\/\" \/>\n<meta property=\"og:locale\" content=\"es_ES\" \/>\n<meta property=\"og:type\" content=\"article\" \/>\n<meta property=\"og:title\" content=\"La presencia en redes sociales, tambi\u00e9n en verano - creaerte.com\" \/>\n<meta property=\"og:description\" content=\"El verano es un buen momento para relajarse, no hay duda. La inminente llegada de las vacaciones disipa en ocasiones la mente. Pero marcas y anunciantes deben estar alerta y no olvidar al consumidor. La era actual est\u00e1 marcada, como hemos se\u00f1alado en m\u00faltiples ocasiones, por la impronta digital. A pesar de la menor actividad por la que se caracteriza...\" \/>\n<meta property=\"og:url\" content=\"https:\/\/www.creaerte.com\/live\/redes-sociales-verano\/\" \/>\n<meta property=\"og:site_name\" content=\"creaerte.com\" \/>\n<meta property=\"article:publisher\" content=\"https:\/\/www.facebook.com\/creaerte\" \/>\n<meta property=\"article:published_time\" content=\"2016-06-28T09:30:24+00:00\" \/>\n<meta property=\"article:modified_time\" content=\"2016-06-28T09:49:19+00:00\" \/>\n<meta property=\"og:image\" content=\"https:\/\/www.creaerte.com\/live\/wp-content\/uploads\/2016\/06\/redes-sociales-creaerte.jpg\" \/>\n\t<meta property=\"og:image:width\" content=\"817\" \/>\n\t<meta property=\"og:image:height\" content=\"468\" \/>\n\t<meta property=\"og:image:type\" content=\"image\/jpeg\" \/>\n<meta name=\"author\" content=\"admin\" \/>\n<meta name=\"twitter:card\" content=\"summary_large_image\" \/>\n<meta name=\"twitter:creator\" content=\"@Creaerte\" \/>\n<meta name=\"twitter:site\" content=\"@Creaerte\" \/>\n<meta name=\"twitter:label1\" content=\"Escrito por\" \/>\n\t<meta name=\"twitter:data1\" content=\"admin\" \/>\n\t<meta name=\"twitter:label2\" content=\"Tiempo de lectura\" \/>\n\t<meta name=\"twitter:data2\" content=\"1 minuto\" \/>\n<script type=\"application\/ld+json\" class=\"yoast-schema-graph\">{\"@context\":\"https:\/\/schema.org\",\"@graph\":[{\"@type\":\"Article\",\"@id\":\"https:\/\/www.creaerte.com\/live\/redes-sociales-verano\/#article\",\"isPartOf\":{\"@id\":\"https:\/\/www.creaerte.com\/live\/redes-sociales-verano\/\"},\"author\":{\"name\":\"admin\",\"@id\":\"https:\/\/www.creaerte.com\/live\/#\/schema\/person\/acc9e93c6216bce2d569b1f0a99607f6\"},\"headline\":\"La presencia en redes sociales, tambi\u00e9n en verano\",\"datePublished\":\"2016-06-28T09:30:24+00:00\",\"dateModified\":\"2016-06-28T09:49:19+00:00\",\"mainEntityOfPage\":{\"@id\":\"https:\/\/www.creaerte.com\/live\/redes-sociales-verano\/\"},\"wordCount\":275,\"commentCount\":0,\"image\":{\"@id\":\"https:\/\/www.creaerte.com\/live\/redes-sociales-verano\/#primaryimage\"},\"thumbnailUrl\":\"https:\/\/www.creaerte.com\/live\/wp-content\/uploads\/2016\/06\/redes-sociales-creaerte.jpg\",\"keywords\":[\"Creaerte\",\"redes sociales\",\"Socialmedia\"],\"articleSection\":[\"Internet\",\"Noticias\",\"Social Media\"],\"inLanguage\":\"es\",\"potentialAction\":[{\"@type\":\"CommentAction\",\"name\":\"Comment\",\"target\":[\"https:\/\/www.creaerte.com\/live\/redes-sociales-verano\/#respond\"]}]},{\"@type\":\"WebPage\",\"@id\":\"https:\/\/www.creaerte.com\/live\/redes-sociales-verano\/\",\"url\":\"https:\/\/www.creaerte.com\/live\/redes-sociales-verano\/\",\"name\":\"La presencia en redes sociales, tambi\u00e9n en verano - creaerte.com\",\"isPartOf\":{\"@id\":\"https:\/\/www.creaerte.com\/live\/#website\"},\"primaryImageOfPage\":{\"@id\":\"https:\/\/www.creaerte.com\/live\/redes-sociales-verano\/#primaryimage\"},\"image\":{\"@id\":\"https:\/\/www.creaerte.com\/live\/redes-sociales-verano\/#primaryimage\"},\"thumbnailUrl\":\"https:\/\/www.creaerte.com\/live\/wp-content\/uploads\/2016\/06\/redes-sociales-creaerte.jpg\",\"datePublished\":\"2016-06-28T09:30:24+00:00\",\"dateModified\":\"2016-06-28T09:49:19+00:00\",\"author\":{\"@id\":\"https:\/\/www.creaerte.com\/live\/#\/schema\/person\/acc9e93c6216bce2d569b1f0a99607f6\"},\"inLanguage\":\"es\",\"potentialAction\":[{\"@type\":\"ReadAction\",\"target\":[\"https:\/\/www.creaerte.com\/live\/redes-sociales-verano\/\"]}]},{\"@type\":\"ImageObject\",\"inLanguage\":\"es\",\"@id\":\"https:\/\/www.creaerte.com\/live\/redes-sociales-verano\/#primaryimage\",\"url\":\"https:\/\/www.creaerte.com\/live\/wp-content\/uploads\/2016\/06\/redes-sociales-creaerte.jpg\",\"contentUrl\":\"https:\/\/www.creaerte.com\/live\/wp-content\/uploads\/2016\/06\/redes-sociales-creaerte.jpg\",\"width\":817,\"height\":468},{\"@type\":\"WebSite\",\"@id\":\"https:\/\/www.creaerte.com\/live\/#website\",\"url\":\"https:\/\/www.creaerte.com\/live\/\",\"name\":\"creaerte.com\",\"description\":\"Agencia de publicidad, comunicaci\u00f3n y marketing en C\u00e1ceres \u2022 Extremadura\",\"potentialAction\":[{\"@type\":\"SearchAction\",\"target\":{\"@type\":\"EntryPoint\",\"urlTemplate\":\"https:\/\/www.creaerte.com\/live\/?s={search_term_string}\"},\"query-input\":{\"@type\":\"PropertyValueSpecification\",\"valueRequired\":true,\"valueName\":\"search_term_string\"}}],\"inLanguage\":\"es\"},{\"@type\":\"Person\",\"@id\":\"https:\/\/www.creaerte.com\/live\/#\/schema\/person\/acc9e93c6216bce2d569b1f0a99607f6\",\"name\":\"admin\",\"image\":{\"@type\":\"ImageObject\",\"inLanguage\":\"es\",\"@id\":\"https:\/\/www.creaerte.com\/live\/#\/schema\/person\/image\/\",\"url\":\"https:\/\/secure.gravatar.com\/avatar\/736f9ff6dd176e443e4c9cf884b23352631c533b611f216dbc09fc84cda6e67c?s=96&d=mm&r=g\",\"contentUrl\":\"https:\/\/secure.gravatar.com\/avatar\/736f9ff6dd176e443e4c9cf884b23352631c533b611f216dbc09fc84cda6e67c?s=96&d=mm&r=g\",\"caption\":\"admin\"},\"url\":\"https:\/\/www.creaerte.com\/live\/author\/admin\/\"}]}<\/script>\n<!-- \/ Yoast SEO plugin. -->","yoast_head_json":{"title":"La presencia en redes sociales, tambi\u00e9n en verano - creaerte.com","robots":{"index":"index","follow":"follow","max-snippet":"max-snippet:-1","max-image-preview":"max-image-preview:large","max-video-preview":"max-video-preview:-1"},"canonical":"https:\/\/www.creaerte.com\/live\/redes-sociales-verano\/","og_locale":"es_ES","og_type":"article","og_title":"La presencia en redes sociales, tambi\u00e9n en verano - creaerte.com","og_description":"El verano es un buen momento para relajarse, no hay duda. La inminente llegada de las vacaciones disipa en ocasiones la mente. Pero marcas y anunciantes deben estar alerta y no olvidar al consumidor. La era actual est\u00e1 marcada, como hemos se\u00f1alado en m\u00faltiples ocasiones, por la impronta digital. A pesar de la menor actividad por la que se caracteriza...","og_url":"https:\/\/www.creaerte.com\/live\/redes-sociales-verano\/","og_site_name":"creaerte.com","article_publisher":"https:\/\/www.facebook.com\/creaerte","article_published_time":"2016-06-28T09:30:24+00:00","article_modified_time":"2016-06-28T09:49:19+00:00","og_image":[{"width":817,"height":468,"url":"https:\/\/www.creaerte.com\/live\/wp-content\/uploads\/2016\/06\/redes-sociales-creaerte.jpg","type":"image\/jpeg"}],"author":"admin","twitter_card":"summary_large_image","twitter_creator":"@Creaerte","twitter_site":"@Creaerte","twitter_misc":{"Escrito por":"admin","Tiempo de lectura":"1 minuto"},"schema":{"@context":"https:\/\/schema.org","@graph":[{"@type":"Article","@id":"https:\/\/www.creaerte.com\/live\/redes-sociales-verano\/#article","isPartOf":{"@id":"https:\/\/www.creaerte.com\/live\/redes-sociales-verano\/"},"author":{"name":"admin","@id":"https:\/\/www.creaerte.com\/live\/#\/schema\/person\/acc9e93c6216bce2d569b1f0a99607f6"},"headline":"La presencia en redes sociales, tambi\u00e9n en verano","datePublished":"2016-06-28T09:30:24+00:00","dateModified":"2016-06-28T09:49:19+00:00","mainEntityOfPage":{"@id":"https:\/\/www.creaerte.com\/live\/redes-sociales-verano\/"},"wordCount":275,"commentCount":0,"image":{"@id":"https:\/\/www.creaerte.com\/live\/redes-sociales-verano\/#primaryimage"},"thumbnailUrl":"https:\/\/www.creaerte.com\/live\/wp-content\/uploads\/2016\/06\/redes-sociales-creaerte.jpg","keywords":["Creaerte","redes sociales","Socialmedia"],"articleSection":["Internet","Noticias","Social Media"],"inLanguage":"es","potentialAction":[{"@type":"CommentAction","name":"Comment","target":["https:\/\/www.creaerte.com\/live\/redes-sociales-verano\/#respond"]}]},{"@type":"WebPage","@id":"https:\/\/www.creaerte.com\/live\/redes-sociales-verano\/","url":"https:\/\/www.creaerte.com\/live\/redes-sociales-verano\/","name":"La presencia en redes sociales, tambi\u00e9n en verano - creaerte.com","isPartOf":{"@id":"https:\/\/www.creaerte.com\/live\/#website"},"primaryImageOfPage":{"@id":"https:\/\/www.creaerte.com\/live\/redes-sociales-verano\/#primaryimage"},"image":{"@id":"https:\/\/www.creaerte.com\/live\/redes-sociales-verano\/#primaryimage"},"thumbnailUrl":"https:\/\/www.creaerte.com\/live\/wp-content\/uploads\/2016\/06\/redes-sociales-creaerte.jpg","datePublished":"2016-06-28T09:30:24+00:00","dateModified":"2016-06-28T09:49:19+00:00","author":{"@id":"https:\/\/www.creaerte.com\/live\/#\/schema\/person\/acc9e93c6216bce2d569b1f0a99607f6"},"inLanguage":"es","potentialAction":[{"@type":"ReadAction","target":["https:\/\/www.creaerte.com\/live\/redes-sociales-verano\/"]}]},{"@type":"ImageObject","inLanguage":"es","@id":"https:\/\/www.creaerte.com\/live\/redes-sociales-verano\/#primaryimage","url":"https:\/\/www.creaerte.com\/live\/wp-content\/uploads\/2016\/06\/redes-sociales-creaerte.jpg","contentUrl":"https:\/\/www.creaerte.com\/live\/wp-content\/uploads\/2016\/06\/redes-sociales-creaerte.jpg","width":817,"height":468},{"@type":"WebSite","@id":"https:\/\/www.creaerte.com\/live\/#website","url":"https:\/\/www.creaerte.com\/live\/","name":"creaerte.com","description":"Agencia de publicidad, comunicaci\u00f3n y marketing en C\u00e1ceres \u2022 Extremadura","potentialAction":[{"@type":"SearchAction","target":{"@type":"EntryPoint","urlTemplate":"https:\/\/www.creaerte.com\/live\/?s={search_term_string}"},"query-input":{"@type":"PropertyValueSpecification","valueRequired":true,"valueName":"search_term_string"}}],"inLanguage":"es"},{"@type":"Person","@id":"https:\/\/www.creaerte.com\/live\/#\/schema\/person\/acc9e93c6216bce2d569b1f0a99607f6","name":"admin","image":{"@type":"ImageObject","inLanguage":"es","@id":"https:\/\/www.creaerte.com\/live\/#\/schema\/person\/image\/","url":"https:\/\/secure.gravatar.com\/avatar\/736f9ff6dd176e443e4c9cf884b23352631c533b611f216dbc09fc84cda6e67c?s=96&d=mm&r=g","contentUrl":"https:\/\/secure.gravatar.com\/avatar\/736f9ff6dd176e443e4c9cf884b23352631c533b611f216dbc09fc84cda6e67c?s=96&d=mm&r=g","caption":"admin"},"url":"https:\/\/www.creaerte.com\/live\/author\/admin\/"}]}},"_links":{"self":[{"href":"https:\/\/www.creaerte.com\/live\/wp-json\/wp\/v2\/posts\/19889","targetHints":{"allow":["GET"]}}],"collection":[{"href":"https:\/\/www.creaerte.com\/live\/wp-json\/wp\/v2\/posts"}],"about":[{"href":"https:\/\/www.creaerte.com\/live\/wp-json\/wp\/v2\/types\/post"}],"author":[{"embeddable":true,"href":"https:\/\/www.creaerte.com\/live\/wp-json\/wp\/v2\/users\/1"}],"replies":[{"embeddable":true,"href":"https:\/\/www.creaerte.com\/live\/wp-json\/wp\/v2\/comments?post=19889"}],"version-history":[{"count":6,"href":"https:\/\/www.creaerte.com\/live\/wp-json\/wp\/v2\/posts\/19889\/revisions"}],"predecessor-version":[{"id":19896,"href":"https:\/\/www.creaerte.com\/live\/wp-json\/wp\/v2\/posts\/19889\/revisions\/19896"}],"wp:featuredmedia":[{"embeddable":true,"href":"https:\/\/www.creaerte.com\/live\/wp-json\/wp\/v2\/media\/19891"}],"wp:attachment":[{"href":"https:\/\/www.creaerte.com\/live\/wp-json\/wp\/v2\/media?parent=19889"}],"wp:term":[{"taxonomy":"category","embeddable":true,"href":"https:\/\/www.creaerte.com\/live\/wp-json\/wp\/v2\/categories?post=19889"},{"taxonomy":"post_tag","embeddable":true,"href":"https:\/\/www.creaerte.com\/live\/wp-json\/wp\/v2\/tags?post=19889"}],"curies":[{"name":"wp","href":"https:\/\/api.w.org\/{rel}","templated":true}]}}