{"id":22708,"date":"2017-10-04T16:52:42","date_gmt":"2017-10-04T15:52:42","guid":{"rendered":"http:\/\/www.creaerte.com\/live\/?p=22708"},"modified":"2017-10-04T16:53:42","modified_gmt":"2017-10-04T15:53:42","slug":"redescubretufiesta-aparca-proximo-verano","status":"publish","type":"post","link":"https:\/\/www.creaerte.com\/live\/redescubretufiesta-aparca-proximo-verano\/","title":{"rendered":"#RedescubreTuFiesta aparca hasta el pr\u00f3ximo verano"},"content":{"rendered":"<p>Lleg\u00f3 el oto\u00f1o y con \u00e9l el final de la campa\u00f1a que hemos realizado para <strong>Centrowagen<\/strong>, <a href=\"http:\/\/redescubretufiesta.com\">Redescubre Tu Fiesta<\/a>. Han sido muchos los kil\u00f3metros recorridos por nuestro equipo a lo largo de la geograf\u00eda de la <strong>provincia de Badajoz<\/strong>. Muchos los \u00abtweets\u00bb\u00a0y los \u00abme gusta\u00bb generados durante esta <strong>acci\u00f3n de Street Marketing<\/strong> que nos ha ayudado a redescubrir los festejos de localidades como <strong>Badajoz, Villanueva de la Serena, Don Benito, M\u00e9rida y Zafra<\/strong> como colof\u00f3n final. Ahora toca descansar, repasar todo el material editado y comenzar a trabajar en una futura edici\u00f3n de esta vuelta a Badajoz a bordo de los veh\u00edculos de Centrowagen para conocer un poquito m\u00e1s de sus ferias y fiestas.<\/p>\n<p>Gracias a todos los que de alguna forma han colaborado con sus an\u00e9cdotas y sus recuerdos en la campa\u00f1a, con ellos <a href=\"https:\/\/www.youtube.com\/playlist?list=PLIrerpU4qJfzOiZOVbGtyNoHTChC9tLuc\">#TeLlevamosHastaLoAut\u00e9ntico<\/a>.<\/p>\n<p>Cae la noche en Zafra, nuestro\u00a0Audi Q2\u00a0mantiene las luces led encendidas, ha llegado el final. Aparcamos la acci\u00f3n hasta el pr\u00f3ximo verano.<\/p>\n","protected":false},"excerpt":{"rendered":"<p>Lleg\u00f3 el oto\u00f1o y con \u00e9l el final de la campa\u00f1a que hemos realizado para Centrowagen, Redescubre Tu Fiesta. Han sido muchos los kil\u00f3metros recorridos por nuestro equipo a lo largo de la geograf\u00eda de la provincia de Badajoz. Muchos los \u00abtweets\u00bb\u00a0y los \u00abme gusta\u00bb generados durante esta acci\u00f3n de Street Marketing que nos ha ayudado a redescubrir los festejos&#8230;<\/p>\n","protected":false},"author":1,"featured_media":22709,"comment_status":"open","ping_status":"open","sticky":false,"template":"","format":"standard","meta":{"footnotes":""},"categories":[88,319,1350,42,499,1147,1129,1282,1104,323,1061,294,1346],"tags":[],"class_list":["post-22708","post","type-post","status-publish","format-standard","has-post-thumbnail","hentry","category-comunicacion","category-cosecha-propia","category-creatividad","category-diseno","category-extremadura-2","category-internet-2","category-marketing-de-contenidos-2","category-marketing-digital","category-social-media-2","category-street-marketing","category-video-online","category-web","category-youtube","has_thumb"],"yoast_head":"<!-- This site is optimized with the Yoast SEO plugin v26.9 - https:\/\/yoast.com\/product\/yoast-seo-wordpress\/ -->\n<title>#RedescubreTuFiesta aparca hasta el pr\u00f3ximo verano - creaerte.com<\/title>\n<meta name=\"robots\" content=\"index, follow, max-snippet:-1, max-image-preview:large, max-video-preview:-1\" \/>\n<link rel=\"canonical\" href=\"https:\/\/www.creaerte.com\/live\/redescubretufiesta-aparca-proximo-verano\/\" \/>\n<meta property=\"og:locale\" content=\"es_ES\" \/>\n<meta property=\"og:type\" content=\"article\" \/>\n<meta property=\"og:title\" content=\"#RedescubreTuFiesta aparca hasta el pr\u00f3ximo verano - creaerte.com\" \/>\n<meta property=\"og:description\" content=\"Lleg\u00f3 el oto\u00f1o y con \u00e9l el final de la campa\u00f1a que hemos realizado para Centrowagen, Redescubre Tu Fiesta. Han sido muchos los kil\u00f3metros recorridos por nuestro equipo a lo largo de la geograf\u00eda de la provincia de Badajoz. Muchos los \u00abtweets\u00bb\u00a0y los \u00abme gusta\u00bb generados durante esta acci\u00f3n de Street Marketing que nos ha ayudado a redescubrir los festejos...\" \/>\n<meta property=\"og:url\" content=\"https:\/\/www.creaerte.com\/live\/redescubretufiesta-aparca-proximo-verano\/\" \/>\n<meta property=\"og:site_name\" content=\"creaerte.com\" \/>\n<meta property=\"article:publisher\" content=\"https:\/\/www.facebook.com\/creaerte\" \/>\n<meta property=\"article:published_time\" content=\"2017-10-04T15:52:42+00:00\" \/>\n<meta property=\"article:modified_time\" content=\"2017-10-04T15:53:42+00:00\" \/>\n<meta property=\"og:image\" content=\"https:\/\/www.creaerte.com\/live\/wp-content\/uploads\/2017\/10\/IMG_5649.jpg\" \/>\n\t<meta property=\"og:image:width\" content=\"4032\" \/>\n\t<meta property=\"og:image:height\" content=\"3024\" \/>\n\t<meta property=\"og:image:type\" content=\"image\/jpeg\" \/>\n<meta name=\"author\" content=\"admin\" \/>\n<meta name=\"twitter:card\" content=\"summary_large_image\" \/>\n<meta name=\"twitter:creator\" content=\"@Creaerte\" \/>\n<meta name=\"twitter:site\" content=\"@Creaerte\" \/>\n<meta name=\"twitter:label1\" content=\"Escrito por\" \/>\n\t<meta name=\"twitter:data1\" content=\"admin\" \/>\n\t<meta name=\"twitter:label2\" content=\"Tiempo de lectura\" \/>\n\t<meta name=\"twitter:data2\" content=\"1 minuto\" \/>\n<script type=\"application\/ld+json\" class=\"yoast-schema-graph\">{\"@context\":\"https:\/\/schema.org\",\"@graph\":[{\"@type\":\"Article\",\"@id\":\"https:\/\/www.creaerte.com\/live\/redescubretufiesta-aparca-proximo-verano\/#article\",\"isPartOf\":{\"@id\":\"https:\/\/www.creaerte.com\/live\/redescubretufiesta-aparca-proximo-verano\/\"},\"author\":{\"name\":\"admin\",\"@id\":\"https:\/\/www.creaerte.com\/live\/#\/schema\/person\/acc9e93c6216bce2d569b1f0a99607f6\"},\"headline\":\"#RedescubreTuFiesta aparca hasta el pr\u00f3ximo verano\",\"datePublished\":\"2017-10-04T15:52:42+00:00\",\"dateModified\":\"2017-10-04T15:53:42+00:00\",\"mainEntityOfPage\":{\"@id\":\"https:\/\/www.creaerte.com\/live\/redescubretufiesta-aparca-proximo-verano\/\"},\"wordCount\":183,\"commentCount\":0,\"image\":{\"@id\":\"https:\/\/www.creaerte.com\/live\/redescubretufiesta-aparca-proximo-verano\/#primaryimage\"},\"thumbnailUrl\":\"https:\/\/www.creaerte.com\/live\/wp-content\/uploads\/2017\/10\/IMG_5649.jpg\",\"articleSection\":[\"comunicaci\u00f3n\",\"Cosecha propia\",\"creatividad\",\"dise\u00f1o\",\"Extremadura\",\"Internet\",\"Marketing de Contenidos\",\"Marketing Digital\",\"Social Media\",\"street marketing\",\"V\u00eddeo online\",\"web\",\"Youtube\"],\"inLanguage\":\"es\",\"potentialAction\":[{\"@type\":\"CommentAction\",\"name\":\"Comment\",\"target\":[\"https:\/\/www.creaerte.com\/live\/redescubretufiesta-aparca-proximo-verano\/#respond\"]}]},{\"@type\":\"WebPage\",\"@id\":\"https:\/\/www.creaerte.com\/live\/redescubretufiesta-aparca-proximo-verano\/\",\"url\":\"https:\/\/www.creaerte.com\/live\/redescubretufiesta-aparca-proximo-verano\/\",\"name\":\"#RedescubreTuFiesta aparca hasta el pr\u00f3ximo verano - creaerte.com\",\"isPartOf\":{\"@id\":\"https:\/\/www.creaerte.com\/live\/#website\"},\"primaryImageOfPage\":{\"@id\":\"https:\/\/www.creaerte.com\/live\/redescubretufiesta-aparca-proximo-verano\/#primaryimage\"},\"image\":{\"@id\":\"https:\/\/www.creaerte.com\/live\/redescubretufiesta-aparca-proximo-verano\/#primaryimage\"},\"thumbnailUrl\":\"https:\/\/www.creaerte.com\/live\/wp-content\/uploads\/2017\/10\/IMG_5649.jpg\",\"datePublished\":\"2017-10-04T15:52:42+00:00\",\"dateModified\":\"2017-10-04T15:53:42+00:00\",\"author\":{\"@id\":\"https:\/\/www.creaerte.com\/live\/#\/schema\/person\/acc9e93c6216bce2d569b1f0a99607f6\"},\"inLanguage\":\"es\",\"potentialAction\":[{\"@type\":\"ReadAction\",\"target\":[\"https:\/\/www.creaerte.com\/live\/redescubretufiesta-aparca-proximo-verano\/\"]}]},{\"@type\":\"ImageObject\",\"inLanguage\":\"es\",\"@id\":\"https:\/\/www.creaerte.com\/live\/redescubretufiesta-aparca-proximo-verano\/#primaryimage\",\"url\":\"https:\/\/www.creaerte.com\/live\/wp-content\/uploads\/2017\/10\/IMG_5649.jpg\",\"contentUrl\":\"https:\/\/www.creaerte.com\/live\/wp-content\/uploads\/2017\/10\/IMG_5649.jpg\",\"width\":4032,\"height\":3024},{\"@type\":\"WebSite\",\"@id\":\"https:\/\/www.creaerte.com\/live\/#website\",\"url\":\"https:\/\/www.creaerte.com\/live\/\",\"name\":\"creaerte.com\",\"description\":\"Agencia de publicidad, comunicaci\u00f3n y marketing en C\u00e1ceres \u2022 Extremadura\",\"potentialAction\":[{\"@type\":\"SearchAction\",\"target\":{\"@type\":\"EntryPoint\",\"urlTemplate\":\"https:\/\/www.creaerte.com\/live\/?s={search_term_string}\"},\"query-input\":{\"@type\":\"PropertyValueSpecification\",\"valueRequired\":true,\"valueName\":\"search_term_string\"}}],\"inLanguage\":\"es\"},{\"@type\":\"Person\",\"@id\":\"https:\/\/www.creaerte.com\/live\/#\/schema\/person\/acc9e93c6216bce2d569b1f0a99607f6\",\"name\":\"admin\",\"image\":{\"@type\":\"ImageObject\",\"inLanguage\":\"es\",\"@id\":\"https:\/\/www.creaerte.com\/live\/#\/schema\/person\/image\/\",\"url\":\"https:\/\/secure.gravatar.com\/avatar\/736f9ff6dd176e443e4c9cf884b23352631c533b611f216dbc09fc84cda6e67c?s=96&d=mm&r=g\",\"contentUrl\":\"https:\/\/secure.gravatar.com\/avatar\/736f9ff6dd176e443e4c9cf884b23352631c533b611f216dbc09fc84cda6e67c?s=96&d=mm&r=g\",\"caption\":\"admin\"},\"url\":\"https:\/\/www.creaerte.com\/live\/author\/admin\/\"}]}<\/script>\n<!-- \/ Yoast SEO plugin. -->","yoast_head_json":{"title":"#RedescubreTuFiesta aparca hasta el pr\u00f3ximo verano - creaerte.com","robots":{"index":"index","follow":"follow","max-snippet":"max-snippet:-1","max-image-preview":"max-image-preview:large","max-video-preview":"max-video-preview:-1"},"canonical":"https:\/\/www.creaerte.com\/live\/redescubretufiesta-aparca-proximo-verano\/","og_locale":"es_ES","og_type":"article","og_title":"#RedescubreTuFiesta aparca hasta el pr\u00f3ximo verano - creaerte.com","og_description":"Lleg\u00f3 el oto\u00f1o y con \u00e9l el final de la campa\u00f1a que hemos realizado para Centrowagen, Redescubre Tu Fiesta. Han sido muchos los kil\u00f3metros recorridos por nuestro equipo a lo largo de la geograf\u00eda de la provincia de Badajoz. Muchos los \u00abtweets\u00bb\u00a0y los \u00abme gusta\u00bb generados durante esta acci\u00f3n de Street Marketing que nos ha ayudado a redescubrir los festejos...","og_url":"https:\/\/www.creaerte.com\/live\/redescubretufiesta-aparca-proximo-verano\/","og_site_name":"creaerte.com","article_publisher":"https:\/\/www.facebook.com\/creaerte","article_published_time":"2017-10-04T15:52:42+00:00","article_modified_time":"2017-10-04T15:53:42+00:00","og_image":[{"width":4032,"height":3024,"url":"https:\/\/www.creaerte.com\/live\/wp-content\/uploads\/2017\/10\/IMG_5649.jpg","type":"image\/jpeg"}],"author":"admin","twitter_card":"summary_large_image","twitter_creator":"@Creaerte","twitter_site":"@Creaerte","twitter_misc":{"Escrito por":"admin","Tiempo de lectura":"1 minuto"},"schema":{"@context":"https:\/\/schema.org","@graph":[{"@type":"Article","@id":"https:\/\/www.creaerte.com\/live\/redescubretufiesta-aparca-proximo-verano\/#article","isPartOf":{"@id":"https:\/\/www.creaerte.com\/live\/redescubretufiesta-aparca-proximo-verano\/"},"author":{"name":"admin","@id":"https:\/\/www.creaerte.com\/live\/#\/schema\/person\/acc9e93c6216bce2d569b1f0a99607f6"},"headline":"#RedescubreTuFiesta aparca hasta el pr\u00f3ximo verano","datePublished":"2017-10-04T15:52:42+00:00","dateModified":"2017-10-04T15:53:42+00:00","mainEntityOfPage":{"@id":"https:\/\/www.creaerte.com\/live\/redescubretufiesta-aparca-proximo-verano\/"},"wordCount":183,"commentCount":0,"image":{"@id":"https:\/\/www.creaerte.com\/live\/redescubretufiesta-aparca-proximo-verano\/#primaryimage"},"thumbnailUrl":"https:\/\/www.creaerte.com\/live\/wp-content\/uploads\/2017\/10\/IMG_5649.jpg","articleSection":["comunicaci\u00f3n","Cosecha propia","creatividad","dise\u00f1o","Extremadura","Internet","Marketing de Contenidos","Marketing Digital","Social Media","street marketing","V\u00eddeo online","web","Youtube"],"inLanguage":"es","potentialAction":[{"@type":"CommentAction","name":"Comment","target":["https:\/\/www.creaerte.com\/live\/redescubretufiesta-aparca-proximo-verano\/#respond"]}]},{"@type":"WebPage","@id":"https:\/\/www.creaerte.com\/live\/redescubretufiesta-aparca-proximo-verano\/","url":"https:\/\/www.creaerte.com\/live\/redescubretufiesta-aparca-proximo-verano\/","name":"#RedescubreTuFiesta aparca hasta el pr\u00f3ximo verano - creaerte.com","isPartOf":{"@id":"https:\/\/www.creaerte.com\/live\/#website"},"primaryImageOfPage":{"@id":"https:\/\/www.creaerte.com\/live\/redescubretufiesta-aparca-proximo-verano\/#primaryimage"},"image":{"@id":"https:\/\/www.creaerte.com\/live\/redescubretufiesta-aparca-proximo-verano\/#primaryimage"},"thumbnailUrl":"https:\/\/www.creaerte.com\/live\/wp-content\/uploads\/2017\/10\/IMG_5649.jpg","datePublished":"2017-10-04T15:52:42+00:00","dateModified":"2017-10-04T15:53:42+00:00","author":{"@id":"https:\/\/www.creaerte.com\/live\/#\/schema\/person\/acc9e93c6216bce2d569b1f0a99607f6"},"inLanguage":"es","potentialAction":[{"@type":"ReadAction","target":["https:\/\/www.creaerte.com\/live\/redescubretufiesta-aparca-proximo-verano\/"]}]},{"@type":"ImageObject","inLanguage":"es","@id":"https:\/\/www.creaerte.com\/live\/redescubretufiesta-aparca-proximo-verano\/#primaryimage","url":"https:\/\/www.creaerte.com\/live\/wp-content\/uploads\/2017\/10\/IMG_5649.jpg","contentUrl":"https:\/\/www.creaerte.com\/live\/wp-content\/uploads\/2017\/10\/IMG_5649.jpg","width":4032,"height":3024},{"@type":"WebSite","@id":"https:\/\/www.creaerte.com\/live\/#website","url":"https:\/\/www.creaerte.com\/live\/","name":"creaerte.com","description":"Agencia de publicidad, comunicaci\u00f3n y marketing en C\u00e1ceres \u2022 Extremadura","potentialAction":[{"@type":"SearchAction","target":{"@type":"EntryPoint","urlTemplate":"https:\/\/www.creaerte.com\/live\/?s={search_term_string}"},"query-input":{"@type":"PropertyValueSpecification","valueRequired":true,"valueName":"search_term_string"}}],"inLanguage":"es"},{"@type":"Person","@id":"https:\/\/www.creaerte.com\/live\/#\/schema\/person\/acc9e93c6216bce2d569b1f0a99607f6","name":"admin","image":{"@type":"ImageObject","inLanguage":"es","@id":"https:\/\/www.creaerte.com\/live\/#\/schema\/person\/image\/","url":"https:\/\/secure.gravatar.com\/avatar\/736f9ff6dd176e443e4c9cf884b23352631c533b611f216dbc09fc84cda6e67c?s=96&d=mm&r=g","contentUrl":"https:\/\/secure.gravatar.com\/avatar\/736f9ff6dd176e443e4c9cf884b23352631c533b611f216dbc09fc84cda6e67c?s=96&d=mm&r=g","caption":"admin"},"url":"https:\/\/www.creaerte.com\/live\/author\/admin\/"}]}},"_links":{"self":[{"href":"https:\/\/www.creaerte.com\/live\/wp-json\/wp\/v2\/posts\/22708","targetHints":{"allow":["GET"]}}],"collection":[{"href":"https:\/\/www.creaerte.com\/live\/wp-json\/wp\/v2\/posts"}],"about":[{"href":"https:\/\/www.creaerte.com\/live\/wp-json\/wp\/v2\/types\/post"}],"author":[{"embeddable":true,"href":"https:\/\/www.creaerte.com\/live\/wp-json\/wp\/v2\/users\/1"}],"replies":[{"embeddable":true,"href":"https:\/\/www.creaerte.com\/live\/wp-json\/wp\/v2\/comments?post=22708"}],"version-history":[{"count":2,"href":"https:\/\/www.creaerte.com\/live\/wp-json\/wp\/v2\/posts\/22708\/revisions"}],"predecessor-version":[{"id":22712,"href":"https:\/\/www.creaerte.com\/live\/wp-json\/wp\/v2\/posts\/22708\/revisions\/22712"}],"wp:featuredmedia":[{"embeddable":true,"href":"https:\/\/www.creaerte.com\/live\/wp-json\/wp\/v2\/media\/22709"}],"wp:attachment":[{"href":"https:\/\/www.creaerte.com\/live\/wp-json\/wp\/v2\/media?parent=22708"}],"wp:term":[{"taxonomy":"category","embeddable":true,"href":"https:\/\/www.creaerte.com\/live\/wp-json\/wp\/v2\/categories?post=22708"},{"taxonomy":"post_tag","embeddable":true,"href":"https:\/\/www.creaerte.com\/live\/wp-json\/wp\/v2\/tags?post=22708"}],"curies":[{"name":"wp","href":"https:\/\/api.w.org\/{rel}","templated":true}]}}