{"id":23240,"date":"2018-01-26T14:28:34","date_gmt":"2018-01-26T13:28:34","guid":{"rendered":"http:\/\/www.creaerte.com\/live\/?p=23240"},"modified":"2018-01-29T13:43:37","modified_gmt":"2018-01-29T12:43:37","slug":"marketing-rojo-negro-blanco","status":"publish","type":"post","link":"https:\/\/www.creaerte.com\/live\/marketing-rojo-negro-blanco\/","title":{"rendered":"Marketing rojo, negro y blanco"},"content":{"rendered":"<p>Hoy celebramos el\u00a0<strong>cumplea\u00f1os<\/strong>\u00a0del\u00a0<strong>maestro de las seis cuerdas Edward Lodewijk Van Halen<\/strong>,\u00a0<strong>Eddie<\/strong>\u00a0para los amigos, que tal d\u00eda como hoy en 1955 nac\u00eda en los\u00a0<strong>Pa\u00edses Bajos<\/strong>. Sin embargo despu\u00e9s se trasladar\u00eda con su familia a\u00a0<strong>California<\/strong>, donde, junto a\u00a0<strong>su hermano Alex<\/strong>, fue concertista de\u00a0<strong>piano<\/strong>\u00a0durante varios a\u00f1os. Con el tiempo tambi\u00e9n se interesaron por\u00a0<strong>otros instrumentos<\/strong>, gracias a la incentivaci\u00f3n de\u00a0<strong>su padre<\/strong>,<strong>\u00a0<\/strong><strong>Jan Van Halen<\/strong>, m\u00fasico de\u00a0<strong>jazz<\/strong>. La casualidad hizo que Eddie tocara en un principio la\u00a0<strong>bater\u00eda<\/strong><strong>\u00a0<\/strong>y su hermano la <strong>guitarra<\/strong>, pero m\u00e1s tarde <strong>se intercambiaron los papeles<\/strong>.<\/p>\n<p>Eddie comenz\u00f3 a tocar con un\u00a0<strong>estilo propio<\/strong>, desarrollando\u00a0<strong>t\u00e9cnicas \u00fanicas<\/strong>, su\u00a0<strong>propio sonido<\/strong><strong>\u00a0<\/strong>(llamado\u00a0<em><strong>Brown Sound<\/strong><\/em>) y llegando a fabricarse\u00a0<strong>su propio modelo de guitarra<\/strong>, la\u00a0<a href=\"https:\/\/es.wikipedia.org\/wiki\/Frankenstrat\"><em><strong>Frankenstrat<\/strong><\/em><\/a>. Esta, en su tercera versi\u00f3n de color, tras el\u00a0<strong>negro sobre blanco<\/strong>\u00a0y el\u00a0<strong>amarillo sobre negro<\/strong>, se convirti\u00f3 en uno de los\u00a0<strong>dise\u00f1os gr\u00e1ficos m\u00e1s reconocibles de la historia del Rock&amp;Roll<\/strong>. Con sus l\u00edneas aleatorias, presentadas en distintas capas con el\u00a0<strong>esquema de rojo<\/strong>,\u00a0<strong>blanco y negro<\/strong>\u00a0es\u00a0<strong>inconfundible<\/strong>. Casi todo su\u00a0<strong>merchandising<\/strong><strong>\u00a0<\/strong>tiene este patr\u00f3n, incluso ha tenido pleitos con empresas como\u00a0<strong>NIKE<\/strong>\u00a0por simular su dise\u00f1o, sin permiso, en un modelo de zapatillas, existiendo ya unas <strong>Converse<\/strong><strong>\u00a0<\/strong>oficiales as\u00ed.<\/p>\n<p>En el <strong>dise\u00f1o industrial<\/strong>, Van Halen cre\u00f3 un modelo \u00fanico de guitarra que buscaba unir\u00a0<strong>lo mejor de Gibson y Fender<\/strong>\u00a0<strong>en un solo instrumento<\/strong>\u00a0con puente flotante. Su contribuci\u00f3n a este sistema es notable y ha desarrollado incluso\u00a0<strong>patentes propias<\/strong>. Siempre le afect\u00f3 mucho que quisieran<strong>\u00a0<\/strong><strong>copiar su guitarra <\/strong>e instalaba dispositivos que en realidad no funcionaban, como pastillas y selectores extra, para despistar. Existen <strong>infinidad de marcas<\/strong>\u00a0que tienen\u00a0<strong>modelos similares a la original<\/strong>\u00a0o\u00a0<strong>modelos<\/strong><strong>\u00a0<\/strong><em><strong>signature<\/strong><\/em><strong>\u00a0<\/strong><strong>dise\u00f1ados por y para \u00e9l<\/strong>.<\/p>\n<p>En cuanto al\u00a0<strong>dise\u00f1o gr\u00e1fico<\/strong>, su patr\u00f3n de colores es f\u00e1cilmente reconocible y existe\u00a0<strong>todo tipo de <\/strong><a href=\"http:\/\/www.vanhalenstore.com\/page\/VH\/CTGY\/STRIPEDITEMS\"><strong>merchandising<\/strong><\/a>\u00a0con \u00e9l.<\/p>\n<p>A nivel de\u00a0<strong>marketing,<\/strong><strong>\u00a0<\/strong>estampar cualquier objeto con ese patr\u00f3n es un valor seguro. Al principio tuvieron problemas con el nombre de la banda,\u00a0<strong>Mammoth<\/strong>, pues estaba registrado, pero acertaron al\u00a0<strong>renombrar al grupo<\/strong>\u00a0con el apellido de los hermanos,\u00a0<strong>f\u00e1cil de pronunciar<\/strong>\u00a0y suficientemente <strong>ex\u00f3tico<\/strong>\u00a0para\u00a0<strong>triunfar en el mercado americano<\/strong>.<\/p>\n<p>\u201cNunca sabes cuando te puede venir la inspiraci\u00f3n\u201d<\/p>\n<p><iframe src=\"https:\/\/www.youtube.com\/embed\/ONdavn8adRQ\" width=\"817\" height=\"468\" frameborder=\"0\" allowfullscreen=\"allowfullscreen\"><\/iframe><\/p>\n","protected":false},"excerpt":{"rendered":"<p>Hoy celebramos el\u00a0cumplea\u00f1os\u00a0del\u00a0maestro de las seis cuerdas Edward Lodewijk Van Halen,\u00a0Eddie\u00a0para los amigos, que tal d\u00eda como hoy en 1955 nac\u00eda en los\u00a0Pa\u00edses Bajos. Sin embargo despu\u00e9s se trasladar\u00eda con su familia a\u00a0California, donde, junto a\u00a0su hermano Alex, fue concertista de\u00a0piano\u00a0durante varios a\u00f1os. Con el tiempo tambi\u00e9n se interesaron por\u00a0otros instrumentos, gracias a la incentivaci\u00f3n de\u00a0su padre,\u00a0Jan Van Halen, m\u00fasico&#8230;<\/p>\n","protected":false},"author":1,"featured_media":23241,"comment_status":"open","ping_status":"open","sticky":false,"template":"","format":"standard","meta":{"footnotes":""},"categories":[1345,362,88,1350,1147,1353,10,1104,1346],"tags":[],"class_list":["post-23240","post","type-post","status-publish","format-standard","has-post-thumbnail","hentry","category-audiovisual","category-branded-content","category-comunicacion","category-creatividad","category-internet-2","category-musica-y-publicidad","category-noticias","category-social-media-2","category-youtube","has_thumb"],"yoast_head":"<!-- This site is optimized with the Yoast SEO plugin v26.9 - https:\/\/yoast.com\/product\/yoast-seo-wordpress\/ -->\n<title>Marketing rojo, negro y blanco - creaerte.com<\/title>\n<meta name=\"robots\" content=\"index, follow, max-snippet:-1, max-image-preview:large, max-video-preview:-1\" \/>\n<link rel=\"canonical\" href=\"https:\/\/www.creaerte.com\/live\/marketing-rojo-negro-blanco\/\" \/>\n<meta property=\"og:locale\" content=\"es_ES\" \/>\n<meta property=\"og:type\" content=\"article\" \/>\n<meta property=\"og:title\" content=\"Marketing rojo, negro y blanco - creaerte.com\" \/>\n<meta property=\"og:description\" content=\"Hoy celebramos el\u00a0cumplea\u00f1os\u00a0del\u00a0maestro de las seis cuerdas Edward Lodewijk Van Halen,\u00a0Eddie\u00a0para los amigos, que tal d\u00eda como hoy en 1955 nac\u00eda en los\u00a0Pa\u00edses Bajos. Sin embargo despu\u00e9s se trasladar\u00eda con su familia a\u00a0California, donde, junto a\u00a0su hermano Alex, fue concertista de\u00a0piano\u00a0durante varios a\u00f1os. Con el tiempo tambi\u00e9n se interesaron por\u00a0otros instrumentos, gracias a la incentivaci\u00f3n de\u00a0su padre,\u00a0Jan Van Halen, m\u00fasico...\" \/>\n<meta property=\"og:url\" content=\"https:\/\/www.creaerte.com\/live\/marketing-rojo-negro-blanco\/\" \/>\n<meta property=\"og:site_name\" content=\"creaerte.com\" \/>\n<meta property=\"article:publisher\" content=\"https:\/\/www.facebook.com\/creaerte\" \/>\n<meta property=\"article:published_time\" content=\"2018-01-26T13:28:34+00:00\" \/>\n<meta property=\"article:modified_time\" content=\"2018-01-29T12:43:37+00:00\" \/>\n<meta property=\"og:image\" content=\"https:\/\/www.creaerte.com\/live\/wp-content\/uploads\/2018\/01\/180126_VanHalen.jpg\" \/>\n\t<meta property=\"og:image:width\" content=\"1024\" \/>\n\t<meta property=\"og:image:height\" content=\"678\" \/>\n\t<meta property=\"og:image:type\" content=\"image\/jpeg\" \/>\n<meta name=\"author\" content=\"admin\" \/>\n<meta name=\"twitter:card\" content=\"summary_large_image\" \/>\n<meta name=\"twitter:creator\" content=\"@Creaerte\" \/>\n<meta name=\"twitter:site\" content=\"@Creaerte\" \/>\n<meta name=\"twitter:label1\" content=\"Escrito por\" \/>\n\t<meta name=\"twitter:data1\" content=\"admin\" \/>\n\t<meta name=\"twitter:label2\" content=\"Tiempo de lectura\" \/>\n\t<meta name=\"twitter:data2\" content=\"2 minutos\" \/>\n<script type=\"application\/ld+json\" class=\"yoast-schema-graph\">{\"@context\":\"https:\/\/schema.org\",\"@graph\":[{\"@type\":\"Article\",\"@id\":\"https:\/\/www.creaerte.com\/live\/marketing-rojo-negro-blanco\/#article\",\"isPartOf\":{\"@id\":\"https:\/\/www.creaerte.com\/live\/marketing-rojo-negro-blanco\/\"},\"author\":{\"name\":\"admin\",\"@id\":\"https:\/\/www.creaerte.com\/live\/#\/schema\/person\/acc9e93c6216bce2d569b1f0a99607f6\"},\"headline\":\"Marketing rojo, negro y blanco\",\"datePublished\":\"2018-01-26T13:28:34+00:00\",\"dateModified\":\"2018-01-29T12:43:37+00:00\",\"mainEntityOfPage\":{\"@id\":\"https:\/\/www.creaerte.com\/live\/marketing-rojo-negro-blanco\/\"},\"wordCount\":409,\"commentCount\":0,\"image\":{\"@id\":\"https:\/\/www.creaerte.com\/live\/marketing-rojo-negro-blanco\/#primaryimage\"},\"thumbnailUrl\":\"https:\/\/www.creaerte.com\/live\/wp-content\/uploads\/2018\/01\/180126_VanHalen.jpg\",\"articleSection\":[\"Audiovisual\",\"branded content\",\"comunicaci\u00f3n\",\"creatividad\",\"Internet\",\"M\u00fasica y publicidad\",\"Noticias\",\"Social Media\",\"Youtube\"],\"inLanguage\":\"es\",\"potentialAction\":[{\"@type\":\"CommentAction\",\"name\":\"Comment\",\"target\":[\"https:\/\/www.creaerte.com\/live\/marketing-rojo-negro-blanco\/#respond\"]}]},{\"@type\":\"WebPage\",\"@id\":\"https:\/\/www.creaerte.com\/live\/marketing-rojo-negro-blanco\/\",\"url\":\"https:\/\/www.creaerte.com\/live\/marketing-rojo-negro-blanco\/\",\"name\":\"Marketing rojo, negro y blanco - creaerte.com\",\"isPartOf\":{\"@id\":\"https:\/\/www.creaerte.com\/live\/#website\"},\"primaryImageOfPage\":{\"@id\":\"https:\/\/www.creaerte.com\/live\/marketing-rojo-negro-blanco\/#primaryimage\"},\"image\":{\"@id\":\"https:\/\/www.creaerte.com\/live\/marketing-rojo-negro-blanco\/#primaryimage\"},\"thumbnailUrl\":\"https:\/\/www.creaerte.com\/live\/wp-content\/uploads\/2018\/01\/180126_VanHalen.jpg\",\"datePublished\":\"2018-01-26T13:28:34+00:00\",\"dateModified\":\"2018-01-29T12:43:37+00:00\",\"author\":{\"@id\":\"https:\/\/www.creaerte.com\/live\/#\/schema\/person\/acc9e93c6216bce2d569b1f0a99607f6\"},\"inLanguage\":\"es\",\"potentialAction\":[{\"@type\":\"ReadAction\",\"target\":[\"https:\/\/www.creaerte.com\/live\/marketing-rojo-negro-blanco\/\"]}]},{\"@type\":\"ImageObject\",\"inLanguage\":\"es\",\"@id\":\"https:\/\/www.creaerte.com\/live\/marketing-rojo-negro-blanco\/#primaryimage\",\"url\":\"https:\/\/www.creaerte.com\/live\/wp-content\/uploads\/2018\/01\/180126_VanHalen.jpg\",\"contentUrl\":\"https:\/\/www.creaerte.com\/live\/wp-content\/uploads\/2018\/01\/180126_VanHalen.jpg\",\"width\":1024,\"height\":678},{\"@type\":\"WebSite\",\"@id\":\"https:\/\/www.creaerte.com\/live\/#website\",\"url\":\"https:\/\/www.creaerte.com\/live\/\",\"name\":\"creaerte.com\",\"description\":\"Agencia de publicidad, comunicaci\u00f3n y marketing en C\u00e1ceres \u2022 Extremadura\",\"potentialAction\":[{\"@type\":\"SearchAction\",\"target\":{\"@type\":\"EntryPoint\",\"urlTemplate\":\"https:\/\/www.creaerte.com\/live\/?s={search_term_string}\"},\"query-input\":{\"@type\":\"PropertyValueSpecification\",\"valueRequired\":true,\"valueName\":\"search_term_string\"}}],\"inLanguage\":\"es\"},{\"@type\":\"Person\",\"@id\":\"https:\/\/www.creaerte.com\/live\/#\/schema\/person\/acc9e93c6216bce2d569b1f0a99607f6\",\"name\":\"admin\",\"image\":{\"@type\":\"ImageObject\",\"inLanguage\":\"es\",\"@id\":\"https:\/\/www.creaerte.com\/live\/#\/schema\/person\/image\/\",\"url\":\"https:\/\/secure.gravatar.com\/avatar\/736f9ff6dd176e443e4c9cf884b23352631c533b611f216dbc09fc84cda6e67c?s=96&d=mm&r=g\",\"contentUrl\":\"https:\/\/secure.gravatar.com\/avatar\/736f9ff6dd176e443e4c9cf884b23352631c533b611f216dbc09fc84cda6e67c?s=96&d=mm&r=g\",\"caption\":\"admin\"},\"url\":\"https:\/\/www.creaerte.com\/live\/author\/admin\/\"}]}<\/script>\n<!-- \/ Yoast SEO plugin. -->","yoast_head_json":{"title":"Marketing rojo, negro y blanco - creaerte.com","robots":{"index":"index","follow":"follow","max-snippet":"max-snippet:-1","max-image-preview":"max-image-preview:large","max-video-preview":"max-video-preview:-1"},"canonical":"https:\/\/www.creaerte.com\/live\/marketing-rojo-negro-blanco\/","og_locale":"es_ES","og_type":"article","og_title":"Marketing rojo, negro y blanco - creaerte.com","og_description":"Hoy celebramos el\u00a0cumplea\u00f1os\u00a0del\u00a0maestro de las seis cuerdas Edward Lodewijk Van Halen,\u00a0Eddie\u00a0para los amigos, que tal d\u00eda como hoy en 1955 nac\u00eda en los\u00a0Pa\u00edses Bajos. Sin embargo despu\u00e9s se trasladar\u00eda con su familia a\u00a0California, donde, junto a\u00a0su hermano Alex, fue concertista de\u00a0piano\u00a0durante varios a\u00f1os. Con el tiempo tambi\u00e9n se interesaron por\u00a0otros instrumentos, gracias a la incentivaci\u00f3n de\u00a0su padre,\u00a0Jan Van Halen, m\u00fasico...","og_url":"https:\/\/www.creaerte.com\/live\/marketing-rojo-negro-blanco\/","og_site_name":"creaerte.com","article_publisher":"https:\/\/www.facebook.com\/creaerte","article_published_time":"2018-01-26T13:28:34+00:00","article_modified_time":"2018-01-29T12:43:37+00:00","og_image":[{"width":1024,"height":678,"url":"https:\/\/www.creaerte.com\/live\/wp-content\/uploads\/2018\/01\/180126_VanHalen.jpg","type":"image\/jpeg"}],"author":"admin","twitter_card":"summary_large_image","twitter_creator":"@Creaerte","twitter_site":"@Creaerte","twitter_misc":{"Escrito por":"admin","Tiempo de lectura":"2 minutos"},"schema":{"@context":"https:\/\/schema.org","@graph":[{"@type":"Article","@id":"https:\/\/www.creaerte.com\/live\/marketing-rojo-negro-blanco\/#article","isPartOf":{"@id":"https:\/\/www.creaerte.com\/live\/marketing-rojo-negro-blanco\/"},"author":{"name":"admin","@id":"https:\/\/www.creaerte.com\/live\/#\/schema\/person\/acc9e93c6216bce2d569b1f0a99607f6"},"headline":"Marketing rojo, negro y blanco","datePublished":"2018-01-26T13:28:34+00:00","dateModified":"2018-01-29T12:43:37+00:00","mainEntityOfPage":{"@id":"https:\/\/www.creaerte.com\/live\/marketing-rojo-negro-blanco\/"},"wordCount":409,"commentCount":0,"image":{"@id":"https:\/\/www.creaerte.com\/live\/marketing-rojo-negro-blanco\/#primaryimage"},"thumbnailUrl":"https:\/\/www.creaerte.com\/live\/wp-content\/uploads\/2018\/01\/180126_VanHalen.jpg","articleSection":["Audiovisual","branded content","comunicaci\u00f3n","creatividad","Internet","M\u00fasica y publicidad","Noticias","Social Media","Youtube"],"inLanguage":"es","potentialAction":[{"@type":"CommentAction","name":"Comment","target":["https:\/\/www.creaerte.com\/live\/marketing-rojo-negro-blanco\/#respond"]}]},{"@type":"WebPage","@id":"https:\/\/www.creaerte.com\/live\/marketing-rojo-negro-blanco\/","url":"https:\/\/www.creaerte.com\/live\/marketing-rojo-negro-blanco\/","name":"Marketing rojo, negro y blanco - creaerte.com","isPartOf":{"@id":"https:\/\/www.creaerte.com\/live\/#website"},"primaryImageOfPage":{"@id":"https:\/\/www.creaerte.com\/live\/marketing-rojo-negro-blanco\/#primaryimage"},"image":{"@id":"https:\/\/www.creaerte.com\/live\/marketing-rojo-negro-blanco\/#primaryimage"},"thumbnailUrl":"https:\/\/www.creaerte.com\/live\/wp-content\/uploads\/2018\/01\/180126_VanHalen.jpg","datePublished":"2018-01-26T13:28:34+00:00","dateModified":"2018-01-29T12:43:37+00:00","author":{"@id":"https:\/\/www.creaerte.com\/live\/#\/schema\/person\/acc9e93c6216bce2d569b1f0a99607f6"},"inLanguage":"es","potentialAction":[{"@type":"ReadAction","target":["https:\/\/www.creaerte.com\/live\/marketing-rojo-negro-blanco\/"]}]},{"@type":"ImageObject","inLanguage":"es","@id":"https:\/\/www.creaerte.com\/live\/marketing-rojo-negro-blanco\/#primaryimage","url":"https:\/\/www.creaerte.com\/live\/wp-content\/uploads\/2018\/01\/180126_VanHalen.jpg","contentUrl":"https:\/\/www.creaerte.com\/live\/wp-content\/uploads\/2018\/01\/180126_VanHalen.jpg","width":1024,"height":678},{"@type":"WebSite","@id":"https:\/\/www.creaerte.com\/live\/#website","url":"https:\/\/www.creaerte.com\/live\/","name":"creaerte.com","description":"Agencia de publicidad, comunicaci\u00f3n y marketing en C\u00e1ceres \u2022 Extremadura","potentialAction":[{"@type":"SearchAction","target":{"@type":"EntryPoint","urlTemplate":"https:\/\/www.creaerte.com\/live\/?s={search_term_string}"},"query-input":{"@type":"PropertyValueSpecification","valueRequired":true,"valueName":"search_term_string"}}],"inLanguage":"es"},{"@type":"Person","@id":"https:\/\/www.creaerte.com\/live\/#\/schema\/person\/acc9e93c6216bce2d569b1f0a99607f6","name":"admin","image":{"@type":"ImageObject","inLanguage":"es","@id":"https:\/\/www.creaerte.com\/live\/#\/schema\/person\/image\/","url":"https:\/\/secure.gravatar.com\/avatar\/736f9ff6dd176e443e4c9cf884b23352631c533b611f216dbc09fc84cda6e67c?s=96&d=mm&r=g","contentUrl":"https:\/\/secure.gravatar.com\/avatar\/736f9ff6dd176e443e4c9cf884b23352631c533b611f216dbc09fc84cda6e67c?s=96&d=mm&r=g","caption":"admin"},"url":"https:\/\/www.creaerte.com\/live\/author\/admin\/"}]}},"_links":{"self":[{"href":"https:\/\/www.creaerte.com\/live\/wp-json\/wp\/v2\/posts\/23240","targetHints":{"allow":["GET"]}}],"collection":[{"href":"https:\/\/www.creaerte.com\/live\/wp-json\/wp\/v2\/posts"}],"about":[{"href":"https:\/\/www.creaerte.com\/live\/wp-json\/wp\/v2\/types\/post"}],"author":[{"embeddable":true,"href":"https:\/\/www.creaerte.com\/live\/wp-json\/wp\/v2\/users\/1"}],"replies":[{"embeddable":true,"href":"https:\/\/www.creaerte.com\/live\/wp-json\/wp\/v2\/comments?post=23240"}],"version-history":[{"count":8,"href":"https:\/\/www.creaerte.com\/live\/wp-json\/wp\/v2\/posts\/23240\/revisions"}],"predecessor-version":[{"id":23253,"href":"https:\/\/www.creaerte.com\/live\/wp-json\/wp\/v2\/posts\/23240\/revisions\/23253"}],"wp:featuredmedia":[{"embeddable":true,"href":"https:\/\/www.creaerte.com\/live\/wp-json\/wp\/v2\/media\/23241"}],"wp:attachment":[{"href":"https:\/\/www.creaerte.com\/live\/wp-json\/wp\/v2\/media?parent=23240"}],"wp:term":[{"taxonomy":"category","embeddable":true,"href":"https:\/\/www.creaerte.com\/live\/wp-json\/wp\/v2\/categories?post=23240"},{"taxonomy":"post_tag","embeddable":true,"href":"https:\/\/www.creaerte.com\/live\/wp-json\/wp\/v2\/tags?post=23240"}],"curies":[{"name":"wp","href":"https:\/\/api.w.org\/{rel}","templated":true}]}}