{"id":2378,"date":"2011-07-04T09:10:06","date_gmt":"2011-07-04T08:10:06","guid":{"rendered":"http:\/\/creaerte.com\/live\/?p=2378"},"modified":"2012-10-22T16:36:21","modified_gmt":"2012-10-22T15:36:21","slug":"humor-en-las-vallas-publicitarias","status":"publish","type":"post","link":"https:\/\/www.creaerte.com\/live\/humor-en-las-vallas-publicitarias\/","title":{"rendered":"Humor en las vallas publicitarias"},"content":{"rendered":"<p>De nuevo el humor se al\u00eda con la publicidad, que no est\u00e1 mal para empezar la semana, en este caso os traemos im\u00e1genes de lo que se est\u00e1 haciendo por el mundo en un \u00e1rea muy concreta: las vallas publicitarias, un soporte f\u00edsico habitualmente en 2D. <\/p>\n<p>Pero antes de que ech\u00e9is un ojo, hay que recordar el caso del Toro de Osborne, que consigui\u00f3 el indulto y hoy d\u00eda decora el paisaje de las carreteras espa\u00f1olas. <\/p>\n<p><a href=\"http:\/\/creaerte.com\/live\/wp-content\/uploads\/2011\/07\/panasonic-hair-nose-trimmer-baldy-small-99862.jpg\"><img fetchpriority=\"high\" decoding=\"async\" src=\"http:\/\/creaerte.com\/live\/wp-content\/uploads\/2011\/07\/panasonic-hair-nose-trimmer-baldy-small-99862.jpg\" alt=\"panasonic-hair-nose-trimmer-baldy-small-99862\" title=\"panasonic-hair-nose-trimmer-baldy-small-99862\" width=\"450\" height=\"209\" class=\"aligncenter size-full wp-image-2384\" srcset=\"https:\/\/www.creaerte.com\/live\/wp-content\/uploads\/2011\/07\/panasonic-hair-nose-trimmer-baldy-small-99862.jpg 450w, https:\/\/www.creaerte.com\/live\/wp-content\/uploads\/2011\/07\/panasonic-hair-nose-trimmer-baldy-small-99862-384x178.jpg 384w\" sizes=\"(max-width: 450px) 100vw, 450px\" \/><\/a><\/p>\n<p><a href=\"http:\/\/creaerte.com\/live\/wp-content\/uploads\/2011\/07\/law-and-order.jpg\"><img decoding=\"async\" src=\"http:\/\/creaerte.com\/live\/wp-content\/uploads\/2011\/07\/law-and-order.jpg\" alt=\"law-and-order\" title=\"law-and-order\" width=\"450\" height=\"312\" class=\"aligncenter size-full wp-image-2380\" srcset=\"https:\/\/www.creaerte.com\/live\/wp-content\/uploads\/2011\/07\/law-and-order.jpg 450w, https:\/\/www.creaerte.com\/live\/wp-content\/uploads\/2011\/07\/law-and-order-384x266.jpg 384w\" sizes=\"(max-width: 450px) 100vw, 450px\" \/><\/a><\/p>\n<p><a href=\"http:\/\/creaerte.com\/live\/wp-content\/uploads\/2011\/07\/Ikea.jpg\"><img decoding=\"async\" src=\"http:\/\/creaerte.com\/live\/wp-content\/uploads\/2011\/07\/Ikea.jpg\" alt=\"Ikea\" title=\"Ikea\" width=\"450\" height=\"323\" class=\"aligncenter size-full wp-image-2381\" srcset=\"https:\/\/www.creaerte.com\/live\/wp-content\/uploads\/2011\/07\/Ikea.jpg 450w, https:\/\/www.creaerte.com\/live\/wp-content\/uploads\/2011\/07\/Ikea-384x276.jpg 384w\" sizes=\"(max-width: 450px) 100vw, 450px\" \/><\/a><\/p>\n<p><a href=\"http:\/\/creaerte.com\/live\/wp-content\/uploads\/2011\/07\/Adidas.jpg\"><img decoding=\"async\" src=\"http:\/\/creaerte.com\/live\/wp-content\/uploads\/2011\/07\/Adidas.jpg\" alt=\"Adidas\" title=\"Adidas\" class=\"aligncenter size-full wp-image-2382\" \/><\/a><\/p>\n","protected":false},"excerpt":{"rendered":"<p>De nuevo el humor se al\u00eda con la publicidad, que no est\u00e1 mal para empezar la semana, en este caso os traemos im\u00e1genes de lo que se est\u00e1 haciendo por el mundo en un \u00e1rea muy concreta: las vallas publicitarias, un soporte f\u00edsico habitualmente en 2D. Pero antes de que ech\u00e9is un ojo, hay que recordar el caso del Toro&#8230;<\/p>\n","protected":false},"author":1,"featured_media":0,"comment_status":"open","ping_status":"open","sticky":false,"template":"","format":"standard","meta":{"footnotes":""},"categories":[10],"tags":[6,108],"class_list":["post-2378","post","type-post","status-publish","format-standard","hentry","category-noticias","tag-publicidad","tag-vallas","has_thumb"],"yoast_head":"<!-- This site is optimized with the Yoast SEO plugin v26.9 - https:\/\/yoast.com\/product\/yoast-seo-wordpress\/ -->\n<title>Humor en las vallas publicitarias - creaerte.com<\/title>\n<meta name=\"robots\" content=\"index, follow, max-snippet:-1, max-image-preview:large, max-video-preview:-1\" \/>\n<link rel=\"canonical\" href=\"https:\/\/www.creaerte.com\/live\/humor-en-las-vallas-publicitarias\/\" \/>\n<meta property=\"og:locale\" content=\"es_ES\" \/>\n<meta property=\"og:type\" content=\"article\" \/>\n<meta property=\"og:title\" content=\"Humor en las vallas publicitarias - creaerte.com\" \/>\n<meta property=\"og:description\" content=\"De nuevo el humor se al\u00eda con la publicidad, que no est\u00e1 mal para empezar la semana, en este caso os traemos im\u00e1genes de lo que se est\u00e1 haciendo por el mundo en un \u00e1rea muy concreta: las vallas publicitarias, un soporte f\u00edsico habitualmente en 2D. Pero antes de que ech\u00e9is un ojo, hay que recordar el caso del Toro...\" \/>\n<meta property=\"og:url\" content=\"https:\/\/www.creaerte.com\/live\/humor-en-las-vallas-publicitarias\/\" \/>\n<meta property=\"og:site_name\" content=\"creaerte.com\" \/>\n<meta property=\"article:publisher\" content=\"https:\/\/www.facebook.com\/creaerte\" \/>\n<meta property=\"article:published_time\" content=\"2011-07-04T08:10:06+00:00\" \/>\n<meta property=\"article:modified_time\" content=\"2012-10-22T15:36:21+00:00\" \/>\n<meta property=\"og:image\" content=\"https:\/\/www.creaerte.com\/live\/wp-content\/uploads\/2011\/07\/panasonic-hair-nose-trimmer-baldy-small-99862.jpg\" \/>\n\t<meta property=\"og:image:width\" content=\"450\" \/>\n\t<meta property=\"og:image:height\" content=\"209\" \/>\n\t<meta property=\"og:image:type\" content=\"image\/jpeg\" \/>\n<meta name=\"author\" content=\"admin\" \/>\n<meta name=\"twitter:card\" content=\"summary_large_image\" \/>\n<meta name=\"twitter:creator\" content=\"@Creaerte\" \/>\n<meta name=\"twitter:site\" content=\"@Creaerte\" \/>\n<meta name=\"twitter:label1\" content=\"Escrito por\" \/>\n\t<meta name=\"twitter:data1\" content=\"admin\" \/>\n<script type=\"application\/ld+json\" class=\"yoast-schema-graph\">{\"@context\":\"https:\/\/schema.org\",\"@graph\":[{\"@type\":\"Article\",\"@id\":\"https:\/\/www.creaerte.com\/live\/humor-en-las-vallas-publicitarias\/#article\",\"isPartOf\":{\"@id\":\"https:\/\/www.creaerte.com\/live\/humor-en-las-vallas-publicitarias\/\"},\"author\":{\"name\":\"admin\",\"@id\":\"https:\/\/www.creaerte.com\/live\/#\/schema\/person\/acc9e93c6216bce2d569b1f0a99607f6\"},\"headline\":\"Humor en las vallas publicitarias\",\"datePublished\":\"2011-07-04T08:10:06+00:00\",\"dateModified\":\"2012-10-22T15:36:21+00:00\",\"mainEntityOfPage\":{\"@id\":\"https:\/\/www.creaerte.com\/live\/humor-en-las-vallas-publicitarias\/\"},\"wordCount\":87,\"commentCount\":0,\"image\":{\"@id\":\"https:\/\/www.creaerte.com\/live\/humor-en-las-vallas-publicitarias\/#primaryimage\"},\"thumbnailUrl\":\"http:\/\/creaerte.com\/live\/wp-content\/uploads\/2011\/07\/panasonic-hair-nose-trimmer-baldy-small-99862.jpg\",\"keywords\":[\"publicidad\",\"vallas\"],\"articleSection\":[\"Noticias\"],\"inLanguage\":\"es\",\"potentialAction\":[{\"@type\":\"CommentAction\",\"name\":\"Comment\",\"target\":[\"https:\/\/www.creaerte.com\/live\/humor-en-las-vallas-publicitarias\/#respond\"]}]},{\"@type\":\"WebPage\",\"@id\":\"https:\/\/www.creaerte.com\/live\/humor-en-las-vallas-publicitarias\/\",\"url\":\"https:\/\/www.creaerte.com\/live\/humor-en-las-vallas-publicitarias\/\",\"name\":\"Humor en las vallas publicitarias - creaerte.com\",\"isPartOf\":{\"@id\":\"https:\/\/www.creaerte.com\/live\/#website\"},\"primaryImageOfPage\":{\"@id\":\"https:\/\/www.creaerte.com\/live\/humor-en-las-vallas-publicitarias\/#primaryimage\"},\"image\":{\"@id\":\"https:\/\/www.creaerte.com\/live\/humor-en-las-vallas-publicitarias\/#primaryimage\"},\"thumbnailUrl\":\"http:\/\/creaerte.com\/live\/wp-content\/uploads\/2011\/07\/panasonic-hair-nose-trimmer-baldy-small-99862.jpg\",\"datePublished\":\"2011-07-04T08:10:06+00:00\",\"dateModified\":\"2012-10-22T15:36:21+00:00\",\"author\":{\"@id\":\"https:\/\/www.creaerte.com\/live\/#\/schema\/person\/acc9e93c6216bce2d569b1f0a99607f6\"},\"inLanguage\":\"es\",\"potentialAction\":[{\"@type\":\"ReadAction\",\"target\":[\"https:\/\/www.creaerte.com\/live\/humor-en-las-vallas-publicitarias\/\"]}]},{\"@type\":\"ImageObject\",\"inLanguage\":\"es\",\"@id\":\"https:\/\/www.creaerte.com\/live\/humor-en-las-vallas-publicitarias\/#primaryimage\",\"url\":\"http:\/\/creaerte.com\/live\/wp-content\/uploads\/2011\/07\/panasonic-hair-nose-trimmer-baldy-small-99862.jpg\",\"contentUrl\":\"http:\/\/creaerte.com\/live\/wp-content\/uploads\/2011\/07\/panasonic-hair-nose-trimmer-baldy-small-99862.jpg\"},{\"@type\":\"WebSite\",\"@id\":\"https:\/\/www.creaerte.com\/live\/#website\",\"url\":\"https:\/\/www.creaerte.com\/live\/\",\"name\":\"creaerte.com\",\"description\":\"Agencia de publicidad, comunicaci\u00f3n y marketing en C\u00e1ceres \u2022 Extremadura\",\"potentialAction\":[{\"@type\":\"SearchAction\",\"target\":{\"@type\":\"EntryPoint\",\"urlTemplate\":\"https:\/\/www.creaerte.com\/live\/?s={search_term_string}\"},\"query-input\":{\"@type\":\"PropertyValueSpecification\",\"valueRequired\":true,\"valueName\":\"search_term_string\"}}],\"inLanguage\":\"es\"},{\"@type\":\"Person\",\"@id\":\"https:\/\/www.creaerte.com\/live\/#\/schema\/person\/acc9e93c6216bce2d569b1f0a99607f6\",\"name\":\"admin\",\"image\":{\"@type\":\"ImageObject\",\"inLanguage\":\"es\",\"@id\":\"https:\/\/www.creaerte.com\/live\/#\/schema\/person\/image\/\",\"url\":\"https:\/\/secure.gravatar.com\/avatar\/736f9ff6dd176e443e4c9cf884b23352631c533b611f216dbc09fc84cda6e67c?s=96&d=mm&r=g\",\"contentUrl\":\"https:\/\/secure.gravatar.com\/avatar\/736f9ff6dd176e443e4c9cf884b23352631c533b611f216dbc09fc84cda6e67c?s=96&d=mm&r=g\",\"caption\":\"admin\"},\"url\":\"https:\/\/www.creaerte.com\/live\/author\/admin\/\"}]}<\/script>\n<!-- \/ Yoast SEO plugin. -->","yoast_head_json":{"title":"Humor en las vallas publicitarias - creaerte.com","robots":{"index":"index","follow":"follow","max-snippet":"max-snippet:-1","max-image-preview":"max-image-preview:large","max-video-preview":"max-video-preview:-1"},"canonical":"https:\/\/www.creaerte.com\/live\/humor-en-las-vallas-publicitarias\/","og_locale":"es_ES","og_type":"article","og_title":"Humor en las vallas publicitarias - creaerte.com","og_description":"De nuevo el humor se al\u00eda con la publicidad, que no est\u00e1 mal para empezar la semana, en este caso os traemos im\u00e1genes de lo que se est\u00e1 haciendo por el mundo en un \u00e1rea muy concreta: las vallas publicitarias, un soporte f\u00edsico habitualmente en 2D. Pero antes de que ech\u00e9is un ojo, hay que recordar el caso del Toro...","og_url":"https:\/\/www.creaerte.com\/live\/humor-en-las-vallas-publicitarias\/","og_site_name":"creaerte.com","article_publisher":"https:\/\/www.facebook.com\/creaerte","article_published_time":"2011-07-04T08:10:06+00:00","article_modified_time":"2012-10-22T15:36:21+00:00","og_image":[{"width":450,"height":209,"url":"https:\/\/www.creaerte.com\/live\/wp-content\/uploads\/2011\/07\/panasonic-hair-nose-trimmer-baldy-small-99862.jpg","type":"image\/jpeg"}],"author":"admin","twitter_card":"summary_large_image","twitter_creator":"@Creaerte","twitter_site":"@Creaerte","twitter_misc":{"Escrito por":"admin"},"schema":{"@context":"https:\/\/schema.org","@graph":[{"@type":"Article","@id":"https:\/\/www.creaerte.com\/live\/humor-en-las-vallas-publicitarias\/#article","isPartOf":{"@id":"https:\/\/www.creaerte.com\/live\/humor-en-las-vallas-publicitarias\/"},"author":{"name":"admin","@id":"https:\/\/www.creaerte.com\/live\/#\/schema\/person\/acc9e93c6216bce2d569b1f0a99607f6"},"headline":"Humor en las vallas publicitarias","datePublished":"2011-07-04T08:10:06+00:00","dateModified":"2012-10-22T15:36:21+00:00","mainEntityOfPage":{"@id":"https:\/\/www.creaerte.com\/live\/humor-en-las-vallas-publicitarias\/"},"wordCount":87,"commentCount":0,"image":{"@id":"https:\/\/www.creaerte.com\/live\/humor-en-las-vallas-publicitarias\/#primaryimage"},"thumbnailUrl":"http:\/\/creaerte.com\/live\/wp-content\/uploads\/2011\/07\/panasonic-hair-nose-trimmer-baldy-small-99862.jpg","keywords":["publicidad","vallas"],"articleSection":["Noticias"],"inLanguage":"es","potentialAction":[{"@type":"CommentAction","name":"Comment","target":["https:\/\/www.creaerte.com\/live\/humor-en-las-vallas-publicitarias\/#respond"]}]},{"@type":"WebPage","@id":"https:\/\/www.creaerte.com\/live\/humor-en-las-vallas-publicitarias\/","url":"https:\/\/www.creaerte.com\/live\/humor-en-las-vallas-publicitarias\/","name":"Humor en las vallas publicitarias - creaerte.com","isPartOf":{"@id":"https:\/\/www.creaerte.com\/live\/#website"},"primaryImageOfPage":{"@id":"https:\/\/www.creaerte.com\/live\/humor-en-las-vallas-publicitarias\/#primaryimage"},"image":{"@id":"https:\/\/www.creaerte.com\/live\/humor-en-las-vallas-publicitarias\/#primaryimage"},"thumbnailUrl":"http:\/\/creaerte.com\/live\/wp-content\/uploads\/2011\/07\/panasonic-hair-nose-trimmer-baldy-small-99862.jpg","datePublished":"2011-07-04T08:10:06+00:00","dateModified":"2012-10-22T15:36:21+00:00","author":{"@id":"https:\/\/www.creaerte.com\/live\/#\/schema\/person\/acc9e93c6216bce2d569b1f0a99607f6"},"inLanguage":"es","potentialAction":[{"@type":"ReadAction","target":["https:\/\/www.creaerte.com\/live\/humor-en-las-vallas-publicitarias\/"]}]},{"@type":"ImageObject","inLanguage":"es","@id":"https:\/\/www.creaerte.com\/live\/humor-en-las-vallas-publicitarias\/#primaryimage","url":"http:\/\/creaerte.com\/live\/wp-content\/uploads\/2011\/07\/panasonic-hair-nose-trimmer-baldy-small-99862.jpg","contentUrl":"http:\/\/creaerte.com\/live\/wp-content\/uploads\/2011\/07\/panasonic-hair-nose-trimmer-baldy-small-99862.jpg"},{"@type":"WebSite","@id":"https:\/\/www.creaerte.com\/live\/#website","url":"https:\/\/www.creaerte.com\/live\/","name":"creaerte.com","description":"Agencia de publicidad, comunicaci\u00f3n y marketing en C\u00e1ceres \u2022 Extremadura","potentialAction":[{"@type":"SearchAction","target":{"@type":"EntryPoint","urlTemplate":"https:\/\/www.creaerte.com\/live\/?s={search_term_string}"},"query-input":{"@type":"PropertyValueSpecification","valueRequired":true,"valueName":"search_term_string"}}],"inLanguage":"es"},{"@type":"Person","@id":"https:\/\/www.creaerte.com\/live\/#\/schema\/person\/acc9e93c6216bce2d569b1f0a99607f6","name":"admin","image":{"@type":"ImageObject","inLanguage":"es","@id":"https:\/\/www.creaerte.com\/live\/#\/schema\/person\/image\/","url":"https:\/\/secure.gravatar.com\/avatar\/736f9ff6dd176e443e4c9cf884b23352631c533b611f216dbc09fc84cda6e67c?s=96&d=mm&r=g","contentUrl":"https:\/\/secure.gravatar.com\/avatar\/736f9ff6dd176e443e4c9cf884b23352631c533b611f216dbc09fc84cda6e67c?s=96&d=mm&r=g","caption":"admin"},"url":"https:\/\/www.creaerte.com\/live\/author\/admin\/"}]}},"_links":{"self":[{"href":"https:\/\/www.creaerte.com\/live\/wp-json\/wp\/v2\/posts\/2378","targetHints":{"allow":["GET"]}}],"collection":[{"href":"https:\/\/www.creaerte.com\/live\/wp-json\/wp\/v2\/posts"}],"about":[{"href":"https:\/\/www.creaerte.com\/live\/wp-json\/wp\/v2\/types\/post"}],"author":[{"embeddable":true,"href":"https:\/\/www.creaerte.com\/live\/wp-json\/wp\/v2\/users\/1"}],"replies":[{"embeddable":true,"href":"https:\/\/www.creaerte.com\/live\/wp-json\/wp\/v2\/comments?post=2378"}],"version-history":[{"count":0,"href":"https:\/\/www.creaerte.com\/live\/wp-json\/wp\/v2\/posts\/2378\/revisions"}],"wp:attachment":[{"href":"https:\/\/www.creaerte.com\/live\/wp-json\/wp\/v2\/media?parent=2378"}],"wp:term":[{"taxonomy":"category","embeddable":true,"href":"https:\/\/www.creaerte.com\/live\/wp-json\/wp\/v2\/categories?post=2378"},{"taxonomy":"post_tag","embeddable":true,"href":"https:\/\/www.creaerte.com\/live\/wp-json\/wp\/v2\/tags?post=2378"}],"curies":[{"name":"wp","href":"https:\/\/api.w.org\/{rel}","templated":true}]}}