{"id":23846,"date":"2018-06-22T12:35:34","date_gmt":"2018-06-22T11:35:34","guid":{"rendered":"http:\/\/www.creaerte.com\/live\/?p=23846"},"modified":"2018-06-22T12:35:34","modified_gmt":"2018-06-22T11:35:34","slug":"publicidad-musica-clasica","status":"publish","type":"post","link":"https:\/\/www.creaerte.com\/live\/publicidad-musica-clasica\/","title":{"rendered":"Publicidad con m\u00fasica cl\u00e1sica"},"content":{"rendered":"<p>En nuestro <a href=\"http:\/\/www.creaerte.com\/live\/piezas-audiovisuales-musica-clasica\/\" target=\"_blank\">post de ayer<\/a> analizamos porqu\u00e9 <strong>la m\u00fasica cl\u00e1sica<\/strong> est\u00e1 tan <strong>presente en el mundo audiovisual<\/strong>. Hoy os mostramos algunos ejemplos que muestran su buena sinton\u00eda y poder sensorial.<\/p>\n<p>El primero que os presentamos es un <a href=\"https:\/\/www.youtube.com\/watch?v=vbJc2T6Qq5w\" target=\"_blank\">spot<\/a> de<strong> Audi <\/strong>donde es el veh\u00edculo quien toca la <em>Marcha Turca<\/em> de <strong>Mozart<\/strong>. Bajo el lema \u201cin crescendo\u201d se representa la mejora en cada modelo como una obra <strong>subiendo en intensidad y emoci\u00f3n<\/strong>.<\/p>\n<p>El siguiente es un <a href=\"https:\/\/www.youtube.com\/watch?v=o59ZfLqmlHM\" target=\"_blank\">anuncio<\/a> protagonizado por el propio <strong>Stravinsky<\/strong>. En \u00e9l aparece, en su <strong>faceta m\u00e1s perfeccionista<\/strong>, preparando <em>Pulcinella<\/em>. Esta <strong>b\u00fasqueda de la excelencia<\/strong> es la que pretende transmitir <strong>BMW<\/strong> en su serie 5.<\/p>\n<p>Esta <a href=\"https:\/\/www.youtube.com\/watch?v=yNFUS05I-aw\" target=\"_blank\">pieza audiovisual<\/a> de <strong>Levi\u2019s <\/strong>toma toda la fuerza de <em>Sarabande<\/em> de <strong>H\u00e4ndel<\/strong>. El <strong>dinamismo de la obra<\/strong> logra inducirnos al <strong>movimiento fren\u00e9tico<\/strong> que permiten sus vaqueros.<\/p>\n<p>Para celebrar su aniversario, <strong>Banco Sabadell<\/strong> sorprendi\u00f3 con una <strong>\u2018<\/strong><a href=\"https:\/\/www.youtube.com\/watch?v=CF-x3ybA1kc\">flashmob<\/a>\u2019 de la <em>9\u00aa Sinfon\u00eda <\/em>de <strong>Beethoven<\/strong>, el <em>Himno de la Alegr\u00eda<\/em>, tocada por una orquesta y un coro.<\/p>\n<p>Como colof\u00f3n \u00e9pico, os dejamos un peque\u00f1o <a href=\"https:\/\/www.youtube.com\/watch?v=GChDnGGOUQs\" target=\"_blank\">corto<\/a> que utiliz\u00f3 <strong>Pantene<\/strong> para el mercado asi\u00e1tico. Une toda la pasi\u00f3n del <em>Canon den Re Mayor<\/em> de <strong>Pachelbel <\/strong>y la fuerza de la autodeterminaci\u00f3n como <strong>detonante emocional<\/strong>.<\/p>\n","protected":false},"excerpt":{"rendered":"<p>En nuestro post de ayer analizamos porqu\u00e9 la m\u00fasica cl\u00e1sica est\u00e1 tan presente en el mundo audiovisual. Hoy os mostramos algunos ejemplos que muestran su buena sinton\u00eda y poder sensorial. El primero que os presentamos es un spot de Audi donde es el veh\u00edculo quien toca la Marcha Turca de Mozart. Bajo el lema \u201cin crescendo\u201d se representa la mejora&#8230;<\/p>\n","protected":false},"author":1,"featured_media":23847,"comment_status":"open","ping_status":"open","sticky":false,"template":"","format":"standard","meta":{"footnotes":""},"categories":[1345,88,285,1353,557,324,322,1346],"tags":[],"class_list":["post-23846","post","type-post","status-publish","format-standard","has-post-thumbnail","hentry","category-audiovisual","category-comunicacion","category-musica-de-anuncio","category-musica-y-publicidad","category-publicidad-2","category-publicidad-con-humor","category-publicidad-emocional","category-youtube","has_thumb"],"yoast_head":"<!-- This site is optimized with the Yoast SEO plugin v26.9 - https:\/\/yoast.com\/product\/yoast-seo-wordpress\/ -->\n<title>Publicidad con m\u00fasica cl\u00e1sica - creaerte.com<\/title>\n<meta name=\"robots\" content=\"index, follow, max-snippet:-1, max-image-preview:large, max-video-preview:-1\" \/>\n<link rel=\"canonical\" href=\"https:\/\/www.creaerte.com\/live\/publicidad-musica-clasica\/\" \/>\n<meta property=\"og:locale\" content=\"es_ES\" \/>\n<meta property=\"og:type\" content=\"article\" \/>\n<meta property=\"og:title\" content=\"Publicidad con m\u00fasica cl\u00e1sica - creaerte.com\" \/>\n<meta property=\"og:description\" content=\"En nuestro post de ayer analizamos porqu\u00e9 la m\u00fasica cl\u00e1sica est\u00e1 tan presente en el mundo audiovisual. Hoy os mostramos algunos ejemplos que muestran su buena sinton\u00eda y poder sensorial. El primero que os presentamos es un spot de Audi donde es el veh\u00edculo quien toca la Marcha Turca de Mozart. Bajo el lema \u201cin crescendo\u201d se representa la mejora...\" \/>\n<meta property=\"og:url\" content=\"https:\/\/www.creaerte.com\/live\/publicidad-musica-clasica\/\" \/>\n<meta property=\"og:site_name\" content=\"creaerte.com\" \/>\n<meta property=\"article:publisher\" content=\"https:\/\/www.facebook.com\/creaerte\" \/>\n<meta property=\"article:published_time\" content=\"2018-06-22T11:35:34+00:00\" \/>\n<meta property=\"og:image\" content=\"https:\/\/www.creaerte.com\/live\/wp-content\/uploads\/2018\/06\/180622_Creaerte.jpg\" \/>\n\t<meta property=\"og:image:width\" content=\"817\" \/>\n\t<meta property=\"og:image:height\" content=\"468\" \/>\n\t<meta property=\"og:image:type\" content=\"image\/jpeg\" \/>\n<meta name=\"author\" content=\"admin\" \/>\n<meta name=\"twitter:card\" content=\"summary_large_image\" \/>\n<meta name=\"twitter:creator\" content=\"@Creaerte\" \/>\n<meta name=\"twitter:site\" content=\"@Creaerte\" \/>\n<meta name=\"twitter:label1\" content=\"Escrito por\" \/>\n\t<meta name=\"twitter:data1\" content=\"admin\" \/>\n\t<meta name=\"twitter:label2\" content=\"Tiempo de lectura\" \/>\n\t<meta name=\"twitter:data2\" content=\"1 minuto\" \/>\n<script type=\"application\/ld+json\" class=\"yoast-schema-graph\">{\"@context\":\"https:\/\/schema.org\",\"@graph\":[{\"@type\":\"Article\",\"@id\":\"https:\/\/www.creaerte.com\/live\/publicidad-musica-clasica\/#article\",\"isPartOf\":{\"@id\":\"https:\/\/www.creaerte.com\/live\/publicidad-musica-clasica\/\"},\"author\":{\"name\":\"admin\",\"@id\":\"https:\/\/www.creaerte.com\/live\/#\/schema\/person\/acc9e93c6216bce2d569b1f0a99607f6\"},\"headline\":\"Publicidad con m\u00fasica cl\u00e1sica\",\"datePublished\":\"2018-06-22T11:35:34+00:00\",\"mainEntityOfPage\":{\"@id\":\"https:\/\/www.creaerte.com\/live\/publicidad-musica-clasica\/\"},\"wordCount\":217,\"commentCount\":0,\"image\":{\"@id\":\"https:\/\/www.creaerte.com\/live\/publicidad-musica-clasica\/#primaryimage\"},\"thumbnailUrl\":\"https:\/\/www.creaerte.com\/live\/wp-content\/uploads\/2018\/06\/180622_Creaerte.jpg\",\"articleSection\":[\"Audiovisual\",\"comunicaci\u00f3n\",\"M\u00fasica de anuncio\",\"M\u00fasica y publicidad\",\"Publicidad\",\"Publicidad con Humor\",\"Publicidad Emocional\",\"Youtube\"],\"inLanguage\":\"es\",\"potentialAction\":[{\"@type\":\"CommentAction\",\"name\":\"Comment\",\"target\":[\"https:\/\/www.creaerte.com\/live\/publicidad-musica-clasica\/#respond\"]}]},{\"@type\":\"WebPage\",\"@id\":\"https:\/\/www.creaerte.com\/live\/publicidad-musica-clasica\/\",\"url\":\"https:\/\/www.creaerte.com\/live\/publicidad-musica-clasica\/\",\"name\":\"Publicidad con m\u00fasica cl\u00e1sica - creaerte.com\",\"isPartOf\":{\"@id\":\"https:\/\/www.creaerte.com\/live\/#website\"},\"primaryImageOfPage\":{\"@id\":\"https:\/\/www.creaerte.com\/live\/publicidad-musica-clasica\/#primaryimage\"},\"image\":{\"@id\":\"https:\/\/www.creaerte.com\/live\/publicidad-musica-clasica\/#primaryimage\"},\"thumbnailUrl\":\"https:\/\/www.creaerte.com\/live\/wp-content\/uploads\/2018\/06\/180622_Creaerte.jpg\",\"datePublished\":\"2018-06-22T11:35:34+00:00\",\"author\":{\"@id\":\"https:\/\/www.creaerte.com\/live\/#\/schema\/person\/acc9e93c6216bce2d569b1f0a99607f6\"},\"inLanguage\":\"es\",\"potentialAction\":[{\"@type\":\"ReadAction\",\"target\":[\"https:\/\/www.creaerte.com\/live\/publicidad-musica-clasica\/\"]}]},{\"@type\":\"ImageObject\",\"inLanguage\":\"es\",\"@id\":\"https:\/\/www.creaerte.com\/live\/publicidad-musica-clasica\/#primaryimage\",\"url\":\"https:\/\/www.creaerte.com\/live\/wp-content\/uploads\/2018\/06\/180622_Creaerte.jpg\",\"contentUrl\":\"https:\/\/www.creaerte.com\/live\/wp-content\/uploads\/2018\/06\/180622_Creaerte.jpg\",\"width\":817,\"height\":468},{\"@type\":\"WebSite\",\"@id\":\"https:\/\/www.creaerte.com\/live\/#website\",\"url\":\"https:\/\/www.creaerte.com\/live\/\",\"name\":\"creaerte.com\",\"description\":\"Agencia de publicidad, comunicaci\u00f3n y marketing en C\u00e1ceres \u2022 Extremadura\",\"potentialAction\":[{\"@type\":\"SearchAction\",\"target\":{\"@type\":\"EntryPoint\",\"urlTemplate\":\"https:\/\/www.creaerte.com\/live\/?s={search_term_string}\"},\"query-input\":{\"@type\":\"PropertyValueSpecification\",\"valueRequired\":true,\"valueName\":\"search_term_string\"}}],\"inLanguage\":\"es\"},{\"@type\":\"Person\",\"@id\":\"https:\/\/www.creaerte.com\/live\/#\/schema\/person\/acc9e93c6216bce2d569b1f0a99607f6\",\"name\":\"admin\",\"image\":{\"@type\":\"ImageObject\",\"inLanguage\":\"es\",\"@id\":\"https:\/\/www.creaerte.com\/live\/#\/schema\/person\/image\/\",\"url\":\"https:\/\/secure.gravatar.com\/avatar\/736f9ff6dd176e443e4c9cf884b23352631c533b611f216dbc09fc84cda6e67c?s=96&d=mm&r=g\",\"contentUrl\":\"https:\/\/secure.gravatar.com\/avatar\/736f9ff6dd176e443e4c9cf884b23352631c533b611f216dbc09fc84cda6e67c?s=96&d=mm&r=g\",\"caption\":\"admin\"},\"url\":\"https:\/\/www.creaerte.com\/live\/author\/admin\/\"}]}<\/script>\n<!-- \/ Yoast SEO plugin. -->","yoast_head_json":{"title":"Publicidad con m\u00fasica cl\u00e1sica - creaerte.com","robots":{"index":"index","follow":"follow","max-snippet":"max-snippet:-1","max-image-preview":"max-image-preview:large","max-video-preview":"max-video-preview:-1"},"canonical":"https:\/\/www.creaerte.com\/live\/publicidad-musica-clasica\/","og_locale":"es_ES","og_type":"article","og_title":"Publicidad con m\u00fasica cl\u00e1sica - creaerte.com","og_description":"En nuestro post de ayer analizamos porqu\u00e9 la m\u00fasica cl\u00e1sica est\u00e1 tan presente en el mundo audiovisual. Hoy os mostramos algunos ejemplos que muestran su buena sinton\u00eda y poder sensorial. El primero que os presentamos es un spot de Audi donde es el veh\u00edculo quien toca la Marcha Turca de Mozart. Bajo el lema \u201cin crescendo\u201d se representa la mejora...","og_url":"https:\/\/www.creaerte.com\/live\/publicidad-musica-clasica\/","og_site_name":"creaerte.com","article_publisher":"https:\/\/www.facebook.com\/creaerte","article_published_time":"2018-06-22T11:35:34+00:00","og_image":[{"width":817,"height":468,"url":"https:\/\/www.creaerte.com\/live\/wp-content\/uploads\/2018\/06\/180622_Creaerte.jpg","type":"image\/jpeg"}],"author":"admin","twitter_card":"summary_large_image","twitter_creator":"@Creaerte","twitter_site":"@Creaerte","twitter_misc":{"Escrito por":"admin","Tiempo de lectura":"1 minuto"},"schema":{"@context":"https:\/\/schema.org","@graph":[{"@type":"Article","@id":"https:\/\/www.creaerte.com\/live\/publicidad-musica-clasica\/#article","isPartOf":{"@id":"https:\/\/www.creaerte.com\/live\/publicidad-musica-clasica\/"},"author":{"name":"admin","@id":"https:\/\/www.creaerte.com\/live\/#\/schema\/person\/acc9e93c6216bce2d569b1f0a99607f6"},"headline":"Publicidad con m\u00fasica cl\u00e1sica","datePublished":"2018-06-22T11:35:34+00:00","mainEntityOfPage":{"@id":"https:\/\/www.creaerte.com\/live\/publicidad-musica-clasica\/"},"wordCount":217,"commentCount":0,"image":{"@id":"https:\/\/www.creaerte.com\/live\/publicidad-musica-clasica\/#primaryimage"},"thumbnailUrl":"https:\/\/www.creaerte.com\/live\/wp-content\/uploads\/2018\/06\/180622_Creaerte.jpg","articleSection":["Audiovisual","comunicaci\u00f3n","M\u00fasica de anuncio","M\u00fasica y publicidad","Publicidad","Publicidad con Humor","Publicidad Emocional","Youtube"],"inLanguage":"es","potentialAction":[{"@type":"CommentAction","name":"Comment","target":["https:\/\/www.creaerte.com\/live\/publicidad-musica-clasica\/#respond"]}]},{"@type":"WebPage","@id":"https:\/\/www.creaerte.com\/live\/publicidad-musica-clasica\/","url":"https:\/\/www.creaerte.com\/live\/publicidad-musica-clasica\/","name":"Publicidad con m\u00fasica cl\u00e1sica - creaerte.com","isPartOf":{"@id":"https:\/\/www.creaerte.com\/live\/#website"},"primaryImageOfPage":{"@id":"https:\/\/www.creaerte.com\/live\/publicidad-musica-clasica\/#primaryimage"},"image":{"@id":"https:\/\/www.creaerte.com\/live\/publicidad-musica-clasica\/#primaryimage"},"thumbnailUrl":"https:\/\/www.creaerte.com\/live\/wp-content\/uploads\/2018\/06\/180622_Creaerte.jpg","datePublished":"2018-06-22T11:35:34+00:00","author":{"@id":"https:\/\/www.creaerte.com\/live\/#\/schema\/person\/acc9e93c6216bce2d569b1f0a99607f6"},"inLanguage":"es","potentialAction":[{"@type":"ReadAction","target":["https:\/\/www.creaerte.com\/live\/publicidad-musica-clasica\/"]}]},{"@type":"ImageObject","inLanguage":"es","@id":"https:\/\/www.creaerte.com\/live\/publicidad-musica-clasica\/#primaryimage","url":"https:\/\/www.creaerte.com\/live\/wp-content\/uploads\/2018\/06\/180622_Creaerte.jpg","contentUrl":"https:\/\/www.creaerte.com\/live\/wp-content\/uploads\/2018\/06\/180622_Creaerte.jpg","width":817,"height":468},{"@type":"WebSite","@id":"https:\/\/www.creaerte.com\/live\/#website","url":"https:\/\/www.creaerte.com\/live\/","name":"creaerte.com","description":"Agencia de publicidad, comunicaci\u00f3n y marketing en C\u00e1ceres \u2022 Extremadura","potentialAction":[{"@type":"SearchAction","target":{"@type":"EntryPoint","urlTemplate":"https:\/\/www.creaerte.com\/live\/?s={search_term_string}"},"query-input":{"@type":"PropertyValueSpecification","valueRequired":true,"valueName":"search_term_string"}}],"inLanguage":"es"},{"@type":"Person","@id":"https:\/\/www.creaerte.com\/live\/#\/schema\/person\/acc9e93c6216bce2d569b1f0a99607f6","name":"admin","image":{"@type":"ImageObject","inLanguage":"es","@id":"https:\/\/www.creaerte.com\/live\/#\/schema\/person\/image\/","url":"https:\/\/secure.gravatar.com\/avatar\/736f9ff6dd176e443e4c9cf884b23352631c533b611f216dbc09fc84cda6e67c?s=96&d=mm&r=g","contentUrl":"https:\/\/secure.gravatar.com\/avatar\/736f9ff6dd176e443e4c9cf884b23352631c533b611f216dbc09fc84cda6e67c?s=96&d=mm&r=g","caption":"admin"},"url":"https:\/\/www.creaerte.com\/live\/author\/admin\/"}]}},"_links":{"self":[{"href":"https:\/\/www.creaerte.com\/live\/wp-json\/wp\/v2\/posts\/23846","targetHints":{"allow":["GET"]}}],"collection":[{"href":"https:\/\/www.creaerte.com\/live\/wp-json\/wp\/v2\/posts"}],"about":[{"href":"https:\/\/www.creaerte.com\/live\/wp-json\/wp\/v2\/types\/post"}],"author":[{"embeddable":true,"href":"https:\/\/www.creaerte.com\/live\/wp-json\/wp\/v2\/users\/1"}],"replies":[{"embeddable":true,"href":"https:\/\/www.creaerte.com\/live\/wp-json\/wp\/v2\/comments?post=23846"}],"version-history":[{"count":1,"href":"https:\/\/www.creaerte.com\/live\/wp-json\/wp\/v2\/posts\/23846\/revisions"}],"predecessor-version":[{"id":23848,"href":"https:\/\/www.creaerte.com\/live\/wp-json\/wp\/v2\/posts\/23846\/revisions\/23848"}],"wp:featuredmedia":[{"embeddable":true,"href":"https:\/\/www.creaerte.com\/live\/wp-json\/wp\/v2\/media\/23847"}],"wp:attachment":[{"href":"https:\/\/www.creaerte.com\/live\/wp-json\/wp\/v2\/media?parent=23846"}],"wp:term":[{"taxonomy":"category","embeddable":true,"href":"https:\/\/www.creaerte.com\/live\/wp-json\/wp\/v2\/categories?post=23846"},{"taxonomy":"post_tag","embeddable":true,"href":"https:\/\/www.creaerte.com\/live\/wp-json\/wp\/v2\/tags?post=23846"}],"curies":[{"name":"wp","href":"https:\/\/api.w.org\/{rel}","templated":true}]}}