{"id":2485,"date":"2011-07-11T08:29:30","date_gmt":"2011-07-11T07:29:30","guid":{"rendered":"http:\/\/creaerte.com\/live\/?p=2485"},"modified":"2021-06-30T09:56:11","modified_gmt":"2021-06-30T08:56:11","slug":"fotoperiodismo-desde-america","status":"publish","type":"post","link":"https:\/\/www.creaerte.com\/live\/fotoperiodismo-desde-america\/","title":{"rendered":"Fotoperiodismo desde Am\u00e9rica"},"content":{"rendered":"<p>Para empezar la semana con fuerza, os presentamos un blog de fotograf\u00eda muy recomendable: <a href=\"http:\/\/www.boston.com\/bigpicture\/\">The Big Picture<\/a>, uno de los primeros blog de fotoperiodismo con im\u00e1genes de gran formato y calidad.<\/p>\n<p>Todos los a\u00f1os hacen una selecci\u00f3n de las mejores fotos del a\u00f1o publicadas en la web, pero cada semana suben varias im\u00e1genes de actualidad en tama\u00f1o grande y la verdad es que vale la pena verlas. No os las\u00a0perd\u00e1is.<a href=\"http:\/\/creaerte.com\/live\/wp-content\/uploads\/2011\/07\/bp1.jpg\"><br \/>\n<\/a><\/p>\n<p><a href=\"http:\/\/creaerte.com\/live\/wp-content\/uploads\/2011\/07\/bp1-2.jpg\"><img decoding=\"async\" class=\"aligncenter size-full wp-image-2487\" title=\"bp1-2\" src=\"http:\/\/creaerte.com\/live\/wp-content\/uploads\/2011\/07\/bp1-2.jpg\" alt=\"bp1-2\" width=\"600\" srcset=\"https:\/\/www.creaerte.com\/live\/wp-content\/uploads\/2011\/07\/bp1-2.jpg 990w, https:\/\/www.creaerte.com\/live\/wp-content\/uploads\/2011\/07\/bp1-2-384x269.jpg 384w\" sizes=\"(max-width: 990px) 100vw, 990px\" \/><\/a><\/p>\n<p><a href=\"http:\/\/creaerte.com\/live\/wp-content\/uploads\/2011\/07\/bp1-1.jpg\"><img decoding=\"async\" class=\"aligncenter size-full wp-image-2488\" title=\"bp1-1\" src=\"http:\/\/creaerte.com\/live\/wp-content\/uploads\/2011\/07\/bp1-1.jpg\" alt=\"bp1-1\" width=\"600\" srcset=\"https:\/\/www.creaerte.com\/live\/wp-content\/uploads\/2011\/07\/bp1-1.jpg 990w, https:\/\/www.creaerte.com\/live\/wp-content\/uploads\/2011\/07\/bp1-1-384x252.jpg 384w\" sizes=\"(max-width: 990px) 100vw, 990px\" \/><\/a><\/p>\n<p><a href=\"http:\/\/creaerte.com\/live\/wp-content\/uploads\/2011\/07\/y15_26158275.jpg\"><img decoding=\"async\" class=\"aligncenter size-full wp-image-2490\" title=\"y15_26158275\" src=\"http:\/\/creaerte.com\/live\/wp-content\/uploads\/2011\/07\/y15_26158275.jpg\" alt=\"y15_26158275\" width=\"600\" \/><\/a><\/p>\n<p><a href=\"http:\/\/creaerte.com\/live\/wp-content\/uploads\/2011\/07\/y29_26147187.jpg\"><img decoding=\"async\" class=\"aligncenter size-full wp-image-2498\" title=\"y29_26147187\" src=\"http:\/\/creaerte.com\/live\/wp-content\/uploads\/2011\/07\/y29_26147187.jpg\" alt=\"y29_26147187\" width=\"600\" srcset=\"https:\/\/www.creaerte.com\/live\/wp-content\/uploads\/2011\/07\/y29_26147187.jpg 990w, https:\/\/www.creaerte.com\/live\/wp-content\/uploads\/2011\/07\/y29_26147187-384x262.jpg 384w\" sizes=\"(max-width: 990px) 100vw, 990px\" \/><\/a><\/p>\n","protected":false},"excerpt":{"rendered":"<p>Para empezar la semana con fuerza, os presentamos un blog de fotograf\u00eda muy recomendable: The Big Picture, uno de los primeros blog de fotoperiodismo con im\u00e1genes de gran formato y calidad. Todos los a\u00f1os hacen una selecci\u00f3n de las mejores fotos del a\u00f1o publicadas en la web, pero cada semana suben varias im\u00e1genes de actualidad en tama\u00f1o grande y la&#8230;<\/p>\n","protected":false},"author":1,"featured_media":0,"comment_status":"open","ping_status":"open","sticky":false,"template":"","format":"standard","meta":{"footnotes":""},"categories":[10],"tags":[19,113,112],"class_list":["post-2485","post","type-post","status-publish","format-standard","hentry","category-noticias","tag-fotografia","tag-fotoperiodismo","tag-periodismo","has_thumb"],"yoast_head":"<!-- This site is optimized with the Yoast SEO plugin v26.9 - https:\/\/yoast.com\/product\/yoast-seo-wordpress\/ -->\n<title>Fotoperiodismo desde Am\u00e9rica - creaerte.com<\/title>\n<meta name=\"robots\" content=\"index, follow, max-snippet:-1, max-image-preview:large, max-video-preview:-1\" \/>\n<link rel=\"canonical\" href=\"https:\/\/www.creaerte.com\/live\/fotoperiodismo-desde-america\/\" \/>\n<meta property=\"og:locale\" content=\"es_ES\" \/>\n<meta property=\"og:type\" content=\"article\" \/>\n<meta property=\"og:title\" content=\"Fotoperiodismo desde Am\u00e9rica - creaerte.com\" \/>\n<meta property=\"og:description\" content=\"Para empezar la semana con fuerza, os presentamos un blog de fotograf\u00eda muy recomendable: The Big Picture, uno de los primeros blog de fotoperiodismo con im\u00e1genes de gran formato y calidad. Todos los a\u00f1os hacen una selecci\u00f3n de las mejores fotos del a\u00f1o publicadas en la web, pero cada semana suben varias im\u00e1genes de actualidad en tama\u00f1o grande y la...\" \/>\n<meta property=\"og:url\" content=\"https:\/\/www.creaerte.com\/live\/fotoperiodismo-desde-america\/\" \/>\n<meta property=\"og:site_name\" content=\"creaerte.com\" \/>\n<meta property=\"article:publisher\" content=\"https:\/\/www.facebook.com\/creaerte\" \/>\n<meta property=\"article:published_time\" content=\"2011-07-11T07:29:30+00:00\" \/>\n<meta property=\"article:modified_time\" content=\"2021-06-30T08:56:11+00:00\" \/>\n<meta property=\"og:image\" content=\"https:\/\/www.creaerte.com\/live\/wp-content\/uploads\/2011\/07\/bp1-2.jpg\" \/>\n\t<meta property=\"og:image:width\" content=\"990\" \/>\n\t<meta property=\"og:image:height\" content=\"693\" \/>\n\t<meta property=\"og:image:type\" content=\"image\/jpeg\" \/>\n<meta name=\"author\" content=\"admin\" \/>\n<meta name=\"twitter:card\" content=\"summary_large_image\" \/>\n<meta name=\"twitter:creator\" content=\"@Creaerte\" \/>\n<meta name=\"twitter:site\" content=\"@Creaerte\" \/>\n<meta name=\"twitter:label1\" content=\"Escrito por\" \/>\n\t<meta name=\"twitter:data1\" content=\"admin\" \/>\n<script type=\"application\/ld+json\" class=\"yoast-schema-graph\">{\"@context\":\"https:\/\/schema.org\",\"@graph\":[{\"@type\":\"Article\",\"@id\":\"https:\/\/www.creaerte.com\/live\/fotoperiodismo-desde-america\/#article\",\"isPartOf\":{\"@id\":\"https:\/\/www.creaerte.com\/live\/fotoperiodismo-desde-america\/\"},\"author\":{\"name\":\"admin\",\"@id\":\"https:\/\/www.creaerte.com\/live\/#\/schema\/person\/acc9e93c6216bce2d569b1f0a99607f6\"},\"headline\":\"Fotoperiodismo desde Am\u00e9rica\",\"datePublished\":\"2011-07-11T07:29:30+00:00\",\"dateModified\":\"2021-06-30T08:56:11+00:00\",\"mainEntityOfPage\":{\"@id\":\"https:\/\/www.creaerte.com\/live\/fotoperiodismo-desde-america\/\"},\"wordCount\":83,\"commentCount\":0,\"image\":{\"@id\":\"https:\/\/www.creaerte.com\/live\/fotoperiodismo-desde-america\/#primaryimage\"},\"thumbnailUrl\":\"http:\/\/creaerte.com\/live\/wp-content\/uploads\/2011\/07\/bp1-2.jpg\",\"keywords\":[\"fotograf\u00eda\",\"fotoperiodismo\",\"periodismo\"],\"articleSection\":[\"Noticias\"],\"inLanguage\":\"es\",\"potentialAction\":[{\"@type\":\"CommentAction\",\"name\":\"Comment\",\"target\":[\"https:\/\/www.creaerte.com\/live\/fotoperiodismo-desde-america\/#respond\"]}]},{\"@type\":\"WebPage\",\"@id\":\"https:\/\/www.creaerte.com\/live\/fotoperiodismo-desde-america\/\",\"url\":\"https:\/\/www.creaerte.com\/live\/fotoperiodismo-desde-america\/\",\"name\":\"Fotoperiodismo desde Am\u00e9rica - creaerte.com\",\"isPartOf\":{\"@id\":\"https:\/\/www.creaerte.com\/live\/#website\"},\"primaryImageOfPage\":{\"@id\":\"https:\/\/www.creaerte.com\/live\/fotoperiodismo-desde-america\/#primaryimage\"},\"image\":{\"@id\":\"https:\/\/www.creaerte.com\/live\/fotoperiodismo-desde-america\/#primaryimage\"},\"thumbnailUrl\":\"http:\/\/creaerte.com\/live\/wp-content\/uploads\/2011\/07\/bp1-2.jpg\",\"datePublished\":\"2011-07-11T07:29:30+00:00\",\"dateModified\":\"2021-06-30T08:56:11+00:00\",\"author\":{\"@id\":\"https:\/\/www.creaerte.com\/live\/#\/schema\/person\/acc9e93c6216bce2d569b1f0a99607f6\"},\"inLanguage\":\"es\",\"potentialAction\":[{\"@type\":\"ReadAction\",\"target\":[\"https:\/\/www.creaerte.com\/live\/fotoperiodismo-desde-america\/\"]}]},{\"@type\":\"ImageObject\",\"inLanguage\":\"es\",\"@id\":\"https:\/\/www.creaerte.com\/live\/fotoperiodismo-desde-america\/#primaryimage\",\"url\":\"http:\/\/creaerte.com\/live\/wp-content\/uploads\/2011\/07\/bp1-2.jpg\",\"contentUrl\":\"http:\/\/creaerte.com\/live\/wp-content\/uploads\/2011\/07\/bp1-2.jpg\"},{\"@type\":\"WebSite\",\"@id\":\"https:\/\/www.creaerte.com\/live\/#website\",\"url\":\"https:\/\/www.creaerte.com\/live\/\",\"name\":\"creaerte.com\",\"description\":\"Agencia de publicidad, comunicaci\u00f3n y marketing en C\u00e1ceres \u2022 Extremadura\",\"potentialAction\":[{\"@type\":\"SearchAction\",\"target\":{\"@type\":\"EntryPoint\",\"urlTemplate\":\"https:\/\/www.creaerte.com\/live\/?s={search_term_string}\"},\"query-input\":{\"@type\":\"PropertyValueSpecification\",\"valueRequired\":true,\"valueName\":\"search_term_string\"}}],\"inLanguage\":\"es\"},{\"@type\":\"Person\",\"@id\":\"https:\/\/www.creaerte.com\/live\/#\/schema\/person\/acc9e93c6216bce2d569b1f0a99607f6\",\"name\":\"admin\",\"image\":{\"@type\":\"ImageObject\",\"inLanguage\":\"es\",\"@id\":\"https:\/\/www.creaerte.com\/live\/#\/schema\/person\/image\/\",\"url\":\"https:\/\/secure.gravatar.com\/avatar\/736f9ff6dd176e443e4c9cf884b23352631c533b611f216dbc09fc84cda6e67c?s=96&d=mm&r=g\",\"contentUrl\":\"https:\/\/secure.gravatar.com\/avatar\/736f9ff6dd176e443e4c9cf884b23352631c533b611f216dbc09fc84cda6e67c?s=96&d=mm&r=g\",\"caption\":\"admin\"},\"url\":\"https:\/\/www.creaerte.com\/live\/author\/admin\/\"}]}<\/script>\n<!-- \/ Yoast SEO plugin. -->","yoast_head_json":{"title":"Fotoperiodismo desde Am\u00e9rica - creaerte.com","robots":{"index":"index","follow":"follow","max-snippet":"max-snippet:-1","max-image-preview":"max-image-preview:large","max-video-preview":"max-video-preview:-1"},"canonical":"https:\/\/www.creaerte.com\/live\/fotoperiodismo-desde-america\/","og_locale":"es_ES","og_type":"article","og_title":"Fotoperiodismo desde Am\u00e9rica - creaerte.com","og_description":"Para empezar la semana con fuerza, os presentamos un blog de fotograf\u00eda muy recomendable: The Big Picture, uno de los primeros blog de fotoperiodismo con im\u00e1genes de gran formato y calidad. Todos los a\u00f1os hacen una selecci\u00f3n de las mejores fotos del a\u00f1o publicadas en la web, pero cada semana suben varias im\u00e1genes de actualidad en tama\u00f1o grande y la...","og_url":"https:\/\/www.creaerte.com\/live\/fotoperiodismo-desde-america\/","og_site_name":"creaerte.com","article_publisher":"https:\/\/www.facebook.com\/creaerte","article_published_time":"2011-07-11T07:29:30+00:00","article_modified_time":"2021-06-30T08:56:11+00:00","og_image":[{"width":990,"height":693,"url":"https:\/\/www.creaerte.com\/live\/wp-content\/uploads\/2011\/07\/bp1-2.jpg","type":"image\/jpeg"}],"author":"admin","twitter_card":"summary_large_image","twitter_creator":"@Creaerte","twitter_site":"@Creaerte","twitter_misc":{"Escrito por":"admin"},"schema":{"@context":"https:\/\/schema.org","@graph":[{"@type":"Article","@id":"https:\/\/www.creaerte.com\/live\/fotoperiodismo-desde-america\/#article","isPartOf":{"@id":"https:\/\/www.creaerte.com\/live\/fotoperiodismo-desde-america\/"},"author":{"name":"admin","@id":"https:\/\/www.creaerte.com\/live\/#\/schema\/person\/acc9e93c6216bce2d569b1f0a99607f6"},"headline":"Fotoperiodismo desde Am\u00e9rica","datePublished":"2011-07-11T07:29:30+00:00","dateModified":"2021-06-30T08:56:11+00:00","mainEntityOfPage":{"@id":"https:\/\/www.creaerte.com\/live\/fotoperiodismo-desde-america\/"},"wordCount":83,"commentCount":0,"image":{"@id":"https:\/\/www.creaerte.com\/live\/fotoperiodismo-desde-america\/#primaryimage"},"thumbnailUrl":"http:\/\/creaerte.com\/live\/wp-content\/uploads\/2011\/07\/bp1-2.jpg","keywords":["fotograf\u00eda","fotoperiodismo","periodismo"],"articleSection":["Noticias"],"inLanguage":"es","potentialAction":[{"@type":"CommentAction","name":"Comment","target":["https:\/\/www.creaerte.com\/live\/fotoperiodismo-desde-america\/#respond"]}]},{"@type":"WebPage","@id":"https:\/\/www.creaerte.com\/live\/fotoperiodismo-desde-america\/","url":"https:\/\/www.creaerte.com\/live\/fotoperiodismo-desde-america\/","name":"Fotoperiodismo desde Am\u00e9rica - creaerte.com","isPartOf":{"@id":"https:\/\/www.creaerte.com\/live\/#website"},"primaryImageOfPage":{"@id":"https:\/\/www.creaerte.com\/live\/fotoperiodismo-desde-america\/#primaryimage"},"image":{"@id":"https:\/\/www.creaerte.com\/live\/fotoperiodismo-desde-america\/#primaryimage"},"thumbnailUrl":"http:\/\/creaerte.com\/live\/wp-content\/uploads\/2011\/07\/bp1-2.jpg","datePublished":"2011-07-11T07:29:30+00:00","dateModified":"2021-06-30T08:56:11+00:00","author":{"@id":"https:\/\/www.creaerte.com\/live\/#\/schema\/person\/acc9e93c6216bce2d569b1f0a99607f6"},"inLanguage":"es","potentialAction":[{"@type":"ReadAction","target":["https:\/\/www.creaerte.com\/live\/fotoperiodismo-desde-america\/"]}]},{"@type":"ImageObject","inLanguage":"es","@id":"https:\/\/www.creaerte.com\/live\/fotoperiodismo-desde-america\/#primaryimage","url":"http:\/\/creaerte.com\/live\/wp-content\/uploads\/2011\/07\/bp1-2.jpg","contentUrl":"http:\/\/creaerte.com\/live\/wp-content\/uploads\/2011\/07\/bp1-2.jpg"},{"@type":"WebSite","@id":"https:\/\/www.creaerte.com\/live\/#website","url":"https:\/\/www.creaerte.com\/live\/","name":"creaerte.com","description":"Agencia de publicidad, comunicaci\u00f3n y marketing en C\u00e1ceres \u2022 Extremadura","potentialAction":[{"@type":"SearchAction","target":{"@type":"EntryPoint","urlTemplate":"https:\/\/www.creaerte.com\/live\/?s={search_term_string}"},"query-input":{"@type":"PropertyValueSpecification","valueRequired":true,"valueName":"search_term_string"}}],"inLanguage":"es"},{"@type":"Person","@id":"https:\/\/www.creaerte.com\/live\/#\/schema\/person\/acc9e93c6216bce2d569b1f0a99607f6","name":"admin","image":{"@type":"ImageObject","inLanguage":"es","@id":"https:\/\/www.creaerte.com\/live\/#\/schema\/person\/image\/","url":"https:\/\/secure.gravatar.com\/avatar\/736f9ff6dd176e443e4c9cf884b23352631c533b611f216dbc09fc84cda6e67c?s=96&d=mm&r=g","contentUrl":"https:\/\/secure.gravatar.com\/avatar\/736f9ff6dd176e443e4c9cf884b23352631c533b611f216dbc09fc84cda6e67c?s=96&d=mm&r=g","caption":"admin"},"url":"https:\/\/www.creaerte.com\/live\/author\/admin\/"}]}},"_links":{"self":[{"href":"https:\/\/www.creaerte.com\/live\/wp-json\/wp\/v2\/posts\/2485","targetHints":{"allow":["GET"]}}],"collection":[{"href":"https:\/\/www.creaerte.com\/live\/wp-json\/wp\/v2\/posts"}],"about":[{"href":"https:\/\/www.creaerte.com\/live\/wp-json\/wp\/v2\/types\/post"}],"author":[{"embeddable":true,"href":"https:\/\/www.creaerte.com\/live\/wp-json\/wp\/v2\/users\/1"}],"replies":[{"embeddable":true,"href":"https:\/\/www.creaerte.com\/live\/wp-json\/wp\/v2\/comments?post=2485"}],"version-history":[{"count":1,"href":"https:\/\/www.creaerte.com\/live\/wp-json\/wp\/v2\/posts\/2485\/revisions"}],"predecessor-version":[{"id":29997,"href":"https:\/\/www.creaerte.com\/live\/wp-json\/wp\/v2\/posts\/2485\/revisions\/29997"}],"wp:attachment":[{"href":"https:\/\/www.creaerte.com\/live\/wp-json\/wp\/v2\/media?parent=2485"}],"wp:term":[{"taxonomy":"category","embeddable":true,"href":"https:\/\/www.creaerte.com\/live\/wp-json\/wp\/v2\/categories?post=2485"},{"taxonomy":"post_tag","embeddable":true,"href":"https:\/\/www.creaerte.com\/live\/wp-json\/wp\/v2\/tags?post=2485"}],"curies":[{"name":"wp","href":"https:\/\/api.w.org\/{rel}","templated":true}]}}