{"id":2503,"date":"2011-07-12T08:15:43","date_gmt":"2011-07-12T07:15:43","guid":{"rendered":"http:\/\/creaerte.com\/live\/?p=2503"},"modified":"2013-07-04T09:18:26","modified_gmt":"2013-07-04T08:18:26","slug":"el-movimiento-llego-a-la-fotografia-cinemagraphs","status":"publish","type":"post","link":"https:\/\/www.creaerte.com\/live\/el-movimiento-llego-a-la-fotografia-cinemagraphs\/","title":{"rendered":"El movimiento lleg\u00f3 a la fotograf\u00eda: Cinemagraphs"},"content":{"rendered":"<p>La fot\u00f3grafa neoyorkina Jaime Beck y el dise\u00f1ador web Kevin Burg son los pioneros de un nuevo movimiento, el cinemagraphs, que han dado una nueva vida a los gif animados \u201calgo m\u00e1s que una fotograf\u00eda pero menos que una pel\u00edcula\u201d.<\/p>\n<p>El formato surgi\u00f3 durante la Fashion Week de Nueva York de 2011, de ah\u00ed se traslad\u00f3 a tumblr <a href=\"http:\/\/fromme-toyou.tumblr.com\/tagged\/gif\">From me to you<\/a>, donde los artistas suben peri\u00f3dicamente estas inspiradoras imagenes con movimiento.<\/p>\n<p>La diferencia del cinemagraphs con respecto a los gif animados tradicionales es la alta calidad de la imagen, una caracter\u00edstica que, sin duda, se debe a que el formato naci\u00f3 en el mundo de la moda y del dise\u00f1o.<\/p>\n<p>\u00a1Disfr\u00fatalos!<\/p>\n<p><a href=\"http:\/\/creaerte.com\/live\/wp-content\/uploads\/2011\/07\/5843271754_4a80461e4b_o.gif\"><img fetchpriority=\"high\" decoding=\"async\" class=\"aligncenter size-full wp-image-2505\" title=\"Noche\" src=\"http:\/\/creaerte.com\/live\/wp-content\/uploads\/2011\/07\/5843271754_4a80461e4b_o.gif\" alt=\"Noche\" width=\"615\" height=\"383\" \/><\/a><\/p>\n<p><a href=\"http:\/\/creaerte.com\/live\/wp-content\/uploads\/2011\/07\/5891394716_7156c9ed6c_o.gif\"><img decoding=\"async\" class=\"aligncenter size-full wp-image-2508\" title=\"Baile\" src=\"http:\/\/creaerte.com\/live\/wp-content\/uploads\/2011\/07\/5891394716_7156c9ed6c_o.gif\" alt=\"Baile\" \/><\/a><\/p>\n<p><a href=\"http:\/\/creaerte.com\/live\/wp-content\/uploads\/2011\/07\/5915823706_a8d03ffe48_o.gif\"><img decoding=\"async\" class=\"aligncenter size-full wp-image-2509\" title=\"5915823706_a8d03ffe48_o\" src=\"http:\/\/creaerte.com\/live\/wp-content\/uploads\/2011\/07\/5915823706_a8d03ffe48_o.gif\" alt=\"5915823706_a8d03ffe48_o\" \/><\/a><\/p>\n<p><a href=\"http:\/\/creaerte.com\/live\/wp-content\/uploads\/2011\/07\/cinemagraphs1.gif\"><img decoding=\"async\" class=\"aligncenter size-full wp-image-2511\" title=\"cinemagraphs1\" src=\"http:\/\/creaerte.com\/live\/wp-content\/uploads\/2011\/07\/cinemagraphs1.gif\" alt=\"cinemagraphs1\" width=\"615\" height=\"346\" srcset=\"https:\/\/www.creaerte.com\/live\/wp-content\/uploads\/2011\/07\/cinemagraphs1.gif 615w, https:\/\/www.creaerte.com\/live\/wp-content\/uploads\/2011\/07\/cinemagraphs1-384x216.gif 384w\" sizes=\"(max-width: 615px) 100vw, 615px\" \/><\/a><\/p>\n<p><a href=\"http:\/\/creaerte.com\/live\/wp-content\/uploads\/2011\/07\/cinemagraphs3.gif\"><img decoding=\"async\" class=\"aligncenter size-full wp-image-2512\" title=\"cinemagraphs3\" src=\"http:\/\/creaerte.com\/live\/wp-content\/uploads\/2011\/07\/cinemagraphs3.gif\" alt=\"cinemagraphs3\" width=\"615\" height=\"369\" srcset=\"https:\/\/www.creaerte.com\/live\/wp-content\/uploads\/2011\/07\/cinemagraphs3.gif 615w, https:\/\/www.creaerte.com\/live\/wp-content\/uploads\/2011\/07\/cinemagraphs3-384x230.gif 384w\" sizes=\"(max-width: 615px) 100vw, 615px\" \/><\/a><\/p>\n","protected":false},"excerpt":{"rendered":"<p>La fot\u00f3grafa neoyorkina Jaime Beck y el dise\u00f1ador web Kevin Burg son los pioneros de un nuevo movimiento, el cinemagraphs, que han dado una nueva vida a los gif animados \u201calgo m\u00e1s que una fotograf\u00eda pero menos que una pel\u00edcula\u201d. El formato surgi\u00f3 durante la Fashion Week de Nueva York de 2011, de ah\u00ed se traslad\u00f3 a tumblr From me&#8230;<\/p>\n","protected":false},"author":1,"featured_media":0,"comment_status":"open","ping_status":"open","sticky":false,"template":"","format":"standard","meta":{"footnotes":""},"categories":[10],"tags":[19,114],"class_list":["post-2503","post","type-post","status-publish","format-standard","hentry","category-noticias","tag-fotografia","tag-movimiento","has_thumb"],"yoast_head":"<!-- This site is optimized with the Yoast SEO plugin v26.9 - https:\/\/yoast.com\/product\/yoast-seo-wordpress\/ -->\n<title>El movimiento lleg\u00f3 a la fotograf\u00eda: Cinemagraphs - creaerte.com<\/title>\n<meta name=\"robots\" content=\"index, follow, max-snippet:-1, max-image-preview:large, max-video-preview:-1\" \/>\n<link rel=\"canonical\" href=\"https:\/\/www.creaerte.com\/live\/el-movimiento-llego-a-la-fotografia-cinemagraphs\/\" \/>\n<meta property=\"og:locale\" content=\"es_ES\" \/>\n<meta property=\"og:type\" content=\"article\" \/>\n<meta property=\"og:title\" content=\"El movimiento lleg\u00f3 a la fotograf\u00eda: Cinemagraphs - creaerte.com\" \/>\n<meta property=\"og:description\" content=\"La fot\u00f3grafa neoyorkina Jaime Beck y el dise\u00f1ador web Kevin Burg son los pioneros de un nuevo movimiento, el cinemagraphs, que han dado una nueva vida a los gif animados \u201calgo m\u00e1s que una fotograf\u00eda pero menos que una pel\u00edcula\u201d. El formato surgi\u00f3 durante la Fashion Week de Nueva York de 2011, de ah\u00ed se traslad\u00f3 a tumblr From me...\" \/>\n<meta property=\"og:url\" content=\"https:\/\/www.creaerte.com\/live\/el-movimiento-llego-a-la-fotografia-cinemagraphs\/\" \/>\n<meta property=\"og:site_name\" content=\"creaerte.com\" \/>\n<meta property=\"article:publisher\" content=\"https:\/\/www.facebook.com\/creaerte\" \/>\n<meta property=\"article:published_time\" content=\"2011-07-12T07:15:43+00:00\" \/>\n<meta property=\"article:modified_time\" content=\"2013-07-04T08:18:26+00:00\" \/>\n<meta property=\"og:image\" content=\"https:\/\/www.creaerte.com\/live\/wp-content\/uploads\/2011\/07\/5843271754_4a80461e4b_o.gif\" \/>\n\t<meta property=\"og:image:width\" content=\"615\" \/>\n\t<meta property=\"og:image:height\" content=\"383\" \/>\n\t<meta property=\"og:image:type\" content=\"image\/gif\" \/>\n<meta name=\"author\" content=\"admin\" \/>\n<meta name=\"twitter:card\" content=\"summary_large_image\" \/>\n<meta name=\"twitter:creator\" content=\"@Creaerte\" \/>\n<meta name=\"twitter:site\" content=\"@Creaerte\" \/>\n<meta name=\"twitter:label1\" content=\"Escrito por\" \/>\n\t<meta name=\"twitter:data1\" content=\"admin\" \/>\n\t<meta name=\"twitter:label2\" content=\"Tiempo de lectura\" \/>\n\t<meta name=\"twitter:data2\" content=\"1 minuto\" \/>\n<script type=\"application\/ld+json\" class=\"yoast-schema-graph\">{\"@context\":\"https:\/\/schema.org\",\"@graph\":[{\"@type\":\"Article\",\"@id\":\"https:\/\/www.creaerte.com\/live\/el-movimiento-llego-a-la-fotografia-cinemagraphs\/#article\",\"isPartOf\":{\"@id\":\"https:\/\/www.creaerte.com\/live\/el-movimiento-llego-a-la-fotografia-cinemagraphs\/\"},\"author\":{\"name\":\"admin\",\"@id\":\"https:\/\/www.creaerte.com\/live\/#\/schema\/person\/acc9e93c6216bce2d569b1f0a99607f6\"},\"headline\":\"El movimiento lleg\u00f3 a la fotograf\u00eda: Cinemagraphs\",\"datePublished\":\"2011-07-12T07:15:43+00:00\",\"dateModified\":\"2013-07-04T08:18:26+00:00\",\"mainEntityOfPage\":{\"@id\":\"https:\/\/www.creaerte.com\/live\/el-movimiento-llego-a-la-fotografia-cinemagraphs\/\"},\"wordCount\":128,\"commentCount\":0,\"image\":{\"@id\":\"https:\/\/www.creaerte.com\/live\/el-movimiento-llego-a-la-fotografia-cinemagraphs\/#primaryimage\"},\"thumbnailUrl\":\"http:\/\/creaerte.com\/live\/wp-content\/uploads\/2011\/07\/5843271754_4a80461e4b_o.gif\",\"keywords\":[\"fotograf\u00eda\",\"movimiento\"],\"articleSection\":[\"Noticias\"],\"inLanguage\":\"es\",\"potentialAction\":[{\"@type\":\"CommentAction\",\"name\":\"Comment\",\"target\":[\"https:\/\/www.creaerte.com\/live\/el-movimiento-llego-a-la-fotografia-cinemagraphs\/#respond\"]}]},{\"@type\":\"WebPage\",\"@id\":\"https:\/\/www.creaerte.com\/live\/el-movimiento-llego-a-la-fotografia-cinemagraphs\/\",\"url\":\"https:\/\/www.creaerte.com\/live\/el-movimiento-llego-a-la-fotografia-cinemagraphs\/\",\"name\":\"El movimiento lleg\u00f3 a la fotograf\u00eda: Cinemagraphs - creaerte.com\",\"isPartOf\":{\"@id\":\"https:\/\/www.creaerte.com\/live\/#website\"},\"primaryImageOfPage\":{\"@id\":\"https:\/\/www.creaerte.com\/live\/el-movimiento-llego-a-la-fotografia-cinemagraphs\/#primaryimage\"},\"image\":{\"@id\":\"https:\/\/www.creaerte.com\/live\/el-movimiento-llego-a-la-fotografia-cinemagraphs\/#primaryimage\"},\"thumbnailUrl\":\"http:\/\/creaerte.com\/live\/wp-content\/uploads\/2011\/07\/5843271754_4a80461e4b_o.gif\",\"datePublished\":\"2011-07-12T07:15:43+00:00\",\"dateModified\":\"2013-07-04T08:18:26+00:00\",\"author\":{\"@id\":\"https:\/\/www.creaerte.com\/live\/#\/schema\/person\/acc9e93c6216bce2d569b1f0a99607f6\"},\"inLanguage\":\"es\",\"potentialAction\":[{\"@type\":\"ReadAction\",\"target\":[\"https:\/\/www.creaerte.com\/live\/el-movimiento-llego-a-la-fotografia-cinemagraphs\/\"]}]},{\"@type\":\"ImageObject\",\"inLanguage\":\"es\",\"@id\":\"https:\/\/www.creaerte.com\/live\/el-movimiento-llego-a-la-fotografia-cinemagraphs\/#primaryimage\",\"url\":\"http:\/\/creaerte.com\/live\/wp-content\/uploads\/2011\/07\/5843271754_4a80461e4b_o.gif\",\"contentUrl\":\"http:\/\/creaerte.com\/live\/wp-content\/uploads\/2011\/07\/5843271754_4a80461e4b_o.gif\"},{\"@type\":\"WebSite\",\"@id\":\"https:\/\/www.creaerte.com\/live\/#website\",\"url\":\"https:\/\/www.creaerte.com\/live\/\",\"name\":\"creaerte.com\",\"description\":\"Agencia de publicidad, comunicaci\u00f3n y marketing en C\u00e1ceres \u2022 Extremadura\",\"potentialAction\":[{\"@type\":\"SearchAction\",\"target\":{\"@type\":\"EntryPoint\",\"urlTemplate\":\"https:\/\/www.creaerte.com\/live\/?s={search_term_string}\"},\"query-input\":{\"@type\":\"PropertyValueSpecification\",\"valueRequired\":true,\"valueName\":\"search_term_string\"}}],\"inLanguage\":\"es\"},{\"@type\":\"Person\",\"@id\":\"https:\/\/www.creaerte.com\/live\/#\/schema\/person\/acc9e93c6216bce2d569b1f0a99607f6\",\"name\":\"admin\",\"image\":{\"@type\":\"ImageObject\",\"inLanguage\":\"es\",\"@id\":\"https:\/\/www.creaerte.com\/live\/#\/schema\/person\/image\/\",\"url\":\"https:\/\/secure.gravatar.com\/avatar\/736f9ff6dd176e443e4c9cf884b23352631c533b611f216dbc09fc84cda6e67c?s=96&d=mm&r=g\",\"contentUrl\":\"https:\/\/secure.gravatar.com\/avatar\/736f9ff6dd176e443e4c9cf884b23352631c533b611f216dbc09fc84cda6e67c?s=96&d=mm&r=g\",\"caption\":\"admin\"},\"url\":\"https:\/\/www.creaerte.com\/live\/author\/admin\/\"}]}<\/script>\n<!-- \/ Yoast SEO plugin. -->","yoast_head_json":{"title":"El movimiento lleg\u00f3 a la fotograf\u00eda: Cinemagraphs - creaerte.com","robots":{"index":"index","follow":"follow","max-snippet":"max-snippet:-1","max-image-preview":"max-image-preview:large","max-video-preview":"max-video-preview:-1"},"canonical":"https:\/\/www.creaerte.com\/live\/el-movimiento-llego-a-la-fotografia-cinemagraphs\/","og_locale":"es_ES","og_type":"article","og_title":"El movimiento lleg\u00f3 a la fotograf\u00eda: Cinemagraphs - creaerte.com","og_description":"La fot\u00f3grafa neoyorkina Jaime Beck y el dise\u00f1ador web Kevin Burg son los pioneros de un nuevo movimiento, el cinemagraphs, que han dado una nueva vida a los gif animados \u201calgo m\u00e1s que una fotograf\u00eda pero menos que una pel\u00edcula\u201d. El formato surgi\u00f3 durante la Fashion Week de Nueva York de 2011, de ah\u00ed se traslad\u00f3 a tumblr From me...","og_url":"https:\/\/www.creaerte.com\/live\/el-movimiento-llego-a-la-fotografia-cinemagraphs\/","og_site_name":"creaerte.com","article_publisher":"https:\/\/www.facebook.com\/creaerte","article_published_time":"2011-07-12T07:15:43+00:00","article_modified_time":"2013-07-04T08:18:26+00:00","og_image":[{"width":615,"height":383,"url":"https:\/\/www.creaerte.com\/live\/wp-content\/uploads\/2011\/07\/5843271754_4a80461e4b_o.gif","type":"image\/gif"}],"author":"admin","twitter_card":"summary_large_image","twitter_creator":"@Creaerte","twitter_site":"@Creaerte","twitter_misc":{"Escrito por":"admin","Tiempo de lectura":"1 minuto"},"schema":{"@context":"https:\/\/schema.org","@graph":[{"@type":"Article","@id":"https:\/\/www.creaerte.com\/live\/el-movimiento-llego-a-la-fotografia-cinemagraphs\/#article","isPartOf":{"@id":"https:\/\/www.creaerte.com\/live\/el-movimiento-llego-a-la-fotografia-cinemagraphs\/"},"author":{"name":"admin","@id":"https:\/\/www.creaerte.com\/live\/#\/schema\/person\/acc9e93c6216bce2d569b1f0a99607f6"},"headline":"El movimiento lleg\u00f3 a la fotograf\u00eda: Cinemagraphs","datePublished":"2011-07-12T07:15:43+00:00","dateModified":"2013-07-04T08:18:26+00:00","mainEntityOfPage":{"@id":"https:\/\/www.creaerte.com\/live\/el-movimiento-llego-a-la-fotografia-cinemagraphs\/"},"wordCount":128,"commentCount":0,"image":{"@id":"https:\/\/www.creaerte.com\/live\/el-movimiento-llego-a-la-fotografia-cinemagraphs\/#primaryimage"},"thumbnailUrl":"http:\/\/creaerte.com\/live\/wp-content\/uploads\/2011\/07\/5843271754_4a80461e4b_o.gif","keywords":["fotograf\u00eda","movimiento"],"articleSection":["Noticias"],"inLanguage":"es","potentialAction":[{"@type":"CommentAction","name":"Comment","target":["https:\/\/www.creaerte.com\/live\/el-movimiento-llego-a-la-fotografia-cinemagraphs\/#respond"]}]},{"@type":"WebPage","@id":"https:\/\/www.creaerte.com\/live\/el-movimiento-llego-a-la-fotografia-cinemagraphs\/","url":"https:\/\/www.creaerte.com\/live\/el-movimiento-llego-a-la-fotografia-cinemagraphs\/","name":"El movimiento lleg\u00f3 a la fotograf\u00eda: Cinemagraphs - creaerte.com","isPartOf":{"@id":"https:\/\/www.creaerte.com\/live\/#website"},"primaryImageOfPage":{"@id":"https:\/\/www.creaerte.com\/live\/el-movimiento-llego-a-la-fotografia-cinemagraphs\/#primaryimage"},"image":{"@id":"https:\/\/www.creaerte.com\/live\/el-movimiento-llego-a-la-fotografia-cinemagraphs\/#primaryimage"},"thumbnailUrl":"http:\/\/creaerte.com\/live\/wp-content\/uploads\/2011\/07\/5843271754_4a80461e4b_o.gif","datePublished":"2011-07-12T07:15:43+00:00","dateModified":"2013-07-04T08:18:26+00:00","author":{"@id":"https:\/\/www.creaerte.com\/live\/#\/schema\/person\/acc9e93c6216bce2d569b1f0a99607f6"},"inLanguage":"es","potentialAction":[{"@type":"ReadAction","target":["https:\/\/www.creaerte.com\/live\/el-movimiento-llego-a-la-fotografia-cinemagraphs\/"]}]},{"@type":"ImageObject","inLanguage":"es","@id":"https:\/\/www.creaerte.com\/live\/el-movimiento-llego-a-la-fotografia-cinemagraphs\/#primaryimage","url":"http:\/\/creaerte.com\/live\/wp-content\/uploads\/2011\/07\/5843271754_4a80461e4b_o.gif","contentUrl":"http:\/\/creaerte.com\/live\/wp-content\/uploads\/2011\/07\/5843271754_4a80461e4b_o.gif"},{"@type":"WebSite","@id":"https:\/\/www.creaerte.com\/live\/#website","url":"https:\/\/www.creaerte.com\/live\/","name":"creaerte.com","description":"Agencia de publicidad, comunicaci\u00f3n y marketing en C\u00e1ceres \u2022 Extremadura","potentialAction":[{"@type":"SearchAction","target":{"@type":"EntryPoint","urlTemplate":"https:\/\/www.creaerte.com\/live\/?s={search_term_string}"},"query-input":{"@type":"PropertyValueSpecification","valueRequired":true,"valueName":"search_term_string"}}],"inLanguage":"es"},{"@type":"Person","@id":"https:\/\/www.creaerte.com\/live\/#\/schema\/person\/acc9e93c6216bce2d569b1f0a99607f6","name":"admin","image":{"@type":"ImageObject","inLanguage":"es","@id":"https:\/\/www.creaerte.com\/live\/#\/schema\/person\/image\/","url":"https:\/\/secure.gravatar.com\/avatar\/736f9ff6dd176e443e4c9cf884b23352631c533b611f216dbc09fc84cda6e67c?s=96&d=mm&r=g","contentUrl":"https:\/\/secure.gravatar.com\/avatar\/736f9ff6dd176e443e4c9cf884b23352631c533b611f216dbc09fc84cda6e67c?s=96&d=mm&r=g","caption":"admin"},"url":"https:\/\/www.creaerte.com\/live\/author\/admin\/"}]}},"_links":{"self":[{"href":"https:\/\/www.creaerte.com\/live\/wp-json\/wp\/v2\/posts\/2503","targetHints":{"allow":["GET"]}}],"collection":[{"href":"https:\/\/www.creaerte.com\/live\/wp-json\/wp\/v2\/posts"}],"about":[{"href":"https:\/\/www.creaerte.com\/live\/wp-json\/wp\/v2\/types\/post"}],"author":[{"embeddable":true,"href":"https:\/\/www.creaerte.com\/live\/wp-json\/wp\/v2\/users\/1"}],"replies":[{"embeddable":true,"href":"https:\/\/www.creaerte.com\/live\/wp-json\/wp\/v2\/comments?post=2503"}],"version-history":[{"count":0,"href":"https:\/\/www.creaerte.com\/live\/wp-json\/wp\/v2\/posts\/2503\/revisions"}],"wp:attachment":[{"href":"https:\/\/www.creaerte.com\/live\/wp-json\/wp\/v2\/media?parent=2503"}],"wp:term":[{"taxonomy":"category","embeddable":true,"href":"https:\/\/www.creaerte.com\/live\/wp-json\/wp\/v2\/categories?post=2503"},{"taxonomy":"post_tag","embeddable":true,"href":"https:\/\/www.creaerte.com\/live\/wp-json\/wp\/v2\/tags?post=2503"}],"curies":[{"name":"wp","href":"https:\/\/api.w.org\/{rel}","templated":true}]}}