{"id":25773,"date":"2019-07-29T09:58:01","date_gmt":"2019-07-29T08:58:01","guid":{"rendered":"http:\/\/www.creaerte.com\/live\/?p=25773"},"modified":"2019-07-29T09:58:01","modified_gmt":"2019-07-29T08:58:01","slug":"clara-montagut-minimalismo-periodistico","status":"publish","type":"post","link":"https:\/\/www.creaerte.com\/live\/clara-montagut-minimalismo-periodistico\/","title":{"rendered":"Clara Montagut y el minimalismo period\u00edstico"},"content":{"rendered":"<p>\u00abSi me cortas las manos y me arrancas los ojos, encontrar\u00eda otras maneras de hacer mi trabajo\u00bb. As\u00ed se define en uno de sus perfiles sociales la <strong>creativa Clara Montagut<\/strong>. Capaz de plantarse en el campo de batalla <strong>sin un solo titular en la portada<\/strong>, se puede decir sin miedo a equivocarse que ella es el <strong>verso suelto del periodismo espa\u00f1ol<\/strong> desde su prisma de <strong>dise\u00f1adora gr\u00e1fica<\/strong> y <strong>directora de arte<\/strong>.<\/p>\n<p>Trabaj\u00f3 10 a\u00f1os para <strong>Prisa Revistas<\/strong> y dirigi\u00f3 el dise\u00f1o de la publicaci\u00f3n <strong>Rolling Stones<\/strong> antes de pasar a <strong>Esquire<\/strong>, donde en 2013 logr\u00f3 hacerse con el premio <strong>Gr\u00e0ffica 2013<\/strong> por dar \u00abuna personalidad propia a la revista\u00bb. Y es que Montagut destaca por saber establecer un <strong>equilibrio<\/strong> entre <strong>riesgo<\/strong> y <strong>audacia<\/strong> en sus propuestas.<\/p>\n<p>Si una de las m\u00e1ximas del periodismo es la de la <strong>simplificaci\u00f3n de los contenidos<\/strong>, la creativa es capaz de obtener la m\u00e1s exquisita de las s\u00edntesis gracias a la <strong>edici\u00f3n fotogr\u00e1fica<\/strong> y a una acertada utilizaci\u00f3n de las <strong>tipograf\u00edas<\/strong>. Un <strong>minimalismo period\u00edstico<\/strong> del que os mostramos algunos ejemplos.<\/p>\n<p><img fetchpriority=\"high\" decoding=\"async\" src=\"http:\/\/www.creaerte.com\/live\/wp-content\/uploads\/2019\/07\/esquire-1.jpg\" alt=\"esquire 1\" width=\"960\" height=\"1281\" class=\"aligncenter size-full wp-image-25775\" srcset=\"https:\/\/www.creaerte.com\/live\/wp-content\/uploads\/2019\/07\/esquire-1.jpg 960w, https:\/\/www.creaerte.com\/live\/wp-content\/uploads\/2019\/07\/esquire-1-288x384.jpg 288w, https:\/\/www.creaerte.com\/live\/wp-content\/uploads\/2019\/07\/esquire-1-768x1025.jpg 768w, https:\/\/www.creaerte.com\/live\/wp-content\/uploads\/2019\/07\/esquire-1-767x1024.jpg 767w, https:\/\/www.creaerte.com\/live\/wp-content\/uploads\/2019\/07\/esquire-1-624x833.jpg 624w\" sizes=\"(max-width: 960px) 100vw, 960px\" \/><\/p>\n<p><img decoding=\"async\" src=\"http:\/\/www.creaerte.com\/live\/wp-content\/uploads\/2019\/07\/esquire-2.jpg\" alt=\"esquire 2\" width=\"990\" height=\"1361\" class=\"aligncenter size-full wp-image-25776\" srcset=\"https:\/\/www.creaerte.com\/live\/wp-content\/uploads\/2019\/07\/esquire-2.jpg 990w, https:\/\/www.creaerte.com\/live\/wp-content\/uploads\/2019\/07\/esquire-2-279x384.jpg 279w, https:\/\/www.creaerte.com\/live\/wp-content\/uploads\/2019\/07\/esquire-2-768x1056.jpg 768w, https:\/\/www.creaerte.com\/live\/wp-content\/uploads\/2019\/07\/esquire-2-745x1024.jpg 745w, https:\/\/www.creaerte.com\/live\/wp-content\/uploads\/2019\/07\/esquire-2-624x858.jpg 624w\" sizes=\"(max-width: 990px) 100vw, 990px\" \/><\/p>\n<p><img decoding=\"async\" src=\"http:\/\/www.creaerte.com\/live\/wp-content\/uploads\/2019\/07\/esquiere-3.jpg\" alt=\"esquiere 3\" width=\"990\" height=\"1386\" class=\"aligncenter size-full wp-image-25777\" srcset=\"https:\/\/www.creaerte.com\/live\/wp-content\/uploads\/2019\/07\/esquiere-3.jpg 990w, https:\/\/www.creaerte.com\/live\/wp-content\/uploads\/2019\/07\/esquiere-3-274x384.jpg 274w, https:\/\/www.creaerte.com\/live\/wp-content\/uploads\/2019\/07\/esquiere-3-768x1075.jpg 768w, https:\/\/www.creaerte.com\/live\/wp-content\/uploads\/2019\/07\/esquiere-3-731x1024.jpg 731w, https:\/\/www.creaerte.com\/live\/wp-content\/uploads\/2019\/07\/esquiere-3-624x874.jpg 624w\" sizes=\"(max-width: 990px) 100vw, 990px\" \/><\/p>\n<p><img loading=\"lazy\" decoding=\"async\" src=\"http:\/\/www.creaerte.com\/live\/wp-content\/uploads\/2019\/07\/esquiere-4.jpg\" alt=\"esquiere 4\" width=\"990\" height=\"1386\" class=\"aligncenter size-full wp-image-25778\" srcset=\"https:\/\/www.creaerte.com\/live\/wp-content\/uploads\/2019\/07\/esquiere-4.jpg 990w, https:\/\/www.creaerte.com\/live\/wp-content\/uploads\/2019\/07\/esquiere-4-274x384.jpg 274w, https:\/\/www.creaerte.com\/live\/wp-content\/uploads\/2019\/07\/esquiere-4-768x1075.jpg 768w, https:\/\/www.creaerte.com\/live\/wp-content\/uploads\/2019\/07\/esquiere-4-731x1024.jpg 731w, https:\/\/www.creaerte.com\/live\/wp-content\/uploads\/2019\/07\/esquiere-4-624x874.jpg 624w\" sizes=\"(max-width: 990px) 100vw, 990px\" \/><\/p>\n<p><img loading=\"lazy\" decoding=\"async\" src=\"http:\/\/www.creaerte.com\/live\/wp-content\/uploads\/2019\/07\/esquiere-5.jpg\" alt=\"esquiere 5\" width=\"960\" height=\"1340\" class=\"aligncenter size-full wp-image-25779\" srcset=\"https:\/\/www.creaerte.com\/live\/wp-content\/uploads\/2019\/07\/esquiere-5.jpg 960w, https:\/\/www.creaerte.com\/live\/wp-content\/uploads\/2019\/07\/esquiere-5-275x384.jpg 275w, https:\/\/www.creaerte.com\/live\/wp-content\/uploads\/2019\/07\/esquiere-5-768x1072.jpg 768w, https:\/\/www.creaerte.com\/live\/wp-content\/uploads\/2019\/07\/esquiere-5-734x1024.jpg 734w, https:\/\/www.creaerte.com\/live\/wp-content\/uploads\/2019\/07\/esquiere-5-624x871.jpg 624w\" sizes=\"(max-width: 960px) 100vw, 960px\" \/>   <\/p>\n","protected":false},"excerpt":{"rendered":"<p>\u00abSi me cortas las manos y me arrancas los ojos, encontrar\u00eda otras maneras de hacer mi trabajo\u00bb. As\u00ed se define en uno de sus perfiles sociales la creativa Clara Montagut. Capaz de plantarse en el campo de batalla sin un solo titular en la portada, se puede decir sin miedo a equivocarse que ella es el verso suelto del periodismo&#8230;<\/p>\n","protected":false},"author":1,"featured_media":25774,"comment_status":"open","ping_status":"open","sticky":false,"template":"","format":"standard","meta":{"footnotes":""},"categories":[1350],"tags":[],"class_list":["post-25773","post","type-post","status-publish","format-standard","has-post-thumbnail","hentry","category-creatividad","has_thumb"],"yoast_head":"<!-- This site is optimized with the Yoast SEO plugin v26.9 - https:\/\/yoast.com\/product\/yoast-seo-wordpress\/ -->\n<title>Clara Montagut y el minimalismo period\u00edstico - creaerte.com<\/title>\n<meta name=\"robots\" content=\"index, follow, max-snippet:-1, max-image-preview:large, max-video-preview:-1\" \/>\n<link rel=\"canonical\" href=\"https:\/\/www.creaerte.com\/live\/clara-montagut-minimalismo-periodistico\/\" \/>\n<meta property=\"og:locale\" content=\"es_ES\" \/>\n<meta property=\"og:type\" content=\"article\" \/>\n<meta property=\"og:title\" content=\"Clara Montagut y el minimalismo period\u00edstico - creaerte.com\" \/>\n<meta property=\"og:description\" content=\"\u00abSi me cortas las manos y me arrancas los ojos, encontrar\u00eda otras maneras de hacer mi trabajo\u00bb. As\u00ed se define en uno de sus perfiles sociales la creativa Clara Montagut. Capaz de plantarse en el campo de batalla sin un solo titular en la portada, se puede decir sin miedo a equivocarse que ella es el verso suelto del periodismo...\" \/>\n<meta property=\"og:url\" content=\"https:\/\/www.creaerte.com\/live\/clara-montagut-minimalismo-periodistico\/\" \/>\n<meta property=\"og:site_name\" content=\"creaerte.com\" \/>\n<meta property=\"article:publisher\" content=\"https:\/\/www.facebook.com\/creaerte\" \/>\n<meta property=\"article:published_time\" content=\"2019-07-29T08:58:01+00:00\" \/>\n<meta property=\"og:image\" content=\"https:\/\/www.creaerte.com\/live\/wp-content\/uploads\/2019\/07\/Clara-Montagut-post.jpg\" \/>\n\t<meta property=\"og:image:width\" content=\"817\" \/>\n\t<meta property=\"og:image:height\" content=\"468\" \/>\n\t<meta property=\"og:image:type\" content=\"image\/jpeg\" \/>\n<meta name=\"author\" content=\"admin\" \/>\n<meta name=\"twitter:card\" content=\"summary_large_image\" \/>\n<meta name=\"twitter:creator\" content=\"@Creaerte\" \/>\n<meta name=\"twitter:site\" content=\"@Creaerte\" \/>\n<meta name=\"twitter:label1\" content=\"Escrito por\" \/>\n\t<meta name=\"twitter:data1\" content=\"admin\" \/>\n\t<meta name=\"twitter:label2\" content=\"Tiempo de lectura\" \/>\n\t<meta name=\"twitter:data2\" content=\"1 minuto\" \/>\n<script type=\"application\/ld+json\" class=\"yoast-schema-graph\">{\"@context\":\"https:\/\/schema.org\",\"@graph\":[{\"@type\":\"Article\",\"@id\":\"https:\/\/www.creaerte.com\/live\/clara-montagut-minimalismo-periodistico\/#article\",\"isPartOf\":{\"@id\":\"https:\/\/www.creaerte.com\/live\/clara-montagut-minimalismo-periodistico\/\"},\"author\":{\"name\":\"admin\",\"@id\":\"https:\/\/www.creaerte.com\/live\/#\/schema\/person\/acc9e93c6216bce2d569b1f0a99607f6\"},\"headline\":\"Clara Montagut y el minimalismo period\u00edstico\",\"datePublished\":\"2019-07-29T08:58:01+00:00\",\"mainEntityOfPage\":{\"@id\":\"https:\/\/www.creaerte.com\/live\/clara-montagut-minimalismo-periodistico\/\"},\"wordCount\":196,\"commentCount\":0,\"image\":{\"@id\":\"https:\/\/www.creaerte.com\/live\/clara-montagut-minimalismo-periodistico\/#primaryimage\"},\"thumbnailUrl\":\"https:\/\/www.creaerte.com\/live\/wp-content\/uploads\/2019\/07\/Clara-Montagut-post.jpg\",\"articleSection\":[\"creatividad\"],\"inLanguage\":\"es\",\"potentialAction\":[{\"@type\":\"CommentAction\",\"name\":\"Comment\",\"target\":[\"https:\/\/www.creaerte.com\/live\/clara-montagut-minimalismo-periodistico\/#respond\"]}]},{\"@type\":\"WebPage\",\"@id\":\"https:\/\/www.creaerte.com\/live\/clara-montagut-minimalismo-periodistico\/\",\"url\":\"https:\/\/www.creaerte.com\/live\/clara-montagut-minimalismo-periodistico\/\",\"name\":\"Clara Montagut y el minimalismo period\u00edstico - creaerte.com\",\"isPartOf\":{\"@id\":\"https:\/\/www.creaerte.com\/live\/#website\"},\"primaryImageOfPage\":{\"@id\":\"https:\/\/www.creaerte.com\/live\/clara-montagut-minimalismo-periodistico\/#primaryimage\"},\"image\":{\"@id\":\"https:\/\/www.creaerte.com\/live\/clara-montagut-minimalismo-periodistico\/#primaryimage\"},\"thumbnailUrl\":\"https:\/\/www.creaerte.com\/live\/wp-content\/uploads\/2019\/07\/Clara-Montagut-post.jpg\",\"datePublished\":\"2019-07-29T08:58:01+00:00\",\"author\":{\"@id\":\"https:\/\/www.creaerte.com\/live\/#\/schema\/person\/acc9e93c6216bce2d569b1f0a99607f6\"},\"inLanguage\":\"es\",\"potentialAction\":[{\"@type\":\"ReadAction\",\"target\":[\"https:\/\/www.creaerte.com\/live\/clara-montagut-minimalismo-periodistico\/\"]}]},{\"@type\":\"ImageObject\",\"inLanguage\":\"es\",\"@id\":\"https:\/\/www.creaerte.com\/live\/clara-montagut-minimalismo-periodistico\/#primaryimage\",\"url\":\"https:\/\/www.creaerte.com\/live\/wp-content\/uploads\/2019\/07\/Clara-Montagut-post.jpg\",\"contentUrl\":\"https:\/\/www.creaerte.com\/live\/wp-content\/uploads\/2019\/07\/Clara-Montagut-post.jpg\",\"width\":817,\"height\":468},{\"@type\":\"WebSite\",\"@id\":\"https:\/\/www.creaerte.com\/live\/#website\",\"url\":\"https:\/\/www.creaerte.com\/live\/\",\"name\":\"creaerte.com\",\"description\":\"Agencia de publicidad, comunicaci\u00f3n y marketing en C\u00e1ceres \u2022 Extremadura\",\"potentialAction\":[{\"@type\":\"SearchAction\",\"target\":{\"@type\":\"EntryPoint\",\"urlTemplate\":\"https:\/\/www.creaerte.com\/live\/?s={search_term_string}\"},\"query-input\":{\"@type\":\"PropertyValueSpecification\",\"valueRequired\":true,\"valueName\":\"search_term_string\"}}],\"inLanguage\":\"es\"},{\"@type\":\"Person\",\"@id\":\"https:\/\/www.creaerte.com\/live\/#\/schema\/person\/acc9e93c6216bce2d569b1f0a99607f6\",\"name\":\"admin\",\"image\":{\"@type\":\"ImageObject\",\"inLanguage\":\"es\",\"@id\":\"https:\/\/www.creaerte.com\/live\/#\/schema\/person\/image\/\",\"url\":\"https:\/\/secure.gravatar.com\/avatar\/736f9ff6dd176e443e4c9cf884b23352631c533b611f216dbc09fc84cda6e67c?s=96&d=mm&r=g\",\"contentUrl\":\"https:\/\/secure.gravatar.com\/avatar\/736f9ff6dd176e443e4c9cf884b23352631c533b611f216dbc09fc84cda6e67c?s=96&d=mm&r=g\",\"caption\":\"admin\"},\"url\":\"https:\/\/www.creaerte.com\/live\/author\/admin\/\"}]}<\/script>\n<!-- \/ Yoast SEO plugin. -->","yoast_head_json":{"title":"Clara Montagut y el minimalismo period\u00edstico - creaerte.com","robots":{"index":"index","follow":"follow","max-snippet":"max-snippet:-1","max-image-preview":"max-image-preview:large","max-video-preview":"max-video-preview:-1"},"canonical":"https:\/\/www.creaerte.com\/live\/clara-montagut-minimalismo-periodistico\/","og_locale":"es_ES","og_type":"article","og_title":"Clara Montagut y el minimalismo period\u00edstico - creaerte.com","og_description":"\u00abSi me cortas las manos y me arrancas los ojos, encontrar\u00eda otras maneras de hacer mi trabajo\u00bb. As\u00ed se define en uno de sus perfiles sociales la creativa Clara Montagut. Capaz de plantarse en el campo de batalla sin un solo titular en la portada, se puede decir sin miedo a equivocarse que ella es el verso suelto del periodismo...","og_url":"https:\/\/www.creaerte.com\/live\/clara-montagut-minimalismo-periodistico\/","og_site_name":"creaerte.com","article_publisher":"https:\/\/www.facebook.com\/creaerte","article_published_time":"2019-07-29T08:58:01+00:00","og_image":[{"width":817,"height":468,"url":"https:\/\/www.creaerte.com\/live\/wp-content\/uploads\/2019\/07\/Clara-Montagut-post.jpg","type":"image\/jpeg"}],"author":"admin","twitter_card":"summary_large_image","twitter_creator":"@Creaerte","twitter_site":"@Creaerte","twitter_misc":{"Escrito por":"admin","Tiempo de lectura":"1 minuto"},"schema":{"@context":"https:\/\/schema.org","@graph":[{"@type":"Article","@id":"https:\/\/www.creaerte.com\/live\/clara-montagut-minimalismo-periodistico\/#article","isPartOf":{"@id":"https:\/\/www.creaerte.com\/live\/clara-montagut-minimalismo-periodistico\/"},"author":{"name":"admin","@id":"https:\/\/www.creaerte.com\/live\/#\/schema\/person\/acc9e93c6216bce2d569b1f0a99607f6"},"headline":"Clara Montagut y el minimalismo period\u00edstico","datePublished":"2019-07-29T08:58:01+00:00","mainEntityOfPage":{"@id":"https:\/\/www.creaerte.com\/live\/clara-montagut-minimalismo-periodistico\/"},"wordCount":196,"commentCount":0,"image":{"@id":"https:\/\/www.creaerte.com\/live\/clara-montagut-minimalismo-periodistico\/#primaryimage"},"thumbnailUrl":"https:\/\/www.creaerte.com\/live\/wp-content\/uploads\/2019\/07\/Clara-Montagut-post.jpg","articleSection":["creatividad"],"inLanguage":"es","potentialAction":[{"@type":"CommentAction","name":"Comment","target":["https:\/\/www.creaerte.com\/live\/clara-montagut-minimalismo-periodistico\/#respond"]}]},{"@type":"WebPage","@id":"https:\/\/www.creaerte.com\/live\/clara-montagut-minimalismo-periodistico\/","url":"https:\/\/www.creaerte.com\/live\/clara-montagut-minimalismo-periodistico\/","name":"Clara Montagut y el minimalismo period\u00edstico - creaerte.com","isPartOf":{"@id":"https:\/\/www.creaerte.com\/live\/#website"},"primaryImageOfPage":{"@id":"https:\/\/www.creaerte.com\/live\/clara-montagut-minimalismo-periodistico\/#primaryimage"},"image":{"@id":"https:\/\/www.creaerte.com\/live\/clara-montagut-minimalismo-periodistico\/#primaryimage"},"thumbnailUrl":"https:\/\/www.creaerte.com\/live\/wp-content\/uploads\/2019\/07\/Clara-Montagut-post.jpg","datePublished":"2019-07-29T08:58:01+00:00","author":{"@id":"https:\/\/www.creaerte.com\/live\/#\/schema\/person\/acc9e93c6216bce2d569b1f0a99607f6"},"inLanguage":"es","potentialAction":[{"@type":"ReadAction","target":["https:\/\/www.creaerte.com\/live\/clara-montagut-minimalismo-periodistico\/"]}]},{"@type":"ImageObject","inLanguage":"es","@id":"https:\/\/www.creaerte.com\/live\/clara-montagut-minimalismo-periodistico\/#primaryimage","url":"https:\/\/www.creaerte.com\/live\/wp-content\/uploads\/2019\/07\/Clara-Montagut-post.jpg","contentUrl":"https:\/\/www.creaerte.com\/live\/wp-content\/uploads\/2019\/07\/Clara-Montagut-post.jpg","width":817,"height":468},{"@type":"WebSite","@id":"https:\/\/www.creaerte.com\/live\/#website","url":"https:\/\/www.creaerte.com\/live\/","name":"creaerte.com","description":"Agencia de publicidad, comunicaci\u00f3n y marketing en C\u00e1ceres \u2022 Extremadura","potentialAction":[{"@type":"SearchAction","target":{"@type":"EntryPoint","urlTemplate":"https:\/\/www.creaerte.com\/live\/?s={search_term_string}"},"query-input":{"@type":"PropertyValueSpecification","valueRequired":true,"valueName":"search_term_string"}}],"inLanguage":"es"},{"@type":"Person","@id":"https:\/\/www.creaerte.com\/live\/#\/schema\/person\/acc9e93c6216bce2d569b1f0a99607f6","name":"admin","image":{"@type":"ImageObject","inLanguage":"es","@id":"https:\/\/www.creaerte.com\/live\/#\/schema\/person\/image\/","url":"https:\/\/secure.gravatar.com\/avatar\/736f9ff6dd176e443e4c9cf884b23352631c533b611f216dbc09fc84cda6e67c?s=96&d=mm&r=g","contentUrl":"https:\/\/secure.gravatar.com\/avatar\/736f9ff6dd176e443e4c9cf884b23352631c533b611f216dbc09fc84cda6e67c?s=96&d=mm&r=g","caption":"admin"},"url":"https:\/\/www.creaerte.com\/live\/author\/admin\/"}]}},"_links":{"self":[{"href":"https:\/\/www.creaerte.com\/live\/wp-json\/wp\/v2\/posts\/25773","targetHints":{"allow":["GET"]}}],"collection":[{"href":"https:\/\/www.creaerte.com\/live\/wp-json\/wp\/v2\/posts"}],"about":[{"href":"https:\/\/www.creaerte.com\/live\/wp-json\/wp\/v2\/types\/post"}],"author":[{"embeddable":true,"href":"https:\/\/www.creaerte.com\/live\/wp-json\/wp\/v2\/users\/1"}],"replies":[{"embeddable":true,"href":"https:\/\/www.creaerte.com\/live\/wp-json\/wp\/v2\/comments?post=25773"}],"version-history":[{"count":4,"href":"https:\/\/www.creaerte.com\/live\/wp-json\/wp\/v2\/posts\/25773\/revisions"}],"predecessor-version":[{"id":25784,"href":"https:\/\/www.creaerte.com\/live\/wp-json\/wp\/v2\/posts\/25773\/revisions\/25784"}],"wp:featuredmedia":[{"embeddable":true,"href":"https:\/\/www.creaerte.com\/live\/wp-json\/wp\/v2\/media\/25774"}],"wp:attachment":[{"href":"https:\/\/www.creaerte.com\/live\/wp-json\/wp\/v2\/media?parent=25773"}],"wp:term":[{"taxonomy":"category","embeddable":true,"href":"https:\/\/www.creaerte.com\/live\/wp-json\/wp\/v2\/categories?post=25773"},{"taxonomy":"post_tag","embeddable":true,"href":"https:\/\/www.creaerte.com\/live\/wp-json\/wp\/v2\/tags?post=25773"}],"curies":[{"name":"wp","href":"https:\/\/api.w.org\/{rel}","templated":true}]}}