{"id":25922,"date":"2019-08-19T08:47:37","date_gmt":"2019-08-19T07:47:37","guid":{"rendered":"http:\/\/www.creaerte.com\/live\/?p=25922"},"modified":"2019-08-19T09:37:56","modified_gmt":"2019-08-19T08:37:56","slug":"oscar-marine-camaleonico-creativo-la-transicion","status":"publish","type":"post","link":"https:\/\/www.creaerte.com\/live\/oscar-marine-camaleonico-creativo-la-transicion\/","title":{"rendered":"\u00d3scar Marin\u00e9, el camale\u00f3nico creativo de la Transici\u00f3n"},"content":{"rendered":"<p>En 2010 fue distinguido con el <strong>Premio Nacional del Dise\u00f1o<\/strong>, pero ya durante la <strong>Transici\u00f3n<\/strong> comenz\u00f3 a hacerse un nombre de prestigio en el mundo de la <strong>creatividad<\/strong>, hasta el punto de haber conseguido ser parte del <strong>imaginario colectivo<\/strong> de varias generaciones. El ilustrador <strong>\u00d3scar Marin\u00e9<\/strong> (Madrid, 1951) no pod\u00eda ser ajeno a nuestra columna semanal sobre nombres propios de creativos consagrados, pues es tambi\u00e9n uno de los mayores expertos <strong>tipogr\u00e1ficos<\/strong> en el mundo de la <strong>comunicaci\u00f3n<\/strong>.<\/p>\n<p>Sus creaciones, las cuales podemos elevar a la categor\u00eda de <strong>arte<\/strong> sin temor a ruborizarnos, han incluido a lo largo de toda su trayectoria trabajos que a la postre han resultado <strong>ic\u00f3nicos<\/strong>, ya sea en el mundo del cine, de la m\u00fasica o de la comunicaci\u00f3n. Marin\u00e9 ha sido fuente creativa para diferentes campos en la escena internacional. Los cineastas <strong>Pedro Almod\u00f3var<\/strong>, <strong>Julio M\u00e9dem<\/strong> o <strong>\u00c1lex de la Iglesia<\/strong> han contado con la espada art\u00edstica de \u00d3scar Marin\u00e9, al igual que los m\u00fasicos <strong>Bruce Springsteen<\/strong> o <strong>Brian Eno<\/strong>. Los medios de comunicaci\u00f3n tampoco han sido ajenos a su buen hacer, como se demuestra a trav\u00e9s del amplio cat\u00e1logo de portadas realizadas para <strong>El Pa\u00eds Semanal<\/strong>. Reputadas marcas como <strong>Absolut Vodka<\/strong>, <strong>Hugo Boss<\/strong> o <strong>Loewe<\/strong>, entre otras, tambi\u00e9n han llevado en alg\u00fan momento el sello distintivo de este dise\u00f1ador espa\u00f1ol.<\/p>\n<p>Fundador de <strong>OMB Desing<\/strong> en la capital espa\u00f1ola, Marin\u00e9 tambi\u00e9n puede presumir de haber expuesto en solitario en plazas de primera, como es el caso de <strong>Nueva York<\/strong>, <strong>Mil\u00e1n<\/strong>, <strong>Venecia<\/strong> o <strong>Tokio<\/strong>. Todo ello gracias a un estilo tan reconocible como <strong>camale\u00f3nico<\/strong> con el fin de satisfacer las exigencias de los <strong>clientes<\/strong>.<\/p>\n<p><img fetchpriority=\"high\" decoding=\"async\" class=\"aligncenter size-full wp-image-25924\" src=\"http:\/\/www.creaerte.com\/live\/wp-content\/uploads\/2019\/08\/Marin\u00e9-1.jpg\" alt=\"Marin\u00e9 1\" width=\"765\" height=\"420\" srcset=\"https:\/\/www.creaerte.com\/live\/wp-content\/uploads\/2019\/08\/Marin\u00e9-1.jpg 765w, https:\/\/www.creaerte.com\/live\/wp-content\/uploads\/2019\/08\/Marin\u00e9-1-384x211.jpg 384w, https:\/\/www.creaerte.com\/live\/wp-content\/uploads\/2019\/08\/Marin\u00e9-1-624x343.jpg 624w\" sizes=\"(max-width: 765px) 100vw, 765px\" \/><\/p>\n<p><img decoding=\"async\" class=\"aligncenter size-full wp-image-25926\" src=\"http:\/\/www.creaerte.com\/live\/wp-content\/uploads\/2019\/08\/MArin\u00e9-3.jpg\" alt=\"MArin\u00e9 3\" width=\"765\" height=\"420\" srcset=\"https:\/\/www.creaerte.com\/live\/wp-content\/uploads\/2019\/08\/MArin\u00e9-3.jpg 765w, https:\/\/www.creaerte.com\/live\/wp-content\/uploads\/2019\/08\/MArin\u00e9-3-384x211.jpg 384w, https:\/\/www.creaerte.com\/live\/wp-content\/uploads\/2019\/08\/MArin\u00e9-3-624x343.jpg 624w\" sizes=\"(max-width: 765px) 100vw, 765px\" \/><\/p>\n<p><img decoding=\"async\" class=\"size-full wp-image-25925 alignright\" src=\"http:\/\/www.creaerte.com\/live\/wp-content\/uploads\/2019\/08\/Marin\u00e9-2.jpg\" alt=\"Marin\u00e9 2\" width=\"765\" height=\"489\" srcset=\"https:\/\/www.creaerte.com\/live\/wp-content\/uploads\/2019\/08\/Marin\u00e9-2.jpg 765w, https:\/\/www.creaerte.com\/live\/wp-content\/uploads\/2019\/08\/Marin\u00e9-2-384x245.jpg 384w, https:\/\/www.creaerte.com\/live\/wp-content\/uploads\/2019\/08\/Marin\u00e9-2-624x399.jpg 624w\" sizes=\"(max-width: 765px) 100vw, 765px\" \/><\/p>\n<p><img loading=\"lazy\" decoding=\"async\" class=\"size-full wp-image-25928 alignright\" src=\"http:\/\/www.creaerte.com\/live\/wp-content\/uploads\/2019\/08\/marin\u00e9-5.jpg\" alt=\"marin\u00e9 5\" width=\"765\" height=\"526\" srcset=\"https:\/\/www.creaerte.com\/live\/wp-content\/uploads\/2019\/08\/marin\u00e9-5.jpg 765w, https:\/\/www.creaerte.com\/live\/wp-content\/uploads\/2019\/08\/marin\u00e9-5-384x264.jpg 384w, https:\/\/www.creaerte.com\/live\/wp-content\/uploads\/2019\/08\/marin\u00e9-5-624x429.jpg 624w\" sizes=\"(max-width: 765px) 100vw, 765px\" \/><\/p>\n<p><img loading=\"lazy\" decoding=\"async\" class=\"aligncenter size-full wp-image-25929\" src=\"http:\/\/www.creaerte.com\/live\/wp-content\/uploads\/2019\/08\/marin\u00e9-6.jpg\" alt=\"marin\u00e9 6\" width=\"765\" height=\"420\" srcset=\"https:\/\/www.creaerte.com\/live\/wp-content\/uploads\/2019\/08\/marin\u00e9-6.jpg 765w, https:\/\/www.creaerte.com\/live\/wp-content\/uploads\/2019\/08\/marin\u00e9-6-384x211.jpg 384w, https:\/\/www.creaerte.com\/live\/wp-content\/uploads\/2019\/08\/marin\u00e9-6-624x343.jpg 624w\" sizes=\"(max-width: 765px) 100vw, 765px\" \/><\/p>\n","protected":false},"excerpt":{"rendered":"<p>En 2010 fue distinguido con el Premio Nacional del Dise\u00f1o, pero ya durante la Transici\u00f3n comenz\u00f3 a hacerse un nombre de prestigio en el mundo de la creatividad, hasta el punto de haber conseguido ser parte del imaginario colectivo de varias generaciones. El ilustrador \u00d3scar Marin\u00e9 (Madrid, 1951) no pod\u00eda ser ajeno a nuestra columna semanal sobre nombres propios de&#8230;<\/p>\n","protected":false},"author":1,"featured_media":25935,"comment_status":"open","ping_status":"open","sticky":false,"template":"","format":"standard","meta":{"footnotes":""},"categories":[1350,1357,42],"tags":[],"class_list":["post-25922","post","type-post","status-publish","format-standard","has-post-thumbnail","hentry","category-creatividad","category-creativos-y-creatividad","category-diseno","has_thumb"],"yoast_head":"<!-- This site is optimized with the Yoast SEO plugin v26.9 - https:\/\/yoast.com\/product\/yoast-seo-wordpress\/ -->\n<title>\u00d3scar Marin\u00e9, el camale\u00f3nico creativo de la Transici\u00f3n - creaerte.com<\/title>\n<meta name=\"robots\" content=\"index, follow, max-snippet:-1, max-image-preview:large, max-video-preview:-1\" \/>\n<link rel=\"canonical\" href=\"https:\/\/www.creaerte.com\/live\/oscar-marine-camaleonico-creativo-la-transicion\/\" \/>\n<meta property=\"og:locale\" content=\"es_ES\" \/>\n<meta property=\"og:type\" content=\"article\" \/>\n<meta property=\"og:title\" content=\"\u00d3scar Marin\u00e9, el camale\u00f3nico creativo de la Transici\u00f3n - creaerte.com\" \/>\n<meta property=\"og:description\" content=\"En 2010 fue distinguido con el Premio Nacional del Dise\u00f1o, pero ya durante la Transici\u00f3n comenz\u00f3 a hacerse un nombre de prestigio en el mundo de la creatividad, hasta el punto de haber conseguido ser parte del imaginario colectivo de varias generaciones. El ilustrador \u00d3scar Marin\u00e9 (Madrid, 1951) no pod\u00eda ser ajeno a nuestra columna semanal sobre nombres propios de...\" \/>\n<meta property=\"og:url\" content=\"https:\/\/www.creaerte.com\/live\/oscar-marine-camaleonico-creativo-la-transicion\/\" \/>\n<meta property=\"og:site_name\" content=\"creaerte.com\" \/>\n<meta property=\"article:publisher\" content=\"https:\/\/www.facebook.com\/creaerte\" \/>\n<meta property=\"article:published_time\" content=\"2019-08-19T07:47:37+00:00\" \/>\n<meta property=\"article:modified_time\" content=\"2019-08-19T08:37:56+00:00\" \/>\n<meta property=\"og:image\" content=\"https:\/\/www.creaerte.com\/live\/wp-content\/uploads\/2019\/08\/OscarMarine-Creativo.jpg\" \/>\n\t<meta property=\"og:image:width\" content=\"817\" \/>\n\t<meta property=\"og:image:height\" content=\"468\" \/>\n\t<meta property=\"og:image:type\" content=\"image\/jpeg\" \/>\n<meta name=\"author\" content=\"admin\" \/>\n<meta name=\"twitter:card\" content=\"summary_large_image\" \/>\n<meta name=\"twitter:creator\" content=\"@Creaerte\" \/>\n<meta name=\"twitter:site\" content=\"@Creaerte\" \/>\n<meta name=\"twitter:label1\" content=\"Escrito por\" \/>\n\t<meta name=\"twitter:data1\" content=\"admin\" \/>\n\t<meta name=\"twitter:label2\" content=\"Tiempo de lectura\" \/>\n\t<meta name=\"twitter:data2\" content=\"1 minuto\" \/>\n<script type=\"application\/ld+json\" class=\"yoast-schema-graph\">{\"@context\":\"https:\/\/schema.org\",\"@graph\":[{\"@type\":\"Article\",\"@id\":\"https:\/\/www.creaerte.com\/live\/oscar-marine-camaleonico-creativo-la-transicion\/#article\",\"isPartOf\":{\"@id\":\"https:\/\/www.creaerte.com\/live\/oscar-marine-camaleonico-creativo-la-transicion\/\"},\"author\":{\"name\":\"admin\",\"@id\":\"https:\/\/www.creaerte.com\/live\/#\/schema\/person\/acc9e93c6216bce2d569b1f0a99607f6\"},\"headline\":\"\u00d3scar Marin\u00e9, el camale\u00f3nico creativo de la Transici\u00f3n\",\"datePublished\":\"2019-08-19T07:47:37+00:00\",\"dateModified\":\"2019-08-19T08:37:56+00:00\",\"mainEntityOfPage\":{\"@id\":\"https:\/\/www.creaerte.com\/live\/oscar-marine-camaleonico-creativo-la-transicion\/\"},\"wordCount\":302,\"commentCount\":0,\"image\":{\"@id\":\"https:\/\/www.creaerte.com\/live\/oscar-marine-camaleonico-creativo-la-transicion\/#primaryimage\"},\"thumbnailUrl\":\"https:\/\/www.creaerte.com\/live\/wp-content\/uploads\/2019\/08\/OscarMarine-Creativo.jpg\",\"articleSection\":[\"creatividad\",\"Creativos y creatividad\",\"dise\u00f1o\"],\"inLanguage\":\"es\",\"potentialAction\":[{\"@type\":\"CommentAction\",\"name\":\"Comment\",\"target\":[\"https:\/\/www.creaerte.com\/live\/oscar-marine-camaleonico-creativo-la-transicion\/#respond\"]}]},{\"@type\":\"WebPage\",\"@id\":\"https:\/\/www.creaerte.com\/live\/oscar-marine-camaleonico-creativo-la-transicion\/\",\"url\":\"https:\/\/www.creaerte.com\/live\/oscar-marine-camaleonico-creativo-la-transicion\/\",\"name\":\"\u00d3scar Marin\u00e9, el camale\u00f3nico creativo de la Transici\u00f3n - creaerte.com\",\"isPartOf\":{\"@id\":\"https:\/\/www.creaerte.com\/live\/#website\"},\"primaryImageOfPage\":{\"@id\":\"https:\/\/www.creaerte.com\/live\/oscar-marine-camaleonico-creativo-la-transicion\/#primaryimage\"},\"image\":{\"@id\":\"https:\/\/www.creaerte.com\/live\/oscar-marine-camaleonico-creativo-la-transicion\/#primaryimage\"},\"thumbnailUrl\":\"https:\/\/www.creaerte.com\/live\/wp-content\/uploads\/2019\/08\/OscarMarine-Creativo.jpg\",\"datePublished\":\"2019-08-19T07:47:37+00:00\",\"dateModified\":\"2019-08-19T08:37:56+00:00\",\"author\":{\"@id\":\"https:\/\/www.creaerte.com\/live\/#\/schema\/person\/acc9e93c6216bce2d569b1f0a99607f6\"},\"inLanguage\":\"es\",\"potentialAction\":[{\"@type\":\"ReadAction\",\"target\":[\"https:\/\/www.creaerte.com\/live\/oscar-marine-camaleonico-creativo-la-transicion\/\"]}]},{\"@type\":\"ImageObject\",\"inLanguage\":\"es\",\"@id\":\"https:\/\/www.creaerte.com\/live\/oscar-marine-camaleonico-creativo-la-transicion\/#primaryimage\",\"url\":\"https:\/\/www.creaerte.com\/live\/wp-content\/uploads\/2019\/08\/OscarMarine-Creativo.jpg\",\"contentUrl\":\"https:\/\/www.creaerte.com\/live\/wp-content\/uploads\/2019\/08\/OscarMarine-Creativo.jpg\",\"width\":817,\"height\":468},{\"@type\":\"WebSite\",\"@id\":\"https:\/\/www.creaerte.com\/live\/#website\",\"url\":\"https:\/\/www.creaerte.com\/live\/\",\"name\":\"creaerte.com\",\"description\":\"Agencia de publicidad, comunicaci\u00f3n y marketing en C\u00e1ceres \u2022 Extremadura\",\"potentialAction\":[{\"@type\":\"SearchAction\",\"target\":{\"@type\":\"EntryPoint\",\"urlTemplate\":\"https:\/\/www.creaerte.com\/live\/?s={search_term_string}\"},\"query-input\":{\"@type\":\"PropertyValueSpecification\",\"valueRequired\":true,\"valueName\":\"search_term_string\"}}],\"inLanguage\":\"es\"},{\"@type\":\"Person\",\"@id\":\"https:\/\/www.creaerte.com\/live\/#\/schema\/person\/acc9e93c6216bce2d569b1f0a99607f6\",\"name\":\"admin\",\"image\":{\"@type\":\"ImageObject\",\"inLanguage\":\"es\",\"@id\":\"https:\/\/www.creaerte.com\/live\/#\/schema\/person\/image\/\",\"url\":\"https:\/\/secure.gravatar.com\/avatar\/736f9ff6dd176e443e4c9cf884b23352631c533b611f216dbc09fc84cda6e67c?s=96&d=mm&r=g\",\"contentUrl\":\"https:\/\/secure.gravatar.com\/avatar\/736f9ff6dd176e443e4c9cf884b23352631c533b611f216dbc09fc84cda6e67c?s=96&d=mm&r=g\",\"caption\":\"admin\"},\"url\":\"https:\/\/www.creaerte.com\/live\/author\/admin\/\"}]}<\/script>\n<!-- \/ Yoast SEO plugin. -->","yoast_head_json":{"title":"\u00d3scar Marin\u00e9, el camale\u00f3nico creativo de la Transici\u00f3n - creaerte.com","robots":{"index":"index","follow":"follow","max-snippet":"max-snippet:-1","max-image-preview":"max-image-preview:large","max-video-preview":"max-video-preview:-1"},"canonical":"https:\/\/www.creaerte.com\/live\/oscar-marine-camaleonico-creativo-la-transicion\/","og_locale":"es_ES","og_type":"article","og_title":"\u00d3scar Marin\u00e9, el camale\u00f3nico creativo de la Transici\u00f3n - creaerte.com","og_description":"En 2010 fue distinguido con el Premio Nacional del Dise\u00f1o, pero ya durante la Transici\u00f3n comenz\u00f3 a hacerse un nombre de prestigio en el mundo de la creatividad, hasta el punto de haber conseguido ser parte del imaginario colectivo de varias generaciones. El ilustrador \u00d3scar Marin\u00e9 (Madrid, 1951) no pod\u00eda ser ajeno a nuestra columna semanal sobre nombres propios de...","og_url":"https:\/\/www.creaerte.com\/live\/oscar-marine-camaleonico-creativo-la-transicion\/","og_site_name":"creaerte.com","article_publisher":"https:\/\/www.facebook.com\/creaerte","article_published_time":"2019-08-19T07:47:37+00:00","article_modified_time":"2019-08-19T08:37:56+00:00","og_image":[{"width":817,"height":468,"url":"https:\/\/www.creaerte.com\/live\/wp-content\/uploads\/2019\/08\/OscarMarine-Creativo.jpg","type":"image\/jpeg"}],"author":"admin","twitter_card":"summary_large_image","twitter_creator":"@Creaerte","twitter_site":"@Creaerte","twitter_misc":{"Escrito por":"admin","Tiempo de lectura":"1 minuto"},"schema":{"@context":"https:\/\/schema.org","@graph":[{"@type":"Article","@id":"https:\/\/www.creaerte.com\/live\/oscar-marine-camaleonico-creativo-la-transicion\/#article","isPartOf":{"@id":"https:\/\/www.creaerte.com\/live\/oscar-marine-camaleonico-creativo-la-transicion\/"},"author":{"name":"admin","@id":"https:\/\/www.creaerte.com\/live\/#\/schema\/person\/acc9e93c6216bce2d569b1f0a99607f6"},"headline":"\u00d3scar Marin\u00e9, el camale\u00f3nico creativo de la Transici\u00f3n","datePublished":"2019-08-19T07:47:37+00:00","dateModified":"2019-08-19T08:37:56+00:00","mainEntityOfPage":{"@id":"https:\/\/www.creaerte.com\/live\/oscar-marine-camaleonico-creativo-la-transicion\/"},"wordCount":302,"commentCount":0,"image":{"@id":"https:\/\/www.creaerte.com\/live\/oscar-marine-camaleonico-creativo-la-transicion\/#primaryimage"},"thumbnailUrl":"https:\/\/www.creaerte.com\/live\/wp-content\/uploads\/2019\/08\/OscarMarine-Creativo.jpg","articleSection":["creatividad","Creativos y creatividad","dise\u00f1o"],"inLanguage":"es","potentialAction":[{"@type":"CommentAction","name":"Comment","target":["https:\/\/www.creaerte.com\/live\/oscar-marine-camaleonico-creativo-la-transicion\/#respond"]}]},{"@type":"WebPage","@id":"https:\/\/www.creaerte.com\/live\/oscar-marine-camaleonico-creativo-la-transicion\/","url":"https:\/\/www.creaerte.com\/live\/oscar-marine-camaleonico-creativo-la-transicion\/","name":"\u00d3scar Marin\u00e9, el camale\u00f3nico creativo de la Transici\u00f3n - creaerte.com","isPartOf":{"@id":"https:\/\/www.creaerte.com\/live\/#website"},"primaryImageOfPage":{"@id":"https:\/\/www.creaerte.com\/live\/oscar-marine-camaleonico-creativo-la-transicion\/#primaryimage"},"image":{"@id":"https:\/\/www.creaerte.com\/live\/oscar-marine-camaleonico-creativo-la-transicion\/#primaryimage"},"thumbnailUrl":"https:\/\/www.creaerte.com\/live\/wp-content\/uploads\/2019\/08\/OscarMarine-Creativo.jpg","datePublished":"2019-08-19T07:47:37+00:00","dateModified":"2019-08-19T08:37:56+00:00","author":{"@id":"https:\/\/www.creaerte.com\/live\/#\/schema\/person\/acc9e93c6216bce2d569b1f0a99607f6"},"inLanguage":"es","potentialAction":[{"@type":"ReadAction","target":["https:\/\/www.creaerte.com\/live\/oscar-marine-camaleonico-creativo-la-transicion\/"]}]},{"@type":"ImageObject","inLanguage":"es","@id":"https:\/\/www.creaerte.com\/live\/oscar-marine-camaleonico-creativo-la-transicion\/#primaryimage","url":"https:\/\/www.creaerte.com\/live\/wp-content\/uploads\/2019\/08\/OscarMarine-Creativo.jpg","contentUrl":"https:\/\/www.creaerte.com\/live\/wp-content\/uploads\/2019\/08\/OscarMarine-Creativo.jpg","width":817,"height":468},{"@type":"WebSite","@id":"https:\/\/www.creaerte.com\/live\/#website","url":"https:\/\/www.creaerte.com\/live\/","name":"creaerte.com","description":"Agencia de publicidad, comunicaci\u00f3n y marketing en C\u00e1ceres \u2022 Extremadura","potentialAction":[{"@type":"SearchAction","target":{"@type":"EntryPoint","urlTemplate":"https:\/\/www.creaerte.com\/live\/?s={search_term_string}"},"query-input":{"@type":"PropertyValueSpecification","valueRequired":true,"valueName":"search_term_string"}}],"inLanguage":"es"},{"@type":"Person","@id":"https:\/\/www.creaerte.com\/live\/#\/schema\/person\/acc9e93c6216bce2d569b1f0a99607f6","name":"admin","image":{"@type":"ImageObject","inLanguage":"es","@id":"https:\/\/www.creaerte.com\/live\/#\/schema\/person\/image\/","url":"https:\/\/secure.gravatar.com\/avatar\/736f9ff6dd176e443e4c9cf884b23352631c533b611f216dbc09fc84cda6e67c?s=96&d=mm&r=g","contentUrl":"https:\/\/secure.gravatar.com\/avatar\/736f9ff6dd176e443e4c9cf884b23352631c533b611f216dbc09fc84cda6e67c?s=96&d=mm&r=g","caption":"admin"},"url":"https:\/\/www.creaerte.com\/live\/author\/admin\/"}]}},"_links":{"self":[{"href":"https:\/\/www.creaerte.com\/live\/wp-json\/wp\/v2\/posts\/25922","targetHints":{"allow":["GET"]}}],"collection":[{"href":"https:\/\/www.creaerte.com\/live\/wp-json\/wp\/v2\/posts"}],"about":[{"href":"https:\/\/www.creaerte.com\/live\/wp-json\/wp\/v2\/types\/post"}],"author":[{"embeddable":true,"href":"https:\/\/www.creaerte.com\/live\/wp-json\/wp\/v2\/users\/1"}],"replies":[{"embeddable":true,"href":"https:\/\/www.creaerte.com\/live\/wp-json\/wp\/v2\/comments?post=25922"}],"version-history":[{"count":4,"href":"https:\/\/www.creaerte.com\/live\/wp-json\/wp\/v2\/posts\/25922\/revisions"}],"predecessor-version":[{"id":25933,"href":"https:\/\/www.creaerte.com\/live\/wp-json\/wp\/v2\/posts\/25922\/revisions\/25933"}],"wp:featuredmedia":[{"embeddable":true,"href":"https:\/\/www.creaerte.com\/live\/wp-json\/wp\/v2\/media\/25935"}],"wp:attachment":[{"href":"https:\/\/www.creaerte.com\/live\/wp-json\/wp\/v2\/media?parent=25922"}],"wp:term":[{"taxonomy":"category","embeddable":true,"href":"https:\/\/www.creaerte.com\/live\/wp-json\/wp\/v2\/categories?post=25922"},{"taxonomy":"post_tag","embeddable":true,"href":"https:\/\/www.creaerte.com\/live\/wp-json\/wp\/v2\/tags?post=25922"}],"curies":[{"name":"wp","href":"https:\/\/api.w.org\/{rel}","templated":true}]}}