{"id":25946,"date":"2019-08-21T11:01:19","date_gmt":"2019-08-21T10:01:19","guid":{"rendered":"http:\/\/www.creaerte.com\/live\/?p=25946"},"modified":"2019-08-21T12:01:29","modified_gmt":"2019-08-21T11:01:29","slug":"intermedios-diseno-editorial-del-siglo-xx","status":"publish","type":"post","link":"https:\/\/www.creaerte.com\/live\/intermedios-diseno-editorial-del-siglo-xx\/","title":{"rendered":"InterMedios, dise\u00f1o editorial del siglo XX"},"content":{"rendered":"<p>El mundo del dise\u00f1o editorial vuelve a protagonizar una semana m\u00e1s nuestra secci\u00f3n de <a href=\"http:\/\/www.creaerte.com\/live\/category\/cosecha-propia\/\"><strong>C<\/strong><strong>osecha propia<\/strong><\/a>. En esta ocasi\u00f3n viajamos a finales del <strong>siglo XX<\/strong> para reparar en la revista <strong>InterMedios<\/strong>, realizada en esta casa para el <strong>Colegio Internacional San Jorge<\/strong>, cuyo primer n\u00famero fue publicado en <strong>1999<\/strong>.<\/p>\n<p>Se trataba de una revista gratuita y de periodicidad anual. En <strong>Creaerte<\/strong> nos encargamos de la <strong>direcci\u00f3n art\u00edstica<\/strong> y la <strong>maquetaci\u00f3n<\/strong>. La redacci\u00f3n de textos corr\u00eda a cargo del propio centro, que desglosaba las diferentes actividades, visitas y excursiones que se llevaban a cabo durante cada a\u00f1o. Adem\u00e1s, entre las distintas secciones hab\u00eda lugar para piezas sobre el aniversario del propio centro y los cursos destinados a padres, as\u00ed como recomendaciones de lecturas o entrevistas a los profesores de honor.<\/p>\n<p>Personajes p\u00fablicos tales como los periodistas <strong>Lorenzo Mil\u00e1<\/strong> y <strong>Mat\u00edas Prats<\/strong>, la actriz <strong>Ana Fern\u00e1ndez<\/strong> o el polivalente <strong>Emilio Arag\u00f3n<\/strong> fueron algunos de los protagonistas que coparon las p\u00e1ginas de esta peculiar publicaci\u00f3n.<\/p>\n<p>Con <strong>fotograf\u00edas a todo color<\/strong> y de gran calidad, cada n\u00famero constaba de <strong>50 p\u00e1ginas<\/strong> y su dise\u00f1o se centr\u00f3 en la idea de transmitir <strong>sensaci\u00f3n de cercan\u00eda<\/strong>, tanto del centro como de los contenidos propios incluidos en la revista.<\/p>\n<blockquote class=\"instagram-media\" style=\"background: #FFF; border: 0; border-radius: 3px; box-shadow: 0 0 1px 0 rgba(0,0,0,0.5),0 1px 10px 0 rgba(0,0,0,0.15); margin: 1px; max-width: 540px; min-width: 326px; padding: 0; width: calc(100% - 2px);\" data-instgrm-captioned=\"\" data-instgrm-permalink=\"https:\/\/www.instagram.com\/p\/B1bC7UjiIzS\/\" data-instgrm-version=\"12\">\n<div style=\"padding: 16px;\"><a style=\"background: #FFFFFF; line-height: 0; padding: 0 0; text-align: center; text-decoration: none; width: 100%;\" href=\"https:\/\/www.instagram.com\/p\/B1bC7UjiIzS\/\" target=\"_blank\"><br \/>\n<\/a><\/p>\n<div style=\"display: flex; flex-direction: row; align-items: center;\"><\/div>\n<div style=\"padding: 19% 0;\"><\/div>\n<div style=\"display: block; height: 50px; margin: 0 auto 12px; width: 50px;\"><\/div>\n<div style=\"padding-top: 8px;\">\n<div style=\"color: #3897f0; font-family: Arial,sans-serif; font-size: 14px; font-style: normal; font-weight: 550; line-height: 18px;\">Ver esta publicaci\u00f3n en Instagram<\/div>\n<\/div>\n<p style=\"margin: 8px 0 0 0; padding: 0 4px;\"><a style=\"color: #000; font-family: Arial,sans-serif; font-size: 14px; font-style: normal; font-weight: normal; line-height: 17px; text-decoration: none; word-wrap: break-word;\" href=\"https:\/\/www.instagram.com\/p\/B1bC7UjiIzS\/\" target=\"_blank\">Viaja con nosotros a finales del siglo XX para conocer al protagonista de nuestra secci\u00f3n de #cosechapropia La revista InterMedios . . #cosechapropia #revista #intermedios #direcci\u00f3nartistica #maquetaci\u00f3n #c\u00e1ceres #dise\u00f1o #editorial #locontamos #creatividad #productoextreme\u00f1o #comunicaci\u00f3n #marketing #crearparacreer #creaerte http:\/\/www.creaerte.com\/live\/intermedios-diseno-editorial-del-siglo-xx\/<\/a><\/p>\n<p style=\"color: #c9c8cd; font-family: Arial,sans-serif; font-size: 14px; line-height: 17px; margin-bottom: 0; margin-top: 8px; overflow: hidden; padding: 8px 0 7px; text-align: center; text-overflow: ellipsis; white-space: nowrap;\">Una publicaci\u00f3n compartida de <a style=\"color: #c9c8cd; font-family: Arial,sans-serif; font-size: 14px; font-style: normal; font-weight: normal; line-height: 17px;\" href=\"https:\/\/www.instagram.com\/creaerte\/\" target=\"_blank\"> CREAERTE<\/a> (@creaerte) el <time style=\"font-family: Arial,sans-serif; font-size: 14px; line-height: 17px;\" datetime=\"2019-08-21T10:25:12+00:00\">21 Ago, 2019 a las 3:25 PDT<\/time><\/p>\n<\/div>\n<\/blockquote>\n<p><script async src=\"\/\/www.instagram.com\/embed.js\"><\/script><\/p>\n","protected":false},"excerpt":{"rendered":"<p>El mundo del dise\u00f1o editorial vuelve a protagonizar una semana m\u00e1s nuestra secci\u00f3n de Cosecha propia. En esta ocasi\u00f3n viajamos a finales del siglo XX para reparar en la revista InterMedios, realizada en esta casa para el Colegio Internacional San Jorge, cuyo primer n\u00famero fue publicado en 1999. Se trataba de una revista gratuita y de periodicidad anual. En Creaerte&#8230;<\/p>\n","protected":false},"author":1,"featured_media":25947,"comment_status":"open","ping_status":"open","sticky":false,"template":"","format":"standard","meta":{"footnotes":""},"categories":[319,42],"tags":[],"class_list":["post-25946","post","type-post","status-publish","format-standard","has-post-thumbnail","hentry","category-cosecha-propia","category-diseno","has_thumb"],"yoast_head":"<!-- This site is optimized with the Yoast SEO plugin v26.9 - https:\/\/yoast.com\/product\/yoast-seo-wordpress\/ -->\n<title>InterMedios, dise\u00f1o editorial del siglo XX - creaerte.com<\/title>\n<meta name=\"robots\" content=\"index, follow, max-snippet:-1, max-image-preview:large, max-video-preview:-1\" \/>\n<link rel=\"canonical\" href=\"https:\/\/www.creaerte.com\/live\/intermedios-diseno-editorial-del-siglo-xx\/\" \/>\n<meta property=\"og:locale\" content=\"es_ES\" \/>\n<meta property=\"og:type\" content=\"article\" \/>\n<meta property=\"og:title\" content=\"InterMedios, dise\u00f1o editorial del siglo XX - creaerte.com\" \/>\n<meta property=\"og:description\" content=\"El mundo del dise\u00f1o editorial vuelve a protagonizar una semana m\u00e1s nuestra secci\u00f3n de Cosecha propia. En esta ocasi\u00f3n viajamos a finales del siglo XX para reparar en la revista InterMedios, realizada en esta casa para el Colegio Internacional San Jorge, cuyo primer n\u00famero fue publicado en 1999. Se trataba de una revista gratuita y de periodicidad anual. En Creaerte...\" \/>\n<meta property=\"og:url\" content=\"https:\/\/www.creaerte.com\/live\/intermedios-diseno-editorial-del-siglo-xx\/\" \/>\n<meta property=\"og:site_name\" content=\"creaerte.com\" \/>\n<meta property=\"article:publisher\" content=\"https:\/\/www.facebook.com\/creaerte\" \/>\n<meta property=\"article:published_time\" content=\"2019-08-21T10:01:19+00:00\" \/>\n<meta property=\"article:modified_time\" content=\"2019-08-21T11:01:29+00:00\" \/>\n<meta property=\"og:image\" content=\"https:\/\/www.creaerte.com\/live\/wp-content\/uploads\/2019\/08\/InterMedios.jpg\" \/>\n\t<meta property=\"og:image:width\" content=\"817\" \/>\n\t<meta property=\"og:image:height\" content=\"468\" \/>\n\t<meta property=\"og:image:type\" content=\"image\/jpeg\" \/>\n<meta name=\"author\" content=\"admin\" \/>\n<meta name=\"twitter:card\" content=\"summary_large_image\" \/>\n<meta name=\"twitter:creator\" content=\"@Creaerte\" \/>\n<meta name=\"twitter:site\" content=\"@Creaerte\" \/>\n<meta name=\"twitter:label1\" content=\"Escrito por\" \/>\n\t<meta name=\"twitter:data1\" content=\"admin\" \/>\n\t<meta name=\"twitter:label2\" content=\"Tiempo de lectura\" \/>\n\t<meta name=\"twitter:data2\" content=\"1 minuto\" \/>\n<script type=\"application\/ld+json\" class=\"yoast-schema-graph\">{\"@context\":\"https:\/\/schema.org\",\"@graph\":[{\"@type\":\"Article\",\"@id\":\"https:\/\/www.creaerte.com\/live\/intermedios-diseno-editorial-del-siglo-xx\/#article\",\"isPartOf\":{\"@id\":\"https:\/\/www.creaerte.com\/live\/intermedios-diseno-editorial-del-siglo-xx\/\"},\"author\":{\"name\":\"admin\",\"@id\":\"https:\/\/www.creaerte.com\/live\/#\/schema\/person\/acc9e93c6216bce2d569b1f0a99607f6\"},\"headline\":\"InterMedios, dise\u00f1o editorial del siglo XX\",\"datePublished\":\"2019-08-21T10:01:19+00:00\",\"dateModified\":\"2019-08-21T11:01:29+00:00\",\"mainEntityOfPage\":{\"@id\":\"https:\/\/www.creaerte.com\/live\/intermedios-diseno-editorial-del-siglo-xx\/\"},\"wordCount\":298,\"commentCount\":0,\"image\":{\"@id\":\"https:\/\/www.creaerte.com\/live\/intermedios-diseno-editorial-del-siglo-xx\/#primaryimage\"},\"thumbnailUrl\":\"https:\/\/www.creaerte.com\/live\/wp-content\/uploads\/2019\/08\/InterMedios.jpg\",\"articleSection\":[\"Cosecha propia\",\"dise\u00f1o\"],\"inLanguage\":\"es\",\"potentialAction\":[{\"@type\":\"CommentAction\",\"name\":\"Comment\",\"target\":[\"https:\/\/www.creaerte.com\/live\/intermedios-diseno-editorial-del-siglo-xx\/#respond\"]}]},{\"@type\":\"WebPage\",\"@id\":\"https:\/\/www.creaerte.com\/live\/intermedios-diseno-editorial-del-siglo-xx\/\",\"url\":\"https:\/\/www.creaerte.com\/live\/intermedios-diseno-editorial-del-siglo-xx\/\",\"name\":\"InterMedios, dise\u00f1o editorial del siglo XX - creaerte.com\",\"isPartOf\":{\"@id\":\"https:\/\/www.creaerte.com\/live\/#website\"},\"primaryImageOfPage\":{\"@id\":\"https:\/\/www.creaerte.com\/live\/intermedios-diseno-editorial-del-siglo-xx\/#primaryimage\"},\"image\":{\"@id\":\"https:\/\/www.creaerte.com\/live\/intermedios-diseno-editorial-del-siglo-xx\/#primaryimage\"},\"thumbnailUrl\":\"https:\/\/www.creaerte.com\/live\/wp-content\/uploads\/2019\/08\/InterMedios.jpg\",\"datePublished\":\"2019-08-21T10:01:19+00:00\",\"dateModified\":\"2019-08-21T11:01:29+00:00\",\"author\":{\"@id\":\"https:\/\/www.creaerte.com\/live\/#\/schema\/person\/acc9e93c6216bce2d569b1f0a99607f6\"},\"inLanguage\":\"es\",\"potentialAction\":[{\"@type\":\"ReadAction\",\"target\":[\"https:\/\/www.creaerte.com\/live\/intermedios-diseno-editorial-del-siglo-xx\/\"]}]},{\"@type\":\"ImageObject\",\"inLanguage\":\"es\",\"@id\":\"https:\/\/www.creaerte.com\/live\/intermedios-diseno-editorial-del-siglo-xx\/#primaryimage\",\"url\":\"https:\/\/www.creaerte.com\/live\/wp-content\/uploads\/2019\/08\/InterMedios.jpg\",\"contentUrl\":\"https:\/\/www.creaerte.com\/live\/wp-content\/uploads\/2019\/08\/InterMedios.jpg\",\"width\":817,\"height\":468},{\"@type\":\"WebSite\",\"@id\":\"https:\/\/www.creaerte.com\/live\/#website\",\"url\":\"https:\/\/www.creaerte.com\/live\/\",\"name\":\"creaerte.com\",\"description\":\"Agencia de publicidad, comunicaci\u00f3n y marketing en C\u00e1ceres \u2022 Extremadura\",\"potentialAction\":[{\"@type\":\"SearchAction\",\"target\":{\"@type\":\"EntryPoint\",\"urlTemplate\":\"https:\/\/www.creaerte.com\/live\/?s={search_term_string}\"},\"query-input\":{\"@type\":\"PropertyValueSpecification\",\"valueRequired\":true,\"valueName\":\"search_term_string\"}}],\"inLanguage\":\"es\"},{\"@type\":\"Person\",\"@id\":\"https:\/\/www.creaerte.com\/live\/#\/schema\/person\/acc9e93c6216bce2d569b1f0a99607f6\",\"name\":\"admin\",\"image\":{\"@type\":\"ImageObject\",\"inLanguage\":\"es\",\"@id\":\"https:\/\/www.creaerte.com\/live\/#\/schema\/person\/image\/\",\"url\":\"https:\/\/secure.gravatar.com\/avatar\/736f9ff6dd176e443e4c9cf884b23352631c533b611f216dbc09fc84cda6e67c?s=96&d=mm&r=g\",\"contentUrl\":\"https:\/\/secure.gravatar.com\/avatar\/736f9ff6dd176e443e4c9cf884b23352631c533b611f216dbc09fc84cda6e67c?s=96&d=mm&r=g\",\"caption\":\"admin\"},\"url\":\"https:\/\/www.creaerte.com\/live\/author\/admin\/\"}]}<\/script>\n<!-- \/ Yoast SEO plugin. -->","yoast_head_json":{"title":"InterMedios, dise\u00f1o editorial del siglo XX - creaerte.com","robots":{"index":"index","follow":"follow","max-snippet":"max-snippet:-1","max-image-preview":"max-image-preview:large","max-video-preview":"max-video-preview:-1"},"canonical":"https:\/\/www.creaerte.com\/live\/intermedios-diseno-editorial-del-siglo-xx\/","og_locale":"es_ES","og_type":"article","og_title":"InterMedios, dise\u00f1o editorial del siglo XX - creaerte.com","og_description":"El mundo del dise\u00f1o editorial vuelve a protagonizar una semana m\u00e1s nuestra secci\u00f3n de Cosecha propia. En esta ocasi\u00f3n viajamos a finales del siglo XX para reparar en la revista InterMedios, realizada en esta casa para el Colegio Internacional San Jorge, cuyo primer n\u00famero fue publicado en 1999. Se trataba de una revista gratuita y de periodicidad anual. En Creaerte...","og_url":"https:\/\/www.creaerte.com\/live\/intermedios-diseno-editorial-del-siglo-xx\/","og_site_name":"creaerte.com","article_publisher":"https:\/\/www.facebook.com\/creaerte","article_published_time":"2019-08-21T10:01:19+00:00","article_modified_time":"2019-08-21T11:01:29+00:00","og_image":[{"width":817,"height":468,"url":"https:\/\/www.creaerte.com\/live\/wp-content\/uploads\/2019\/08\/InterMedios.jpg","type":"image\/jpeg"}],"author":"admin","twitter_card":"summary_large_image","twitter_creator":"@Creaerte","twitter_site":"@Creaerte","twitter_misc":{"Escrito por":"admin","Tiempo de lectura":"1 minuto"},"schema":{"@context":"https:\/\/schema.org","@graph":[{"@type":"Article","@id":"https:\/\/www.creaerte.com\/live\/intermedios-diseno-editorial-del-siglo-xx\/#article","isPartOf":{"@id":"https:\/\/www.creaerte.com\/live\/intermedios-diseno-editorial-del-siglo-xx\/"},"author":{"name":"admin","@id":"https:\/\/www.creaerte.com\/live\/#\/schema\/person\/acc9e93c6216bce2d569b1f0a99607f6"},"headline":"InterMedios, dise\u00f1o editorial del siglo XX","datePublished":"2019-08-21T10:01:19+00:00","dateModified":"2019-08-21T11:01:29+00:00","mainEntityOfPage":{"@id":"https:\/\/www.creaerte.com\/live\/intermedios-diseno-editorial-del-siglo-xx\/"},"wordCount":298,"commentCount":0,"image":{"@id":"https:\/\/www.creaerte.com\/live\/intermedios-diseno-editorial-del-siglo-xx\/#primaryimage"},"thumbnailUrl":"https:\/\/www.creaerte.com\/live\/wp-content\/uploads\/2019\/08\/InterMedios.jpg","articleSection":["Cosecha propia","dise\u00f1o"],"inLanguage":"es","potentialAction":[{"@type":"CommentAction","name":"Comment","target":["https:\/\/www.creaerte.com\/live\/intermedios-diseno-editorial-del-siglo-xx\/#respond"]}]},{"@type":"WebPage","@id":"https:\/\/www.creaerte.com\/live\/intermedios-diseno-editorial-del-siglo-xx\/","url":"https:\/\/www.creaerte.com\/live\/intermedios-diseno-editorial-del-siglo-xx\/","name":"InterMedios, dise\u00f1o editorial del siglo XX - creaerte.com","isPartOf":{"@id":"https:\/\/www.creaerte.com\/live\/#website"},"primaryImageOfPage":{"@id":"https:\/\/www.creaerte.com\/live\/intermedios-diseno-editorial-del-siglo-xx\/#primaryimage"},"image":{"@id":"https:\/\/www.creaerte.com\/live\/intermedios-diseno-editorial-del-siglo-xx\/#primaryimage"},"thumbnailUrl":"https:\/\/www.creaerte.com\/live\/wp-content\/uploads\/2019\/08\/InterMedios.jpg","datePublished":"2019-08-21T10:01:19+00:00","dateModified":"2019-08-21T11:01:29+00:00","author":{"@id":"https:\/\/www.creaerte.com\/live\/#\/schema\/person\/acc9e93c6216bce2d569b1f0a99607f6"},"inLanguage":"es","potentialAction":[{"@type":"ReadAction","target":["https:\/\/www.creaerte.com\/live\/intermedios-diseno-editorial-del-siglo-xx\/"]}]},{"@type":"ImageObject","inLanguage":"es","@id":"https:\/\/www.creaerte.com\/live\/intermedios-diseno-editorial-del-siglo-xx\/#primaryimage","url":"https:\/\/www.creaerte.com\/live\/wp-content\/uploads\/2019\/08\/InterMedios.jpg","contentUrl":"https:\/\/www.creaerte.com\/live\/wp-content\/uploads\/2019\/08\/InterMedios.jpg","width":817,"height":468},{"@type":"WebSite","@id":"https:\/\/www.creaerte.com\/live\/#website","url":"https:\/\/www.creaerte.com\/live\/","name":"creaerte.com","description":"Agencia de publicidad, comunicaci\u00f3n y marketing en C\u00e1ceres \u2022 Extremadura","potentialAction":[{"@type":"SearchAction","target":{"@type":"EntryPoint","urlTemplate":"https:\/\/www.creaerte.com\/live\/?s={search_term_string}"},"query-input":{"@type":"PropertyValueSpecification","valueRequired":true,"valueName":"search_term_string"}}],"inLanguage":"es"},{"@type":"Person","@id":"https:\/\/www.creaerte.com\/live\/#\/schema\/person\/acc9e93c6216bce2d569b1f0a99607f6","name":"admin","image":{"@type":"ImageObject","inLanguage":"es","@id":"https:\/\/www.creaerte.com\/live\/#\/schema\/person\/image\/","url":"https:\/\/secure.gravatar.com\/avatar\/736f9ff6dd176e443e4c9cf884b23352631c533b611f216dbc09fc84cda6e67c?s=96&d=mm&r=g","contentUrl":"https:\/\/secure.gravatar.com\/avatar\/736f9ff6dd176e443e4c9cf884b23352631c533b611f216dbc09fc84cda6e67c?s=96&d=mm&r=g","caption":"admin"},"url":"https:\/\/www.creaerte.com\/live\/author\/admin\/"}]}},"_links":{"self":[{"href":"https:\/\/www.creaerte.com\/live\/wp-json\/wp\/v2\/posts\/25946","targetHints":{"allow":["GET"]}}],"collection":[{"href":"https:\/\/www.creaerte.com\/live\/wp-json\/wp\/v2\/posts"}],"about":[{"href":"https:\/\/www.creaerte.com\/live\/wp-json\/wp\/v2\/types\/post"}],"author":[{"embeddable":true,"href":"https:\/\/www.creaerte.com\/live\/wp-json\/wp\/v2\/users\/1"}],"replies":[{"embeddable":true,"href":"https:\/\/www.creaerte.com\/live\/wp-json\/wp\/v2\/comments?post=25946"}],"version-history":[{"count":7,"href":"https:\/\/www.creaerte.com\/live\/wp-json\/wp\/v2\/posts\/25946\/revisions"}],"predecessor-version":[{"id":25954,"href":"https:\/\/www.creaerte.com\/live\/wp-json\/wp\/v2\/posts\/25946\/revisions\/25954"}],"wp:featuredmedia":[{"embeddable":true,"href":"https:\/\/www.creaerte.com\/live\/wp-json\/wp\/v2\/media\/25947"}],"wp:attachment":[{"href":"https:\/\/www.creaerte.com\/live\/wp-json\/wp\/v2\/media?parent=25946"}],"wp:term":[{"taxonomy":"category","embeddable":true,"href":"https:\/\/www.creaerte.com\/live\/wp-json\/wp\/v2\/categories?post=25946"},{"taxonomy":"post_tag","embeddable":true,"href":"https:\/\/www.creaerte.com\/live\/wp-json\/wp\/v2\/tags?post=25946"}],"curies":[{"name":"wp","href":"https:\/\/api.w.org\/{rel}","templated":true}]}}