{"id":26262,"date":"2019-10-02T10:58:26","date_gmt":"2019-10-02T09:58:26","guid":{"rendered":"http:\/\/www.creaerte.com\/live\/?p=26262"},"modified":"2019-10-07T08:30:01","modified_gmt":"2019-10-07T07:30:01","slug":"diseno-cultural-los-premios-extremadura-la-creacion","status":"publish","type":"post","link":"https:\/\/www.creaerte.com\/live\/diseno-cultural-los-premios-extremadura-la-creacion\/","title":{"rendered":"Dise\u00f1o cultural para los Premios Extremadura a la Creaci\u00f3n"},"content":{"rendered":"<p>En nuestras tres d\u00e9cadas de incansable <strong>labor creativa<\/strong>, los trabajos relacionados con la <strong>gesti\u00f3n cultural<\/strong> siempre han sido motivo de satisfacci\u00f3n en <strong>Creaerte<\/strong>. Hoy abrimos la secci\u00f3n de <a href=\"http:\/\/www.creaerte.com\/live\/category\/cosecha-propia\/\" target=\"_blank\"><strong>Cosecha Propia<\/strong><\/a> recordando uno de ellos, como es el libreto elaborado para los <strong>Premios Extremadura a la Creaci\u00f3n<\/strong> del a\u00f1o 2008. Una publicaci\u00f3n a trav\u00e9s de la cual se pretend\u00eda fomentar la <strong>difusi\u00f3n y repercusi\u00f3n<\/strong> de la <strong>obra literaria y art\u00edstica<\/strong> de los galardonados.<\/p>\n<p>Con una <strong>cuidada maquetaci\u00f3n<\/strong> y sin dejar de lado la importancia de un buen tratamiento en el <strong>aspecto gr\u00e1fico<\/strong> tanto del libro como de los <strong>encartes de prensa<\/strong>, nuestra propuesta pas\u00f3 por <strong>estimular el conocimiento<\/strong> de unos premios que abogaban por la <strong>creaci\u00f3n de autor<\/strong> y serv\u00edan, a la vez, para estrechar v\u00ednculos con los pa\u00edses iberoamericanos. Como curiosidad en cuanto al dise\u00f1o, el texto que se adivina tanto en la portada como dentro de libreto es <em><strong>Canto de m\u00ed mismo<\/strong><\/em>, del poeta <strong>Walt Whitman<\/strong>.<\/p>\n<p>Esta iniciativa, cuya encomienda nos confi\u00f3 la <strong>Consejer\u00eda de Cultura y Turismo de la <a href=\"http:\/\/www.juntaex.es\/web\/\" target=\"_blank\">Junta de Extremadura<\/a><\/strong>, serv\u00eda como puente cultural y de est\u00edmulo para fomentar la actividad creativa de los extreme\u00f1os y para reforzar, del mismo modo, sinergias con los <strong>autores portugueses<\/strong>.<\/p>\n<blockquote class=\"instagram-media\" style=\"background: #FFF; border: 0; border-radius: 3px; box-shadow: 0 0 1px 0 rgba(0,0,0,0.5),0 1px 10px 0 rgba(0,0,0,0.15); margin: 1px; max-width: 540px; min-width: 326px; padding: 0; width: calc(100% - 2px);\" data-instgrm-captioned=\"\" data-instgrm-permalink=\"https:\/\/www.instagram.com\/p\/B3HLrgci_7I\/?utm_source=ig_embed&amp;utm_campaign=loading\" data-instgrm-version=\"12\">\n<div style=\"padding: 16px;\"><a style=\"background: #FFFFFF; line-height: 0; padding: 0 0; text-align: center; text-decoration: none; width: 100%;\" href=\"https:\/\/www.instagram.com\/p\/B3HLrgci_7I\/?utm_source=ig_embed&amp;utm_campaign=loading\" target=\"_blank\"><br \/>\n<\/a><\/p>\n<div style=\"display: flex; flex-direction: row; align-items: center;\"><\/div>\n<div style=\"padding: 19% 0;\"><\/div>\n<div style=\"display: block; height: 50px; margin: 0 auto 12px; width: 50px;\"><\/div>\n<div style=\"padding-top: 8px;\">\n<div style=\"color: #3897f0; font-family: Arial,sans-serif; font-size: 14px; font-style: normal; font-weight: 550; line-height: 18px;\">Ver esta publicaci\u00f3n en Instagram<\/div>\n<\/div>\n<p style=\"margin: 8px 0 0 0; padding: 0 4px;\"><a style=\"color: #000; font-family: Arial,sans-serif; font-size: 14px; font-style: normal; font-weight: normal; line-height: 17px; text-decoration: none; word-wrap: break-word;\" href=\"https:\/\/www.instagram.com\/p\/B3HLrgci_7I\/?utm_source=ig_embed&amp;utm_campaign=loading\" target=\"_blank\">\u00abAhora mismo, soy yo un creador\u00bb. Dise\u00f1o cultural para los Premios de Extremadura a la Creaci\u00f3n (link en nuestra bio) . . #cosechapropia #estaci\u00f3ncultura #extremadura #c\u00e1ceres #badajoz #juntadeextremadura #premios #creaci\u00f3n #dise\u00f1o #creatividad #marketingdigital #locontamos #comunicaci\u00f3n #marketing #publicidad #contentmarketing #crearparacreer #crearte<\/a><\/p>\n<p style=\"color: #c9c8cd; font-family: Arial,sans-serif; font-size: 14px; line-height: 17px; margin-bottom: 0; margin-top: 8px; overflow: hidden; padding: 8px 0 7px; text-align: center; text-overflow: ellipsis; white-space: nowrap;\">Una publicaci\u00f3n compartida de <a style=\"color: #c9c8cd; font-family: Arial,sans-serif; font-size: 14px; font-style: normal; font-weight: normal; line-height: 17px;\" href=\"https:\/\/www.instagram.com\/creaerte\/?utm_source=ig_embed&amp;utm_campaign=loading\" target=\"_blank\"> CREAERTE<\/a> (@creaerte) el <time style=\"font-family: Arial,sans-serif; font-size: 14px; line-height: 17px;\" datetime=\"2019-10-02T10:19:40+00:00\">2 Oct, 2019 a las 3:19 PDT<\/time><\/p>\n<\/div>\n<\/blockquote>\n<p><script async src=\"\/\/www.instagram.com\/embed.js\"><\/script><\/p>\n","protected":false},"excerpt":{"rendered":"<p>En nuestras tres d\u00e9cadas de incansable labor creativa, los trabajos relacionados con la gesti\u00f3n cultural siempre han sido motivo de satisfacci\u00f3n en Creaerte. Hoy abrimos la secci\u00f3n de Cosecha Propia recordando uno de ellos, como es el libreto elaborado para los Premios Extremadura a la Creaci\u00f3n del a\u00f1o 2008. Una publicaci\u00f3n a trav\u00e9s de la cual se pretend\u00eda fomentar la&#8230;<\/p>\n","protected":false},"author":1,"featured_media":26263,"comment_status":"open","ping_status":"open","sticky":false,"template":"","format":"standard","meta":{"footnotes":""},"categories":[319,1350,42],"tags":[],"class_list":["post-26262","post","type-post","status-publish","format-standard","has-post-thumbnail","hentry","category-cosecha-propia","category-creatividad","category-diseno","has_thumb"],"yoast_head":"<!-- This site is optimized with the Yoast SEO plugin v26.9 - https:\/\/yoast.com\/product\/yoast-seo-wordpress\/ -->\n<title>Dise\u00f1o cultural para los Premios Extremadura a la Creaci\u00f3n - creaerte.com<\/title>\n<meta name=\"robots\" content=\"index, follow, max-snippet:-1, max-image-preview:large, max-video-preview:-1\" \/>\n<link rel=\"canonical\" href=\"https:\/\/www.creaerte.com\/live\/diseno-cultural-los-premios-extremadura-la-creacion\/\" \/>\n<meta property=\"og:locale\" content=\"es_ES\" \/>\n<meta property=\"og:type\" content=\"article\" \/>\n<meta property=\"og:title\" content=\"Dise\u00f1o cultural para los Premios Extremadura a la Creaci\u00f3n - creaerte.com\" \/>\n<meta property=\"og:description\" content=\"En nuestras tres d\u00e9cadas de incansable labor creativa, los trabajos relacionados con la gesti\u00f3n cultural siempre han sido motivo de satisfacci\u00f3n en Creaerte. Hoy abrimos la secci\u00f3n de Cosecha Propia recordando uno de ellos, como es el libreto elaborado para los Premios Extremadura a la Creaci\u00f3n del a\u00f1o 2008. Una publicaci\u00f3n a trav\u00e9s de la cual se pretend\u00eda fomentar la...\" \/>\n<meta property=\"og:url\" content=\"https:\/\/www.creaerte.com\/live\/diseno-cultural-los-premios-extremadura-la-creacion\/\" \/>\n<meta property=\"og:site_name\" content=\"creaerte.com\" \/>\n<meta property=\"article:publisher\" content=\"https:\/\/www.facebook.com\/creaerte\" \/>\n<meta property=\"article:published_time\" content=\"2019-10-02T09:58:26+00:00\" \/>\n<meta property=\"article:modified_time\" content=\"2019-10-07T07:30:01+00:00\" \/>\n<meta property=\"og:image\" content=\"https:\/\/www.creaerte.com\/live\/wp-content\/uploads\/2019\/10\/libreto.jpg\" \/>\n\t<meta property=\"og:image:width\" content=\"817\" \/>\n\t<meta property=\"og:image:height\" content=\"468\" \/>\n\t<meta property=\"og:image:type\" content=\"image\/jpeg\" \/>\n<meta name=\"author\" content=\"admin\" \/>\n<meta name=\"twitter:card\" content=\"summary_large_image\" \/>\n<meta name=\"twitter:creator\" content=\"@Creaerte\" \/>\n<meta name=\"twitter:site\" content=\"@Creaerte\" \/>\n<meta name=\"twitter:label1\" content=\"Escrito por\" \/>\n\t<meta name=\"twitter:data1\" content=\"admin\" \/>\n\t<meta name=\"twitter:label2\" content=\"Tiempo de lectura\" \/>\n\t<meta name=\"twitter:data2\" content=\"1 minuto\" \/>\n<script type=\"application\/ld+json\" class=\"yoast-schema-graph\">{\"@context\":\"https:\/\/schema.org\",\"@graph\":[{\"@type\":\"Article\",\"@id\":\"https:\/\/www.creaerte.com\/live\/diseno-cultural-los-premios-extremadura-la-creacion\/#article\",\"isPartOf\":{\"@id\":\"https:\/\/www.creaerte.com\/live\/diseno-cultural-los-premios-extremadura-la-creacion\/\"},\"author\":{\"name\":\"admin\",\"@id\":\"https:\/\/www.creaerte.com\/live\/#\/schema\/person\/acc9e93c6216bce2d569b1f0a99607f6\"},\"headline\":\"Dise\u00f1o cultural para los Premios Extremadura a la Creaci\u00f3n\",\"datePublished\":\"2019-10-02T09:58:26+00:00\",\"dateModified\":\"2019-10-07T07:30:01+00:00\",\"mainEntityOfPage\":{\"@id\":\"https:\/\/www.creaerte.com\/live\/diseno-cultural-los-premios-extremadura-la-creacion\/\"},\"wordCount\":296,\"commentCount\":0,\"image\":{\"@id\":\"https:\/\/www.creaerte.com\/live\/diseno-cultural-los-premios-extremadura-la-creacion\/#primaryimage\"},\"thumbnailUrl\":\"https:\/\/www.creaerte.com\/live\/wp-content\/uploads\/2019\/10\/libreto.jpg\",\"articleSection\":[\"Cosecha propia\",\"creatividad\",\"dise\u00f1o\"],\"inLanguage\":\"es\",\"potentialAction\":[{\"@type\":\"CommentAction\",\"name\":\"Comment\",\"target\":[\"https:\/\/www.creaerte.com\/live\/diseno-cultural-los-premios-extremadura-la-creacion\/#respond\"]}]},{\"@type\":\"WebPage\",\"@id\":\"https:\/\/www.creaerte.com\/live\/diseno-cultural-los-premios-extremadura-la-creacion\/\",\"url\":\"https:\/\/www.creaerte.com\/live\/diseno-cultural-los-premios-extremadura-la-creacion\/\",\"name\":\"Dise\u00f1o cultural para los Premios Extremadura a la Creaci\u00f3n - creaerte.com\",\"isPartOf\":{\"@id\":\"https:\/\/www.creaerte.com\/live\/#website\"},\"primaryImageOfPage\":{\"@id\":\"https:\/\/www.creaerte.com\/live\/diseno-cultural-los-premios-extremadura-la-creacion\/#primaryimage\"},\"image\":{\"@id\":\"https:\/\/www.creaerte.com\/live\/diseno-cultural-los-premios-extremadura-la-creacion\/#primaryimage\"},\"thumbnailUrl\":\"https:\/\/www.creaerte.com\/live\/wp-content\/uploads\/2019\/10\/libreto.jpg\",\"datePublished\":\"2019-10-02T09:58:26+00:00\",\"dateModified\":\"2019-10-07T07:30:01+00:00\",\"author\":{\"@id\":\"https:\/\/www.creaerte.com\/live\/#\/schema\/person\/acc9e93c6216bce2d569b1f0a99607f6\"},\"inLanguage\":\"es\",\"potentialAction\":[{\"@type\":\"ReadAction\",\"target\":[\"https:\/\/www.creaerte.com\/live\/diseno-cultural-los-premios-extremadura-la-creacion\/\"]}]},{\"@type\":\"ImageObject\",\"inLanguage\":\"es\",\"@id\":\"https:\/\/www.creaerte.com\/live\/diseno-cultural-los-premios-extremadura-la-creacion\/#primaryimage\",\"url\":\"https:\/\/www.creaerte.com\/live\/wp-content\/uploads\/2019\/10\/libreto.jpg\",\"contentUrl\":\"https:\/\/www.creaerte.com\/live\/wp-content\/uploads\/2019\/10\/libreto.jpg\",\"width\":817,\"height\":468},{\"@type\":\"WebSite\",\"@id\":\"https:\/\/www.creaerte.com\/live\/#website\",\"url\":\"https:\/\/www.creaerte.com\/live\/\",\"name\":\"creaerte.com\",\"description\":\"Agencia de publicidad, comunicaci\u00f3n y marketing en C\u00e1ceres \u2022 Extremadura\",\"potentialAction\":[{\"@type\":\"SearchAction\",\"target\":{\"@type\":\"EntryPoint\",\"urlTemplate\":\"https:\/\/www.creaerte.com\/live\/?s={search_term_string}\"},\"query-input\":{\"@type\":\"PropertyValueSpecification\",\"valueRequired\":true,\"valueName\":\"search_term_string\"}}],\"inLanguage\":\"es\"},{\"@type\":\"Person\",\"@id\":\"https:\/\/www.creaerte.com\/live\/#\/schema\/person\/acc9e93c6216bce2d569b1f0a99607f6\",\"name\":\"admin\",\"image\":{\"@type\":\"ImageObject\",\"inLanguage\":\"es\",\"@id\":\"https:\/\/www.creaerte.com\/live\/#\/schema\/person\/image\/\",\"url\":\"https:\/\/secure.gravatar.com\/avatar\/736f9ff6dd176e443e4c9cf884b23352631c533b611f216dbc09fc84cda6e67c?s=96&d=mm&r=g\",\"contentUrl\":\"https:\/\/secure.gravatar.com\/avatar\/736f9ff6dd176e443e4c9cf884b23352631c533b611f216dbc09fc84cda6e67c?s=96&d=mm&r=g\",\"caption\":\"admin\"},\"url\":\"https:\/\/www.creaerte.com\/live\/author\/admin\/\"}]}<\/script>\n<!-- \/ Yoast SEO plugin. -->","yoast_head_json":{"title":"Dise\u00f1o cultural para los Premios Extremadura a la Creaci\u00f3n - creaerte.com","robots":{"index":"index","follow":"follow","max-snippet":"max-snippet:-1","max-image-preview":"max-image-preview:large","max-video-preview":"max-video-preview:-1"},"canonical":"https:\/\/www.creaerte.com\/live\/diseno-cultural-los-premios-extremadura-la-creacion\/","og_locale":"es_ES","og_type":"article","og_title":"Dise\u00f1o cultural para los Premios Extremadura a la Creaci\u00f3n - creaerte.com","og_description":"En nuestras tres d\u00e9cadas de incansable labor creativa, los trabajos relacionados con la gesti\u00f3n cultural siempre han sido motivo de satisfacci\u00f3n en Creaerte. Hoy abrimos la secci\u00f3n de Cosecha Propia recordando uno de ellos, como es el libreto elaborado para los Premios Extremadura a la Creaci\u00f3n del a\u00f1o 2008. Una publicaci\u00f3n a trav\u00e9s de la cual se pretend\u00eda fomentar la...","og_url":"https:\/\/www.creaerte.com\/live\/diseno-cultural-los-premios-extremadura-la-creacion\/","og_site_name":"creaerte.com","article_publisher":"https:\/\/www.facebook.com\/creaerte","article_published_time":"2019-10-02T09:58:26+00:00","article_modified_time":"2019-10-07T07:30:01+00:00","og_image":[{"width":817,"height":468,"url":"https:\/\/www.creaerte.com\/live\/wp-content\/uploads\/2019\/10\/libreto.jpg","type":"image\/jpeg"}],"author":"admin","twitter_card":"summary_large_image","twitter_creator":"@Creaerte","twitter_site":"@Creaerte","twitter_misc":{"Escrito por":"admin","Tiempo de lectura":"1 minuto"},"schema":{"@context":"https:\/\/schema.org","@graph":[{"@type":"Article","@id":"https:\/\/www.creaerte.com\/live\/diseno-cultural-los-premios-extremadura-la-creacion\/#article","isPartOf":{"@id":"https:\/\/www.creaerte.com\/live\/diseno-cultural-los-premios-extremadura-la-creacion\/"},"author":{"name":"admin","@id":"https:\/\/www.creaerte.com\/live\/#\/schema\/person\/acc9e93c6216bce2d569b1f0a99607f6"},"headline":"Dise\u00f1o cultural para los Premios Extremadura a la Creaci\u00f3n","datePublished":"2019-10-02T09:58:26+00:00","dateModified":"2019-10-07T07:30:01+00:00","mainEntityOfPage":{"@id":"https:\/\/www.creaerte.com\/live\/diseno-cultural-los-premios-extremadura-la-creacion\/"},"wordCount":296,"commentCount":0,"image":{"@id":"https:\/\/www.creaerte.com\/live\/diseno-cultural-los-premios-extremadura-la-creacion\/#primaryimage"},"thumbnailUrl":"https:\/\/www.creaerte.com\/live\/wp-content\/uploads\/2019\/10\/libreto.jpg","articleSection":["Cosecha propia","creatividad","dise\u00f1o"],"inLanguage":"es","potentialAction":[{"@type":"CommentAction","name":"Comment","target":["https:\/\/www.creaerte.com\/live\/diseno-cultural-los-premios-extremadura-la-creacion\/#respond"]}]},{"@type":"WebPage","@id":"https:\/\/www.creaerte.com\/live\/diseno-cultural-los-premios-extremadura-la-creacion\/","url":"https:\/\/www.creaerte.com\/live\/diseno-cultural-los-premios-extremadura-la-creacion\/","name":"Dise\u00f1o cultural para los Premios Extremadura a la Creaci\u00f3n - creaerte.com","isPartOf":{"@id":"https:\/\/www.creaerte.com\/live\/#website"},"primaryImageOfPage":{"@id":"https:\/\/www.creaerte.com\/live\/diseno-cultural-los-premios-extremadura-la-creacion\/#primaryimage"},"image":{"@id":"https:\/\/www.creaerte.com\/live\/diseno-cultural-los-premios-extremadura-la-creacion\/#primaryimage"},"thumbnailUrl":"https:\/\/www.creaerte.com\/live\/wp-content\/uploads\/2019\/10\/libreto.jpg","datePublished":"2019-10-02T09:58:26+00:00","dateModified":"2019-10-07T07:30:01+00:00","author":{"@id":"https:\/\/www.creaerte.com\/live\/#\/schema\/person\/acc9e93c6216bce2d569b1f0a99607f6"},"inLanguage":"es","potentialAction":[{"@type":"ReadAction","target":["https:\/\/www.creaerte.com\/live\/diseno-cultural-los-premios-extremadura-la-creacion\/"]}]},{"@type":"ImageObject","inLanguage":"es","@id":"https:\/\/www.creaerte.com\/live\/diseno-cultural-los-premios-extremadura-la-creacion\/#primaryimage","url":"https:\/\/www.creaerte.com\/live\/wp-content\/uploads\/2019\/10\/libreto.jpg","contentUrl":"https:\/\/www.creaerte.com\/live\/wp-content\/uploads\/2019\/10\/libreto.jpg","width":817,"height":468},{"@type":"WebSite","@id":"https:\/\/www.creaerte.com\/live\/#website","url":"https:\/\/www.creaerte.com\/live\/","name":"creaerte.com","description":"Agencia de publicidad, comunicaci\u00f3n y marketing en C\u00e1ceres \u2022 Extremadura","potentialAction":[{"@type":"SearchAction","target":{"@type":"EntryPoint","urlTemplate":"https:\/\/www.creaerte.com\/live\/?s={search_term_string}"},"query-input":{"@type":"PropertyValueSpecification","valueRequired":true,"valueName":"search_term_string"}}],"inLanguage":"es"},{"@type":"Person","@id":"https:\/\/www.creaerte.com\/live\/#\/schema\/person\/acc9e93c6216bce2d569b1f0a99607f6","name":"admin","image":{"@type":"ImageObject","inLanguage":"es","@id":"https:\/\/www.creaerte.com\/live\/#\/schema\/person\/image\/","url":"https:\/\/secure.gravatar.com\/avatar\/736f9ff6dd176e443e4c9cf884b23352631c533b611f216dbc09fc84cda6e67c?s=96&d=mm&r=g","contentUrl":"https:\/\/secure.gravatar.com\/avatar\/736f9ff6dd176e443e4c9cf884b23352631c533b611f216dbc09fc84cda6e67c?s=96&d=mm&r=g","caption":"admin"},"url":"https:\/\/www.creaerte.com\/live\/author\/admin\/"}]}},"_links":{"self":[{"href":"https:\/\/www.creaerte.com\/live\/wp-json\/wp\/v2\/posts\/26262","targetHints":{"allow":["GET"]}}],"collection":[{"href":"https:\/\/www.creaerte.com\/live\/wp-json\/wp\/v2\/posts"}],"about":[{"href":"https:\/\/www.creaerte.com\/live\/wp-json\/wp\/v2\/types\/post"}],"author":[{"embeddable":true,"href":"https:\/\/www.creaerte.com\/live\/wp-json\/wp\/v2\/users\/1"}],"replies":[{"embeddable":true,"href":"https:\/\/www.creaerte.com\/live\/wp-json\/wp\/v2\/comments?post=26262"}],"version-history":[{"count":10,"href":"https:\/\/www.creaerte.com\/live\/wp-json\/wp\/v2\/posts\/26262\/revisions"}],"predecessor-version":[{"id":26294,"href":"https:\/\/www.creaerte.com\/live\/wp-json\/wp\/v2\/posts\/26262\/revisions\/26294"}],"wp:featuredmedia":[{"embeddable":true,"href":"https:\/\/www.creaerte.com\/live\/wp-json\/wp\/v2\/media\/26263"}],"wp:attachment":[{"href":"https:\/\/www.creaerte.com\/live\/wp-json\/wp\/v2\/media?parent=26262"}],"wp:term":[{"taxonomy":"category","embeddable":true,"href":"https:\/\/www.creaerte.com\/live\/wp-json\/wp\/v2\/categories?post=26262"},{"taxonomy":"post_tag","embeddable":true,"href":"https:\/\/www.creaerte.com\/live\/wp-json\/wp\/v2\/tags?post=26262"}],"curies":[{"name":"wp","href":"https:\/\/api.w.org\/{rel}","templated":true}]}}