{"id":2650,"date":"2011-07-18T12:17:54","date_gmt":"2011-07-18T11:17:54","guid":{"rendered":"http:\/\/creaerte.com\/live\/?p=2650"},"modified":"2012-10-23T10:46:51","modified_gmt":"2012-10-23T09:46:51","slug":"in-fraganti-con-juan-jose-pulido-arqueologo-creativo","status":"publish","type":"post","link":"https:\/\/www.creaerte.com\/live\/in-fraganti-con-juan-jose-pulido-arqueologo-creativo\/","title":{"rendered":"IN FRAGANTI! con Juan Jos\u00e9 Pulido, arque\u00f3logo creativo."},"content":{"rendered":"<p><a href=\"http:\/\/creaerte.com\/live\/wp-content\/uploads\/2011\/07\/underground2.jpg\"><img fetchpriority=\"high\" decoding=\"async\" title=\"Juanjo Pulido de Underground Arqueolog\u00eda.\" src=\"http:\/\/creaerte.com\/live\/wp-content\/uploads\/2011\/07\/underground2.jpg\" alt=\"Juanjo Pulido de Underground Arqueolog\u00eda.\" width=\"604\" height=\"233\" \/><\/a><\/p>\n<p>Si tu vocaci\u00f3n es ser arque\u00f3logo por qu\u00e9 no vas a nacer en Matar\u00f3, pues parece que no hay ning\u00fan inconveniente como ha demostrado Juan Jos\u00e9 Pulido. Este catal\u00e1n dej\u00f3 atr\u00e1s su tierra natal en plena edad del pavo, all\u00e1 por el a\u00f1o 1992, quiz\u00e1s ahuyentado por la magnifica canci\u00f3n de La Caball\u00e9 con Freddie Mercury (<a href=\"http:\/\/www.youtube.com\/watch?v=HiB7Be0wNsg\" target=\"_blank\">Barcelona\u2026<\/a>), y aterriz\u00f3 en Extremadura, lugar de sus ancestros (es que a este chico siempre le gust\u00f3 la historia).<\/p>\n<p>Como lo cort\u00e9s no quita lo valiente, nuestro joven protagonista se licenci\u00f3 en Historia del Arte por la UEX, tras algunos escarceos voluntario-profesionales en el mundo de la Arqueolog\u00eda decide afrontar nuevos retos vitales.<\/p>\n<p>En un momento de enajenaci\u00f3n transitoria, all\u00e1 por 2004, va y se traslada a Madrid a probar suerte, y suerte tuvo porque termin\u00f3 en Algeciras, es all\u00ed donde, cansado de que los yacimientos se valoraran no por su inter\u00e9s cient\u00edfico si no por los metros c\u00fabicos de tierra que se pudieran sacar por persona y d\u00eda, decide crear (junto a Sabah Walid) <a href=\"http:\/\/www.underground-arqueologia.com\/\">Underground Arqueolog\u00eda<\/a>, empresa que a los pocos meses se extreme\u00f1iz\u00f3 y que en los dos \u00faltimos a\u00f1os no ha parado de luchar (y ganar).<\/p>\n<p>\u2022 <strong>A qu\u00e9 horas has empezado a contestar la entrevista.<\/strong><\/p>\n<p>A las 00.00h del Mi\u00e9rcoles 13 de julio\u2026 vaya, las 00:01h.<\/p>\n<p>\u2022 <strong>Bueno, como esta es una entrevista on-line y on-demand, cu\u00e9ntanos d\u00f3nde est\u00e1s ahora mismo.<\/strong><\/p>\n<p>En una habitaci\u00f3n de la residencia del Centro Educativo de Don Benito, la N\u00famero 13. Dentro de poco creo que van a reformar el edificio, pero la pinta que tiene ahora parece como si en cualquier momento pudiera aparecer el fantasma de una ni\u00f1a montada en un triciclo al fondo del pasillo. Da miedito.<\/p>\n<p>\u2022 <strong>Se\u00f1or, se pasa el d\u00eda levantando polvo\u2026 pero \u00bfa qu\u00e9 le tienes alergia?<\/strong><\/p>\n<p>Precisamente al polvo, pero no al arqueol\u00f3gico sino al dom\u00e9stico (ser\u00e1 cosa de los \u00e1caros y los pelos de gato).<\/p>\n<p>\u2022 <strong>Y tu reloj, \u00bfes de arena?<\/strong><\/p>\n<p>Antes miraba la hora en mi reloj \u201ccasio alba\u00f1il\u201d (esos digitales de pl\u00e1stico de color negro) de forma compulsiva. Despu\u00e9s de que se me rompiera la correa cuatro o cinco veces decid\u00ed dejar de llevarlo. Ahora miro la hora en el m\u00f3vil, pero como es m\u00e1s trabajoso tener que sacarte el tel\u00e9fono del bolsillo en vez de girar la mu\u00f1eca, no tengo tanta obsesi\u00f3n con el tiempo.<\/p>\n<p>\u2022 <strong>Un arque\u00f3logo como dios manda tiene sombrero y l\u00e1tigo\u2026<\/strong><\/p>\n<p>Noooooor. Bueno, muchos s\u00ed llevan sombrero (yo no, por problemas de macrocefalia), pero lo del l\u00e1tigo ya pas\u00f3 a la historia (por lo menos el f\u00edsico).<\/p>\n<p>\u2022 <strong>Tu madre no te explic\u00f3 que es dif\u00edcil y tortuoso el camino del empresario, entonces \u00bfc\u00f3mo se explica que en 2009 formaras <a href=\"http:\/\/www.underground-arqueologia.com\/\">Underground Arqueolog\u00eda<\/a>?<\/strong><\/p>\n<p>El problema es que mi madre no me lo explic\u00f3. Quer\u00eda que fuera funcionario (de lo que fuera, pero funcionario). Que se formara en 2009, en plena crisis, creo que fue una temeridad, pero est\u00e1 mereciendo la pena.<\/p>\n<p>\u2022 <strong>Y ahora comienzas una nueva excavaci\u00f3n en Las Merchanas\u2026 con este sol \u00bfc\u00f3mo se te ocurre?<\/strong><\/p>\n<p>Como dice mi amigo Jaime, siberiano comprometido, en Extremadura en verano\u2026 sol y moscas. La verdad es que al ser una excavaci\u00f3n en la que participan estudiantes de varios puntos de Espa\u00f1a y del extranjero, el verano es la mejor \u00e9poca (entre los ex\u00e1menes de junio y los de septiembre). As\u00ed pasa en la mayor\u00eda de excavaciones de este tipo que se desarrollan en nuestro pa\u00eds. Es una buena forma de curtirse.<\/p>\n<p><a href=\"http:\/\/live\/wp-content\/uploads\/2011\/07\/269716_10150249653998034_188322588033_7719790_6646961_n.jpg\"><img decoding=\"async\" style=\"display: block; margin-left: auto; margin-right: auto; border: 0px initial initial;\" title=\"Merchanas 2011. Primer grupo de trabajo.\" src=\"http:\/\/creaerte.com\/live\/wp-content\/uploads\/2011\/07\/269716_10150249653998034_188322588033_7719790_6646961_n.jpg\" alt=\"Merchanas 2011. Primer grupo de trabajo.\" width=\"450\" \/><\/a><\/p>\n<p>\u2022 <strong>Si te da rabia que todo el mundo piense en Indiana Jones cuando se habla de arqueolog\u00eda, c\u00f3mo se come el taller \u201cIndiana Jones no es lo que parece\u2026 la Arqueolog\u00eda tampoco!!!\u201d<\/strong><\/p>\n<p>Esa era precisamente la intenci\u00f3n del taller destinado a los m\u00e1s peque\u00f1os, desmitificar el trabajo del arque\u00f3logo como un superh\u00e9roe o un cazatesoros que para llevar una reliquia a un museo crea un entorno de ruina y destrucci\u00f3n por donde pasa\u2026 Nosotros tenemos que estudiar las ruinas, no provocarlas. Con los mayores es m\u00e1s dif\u00edcil, ya que muchos siguen pensando que lo que sacas de un yacimiento te lo llevas para venderlo o te dicen que tienen un amigo al que le gusta mucho la Arqueolog\u00eda y que tiene en su casa cantidades ingentes de objetos que ha expoliado de yacimientos con un pitero (detector de metales), para que vayas a verlos (es como si invitas a un ornit\u00f3logo a tu casa para que pruebe tu famosa tortilla de patatas con huevos de cig\u00fce\u00f1a negra, no s\u00e9 si me explico).<\/p>\n<p>\u2022 <strong>\u00bfCu\u00e1les son las \u2018nuevas tecnolog\u00edas\u2019 que usas en tu trabajo?<\/strong><\/p>\n<p>Geor\u00e1dar, fotogrametr\u00eda, Sistemas de Informaci\u00f3n Geogr\u00e1fica, Realidad Aumentada\u2026 No te preocupes, yo tampoco entiendo de todo eso. Es lo bueno de la multidisciplinariedad, que cada uno en lo suyo y el trabajo entre todos.<\/p>\n<p>\u2022 <strong>\u00bfQu\u00e9 cad\u00e1veres has desenterrado con <a href=\"http:\/\/www.underground-arqueologia.com\/\" target=\"_blank\">Underground Arqueolog\u00eda<\/a><\/strong><strong>?<\/strong><\/p>\n<p>Algunos que ya ten\u00edan la misa pagada desde hace siglos, cosa que no ocurre con otros de nuestra historia reciente que no han tenido ni eso.<\/p>\n<p>\u2022 <strong>Es inevitable pensar que la arqueolog\u00eda est\u00e1 muy relacionada con los viajes, por eso de descubrir civilizaciones y tal, cu\u00e1l es el lugar que A\u00daN no has visitado.<\/strong><\/p>\n<p>La arqueolog\u00eda de los grandes viajes y de las civilizaciones perdidas qued\u00f3 ya en el recuerdo. Ahora existen equipos cient\u00edficos internacionales que con nuevas metodolog\u00edas han vuelto a esos sitios m\u00edticos para que podamos comprender mejor nuestro pasado pero ahora con m\u00e1s medios. Un lugar\u2026 Pr\u00f3ximo Oriente (entre otros mil destinos).<\/p>\n<p>\u2022 <strong>\u00bfHasta d\u00f3nde has llegado siguiendo unas huellas?<\/strong><\/p>\n<p>Eso es cosa de paleont\u00f3logos, aunque ellos te dir\u00edan que es cosa de cotillas o de detectives privados.<\/p>\n<p>\u2022 <strong>Es un poco pronto, y quiz\u00e1s te meta en un compromiso pero cu\u00e1l es el hallazgo m\u00e1s importante del siglo XXI.<\/strong><\/p>\n<p>Todos los hallazgos son importantes porque todos, en mayor o menor medida, ayudan a la interpretaci\u00f3n de la evoluci\u00f3n de la humanidad a lo largo de la Historia. El esfuerzo f\u00edsico y mental que supone la realizaci\u00f3n de una excavaci\u00f3n arqueol\u00f3gica es tan bestia (y nosotros llevamos ya unas cuantas a las espaldas) que solo valorar una de ellas como la m\u00e1s importante me parece un menosprecio para el resto de nuestros compa\u00f1eros (y eso en muchas ocasiones no se tiene en cuenta).<\/p>\n<p>\u2022 <strong>Heinrich Schliemann mola porque se empe\u00f1\u00f3 y descubri\u00f3 Troya cuando todo el mundo pensaba que era una leyenda (y es mi arque\u00f3logo favorito porque es el \u00fanico que  conozco), toda esta introducci\u00f3n es para preguntarte \u00bfcu\u00e1l es el tuyo?<\/strong><\/p>\n<p>Mi arque\u00f3logo favorito en realidad es mi arque\u00f3loga favorita, Sabah Walid. Compa\u00f1era y socia en Underground,  es un ejemplo de trabajo, profesionalidad y humildad, valores que est\u00e1n muy por encima de los grandes hallazgos legendarios y de los arque\u00f3logos medi\u00e1ticos.  Muchos tendr\u00edan que aprender de ella.<\/p>\n<p>\u2022 <strong>\u00bfY estas alturas del verano no estar\u00edas mejor haciendo castillos en una playa cualquiera?<\/strong><\/p>\n<p>Sin duda, pero, trabajar con gente que est\u00e1 aprendiendo y disfruta con lo que hace, no lo cambio por ninguna playa paradis\u00edaca (aunque hay momentos cuando se superan los 35 grados que no te dir\u00eda que no).<\/p>\n<p>\u2022 <strong>A ver, Troya, una momia\u2026 qu\u00e9 te gustar\u00eda encontrar y, sobre todo, d\u00f3nde.<\/strong><\/p>\n<p>Empecemos por el d\u00f3nde: EXTREMADURA. Y \u00bfel qu\u00e9? Pues un yacimiento de entidad, que sea un referente a nivel mundial, que sea reconocido por todos extreme\u00f1os como propio, sin inauguraciones ni ning\u00fan tipo de manipulaci\u00f3n pol\u00edtica, en el que podamos trabajar profesionales de varios \u00e1mbitos (universidad, empresas, centros de investigaci\u00f3n) y que su puesta en valor implique la participaci\u00f3n de todo el mundo, tanto arque\u00f3logos como poblaci\u00f3n civil. El yacimiento seguro que existe, y si no somos nosotros lo encontrar\u00e1n otros. El resto es  pura ciencia ficci\u00f3n, por lo menos en la actualidad.<\/p>\n<p>\u2022 <strong>Como soy buena profesional me he documentado en tu web: <a href=\"http:\/\/www.underground-arqueologia.com\/\">http:\/\/www.underground-arqueologia.com\/<\/a>, pero tengo un problema no tengo claro qu\u00e9 pinceles se usan en la arqueolog\u00eda creativa \u00bfqu\u00e9 es <a href=\"http:\/\/es-es.facebook.com\/pages\/ArqueoLAB-arqueolog%C3%ADa-creativa\/219483031396856\" target=\"_blank\">ArqueoLAB<\/a>?<\/strong><\/p>\n<p>Los pinceles que se usan son los de la creatividad, el dise\u00f1o de nuevas estrategias a la hora de socializar la Arqueolog\u00eda y el deseo de aunar esfuerzos entre arque\u00f3logos y otros profesionales que aunque en un primer momento no tengamos nada que ver, entre todos podamos aprender cosas los unos de los otros en beneficio de nuestras propias disciplinas.<\/p>\n<p>\u2022 <strong>Hoy por hoy, cuentas con 569 amigos en la p\u00e1gina de <a href=\"http:\/\/www.facebook.com\/pages\/UNDERGROUND-Arqueolog%C3%ADa-y-Gesti\u00f3n-del-Patrimonio-SC\/188322588033\">Facebook de Underground Arqueolog\u00eda<\/a> \u00bfTodav\u00eda los conoces a todos?\u00bfCu\u00e1ndo empezaste a perder la cuenta?<\/strong><\/p>\n<p>En el momento en el que le dio al \u201cme gusta\u201d la primera persona que no conoc\u00eda de nada. Nuestra p\u00e1gina del FB no fue dise\u00f1ada para utilizarla para captar clientes, como pudiera pasar con otras p\u00e1ginas de empresas al uso. Nuestra intenci\u00f3n era la de dar a conocer tanto noticias relacionadas con la Arqueolog\u00eda de nuestra regi\u00f3n como difundir exposiciones, cursos o congresos que pudieran interesar a la gente, y como no, poner al d\u00eda nuestros proyectos y compartir experiencias con otros compa\u00f1eros. El mero hecho de saber que el concepto Underground va rulando por el mundo ya nos compensa.<\/p>\n<p>\u2022 <strong>He hecho un seguimiento en redes sociales y no hay Twitter de <a href=\"http:\/\/www.underground-arqueologia.com\/\">Underground Arqueolog\u00eda<\/a> (eso me ha recordado a aquel refr\u00e1n materno \u2018quien mucho abarca poco aprieta\u2019) \u00bfseleccionar es bueno?<\/strong><\/p>\n<p>No tenemos Twitter? Me has dejado muerta. Yo pensaba que s\u00ed. No me aclaro. A lo mejor tienes raz\u00f3n y no es bueno abarcar tanto. Por cierto, estamos en Facebook, Linkedin, Cultunet y Econred (menos FB, las dem\u00e1s las tenemos completamente desatendidas, la investigaci\u00f3n te quita mucho tiempo).<\/p>\n<p>\u2022 <strong>Bueno, siempre hablo como si tu solito trabajases en Underground, pero una excavaci\u00f3n es un trabajo de equipo, uno que te abanique, uno que te traiga el agua, otro que te seque el sudor, \u00bfme dejo alguno?<\/strong><\/p>\n<p>Aqu\u00ed cada uno se trae el agua y se quita el sudor. El presupuesto no da para m\u00e1s, y cuando lo d\u00e9, nos gastaremos la pasta en cosas m\u00e1s productivas, como picos autom\u00e1ticos y gestionadores teletransportados de terreras (son co\u00f1as de arque\u00f3logos, si alguno nos lee sabr\u00e1 de qu\u00e9 les hablo).<\/p>\n<p>\u2022 <strong>\u00bfDe qu\u00e9 se r\u00ede un arque\u00f3logo?<\/strong><\/p>\n<p>Me gusta m\u00e1s hacer re\u00edr. Es importante que la gente que trabaja contigo se pueda abstraer de la presi\u00f3n que tiene un trabajo como \u00e9ste, en el que s\u00f3lo uno mismo sabe lo importante que es no fallar para que los resultados sean los esperados.<\/p>\n<p>\u2022 <strong>Llega el momento de la publicidad: \u00bfpor qu\u00e9 tiene las manos tan grandes el mu\u00f1equito de tu logo?<\/strong><\/p>\n<p>Aunque antes cuando habl\u00e1bamos de las redes sociales dejamos claro que el que mucho abarca poco aprieta, nuestra forma de entender la Arqueolog\u00eda nos hace intentar crear un entorno <a href=\"http:\/\/www.underground-arqueologia.com\/\">Underground<\/a> en el que la gente se sienta a gusto realizando su trabajo, lejos de caciquismos e intereses extra\u00f1os, que lo \u00fanico que hacen es perjudicar a nuestro patrimonio. Para abarcar  todo ese potencial humano hacen falta unas manos muy grandes, aunque en ocasiones tiene el inconveniente de que alg\u00fan elemento de ese potencial se te cuele entre los dedos y se pierda para la causa.<\/p>\n<p><img decoding=\"async\" class=\"aligncenter\" src=\"http:\/\/www.underground-arqueologia.com\/wp-content\/themes\/simple-organization\/img\/logo.gif\" alt=\"\" width=\"235\" height=\"100\" \/><\/p>\n<p>\u2022 <strong>Si pudieras estar en cualquier lugar o \u00e9poca del mundo pero s\u00f3lo este veranito d\u00f3nde aterrizar\u00edas.<\/strong><\/p>\n<p>Quiz\u00e1s en el sitio que estamos excavando ahora. Si pudiera por una vez verlo todo \u201cen su momento\u201d, aunque solo fuera una vez, nos quitar\u00eda muchos quebraderos de cabeza a la hora de conocer quienes viv\u00edan ah\u00ed , cuando vivieron y por qu\u00e9 ah\u00ed y no en otro sitio. Eso nos ayudar\u00eda a entender muchas cosas, tanto aqu\u00ed como en otros yacimientos. Por cierto, ya s\u00e9 que he dicho solo una vez, pero si me dejarais un par de ellas m\u00e1s os estar\u00eda muy agradecido, porque tengo algunas cosillas pendientes\u2026<\/p>\n<p>\u2022 <strong>Qu\u00e9 hora est\u00e1s contestando esta pregunta (la \u00faltima \u00a1por fin!).<\/strong><\/p>\n<p>Mejor no te lo digo. S\u00f3lo s\u00e9 que es muy tarde y ma\u00f1ana el pico va a pesar m\u00e1s de lo normal\u2026 Bueno, vale,  01:40h.<\/p>\n","protected":false},"excerpt":{"rendered":"<p>Si tu vocaci\u00f3n es ser arque\u00f3logo por qu\u00e9 no vas a nacer en Matar\u00f3, pues parece que no hay ning\u00fan inconveniente como ha demostrado Juan Jos\u00e9 Pulido. Este catal\u00e1n dej\u00f3 atr\u00e1s su tierra natal en plena edad del pavo, all\u00e1 por el a\u00f1o 1992, quiz\u00e1s ahuyentado por la magnifica canci\u00f3n de La Caball\u00e9 con Freddie Mercury (Barcelona\u2026), y aterriz\u00f3 en&#8230;<\/p>\n","protected":false},"author":1,"featured_media":0,"comment_status":"open","ping_status":"open","sticky":false,"template":"","format":"standard","meta":{"footnotes":""},"categories":[21],"tags":[82,56,121],"class_list":["post-2650","post","type-post","status-publish","format-standard","hentry","category-in-fraganti","tag-creatividad","tag-infraganti","tag-juanjo-pulido","has_thumb"],"yoast_head":"<!-- This site is optimized with the Yoast SEO plugin v26.9 - https:\/\/yoast.com\/product\/yoast-seo-wordpress\/ -->\n<title>IN FRAGANTI! con Juan Jos\u00e9 Pulido, arque\u00f3logo creativo. - creaerte.com<\/title>\n<meta name=\"robots\" content=\"index, follow, max-snippet:-1, max-image-preview:large, max-video-preview:-1\" \/>\n<link rel=\"canonical\" href=\"https:\/\/www.creaerte.com\/live\/in-fraganti-con-juan-jose-pulido-arqueologo-creativo\/\" \/>\n<meta property=\"og:locale\" content=\"es_ES\" \/>\n<meta property=\"og:type\" content=\"article\" \/>\n<meta property=\"og:title\" content=\"IN FRAGANTI! con Juan Jos\u00e9 Pulido, arque\u00f3logo creativo. - creaerte.com\" \/>\n<meta property=\"og:description\" content=\"Si tu vocaci\u00f3n es ser arque\u00f3logo por qu\u00e9 no vas a nacer en Matar\u00f3, pues parece que no hay ning\u00fan inconveniente como ha demostrado Juan Jos\u00e9 Pulido. Este catal\u00e1n dej\u00f3 atr\u00e1s su tierra natal en plena edad del pavo, all\u00e1 por el a\u00f1o 1992, quiz\u00e1s ahuyentado por la magnifica canci\u00f3n de La Caball\u00e9 con Freddie Mercury (Barcelona\u2026), y aterriz\u00f3 en...\" \/>\n<meta property=\"og:url\" content=\"https:\/\/www.creaerte.com\/live\/in-fraganti-con-juan-jose-pulido-arqueologo-creativo\/\" \/>\n<meta property=\"og:site_name\" content=\"creaerte.com\" \/>\n<meta property=\"article:publisher\" content=\"https:\/\/www.facebook.com\/creaerte\" \/>\n<meta property=\"article:published_time\" content=\"2011-07-18T11:17:54+00:00\" \/>\n<meta property=\"article:modified_time\" content=\"2012-10-23T09:46:51+00:00\" \/>\n<meta property=\"og:image\" content=\"http:\/\/creaerte.com\/live\/wp-content\/uploads\/2011\/07\/underground2.jpg\" \/>\n<meta name=\"author\" content=\"admin\" \/>\n<meta name=\"twitter:card\" content=\"summary_large_image\" \/>\n<meta name=\"twitter:creator\" content=\"@Creaerte\" \/>\n<meta name=\"twitter:site\" content=\"@Creaerte\" \/>\n<meta name=\"twitter:label1\" content=\"Escrito por\" \/>\n\t<meta name=\"twitter:data1\" content=\"admin\" \/>\n\t<meta name=\"twitter:label2\" content=\"Tiempo de lectura\" \/>\n\t<meta name=\"twitter:data2\" content=\"11 minutos\" \/>\n<script type=\"application\/ld+json\" class=\"yoast-schema-graph\">{\"@context\":\"https:\/\/schema.org\",\"@graph\":[{\"@type\":\"Article\",\"@id\":\"https:\/\/www.creaerte.com\/live\/in-fraganti-con-juan-jose-pulido-arqueologo-creativo\/#article\",\"isPartOf\":{\"@id\":\"https:\/\/www.creaerte.com\/live\/in-fraganti-con-juan-jose-pulido-arqueologo-creativo\/\"},\"author\":{\"name\":\"admin\",\"@id\":\"https:\/\/www.creaerte.com\/live\/#\/schema\/person\/acc9e93c6216bce2d569b1f0a99607f6\"},\"headline\":\"IN FRAGANTI! con Juan Jos\u00e9 Pulido, arque\u00f3logo creativo.\",\"datePublished\":\"2011-07-18T11:17:54+00:00\",\"dateModified\":\"2012-10-23T09:46:51+00:00\",\"mainEntityOfPage\":{\"@id\":\"https:\/\/www.creaerte.com\/live\/in-fraganti-con-juan-jose-pulido-arqueologo-creativo\/\"},\"wordCount\":2140,\"commentCount\":0,\"image\":{\"@id\":\"https:\/\/www.creaerte.com\/live\/in-fraganti-con-juan-jose-pulido-arqueologo-creativo\/#primaryimage\"},\"thumbnailUrl\":\"http:\/\/creaerte.com\/live\/wp-content\/uploads\/2011\/07\/underground2.jpg\",\"keywords\":[\"creatividad\",\"infraganti\",\"juanjo pulido\"],\"articleSection\":[\"IN FRAGANTI\"],\"inLanguage\":\"es\",\"potentialAction\":[{\"@type\":\"CommentAction\",\"name\":\"Comment\",\"target\":[\"https:\/\/www.creaerte.com\/live\/in-fraganti-con-juan-jose-pulido-arqueologo-creativo\/#respond\"]}]},{\"@type\":\"WebPage\",\"@id\":\"https:\/\/www.creaerte.com\/live\/in-fraganti-con-juan-jose-pulido-arqueologo-creativo\/\",\"url\":\"https:\/\/www.creaerte.com\/live\/in-fraganti-con-juan-jose-pulido-arqueologo-creativo\/\",\"name\":\"IN FRAGANTI! con Juan Jos\u00e9 Pulido, arque\u00f3logo creativo. - creaerte.com\",\"isPartOf\":{\"@id\":\"https:\/\/www.creaerte.com\/live\/#website\"},\"primaryImageOfPage\":{\"@id\":\"https:\/\/www.creaerte.com\/live\/in-fraganti-con-juan-jose-pulido-arqueologo-creativo\/#primaryimage\"},\"image\":{\"@id\":\"https:\/\/www.creaerte.com\/live\/in-fraganti-con-juan-jose-pulido-arqueologo-creativo\/#primaryimage\"},\"thumbnailUrl\":\"http:\/\/creaerte.com\/live\/wp-content\/uploads\/2011\/07\/underground2.jpg\",\"datePublished\":\"2011-07-18T11:17:54+00:00\",\"dateModified\":\"2012-10-23T09:46:51+00:00\",\"author\":{\"@id\":\"https:\/\/www.creaerte.com\/live\/#\/schema\/person\/acc9e93c6216bce2d569b1f0a99607f6\"},\"inLanguage\":\"es\",\"potentialAction\":[{\"@type\":\"ReadAction\",\"target\":[\"https:\/\/www.creaerte.com\/live\/in-fraganti-con-juan-jose-pulido-arqueologo-creativo\/\"]}]},{\"@type\":\"ImageObject\",\"inLanguage\":\"es\",\"@id\":\"https:\/\/www.creaerte.com\/live\/in-fraganti-con-juan-jose-pulido-arqueologo-creativo\/#primaryimage\",\"url\":\"http:\/\/creaerte.com\/live\/wp-content\/uploads\/2011\/07\/underground2.jpg\",\"contentUrl\":\"http:\/\/creaerte.com\/live\/wp-content\/uploads\/2011\/07\/underground2.jpg\"},{\"@type\":\"WebSite\",\"@id\":\"https:\/\/www.creaerte.com\/live\/#website\",\"url\":\"https:\/\/www.creaerte.com\/live\/\",\"name\":\"creaerte.com\",\"description\":\"Agencia de publicidad, comunicaci\u00f3n y marketing en C\u00e1ceres \u2022 Extremadura\",\"potentialAction\":[{\"@type\":\"SearchAction\",\"target\":{\"@type\":\"EntryPoint\",\"urlTemplate\":\"https:\/\/www.creaerte.com\/live\/?s={search_term_string}\"},\"query-input\":{\"@type\":\"PropertyValueSpecification\",\"valueRequired\":true,\"valueName\":\"search_term_string\"}}],\"inLanguage\":\"es\"},{\"@type\":\"Person\",\"@id\":\"https:\/\/www.creaerte.com\/live\/#\/schema\/person\/acc9e93c6216bce2d569b1f0a99607f6\",\"name\":\"admin\",\"image\":{\"@type\":\"ImageObject\",\"inLanguage\":\"es\",\"@id\":\"https:\/\/www.creaerte.com\/live\/#\/schema\/person\/image\/\",\"url\":\"https:\/\/secure.gravatar.com\/avatar\/736f9ff6dd176e443e4c9cf884b23352631c533b611f216dbc09fc84cda6e67c?s=96&d=mm&r=g\",\"contentUrl\":\"https:\/\/secure.gravatar.com\/avatar\/736f9ff6dd176e443e4c9cf884b23352631c533b611f216dbc09fc84cda6e67c?s=96&d=mm&r=g\",\"caption\":\"admin\"},\"url\":\"https:\/\/www.creaerte.com\/live\/author\/admin\/\"}]}<\/script>\n<!-- \/ Yoast SEO plugin. -->","yoast_head_json":{"title":"IN FRAGANTI! con Juan Jos\u00e9 Pulido, arque\u00f3logo creativo. - creaerte.com","robots":{"index":"index","follow":"follow","max-snippet":"max-snippet:-1","max-image-preview":"max-image-preview:large","max-video-preview":"max-video-preview:-1"},"canonical":"https:\/\/www.creaerte.com\/live\/in-fraganti-con-juan-jose-pulido-arqueologo-creativo\/","og_locale":"es_ES","og_type":"article","og_title":"IN FRAGANTI! con Juan Jos\u00e9 Pulido, arque\u00f3logo creativo. - creaerte.com","og_description":"Si tu vocaci\u00f3n es ser arque\u00f3logo por qu\u00e9 no vas a nacer en Matar\u00f3, pues parece que no hay ning\u00fan inconveniente como ha demostrado Juan Jos\u00e9 Pulido. Este catal\u00e1n dej\u00f3 atr\u00e1s su tierra natal en plena edad del pavo, all\u00e1 por el a\u00f1o 1992, quiz\u00e1s ahuyentado por la magnifica canci\u00f3n de La Caball\u00e9 con Freddie Mercury (Barcelona\u2026), y aterriz\u00f3 en...","og_url":"https:\/\/www.creaerte.com\/live\/in-fraganti-con-juan-jose-pulido-arqueologo-creativo\/","og_site_name":"creaerte.com","article_publisher":"https:\/\/www.facebook.com\/creaerte","article_published_time":"2011-07-18T11:17:54+00:00","article_modified_time":"2012-10-23T09:46:51+00:00","og_image":[{"url":"http:\/\/creaerte.com\/live\/wp-content\/uploads\/2011\/07\/underground2.jpg","type":"","width":"","height":""}],"author":"admin","twitter_card":"summary_large_image","twitter_creator":"@Creaerte","twitter_site":"@Creaerte","twitter_misc":{"Escrito por":"admin","Tiempo de lectura":"11 minutos"},"schema":{"@context":"https:\/\/schema.org","@graph":[{"@type":"Article","@id":"https:\/\/www.creaerte.com\/live\/in-fraganti-con-juan-jose-pulido-arqueologo-creativo\/#article","isPartOf":{"@id":"https:\/\/www.creaerte.com\/live\/in-fraganti-con-juan-jose-pulido-arqueologo-creativo\/"},"author":{"name":"admin","@id":"https:\/\/www.creaerte.com\/live\/#\/schema\/person\/acc9e93c6216bce2d569b1f0a99607f6"},"headline":"IN FRAGANTI! con Juan Jos\u00e9 Pulido, arque\u00f3logo creativo.","datePublished":"2011-07-18T11:17:54+00:00","dateModified":"2012-10-23T09:46:51+00:00","mainEntityOfPage":{"@id":"https:\/\/www.creaerte.com\/live\/in-fraganti-con-juan-jose-pulido-arqueologo-creativo\/"},"wordCount":2140,"commentCount":0,"image":{"@id":"https:\/\/www.creaerte.com\/live\/in-fraganti-con-juan-jose-pulido-arqueologo-creativo\/#primaryimage"},"thumbnailUrl":"http:\/\/creaerte.com\/live\/wp-content\/uploads\/2011\/07\/underground2.jpg","keywords":["creatividad","infraganti","juanjo pulido"],"articleSection":["IN FRAGANTI"],"inLanguage":"es","potentialAction":[{"@type":"CommentAction","name":"Comment","target":["https:\/\/www.creaerte.com\/live\/in-fraganti-con-juan-jose-pulido-arqueologo-creativo\/#respond"]}]},{"@type":"WebPage","@id":"https:\/\/www.creaerte.com\/live\/in-fraganti-con-juan-jose-pulido-arqueologo-creativo\/","url":"https:\/\/www.creaerte.com\/live\/in-fraganti-con-juan-jose-pulido-arqueologo-creativo\/","name":"IN FRAGANTI! con Juan Jos\u00e9 Pulido, arque\u00f3logo creativo. - creaerte.com","isPartOf":{"@id":"https:\/\/www.creaerte.com\/live\/#website"},"primaryImageOfPage":{"@id":"https:\/\/www.creaerte.com\/live\/in-fraganti-con-juan-jose-pulido-arqueologo-creativo\/#primaryimage"},"image":{"@id":"https:\/\/www.creaerte.com\/live\/in-fraganti-con-juan-jose-pulido-arqueologo-creativo\/#primaryimage"},"thumbnailUrl":"http:\/\/creaerte.com\/live\/wp-content\/uploads\/2011\/07\/underground2.jpg","datePublished":"2011-07-18T11:17:54+00:00","dateModified":"2012-10-23T09:46:51+00:00","author":{"@id":"https:\/\/www.creaerte.com\/live\/#\/schema\/person\/acc9e93c6216bce2d569b1f0a99607f6"},"inLanguage":"es","potentialAction":[{"@type":"ReadAction","target":["https:\/\/www.creaerte.com\/live\/in-fraganti-con-juan-jose-pulido-arqueologo-creativo\/"]}]},{"@type":"ImageObject","inLanguage":"es","@id":"https:\/\/www.creaerte.com\/live\/in-fraganti-con-juan-jose-pulido-arqueologo-creativo\/#primaryimage","url":"http:\/\/creaerte.com\/live\/wp-content\/uploads\/2011\/07\/underground2.jpg","contentUrl":"http:\/\/creaerte.com\/live\/wp-content\/uploads\/2011\/07\/underground2.jpg"},{"@type":"WebSite","@id":"https:\/\/www.creaerte.com\/live\/#website","url":"https:\/\/www.creaerte.com\/live\/","name":"creaerte.com","description":"Agencia de publicidad, comunicaci\u00f3n y marketing en C\u00e1ceres \u2022 Extremadura","potentialAction":[{"@type":"SearchAction","target":{"@type":"EntryPoint","urlTemplate":"https:\/\/www.creaerte.com\/live\/?s={search_term_string}"},"query-input":{"@type":"PropertyValueSpecification","valueRequired":true,"valueName":"search_term_string"}}],"inLanguage":"es"},{"@type":"Person","@id":"https:\/\/www.creaerte.com\/live\/#\/schema\/person\/acc9e93c6216bce2d569b1f0a99607f6","name":"admin","image":{"@type":"ImageObject","inLanguage":"es","@id":"https:\/\/www.creaerte.com\/live\/#\/schema\/person\/image\/","url":"https:\/\/secure.gravatar.com\/avatar\/736f9ff6dd176e443e4c9cf884b23352631c533b611f216dbc09fc84cda6e67c?s=96&d=mm&r=g","contentUrl":"https:\/\/secure.gravatar.com\/avatar\/736f9ff6dd176e443e4c9cf884b23352631c533b611f216dbc09fc84cda6e67c?s=96&d=mm&r=g","caption":"admin"},"url":"https:\/\/www.creaerte.com\/live\/author\/admin\/"}]}},"_links":{"self":[{"href":"https:\/\/www.creaerte.com\/live\/wp-json\/wp\/v2\/posts\/2650","targetHints":{"allow":["GET"]}}],"collection":[{"href":"https:\/\/www.creaerte.com\/live\/wp-json\/wp\/v2\/posts"}],"about":[{"href":"https:\/\/www.creaerte.com\/live\/wp-json\/wp\/v2\/types\/post"}],"author":[{"embeddable":true,"href":"https:\/\/www.creaerte.com\/live\/wp-json\/wp\/v2\/users\/1"}],"replies":[{"embeddable":true,"href":"https:\/\/www.creaerte.com\/live\/wp-json\/wp\/v2\/comments?post=2650"}],"version-history":[{"count":0,"href":"https:\/\/www.creaerte.com\/live\/wp-json\/wp\/v2\/posts\/2650\/revisions"}],"wp:attachment":[{"href":"https:\/\/www.creaerte.com\/live\/wp-json\/wp\/v2\/media?parent=2650"}],"wp:term":[{"taxonomy":"category","embeddable":true,"href":"https:\/\/www.creaerte.com\/live\/wp-json\/wp\/v2\/categories?post=2650"},{"taxonomy":"post_tag","embeddable":true,"href":"https:\/\/www.creaerte.com\/live\/wp-json\/wp\/v2\/tags?post=2650"}],"curies":[{"name":"wp","href":"https:\/\/api.w.org\/{rel}","templated":true}]}}