{"id":26542,"date":"2019-11-13T12:31:29","date_gmt":"2019-11-13T11:31:29","guid":{"rendered":"http:\/\/www.creaerte.com\/live\/?p=26542"},"modified":"2019-11-13T14:19:32","modified_gmt":"2019-11-13T13:19:32","slug":"compromiso-etico-la-coleccion-estilografica","status":"publish","type":"post","link":"https:\/\/www.creaerte.com\/live\/compromiso-etico-la-coleccion-estilografica\/","title":{"rendered":"El compromiso \u00e9tico de la colecci\u00f3n &#8216;estilogr\u00e1fica&#8217;"},"content":{"rendered":"<p><strong>Vanguardia, cultura pop, surrealismo, cinematograf\u00eda, neoplasticismo<\/strong>\u2026 Todos estos conceptos y muchos otros se dan la mano en el trabajo que hoy os presentamos en la secci\u00f3n de <a href=\"http:\/\/www.creaerte.com\/live\/category\/cosecha-propia\/\" target=\"_blank\"><strong>cosecha propia<\/strong><\/a>. Hablamos de la colecci\u00f3n <em><strong>estilogr\u00e1fica<\/strong><\/em>, un homenaje a la <strong>creaci\u00f3n propia<\/strong> con <strong>doce obras originales<\/strong> configuradas en esta casa y generadas a partir de <strong>impresiones causadas<\/strong>.<\/p>\n<p>Bu\u00f1uel y la cr\u00edtica social, el <strong>constructivismo de Rodchenko<\/strong> o la ciudad iluminada de <strong>Las Vegas<\/strong> dieron brillo a nuestro <strong>almanaque<\/strong> del a\u00f1o <strong>2006<\/strong>. Un trabajo que deriv\u00f3 en una docena de cuadros donde se conjugan la <strong>pasi\u00f3n<\/strong> y la <strong>raz\u00f3n<\/strong> a trav\u00e9s de un compromiso tan \u00e9tico como fantasioso.<\/p>\n<p>Con el objetivo de nutrir de combustible al motor creativo de Creaerte, <em><strong>estilogr\u00e1fica<\/strong><\/em> es una colecci\u00f3n que surgi\u00f3 con la voluntad de la verosimilitud. Hablamos de un peque\u00f1o tesoro que nos recuerda que es obligatorio <strong>crear para creer<\/strong>, para crecer.<\/p>\n<blockquote class=\"instagram-media\" style=\"background: #FFF; border: 0; border-radius: 3px; box-shadow: 0 0 1px 0 rgba(0,0,0,0.5),0 1px 10px 0 rgba(0,0,0,0.15); margin: 1px; max-width: 540px; min-width: 326px; padding: 0; width: calc(100% - 2px);\" data-instgrm-captioned=\"\" data-instgrm-permalink=\"https:\/\/www.instagram.com\/p\/B4zd8EJCB1i\/?utm_source=ig_embed&amp;utm_campaign=loading\" data-instgrm-version=\"12\">\n<div style=\"padding: 16px;\"><a style=\"background: #FFFFFF; line-height: 0; padding: 0 0; text-align: center; text-decoration: none; width: 100%;\" href=\"https:\/\/www.instagram.com\/p\/B4zd8EJCB1i\/?utm_source=ig_embed&amp;utm_campaign=loading\" target=\"_blank\"><br \/>\n<\/a><\/p>\n<div style=\"display: flex; flex-direction: row; align-items: center;\"><\/div>\n<div style=\"padding: 19% 0;\"><\/div>\n<div style=\"display: block; height: 50px; margin: 0 auto 12px; width: 50px;\"><\/div>\n<div style=\"padding-top: 8px;\">\n<div style=\"color: #3897f0; font-family: Arial,sans-serif; font-size: 14px; font-style: normal; font-weight: 550; line-height: 18px;\">Ver esta publicaci\u00f3n en Instagram<\/div>\n<\/div>\n<p style=\"margin: 8px 0 0 0; padding: 0 4px;\"><a style=\"color: #000; font-family: Arial,sans-serif; font-size: 14px; font-style: normal; font-weight: normal; line-height: 17px; text-decoration: none; word-wrap: break-word;\" href=\"https:\/\/www.instagram.com\/p\/B4zd8EJCB1i\/?utm_source=ig_embed&amp;utm_campaign=loading\" target=\"_blank\">Una colecci\u00f3n que merece la pena enmarcar. Hoy en nuestro Cosecha Propia: Estilogr\u00e1fica (enlace en nuestra bio) . . #cosechapropia #calendario #estilogr\u00e1fica #dise\u00f1o #cuadros #collage #fotograf\u00edas #tipograf\u00edas #creatividad #locontamos #comunicaci\u00f3n #marketing #publicidad #contentmarketing #crearparacreer #creaerte<\/a><\/p>\n<p style=\"color: #c9c8cd; font-family: Arial,sans-serif; font-size: 14px; line-height: 17px; margin-bottom: 0; margin-top: 8px; overflow: hidden; padding: 8px 0 7px; text-align: center; text-overflow: ellipsis; white-space: nowrap;\">Una publicaci\u00f3n compartida de <a style=\"color: #c9c8cd; font-family: Arial,sans-serif; font-size: 14px; font-style: normal; font-weight: normal; line-height: 17px;\" href=\"https:\/\/www.instagram.com\/creaerte\/?utm_source=ig_embed&amp;utm_campaign=loading\" target=\"_blank\"> CREAERTE<\/a> (@creaerte) el <time style=\"font-family: Arial,sans-serif; font-size: 14px; line-height: 17px;\" datetime=\"2019-11-13T11:37:11+00:00\">13 Nov, 2019 a las 3:37 PST<\/time><\/p>\n<\/div>\n<\/blockquote>\n<p><script async src=\"\/\/www.instagram.com\/embed.js\"><\/script><\/p>\n","protected":false},"excerpt":{"rendered":"<p>Vanguardia, cultura pop, surrealismo, cinematograf\u00eda, neoplasticismo\u2026 Todos estos conceptos y muchos otros se dan la mano en el trabajo que hoy os presentamos en la secci\u00f3n de cosecha propia. Hablamos de la colecci\u00f3n estilogr\u00e1fica, un homenaje a la creaci\u00f3n propia con doce obras originales configuradas en esta casa y generadas a partir de impresiones causadas. Bu\u00f1uel y la cr\u00edtica social,&#8230;<\/p>\n","protected":false},"author":1,"featured_media":26546,"comment_status":"open","ping_status":"open","sticky":false,"template":"","format":"standard","meta":{"footnotes":""},"categories":[319,1350,42],"tags":[],"class_list":["post-26542","post","type-post","status-publish","format-standard","has-post-thumbnail","hentry","category-cosecha-propia","category-creatividad","category-diseno","has_thumb"],"yoast_head":"<!-- This site is optimized with the Yoast SEO plugin v26.9 - https:\/\/yoast.com\/product\/yoast-seo-wordpress\/ -->\n<title>El compromiso \u00e9tico de la colecci\u00f3n &#039;estilogr\u00e1fica&#039; - creaerte.com<\/title>\n<meta name=\"robots\" content=\"index, follow, max-snippet:-1, max-image-preview:large, max-video-preview:-1\" \/>\n<link rel=\"canonical\" href=\"https:\/\/www.creaerte.com\/live\/compromiso-etico-la-coleccion-estilografica\/\" \/>\n<meta property=\"og:locale\" content=\"es_ES\" \/>\n<meta property=\"og:type\" content=\"article\" \/>\n<meta property=\"og:title\" content=\"El compromiso \u00e9tico de la colecci\u00f3n &#039;estilogr\u00e1fica&#039; - creaerte.com\" \/>\n<meta property=\"og:description\" content=\"Vanguardia, cultura pop, surrealismo, cinematograf\u00eda, neoplasticismo\u2026 Todos estos conceptos y muchos otros se dan la mano en el trabajo que hoy os presentamos en la secci\u00f3n de cosecha propia. Hablamos de la colecci\u00f3n estilogr\u00e1fica, un homenaje a la creaci\u00f3n propia con doce obras originales configuradas en esta casa y generadas a partir de impresiones causadas. Bu\u00f1uel y la cr\u00edtica social,...\" \/>\n<meta property=\"og:url\" content=\"https:\/\/www.creaerte.com\/live\/compromiso-etico-la-coleccion-estilografica\/\" \/>\n<meta property=\"og:site_name\" content=\"creaerte.com\" \/>\n<meta property=\"article:publisher\" content=\"https:\/\/www.facebook.com\/creaerte\" \/>\n<meta property=\"article:published_time\" content=\"2019-11-13T11:31:29+00:00\" \/>\n<meta property=\"article:modified_time\" content=\"2019-11-13T13:19:32+00:00\" \/>\n<meta property=\"og:image\" content=\"https:\/\/www.creaerte.com\/live\/wp-content\/uploads\/2019\/11\/Estilografica-creaerte-portada.jpg\" \/>\n\t<meta property=\"og:image:width\" content=\"817\" \/>\n\t<meta property=\"og:image:height\" content=\"468\" \/>\n\t<meta property=\"og:image:type\" content=\"image\/jpeg\" \/>\n<meta name=\"author\" content=\"admin\" \/>\n<meta name=\"twitter:card\" content=\"summary_large_image\" \/>\n<meta name=\"twitter:creator\" content=\"@Creaerte\" \/>\n<meta name=\"twitter:site\" content=\"@Creaerte\" \/>\n<meta name=\"twitter:label1\" content=\"Escrito por\" \/>\n\t<meta name=\"twitter:data1\" content=\"admin\" \/>\n\t<meta name=\"twitter:label2\" content=\"Tiempo de lectura\" \/>\n\t<meta name=\"twitter:data2\" content=\"1 minuto\" \/>\n<script type=\"application\/ld+json\" class=\"yoast-schema-graph\">{\"@context\":\"https:\/\/schema.org\",\"@graph\":[{\"@type\":\"Article\",\"@id\":\"https:\/\/www.creaerte.com\/live\/compromiso-etico-la-coleccion-estilografica\/#article\",\"isPartOf\":{\"@id\":\"https:\/\/www.creaerte.com\/live\/compromiso-etico-la-coleccion-estilografica\/\"},\"author\":{\"name\":\"admin\",\"@id\":\"https:\/\/www.creaerte.com\/live\/#\/schema\/person\/acc9e93c6216bce2d569b1f0a99607f6\"},\"headline\":\"El compromiso \u00e9tico de la colecci\u00f3n &#8216;estilogr\u00e1fica&#8217;\",\"datePublished\":\"2019-11-13T11:31:29+00:00\",\"dateModified\":\"2019-11-13T13:19:32+00:00\",\"mainEntityOfPage\":{\"@id\":\"https:\/\/www.creaerte.com\/live\/compromiso-etico-la-coleccion-estilografica\/\"},\"wordCount\":225,\"commentCount\":0,\"image\":{\"@id\":\"https:\/\/www.creaerte.com\/live\/compromiso-etico-la-coleccion-estilografica\/#primaryimage\"},\"thumbnailUrl\":\"https:\/\/www.creaerte.com\/live\/wp-content\/uploads\/2019\/11\/Estilografica-creaerte-portada.jpg\",\"articleSection\":[\"Cosecha propia\",\"creatividad\",\"dise\u00f1o\"],\"inLanguage\":\"es\",\"potentialAction\":[{\"@type\":\"CommentAction\",\"name\":\"Comment\",\"target\":[\"https:\/\/www.creaerte.com\/live\/compromiso-etico-la-coleccion-estilografica\/#respond\"]}]},{\"@type\":\"WebPage\",\"@id\":\"https:\/\/www.creaerte.com\/live\/compromiso-etico-la-coleccion-estilografica\/\",\"url\":\"https:\/\/www.creaerte.com\/live\/compromiso-etico-la-coleccion-estilografica\/\",\"name\":\"El compromiso \u00e9tico de la colecci\u00f3n 'estilogr\u00e1fica' - creaerte.com\",\"isPartOf\":{\"@id\":\"https:\/\/www.creaerte.com\/live\/#website\"},\"primaryImageOfPage\":{\"@id\":\"https:\/\/www.creaerte.com\/live\/compromiso-etico-la-coleccion-estilografica\/#primaryimage\"},\"image\":{\"@id\":\"https:\/\/www.creaerte.com\/live\/compromiso-etico-la-coleccion-estilografica\/#primaryimage\"},\"thumbnailUrl\":\"https:\/\/www.creaerte.com\/live\/wp-content\/uploads\/2019\/11\/Estilografica-creaerte-portada.jpg\",\"datePublished\":\"2019-11-13T11:31:29+00:00\",\"dateModified\":\"2019-11-13T13:19:32+00:00\",\"author\":{\"@id\":\"https:\/\/www.creaerte.com\/live\/#\/schema\/person\/acc9e93c6216bce2d569b1f0a99607f6\"},\"inLanguage\":\"es\",\"potentialAction\":[{\"@type\":\"ReadAction\",\"target\":[\"https:\/\/www.creaerte.com\/live\/compromiso-etico-la-coleccion-estilografica\/\"]}]},{\"@type\":\"ImageObject\",\"inLanguage\":\"es\",\"@id\":\"https:\/\/www.creaerte.com\/live\/compromiso-etico-la-coleccion-estilografica\/#primaryimage\",\"url\":\"https:\/\/www.creaerte.com\/live\/wp-content\/uploads\/2019\/11\/Estilografica-creaerte-portada.jpg\",\"contentUrl\":\"https:\/\/www.creaerte.com\/live\/wp-content\/uploads\/2019\/11\/Estilografica-creaerte-portada.jpg\",\"width\":817,\"height\":468},{\"@type\":\"WebSite\",\"@id\":\"https:\/\/www.creaerte.com\/live\/#website\",\"url\":\"https:\/\/www.creaerte.com\/live\/\",\"name\":\"creaerte.com\",\"description\":\"Agencia de publicidad, comunicaci\u00f3n y marketing en C\u00e1ceres \u2022 Extremadura\",\"potentialAction\":[{\"@type\":\"SearchAction\",\"target\":{\"@type\":\"EntryPoint\",\"urlTemplate\":\"https:\/\/www.creaerte.com\/live\/?s={search_term_string}\"},\"query-input\":{\"@type\":\"PropertyValueSpecification\",\"valueRequired\":true,\"valueName\":\"search_term_string\"}}],\"inLanguage\":\"es\"},{\"@type\":\"Person\",\"@id\":\"https:\/\/www.creaerte.com\/live\/#\/schema\/person\/acc9e93c6216bce2d569b1f0a99607f6\",\"name\":\"admin\",\"image\":{\"@type\":\"ImageObject\",\"inLanguage\":\"es\",\"@id\":\"https:\/\/www.creaerte.com\/live\/#\/schema\/person\/image\/\",\"url\":\"https:\/\/secure.gravatar.com\/avatar\/736f9ff6dd176e443e4c9cf884b23352631c533b611f216dbc09fc84cda6e67c?s=96&d=mm&r=g\",\"contentUrl\":\"https:\/\/secure.gravatar.com\/avatar\/736f9ff6dd176e443e4c9cf884b23352631c533b611f216dbc09fc84cda6e67c?s=96&d=mm&r=g\",\"caption\":\"admin\"},\"url\":\"https:\/\/www.creaerte.com\/live\/author\/admin\/\"}]}<\/script>\n<!-- \/ Yoast SEO plugin. -->","yoast_head_json":{"title":"El compromiso \u00e9tico de la colecci\u00f3n 'estilogr\u00e1fica' - creaerte.com","robots":{"index":"index","follow":"follow","max-snippet":"max-snippet:-1","max-image-preview":"max-image-preview:large","max-video-preview":"max-video-preview:-1"},"canonical":"https:\/\/www.creaerte.com\/live\/compromiso-etico-la-coleccion-estilografica\/","og_locale":"es_ES","og_type":"article","og_title":"El compromiso \u00e9tico de la colecci\u00f3n 'estilogr\u00e1fica' - creaerte.com","og_description":"Vanguardia, cultura pop, surrealismo, cinematograf\u00eda, neoplasticismo\u2026 Todos estos conceptos y muchos otros se dan la mano en el trabajo que hoy os presentamos en la secci\u00f3n de cosecha propia. Hablamos de la colecci\u00f3n estilogr\u00e1fica, un homenaje a la creaci\u00f3n propia con doce obras originales configuradas en esta casa y generadas a partir de impresiones causadas. Bu\u00f1uel y la cr\u00edtica social,...","og_url":"https:\/\/www.creaerte.com\/live\/compromiso-etico-la-coleccion-estilografica\/","og_site_name":"creaerte.com","article_publisher":"https:\/\/www.facebook.com\/creaerte","article_published_time":"2019-11-13T11:31:29+00:00","article_modified_time":"2019-11-13T13:19:32+00:00","og_image":[{"width":817,"height":468,"url":"https:\/\/www.creaerte.com\/live\/wp-content\/uploads\/2019\/11\/Estilografica-creaerte-portada.jpg","type":"image\/jpeg"}],"author":"admin","twitter_card":"summary_large_image","twitter_creator":"@Creaerte","twitter_site":"@Creaerte","twitter_misc":{"Escrito por":"admin","Tiempo de lectura":"1 minuto"},"schema":{"@context":"https:\/\/schema.org","@graph":[{"@type":"Article","@id":"https:\/\/www.creaerte.com\/live\/compromiso-etico-la-coleccion-estilografica\/#article","isPartOf":{"@id":"https:\/\/www.creaerte.com\/live\/compromiso-etico-la-coleccion-estilografica\/"},"author":{"name":"admin","@id":"https:\/\/www.creaerte.com\/live\/#\/schema\/person\/acc9e93c6216bce2d569b1f0a99607f6"},"headline":"El compromiso \u00e9tico de la colecci\u00f3n &#8216;estilogr\u00e1fica&#8217;","datePublished":"2019-11-13T11:31:29+00:00","dateModified":"2019-11-13T13:19:32+00:00","mainEntityOfPage":{"@id":"https:\/\/www.creaerte.com\/live\/compromiso-etico-la-coleccion-estilografica\/"},"wordCount":225,"commentCount":0,"image":{"@id":"https:\/\/www.creaerte.com\/live\/compromiso-etico-la-coleccion-estilografica\/#primaryimage"},"thumbnailUrl":"https:\/\/www.creaerte.com\/live\/wp-content\/uploads\/2019\/11\/Estilografica-creaerte-portada.jpg","articleSection":["Cosecha propia","creatividad","dise\u00f1o"],"inLanguage":"es","potentialAction":[{"@type":"CommentAction","name":"Comment","target":["https:\/\/www.creaerte.com\/live\/compromiso-etico-la-coleccion-estilografica\/#respond"]}]},{"@type":"WebPage","@id":"https:\/\/www.creaerte.com\/live\/compromiso-etico-la-coleccion-estilografica\/","url":"https:\/\/www.creaerte.com\/live\/compromiso-etico-la-coleccion-estilografica\/","name":"El compromiso \u00e9tico de la colecci\u00f3n 'estilogr\u00e1fica' - creaerte.com","isPartOf":{"@id":"https:\/\/www.creaerte.com\/live\/#website"},"primaryImageOfPage":{"@id":"https:\/\/www.creaerte.com\/live\/compromiso-etico-la-coleccion-estilografica\/#primaryimage"},"image":{"@id":"https:\/\/www.creaerte.com\/live\/compromiso-etico-la-coleccion-estilografica\/#primaryimage"},"thumbnailUrl":"https:\/\/www.creaerte.com\/live\/wp-content\/uploads\/2019\/11\/Estilografica-creaerte-portada.jpg","datePublished":"2019-11-13T11:31:29+00:00","dateModified":"2019-11-13T13:19:32+00:00","author":{"@id":"https:\/\/www.creaerte.com\/live\/#\/schema\/person\/acc9e93c6216bce2d569b1f0a99607f6"},"inLanguage":"es","potentialAction":[{"@type":"ReadAction","target":["https:\/\/www.creaerte.com\/live\/compromiso-etico-la-coleccion-estilografica\/"]}]},{"@type":"ImageObject","inLanguage":"es","@id":"https:\/\/www.creaerte.com\/live\/compromiso-etico-la-coleccion-estilografica\/#primaryimage","url":"https:\/\/www.creaerte.com\/live\/wp-content\/uploads\/2019\/11\/Estilografica-creaerte-portada.jpg","contentUrl":"https:\/\/www.creaerte.com\/live\/wp-content\/uploads\/2019\/11\/Estilografica-creaerte-portada.jpg","width":817,"height":468},{"@type":"WebSite","@id":"https:\/\/www.creaerte.com\/live\/#website","url":"https:\/\/www.creaerte.com\/live\/","name":"creaerte.com","description":"Agencia de publicidad, comunicaci\u00f3n y marketing en C\u00e1ceres \u2022 Extremadura","potentialAction":[{"@type":"SearchAction","target":{"@type":"EntryPoint","urlTemplate":"https:\/\/www.creaerte.com\/live\/?s={search_term_string}"},"query-input":{"@type":"PropertyValueSpecification","valueRequired":true,"valueName":"search_term_string"}}],"inLanguage":"es"},{"@type":"Person","@id":"https:\/\/www.creaerte.com\/live\/#\/schema\/person\/acc9e93c6216bce2d569b1f0a99607f6","name":"admin","image":{"@type":"ImageObject","inLanguage":"es","@id":"https:\/\/www.creaerte.com\/live\/#\/schema\/person\/image\/","url":"https:\/\/secure.gravatar.com\/avatar\/736f9ff6dd176e443e4c9cf884b23352631c533b611f216dbc09fc84cda6e67c?s=96&d=mm&r=g","contentUrl":"https:\/\/secure.gravatar.com\/avatar\/736f9ff6dd176e443e4c9cf884b23352631c533b611f216dbc09fc84cda6e67c?s=96&d=mm&r=g","caption":"admin"},"url":"https:\/\/www.creaerte.com\/live\/author\/admin\/"}]}},"_links":{"self":[{"href":"https:\/\/www.creaerte.com\/live\/wp-json\/wp\/v2\/posts\/26542","targetHints":{"allow":["GET"]}}],"collection":[{"href":"https:\/\/www.creaerte.com\/live\/wp-json\/wp\/v2\/posts"}],"about":[{"href":"https:\/\/www.creaerte.com\/live\/wp-json\/wp\/v2\/types\/post"}],"author":[{"embeddable":true,"href":"https:\/\/www.creaerte.com\/live\/wp-json\/wp\/v2\/users\/1"}],"replies":[{"embeddable":true,"href":"https:\/\/www.creaerte.com\/live\/wp-json\/wp\/v2\/comments?post=26542"}],"version-history":[{"count":9,"href":"https:\/\/www.creaerte.com\/live\/wp-json\/wp\/v2\/posts\/26542\/revisions"}],"predecessor-version":[{"id":26552,"href":"https:\/\/www.creaerte.com\/live\/wp-json\/wp\/v2\/posts\/26542\/revisions\/26552"}],"wp:featuredmedia":[{"embeddable":true,"href":"https:\/\/www.creaerte.com\/live\/wp-json\/wp\/v2\/media\/26546"}],"wp:attachment":[{"href":"https:\/\/www.creaerte.com\/live\/wp-json\/wp\/v2\/media?parent=26542"}],"wp:term":[{"taxonomy":"category","embeddable":true,"href":"https:\/\/www.creaerte.com\/live\/wp-json\/wp\/v2\/categories?post=26542"},{"taxonomy":"post_tag","embeddable":true,"href":"https:\/\/www.creaerte.com\/live\/wp-json\/wp\/v2\/tags?post=26542"}],"curies":[{"name":"wp","href":"https:\/\/api.w.org\/{rel}","templated":true}]}}