{"id":26823,"date":"2020-01-02T11:39:16","date_gmt":"2020-01-02T10:39:16","guid":{"rendered":"http:\/\/www.creaerte.com\/live\/?p=26823"},"modified":"2020-01-02T11:44:47","modified_gmt":"2020-01-02T10:44:47","slug":"hoy-dia-celebramos","status":"publish","type":"post","link":"https:\/\/www.creaerte.com\/live\/hoy-dia-celebramos\/","title":{"rendered":"Y hoy, \u00bfqu\u00e9 d\u00eda celebramos?"},"content":{"rendered":"<p>Y hoy, \u00bfqu\u00e9 d\u00eda celebramos? En una era en la que nuestro calendario est\u00e1 plagado de d\u00edas conmemorativos sobre las m\u00e1s pintorescas banalidades, el <a href=\"https:\/\/eacnur.org\/es\" target=\"_blank\" rel=\"noopener\"><strong>Comit\u00e9 Espa\u00f1ol de Acnur<\/strong><\/a> ha querido dar una vuelta de tuerca para concienciar sobre los <strong>refugiados<\/strong> y los <strong>desplazados<\/strong> perseguidos por conflictos.<\/p>\n<p>El Alto Comisionado de las Naciones Unidas para los Refugiados, que para esta campa\u00f1a ha contado con la agencia creativa <a href=\"https:\/\/www.darwinsocialnoise.com\/\" target=\"_blank\" rel=\"noopener\"> Darwin Social Noise<\/a>, ha apostado esta vez por la confecci\u00f3n de impactantes piezas gr\u00e1ficas en las que se combinan los verdaderos problemas de los refugiados con la conmemoraci\u00f3n de d\u00edas como el del algod\u00f3n de az\u00facar o el del bol\u00edgrafo, entre otros. Estas creatividades protagonizadas por un Alepo en ruinas o por un ugand\u00e9s estudiando en medio de un dormitorio destrozado obligan a mirar el mundo con otra perspectiva.<\/p>\n<p>La campa\u00f1a, que ha sido distribuida en medios impresos, tambi\u00e9n ha gozado de una ambiciosa exhibici\u00f3n en redes sociales. Con el lema <em><strong>Hoy tambi\u00e9n es un buen d\u00eda para acordarse de los refugiados<\/strong><\/em>, Acnur escenifica el drama por el que diariamente pasan miles de personas en diferentes partes del mundo.<\/p>\n<p><img fetchpriority=\"high\" decoding=\"async\" class=\"aligncenter size-full wp-image-26826\" src=\"http:\/\/www.creaerte.com\/live\/wp-content\/uploads\/2020\/01\/Acnur-2.jpg\" alt=\"Acnur\" width=\"817\" height=\"468\" srcset=\"https:\/\/www.creaerte.com\/live\/wp-content\/uploads\/2020\/01\/Acnur-2.jpg 817w, https:\/\/www.creaerte.com\/live\/wp-content\/uploads\/2020\/01\/Acnur-2-384x220.jpg 384w, https:\/\/www.creaerte.com\/live\/wp-content\/uploads\/2020\/01\/Acnur-2-768x440.jpg 768w, https:\/\/www.creaerte.com\/live\/wp-content\/uploads\/2020\/01\/Acnur-2-624x357.jpg 624w\" sizes=\"(max-width: 817px) 100vw, 817px\" \/><\/p>\n<p><img decoding=\"async\" class=\"aligncenter size-full wp-image-26829\" src=\"http:\/\/www.creaerte.com\/live\/wp-content\/uploads\/2020\/01\/Acnur3.jpg\" alt=\"Acnur \" width=\"817\" height=\"468\" srcset=\"https:\/\/www.creaerte.com\/live\/wp-content\/uploads\/2020\/01\/Acnur3.jpg 817w, https:\/\/www.creaerte.com\/live\/wp-content\/uploads\/2020\/01\/Acnur3-384x220.jpg 384w, https:\/\/www.creaerte.com\/live\/wp-content\/uploads\/2020\/01\/Acnur3-768x440.jpg 768w, https:\/\/www.creaerte.com\/live\/wp-content\/uploads\/2020\/01\/Acnur3-624x357.jpg 624w\" sizes=\"(max-width: 817px) 100vw, 817px\" \/><\/p>\n<p><img decoding=\"async\" class=\"aligncenter size-full wp-image-26830\" src=\"http:\/\/www.creaerte.com\/live\/wp-content\/uploads\/2020\/01\/Acnur2.jpg\" alt=\"Acnur \" width=\"750\" height=\"1149\" srcset=\"https:\/\/www.creaerte.com\/live\/wp-content\/uploads\/2020\/01\/Acnur2.jpg 750w, https:\/\/www.creaerte.com\/live\/wp-content\/uploads\/2020\/01\/Acnur2-251x384.jpg 251w, https:\/\/www.creaerte.com\/live\/wp-content\/uploads\/2020\/01\/Acnur2-668x1024.jpg 668w, https:\/\/www.creaerte.com\/live\/wp-content\/uploads\/2020\/01\/Acnur2-624x956.jpg 624w\" sizes=\"(max-width: 750px) 100vw, 750px\" \/><\/p>\n","protected":false},"excerpt":{"rendered":"<p>Y hoy, \u00bfqu\u00e9 d\u00eda celebramos? En una era en la que nuestro calendario est\u00e1 plagado de d\u00edas conmemorativos sobre las m\u00e1s pintorescas banalidades, el Comit\u00e9 Espa\u00f1ol de Acnur ha querido dar una vuelta de tuerca para concienciar sobre los refugiados y los desplazados perseguidos por conflictos. El Alto Comisionado de las Naciones Unidas para los Refugiados, que para esta campa\u00f1a&#8230;<\/p>\n","protected":false},"author":1,"featured_media":26825,"comment_status":"open","ping_status":"open","sticky":false,"template":"","format":"standard","meta":{"footnotes":""},"categories":[1350,346],"tags":[],"class_list":["post-26823","post","type-post","status-publish","format-standard","has-post-thumbnail","hentry","category-creatividad","category-publicidad-grafica-2","has_thumb"],"yoast_head":"<!-- This site is optimized with the Yoast SEO plugin v26.9 - https:\/\/yoast.com\/product\/yoast-seo-wordpress\/ -->\n<title>Y hoy, \u00bfqu\u00e9 d\u00eda celebramos? - creaerte.com<\/title>\n<meta name=\"robots\" content=\"index, follow, max-snippet:-1, max-image-preview:large, max-video-preview:-1\" \/>\n<link rel=\"canonical\" href=\"https:\/\/www.creaerte.com\/live\/hoy-dia-celebramos\/\" \/>\n<meta property=\"og:locale\" content=\"es_ES\" \/>\n<meta property=\"og:type\" content=\"article\" \/>\n<meta property=\"og:title\" content=\"Y hoy, \u00bfqu\u00e9 d\u00eda celebramos? - creaerte.com\" \/>\n<meta property=\"og:description\" content=\"Y hoy, \u00bfqu\u00e9 d\u00eda celebramos? En una era en la que nuestro calendario est\u00e1 plagado de d\u00edas conmemorativos sobre las m\u00e1s pintorescas banalidades, el Comit\u00e9 Espa\u00f1ol de Acnur ha querido dar una vuelta de tuerca para concienciar sobre los refugiados y los desplazados perseguidos por conflictos. El Alto Comisionado de las Naciones Unidas para los Refugiados, que para esta campa\u00f1a...\" \/>\n<meta property=\"og:url\" content=\"https:\/\/www.creaerte.com\/live\/hoy-dia-celebramos\/\" \/>\n<meta property=\"og:site_name\" content=\"creaerte.com\" \/>\n<meta property=\"article:publisher\" content=\"https:\/\/www.facebook.com\/creaerte\" \/>\n<meta property=\"article:published_time\" content=\"2020-01-02T10:39:16+00:00\" \/>\n<meta property=\"article:modified_time\" content=\"2020-01-02T10:44:47+00:00\" \/>\n<meta property=\"og:image\" content=\"https:\/\/www.creaerte.com\/live\/wp-content\/uploads\/2020\/01\/Acnur-1.jpg\" \/>\n\t<meta property=\"og:image:width\" content=\"817\" \/>\n\t<meta property=\"og:image:height\" content=\"468\" \/>\n\t<meta property=\"og:image:type\" content=\"image\/jpeg\" \/>\n<meta name=\"author\" content=\"admin\" \/>\n<meta name=\"twitter:card\" content=\"summary_large_image\" \/>\n<meta name=\"twitter:creator\" content=\"@Creaerte\" \/>\n<meta name=\"twitter:site\" content=\"@Creaerte\" \/>\n<meta name=\"twitter:label1\" content=\"Escrito por\" \/>\n\t<meta name=\"twitter:data1\" content=\"admin\" \/>\n\t<meta name=\"twitter:label2\" content=\"Tiempo de lectura\" \/>\n\t<meta name=\"twitter:data2\" content=\"1 minuto\" \/>\n<script type=\"application\/ld+json\" class=\"yoast-schema-graph\">{\"@context\":\"https:\/\/schema.org\",\"@graph\":[{\"@type\":\"Article\",\"@id\":\"https:\/\/www.creaerte.com\/live\/hoy-dia-celebramos\/#article\",\"isPartOf\":{\"@id\":\"https:\/\/www.creaerte.com\/live\/hoy-dia-celebramos\/\"},\"author\":{\"name\":\"admin\",\"@id\":\"https:\/\/www.creaerte.com\/live\/#\/schema\/person\/acc9e93c6216bce2d569b1f0a99607f6\"},\"headline\":\"Y hoy, \u00bfqu\u00e9 d\u00eda celebramos?\",\"datePublished\":\"2020-01-02T10:39:16+00:00\",\"dateModified\":\"2020-01-02T10:44:47+00:00\",\"mainEntityOfPage\":{\"@id\":\"https:\/\/www.creaerte.com\/live\/hoy-dia-celebramos\/\"},\"wordCount\":209,\"commentCount\":0,\"image\":{\"@id\":\"https:\/\/www.creaerte.com\/live\/hoy-dia-celebramos\/#primaryimage\"},\"thumbnailUrl\":\"https:\/\/www.creaerte.com\/live\/wp-content\/uploads\/2020\/01\/Acnur-1.jpg\",\"articleSection\":[\"creatividad\",\"Publicidad gr\u00e1fica\"],\"inLanguage\":\"es\",\"potentialAction\":[{\"@type\":\"CommentAction\",\"name\":\"Comment\",\"target\":[\"https:\/\/www.creaerte.com\/live\/hoy-dia-celebramos\/#respond\"]}]},{\"@type\":\"WebPage\",\"@id\":\"https:\/\/www.creaerte.com\/live\/hoy-dia-celebramos\/\",\"url\":\"https:\/\/www.creaerte.com\/live\/hoy-dia-celebramos\/\",\"name\":\"Y hoy, \u00bfqu\u00e9 d\u00eda celebramos? - creaerte.com\",\"isPartOf\":{\"@id\":\"https:\/\/www.creaerte.com\/live\/#website\"},\"primaryImageOfPage\":{\"@id\":\"https:\/\/www.creaerte.com\/live\/hoy-dia-celebramos\/#primaryimage\"},\"image\":{\"@id\":\"https:\/\/www.creaerte.com\/live\/hoy-dia-celebramos\/#primaryimage\"},\"thumbnailUrl\":\"https:\/\/www.creaerte.com\/live\/wp-content\/uploads\/2020\/01\/Acnur-1.jpg\",\"datePublished\":\"2020-01-02T10:39:16+00:00\",\"dateModified\":\"2020-01-02T10:44:47+00:00\",\"author\":{\"@id\":\"https:\/\/www.creaerte.com\/live\/#\/schema\/person\/acc9e93c6216bce2d569b1f0a99607f6\"},\"inLanguage\":\"es\",\"potentialAction\":[{\"@type\":\"ReadAction\",\"target\":[\"https:\/\/www.creaerte.com\/live\/hoy-dia-celebramos\/\"]}]},{\"@type\":\"ImageObject\",\"inLanguage\":\"es\",\"@id\":\"https:\/\/www.creaerte.com\/live\/hoy-dia-celebramos\/#primaryimage\",\"url\":\"https:\/\/www.creaerte.com\/live\/wp-content\/uploads\/2020\/01\/Acnur-1.jpg\",\"contentUrl\":\"https:\/\/www.creaerte.com\/live\/wp-content\/uploads\/2020\/01\/Acnur-1.jpg\",\"width\":817,\"height\":468},{\"@type\":\"WebSite\",\"@id\":\"https:\/\/www.creaerte.com\/live\/#website\",\"url\":\"https:\/\/www.creaerte.com\/live\/\",\"name\":\"creaerte.com\",\"description\":\"Agencia de publicidad, comunicaci\u00f3n y marketing en C\u00e1ceres \u2022 Extremadura\",\"potentialAction\":[{\"@type\":\"SearchAction\",\"target\":{\"@type\":\"EntryPoint\",\"urlTemplate\":\"https:\/\/www.creaerte.com\/live\/?s={search_term_string}\"},\"query-input\":{\"@type\":\"PropertyValueSpecification\",\"valueRequired\":true,\"valueName\":\"search_term_string\"}}],\"inLanguage\":\"es\"},{\"@type\":\"Person\",\"@id\":\"https:\/\/www.creaerte.com\/live\/#\/schema\/person\/acc9e93c6216bce2d569b1f0a99607f6\",\"name\":\"admin\",\"image\":{\"@type\":\"ImageObject\",\"inLanguage\":\"es\",\"@id\":\"https:\/\/www.creaerte.com\/live\/#\/schema\/person\/image\/\",\"url\":\"https:\/\/secure.gravatar.com\/avatar\/736f9ff6dd176e443e4c9cf884b23352631c533b611f216dbc09fc84cda6e67c?s=96&d=mm&r=g\",\"contentUrl\":\"https:\/\/secure.gravatar.com\/avatar\/736f9ff6dd176e443e4c9cf884b23352631c533b611f216dbc09fc84cda6e67c?s=96&d=mm&r=g\",\"caption\":\"admin\"},\"url\":\"https:\/\/www.creaerte.com\/live\/author\/admin\/\"}]}<\/script>\n<!-- \/ Yoast SEO plugin. -->","yoast_head_json":{"title":"Y hoy, \u00bfqu\u00e9 d\u00eda celebramos? - creaerte.com","robots":{"index":"index","follow":"follow","max-snippet":"max-snippet:-1","max-image-preview":"max-image-preview:large","max-video-preview":"max-video-preview:-1"},"canonical":"https:\/\/www.creaerte.com\/live\/hoy-dia-celebramos\/","og_locale":"es_ES","og_type":"article","og_title":"Y hoy, \u00bfqu\u00e9 d\u00eda celebramos? - creaerte.com","og_description":"Y hoy, \u00bfqu\u00e9 d\u00eda celebramos? En una era en la que nuestro calendario est\u00e1 plagado de d\u00edas conmemorativos sobre las m\u00e1s pintorescas banalidades, el Comit\u00e9 Espa\u00f1ol de Acnur ha querido dar una vuelta de tuerca para concienciar sobre los refugiados y los desplazados perseguidos por conflictos. El Alto Comisionado de las Naciones Unidas para los Refugiados, que para esta campa\u00f1a...","og_url":"https:\/\/www.creaerte.com\/live\/hoy-dia-celebramos\/","og_site_name":"creaerte.com","article_publisher":"https:\/\/www.facebook.com\/creaerte","article_published_time":"2020-01-02T10:39:16+00:00","article_modified_time":"2020-01-02T10:44:47+00:00","og_image":[{"width":817,"height":468,"url":"https:\/\/www.creaerte.com\/live\/wp-content\/uploads\/2020\/01\/Acnur-1.jpg","type":"image\/jpeg"}],"author":"admin","twitter_card":"summary_large_image","twitter_creator":"@Creaerte","twitter_site":"@Creaerte","twitter_misc":{"Escrito por":"admin","Tiempo de lectura":"1 minuto"},"schema":{"@context":"https:\/\/schema.org","@graph":[{"@type":"Article","@id":"https:\/\/www.creaerte.com\/live\/hoy-dia-celebramos\/#article","isPartOf":{"@id":"https:\/\/www.creaerte.com\/live\/hoy-dia-celebramos\/"},"author":{"name":"admin","@id":"https:\/\/www.creaerte.com\/live\/#\/schema\/person\/acc9e93c6216bce2d569b1f0a99607f6"},"headline":"Y hoy, \u00bfqu\u00e9 d\u00eda celebramos?","datePublished":"2020-01-02T10:39:16+00:00","dateModified":"2020-01-02T10:44:47+00:00","mainEntityOfPage":{"@id":"https:\/\/www.creaerte.com\/live\/hoy-dia-celebramos\/"},"wordCount":209,"commentCount":0,"image":{"@id":"https:\/\/www.creaerte.com\/live\/hoy-dia-celebramos\/#primaryimage"},"thumbnailUrl":"https:\/\/www.creaerte.com\/live\/wp-content\/uploads\/2020\/01\/Acnur-1.jpg","articleSection":["creatividad","Publicidad gr\u00e1fica"],"inLanguage":"es","potentialAction":[{"@type":"CommentAction","name":"Comment","target":["https:\/\/www.creaerte.com\/live\/hoy-dia-celebramos\/#respond"]}]},{"@type":"WebPage","@id":"https:\/\/www.creaerte.com\/live\/hoy-dia-celebramos\/","url":"https:\/\/www.creaerte.com\/live\/hoy-dia-celebramos\/","name":"Y hoy, \u00bfqu\u00e9 d\u00eda celebramos? - creaerte.com","isPartOf":{"@id":"https:\/\/www.creaerte.com\/live\/#website"},"primaryImageOfPage":{"@id":"https:\/\/www.creaerte.com\/live\/hoy-dia-celebramos\/#primaryimage"},"image":{"@id":"https:\/\/www.creaerte.com\/live\/hoy-dia-celebramos\/#primaryimage"},"thumbnailUrl":"https:\/\/www.creaerte.com\/live\/wp-content\/uploads\/2020\/01\/Acnur-1.jpg","datePublished":"2020-01-02T10:39:16+00:00","dateModified":"2020-01-02T10:44:47+00:00","author":{"@id":"https:\/\/www.creaerte.com\/live\/#\/schema\/person\/acc9e93c6216bce2d569b1f0a99607f6"},"inLanguage":"es","potentialAction":[{"@type":"ReadAction","target":["https:\/\/www.creaerte.com\/live\/hoy-dia-celebramos\/"]}]},{"@type":"ImageObject","inLanguage":"es","@id":"https:\/\/www.creaerte.com\/live\/hoy-dia-celebramos\/#primaryimage","url":"https:\/\/www.creaerte.com\/live\/wp-content\/uploads\/2020\/01\/Acnur-1.jpg","contentUrl":"https:\/\/www.creaerte.com\/live\/wp-content\/uploads\/2020\/01\/Acnur-1.jpg","width":817,"height":468},{"@type":"WebSite","@id":"https:\/\/www.creaerte.com\/live\/#website","url":"https:\/\/www.creaerte.com\/live\/","name":"creaerte.com","description":"Agencia de publicidad, comunicaci\u00f3n y marketing en C\u00e1ceres \u2022 Extremadura","potentialAction":[{"@type":"SearchAction","target":{"@type":"EntryPoint","urlTemplate":"https:\/\/www.creaerte.com\/live\/?s={search_term_string}"},"query-input":{"@type":"PropertyValueSpecification","valueRequired":true,"valueName":"search_term_string"}}],"inLanguage":"es"},{"@type":"Person","@id":"https:\/\/www.creaerte.com\/live\/#\/schema\/person\/acc9e93c6216bce2d569b1f0a99607f6","name":"admin","image":{"@type":"ImageObject","inLanguage":"es","@id":"https:\/\/www.creaerte.com\/live\/#\/schema\/person\/image\/","url":"https:\/\/secure.gravatar.com\/avatar\/736f9ff6dd176e443e4c9cf884b23352631c533b611f216dbc09fc84cda6e67c?s=96&d=mm&r=g","contentUrl":"https:\/\/secure.gravatar.com\/avatar\/736f9ff6dd176e443e4c9cf884b23352631c533b611f216dbc09fc84cda6e67c?s=96&d=mm&r=g","caption":"admin"},"url":"https:\/\/www.creaerte.com\/live\/author\/admin\/"}]}},"_links":{"self":[{"href":"https:\/\/www.creaerte.com\/live\/wp-json\/wp\/v2\/posts\/26823","targetHints":{"allow":["GET"]}}],"collection":[{"href":"https:\/\/www.creaerte.com\/live\/wp-json\/wp\/v2\/posts"}],"about":[{"href":"https:\/\/www.creaerte.com\/live\/wp-json\/wp\/v2\/types\/post"}],"author":[{"embeddable":true,"href":"https:\/\/www.creaerte.com\/live\/wp-json\/wp\/v2\/users\/1"}],"replies":[{"embeddable":true,"href":"https:\/\/www.creaerte.com\/live\/wp-json\/wp\/v2\/comments?post=26823"}],"version-history":[{"count":9,"href":"https:\/\/www.creaerte.com\/live\/wp-json\/wp\/v2\/posts\/26823\/revisions"}],"predecessor-version":[{"id":26837,"href":"https:\/\/www.creaerte.com\/live\/wp-json\/wp\/v2\/posts\/26823\/revisions\/26837"}],"wp:featuredmedia":[{"embeddable":true,"href":"https:\/\/www.creaerte.com\/live\/wp-json\/wp\/v2\/media\/26825"}],"wp:attachment":[{"href":"https:\/\/www.creaerte.com\/live\/wp-json\/wp\/v2\/media?parent=26823"}],"wp:term":[{"taxonomy":"category","embeddable":true,"href":"https:\/\/www.creaerte.com\/live\/wp-json\/wp\/v2\/categories?post=26823"},{"taxonomy":"post_tag","embeddable":true,"href":"https:\/\/www.creaerte.com\/live\/wp-json\/wp\/v2\/tags?post=26823"}],"curies":[{"name":"wp","href":"https:\/\/api.w.org\/{rel}","templated":true}]}}