{"id":2686,"date":"2011-07-19T08:50:50","date_gmt":"2011-07-19T07:50:50","guid":{"rendered":"http:\/\/creaerte.com\/live\/?p=2686"},"modified":"2021-06-30T09:55:36","modified_gmt":"2021-06-30T08:55:36","slug":"22-fotografia-de-19-espacios-patrimonio-de-la-humanidad","status":"publish","type":"post","link":"https:\/\/www.creaerte.com\/live\/22-fotografia-de-19-espacios-patrimonio-de-la-humanidad\/","title":{"rendered":"22 Fotograf\u00edas de 19 espacios Patrimonio de la Humanidad"},"content":{"rendered":"<p>Los lugares Patrimonio de la Humanidad constituyen un inmejorable escenario para captar las mejores fotograf\u00edas, aqu\u00ed podr\u00e9is disfrutar de las im\u00e1genes de los \u00faltimos espacios incorporados a la lista, empezando por la Sierra de la Tramontana de Mallorca.<\/p>\n<p>Tambi\u00e9n hay instant\u00e1neas de los Lagos del Gran valle de Rift en Kenia, la isla Ogasawara de Jap\u00f3n, la costa de Ningaloo en Australia, el lago oeste de Hanzhu en China, el Delta de Salum en Senegal, los hayedos antiguos de Alemania, Hiraizumi en Jap\u00f3n, el Paisaje cultural del caf\u00e9 en Colombia, los yacimientos arqueol\u00f3gicos de la isal Meroe de Sud\u00e1n, Uadi Rum en Jordania, los centros de poder de los longobardos de Italia, la F\u00e1brica de Fagus en Alemania, el Fuerte Jes\u00fas en Kenya, las Aldeas antiguas del norte de Siria, los Palafitos del entorno de los Alpes, la Mezquita de Selimiye de Turqu\u00eda, la Catedral de Le\u00f3n en Nicaragua y el paisaje de Causses y C\u00e9vennes al sur de Francia.<\/p>\n<p><a href=\"http:\/\/creaerte.com\/live\/wp-content\/uploads\/2011\/07\/99009-640x480.jpg\"><img fetchpriority=\"high\" decoding=\"async\" class=\"aligncenter size-full wp-image-2688\" title=\"Sierra de la Tramontana Mallorca\" src=\"http:\/\/creaerte.com\/live\/wp-content\/uploads\/2011\/07\/99009-640x480.jpg\" alt=\"Mallorca\" width=\"640\" height=\"480\" srcset=\"https:\/\/www.creaerte.com\/live\/wp-content\/uploads\/2011\/07\/99009-640x480.jpg 640w, https:\/\/www.creaerte.com\/live\/wp-content\/uploads\/2011\/07\/99009-640x480-384x288.jpg 384w\" sizes=\"(max-width: 640px) 100vw, 640px\" \/><\/a><\/p>\n<p><a href=\"http:\/\/creaerte.com\/live\/wp-content\/uploads\/2011\/07\/luxury-holiday-across-the-kenyan-plains-v2-640x422.jpg\"><img decoding=\"async\" class=\"aligncenter size-full wp-image-2689\" title=\"Kenya\" src=\"http:\/\/creaerte.com\/live\/wp-content\/uploads\/2011\/07\/luxury-holiday-across-the-kenyan-plains-v2-640x422.jpg\" alt=\"Kenya\" \/><\/a><\/p>\n<p><a href=\"http:\/\/creaerte.com\/live\/wp-content\/uploads\/2011\/07\/Flamingoes_800x538-640x430.jpg\"><img decoding=\"async\" class=\"aligncenter size-full wp-image-2690\" title=\"Flamencos en Kenya\" src=\"http:\/\/creaerte.com\/live\/wp-content\/uploads\/2011\/07\/Flamingoes_800x538-640x430.jpg\" alt=\"Flamencos en Kenya\" \/><\/a><\/p>\n<p><a href=\"http:\/\/creaerte.com\/live\/wp-content\/uploads\/2011\/07\/12961011.jpg\"><img decoding=\"async\" class=\"aligncenter size-full wp-image-2691\" title=\"Islas Osagawara\" src=\"http:\/\/creaerte.com\/live\/wp-content\/uploads\/2011\/07\/12961011.jpg\" alt=\"Islas Osagawara\" width=\"640\" height=\"480\" srcset=\"https:\/\/www.creaerte.com\/live\/wp-content\/uploads\/2011\/07\/12961011.jpg 640w, https:\/\/www.creaerte.com\/live\/wp-content\/uploads\/2011\/07\/12961011-384x288.jpg 384w\" sizes=\"(max-width: 640px) 100vw, 640px\" \/><\/a><\/p>\n<p><a href=\"http:\/\/creaerte.com\/live\/wp-content\/uploads\/2011\/07\/Islas-Ogasawara-Jap\u00f3n-640x428.jpg\"><img decoding=\"async\" class=\"aligncenter size-full wp-image-2692\" title=\"Islas-Ogasawara-Jap\u00f3n\" src=\"http:\/\/creaerte.com\/live\/wp-content\/uploads\/2011\/07\/Islas-Ogasawara-Jap\u00f3n-640x428.jpg\" alt=\"Islas-Ogasawara-Jap\u00f3n\" \/><\/a><\/p>\n<p><a href=\"http:\/\/creaerte.com\/live\/wp-content\/uploads\/2011\/07\/turtle_01.jpg\"><img decoding=\"async\" class=\"aligncenter size-full wp-image-2693\" title=\"Tortuga marina en la costa Ningaloo\" src=\"http:\/\/creaerte.com\/live\/wp-content\/uploads\/2011\/07\/turtle_01.jpg\" alt=\"Tortuga marina en la costa Ningaloo\" width=\"640\" height=\"480\" srcset=\"https:\/\/www.creaerte.com\/live\/wp-content\/uploads\/2011\/07\/turtle_01.jpg 640w, https:\/\/www.creaerte.com\/live\/wp-content\/uploads\/2011\/07\/turtle_01-384x288.jpg 384w\" sizes=\"(max-width: 640px) 100vw, 640px\" \/><\/a><\/p>\n<p><a href=\"http:\/\/creaerte.com\/live\/wp-content\/uploads\/2011\/07\/43899672.hzlake-640x426.jpg\"><img decoding=\"async\" class=\"aligncenter size-full wp-image-2694\" title=\"Lago oeste de Hanzhu (China)\" src=\"http:\/\/creaerte.com\/live\/wp-content\/uploads\/2011\/07\/43899672.hzlake-640x426.jpg\" alt=\"Lago oeste de Hanzhu (China)\" \/><\/a><\/p>\n<p><a href=\"http:\/\/creaerte.com\/live\/wp-content\/uploads\/2011\/07\/Senegal-Ave-en-Saloum-11-640x480.jpg\"><img decoding=\"async\" class=\"aligncenter size-full wp-image-2695\" title=\"Delta del Salum (Senegal)\" src=\"http:\/\/creaerte.com\/live\/wp-content\/uploads\/2011\/07\/Senegal-Ave-en-Saloum-11-640x480.jpg\" alt=\"Delta del Salum (Senegal)\" \/><\/a><\/p>\n<p><a href=\"http:\/\/creaerte.com\/live\/wp-content\/uploads\/2011\/07\/Poblado-Lebou1.jpg\"><img decoding=\"async\" class=\"aligncenter size-full wp-image-2696\" title=\"Poblado-Lebou-Senegal\" src=\"http:\/\/creaerte.com\/live\/wp-content\/uploads\/2011\/07\/Poblado-Lebou1.jpg\" alt=\"Poblado-Lebou-Senegal\" \/><\/a><\/p>\n<p><a href=\"http:\/\/creaerte.com\/live\/wp-content\/uploads\/2011\/07\/hayedo-de-montejo-2-640x480.jpg\"><img loading=\"lazy\" decoding=\"async\" class=\"aligncenter size-full wp-image-2698\" title=\"Hayedo en Alemania\" src=\"http:\/\/creaerte.com\/live\/wp-content\/uploads\/2011\/07\/hayedo-de-montejo-2-640x480.jpg\" alt=\"Hayedo en Alemania\" width=\"640\" height=\"480\" srcset=\"https:\/\/www.creaerte.com\/live\/wp-content\/uploads\/2011\/07\/hayedo-de-montejo-2-640x480.jpg 640w, https:\/\/www.creaerte.com\/live\/wp-content\/uploads\/2011\/07\/hayedo-de-montejo-2-640x480-384x288.jpg 384w\" sizes=\"(max-width: 640px) 100vw, 640px\" \/><\/a><\/p>\n<p><a href=\"http:\/\/creaerte.com\/live\/wp-content\/uploads\/2011\/07\/Japan.Motsuji3.jpg\"><img loading=\"lazy\" decoding=\"async\" class=\"aligncenter size-full wp-image-2699\" title=\"Hiraizumi (Jap\u00f3n), templos, jardines y arqueolog\u00eda representativa de la Tierra Pura budista\" src=\"http:\/\/creaerte.com\/live\/wp-content\/uploads\/2011\/07\/Japan.Motsuji3.jpg\" alt=\"Hiraizumi (Jap\u00f3n), templos, jardines y arqueolog\u00eda representativa de la Tierra Pura budista\" width=\"640\" height=\"480\" srcset=\"https:\/\/www.creaerte.com\/live\/wp-content\/uploads\/2011\/07\/Japan.Motsuji3.jpg 640w, https:\/\/www.creaerte.com\/live\/wp-content\/uploads\/2011\/07\/Japan.Motsuji3-300x225.jpg 300w\" sizes=\"(max-width: 640px) 100vw, 640px\" \/><\/a><\/p>\n<p><a href=\"http:\/\/creaerte.com\/live\/wp-content\/uploads\/2011\/07\/paisaje_cafetero4.jpg\"><img decoding=\"async\" class=\"aligncenter size-full wp-image-2700\" title=\"Paisaje cultural del caf\u00e9 en Colombia\" src=\"http:\/\/creaerte.com\/live\/wp-content\/uploads\/2011\/07\/paisaje_cafetero4.jpg\" alt=\"Paisaje cultural del caf\u00e9 en Colombia\" \/><\/a><\/p>\n<p><a href=\"http:\/\/creaerte.com\/live\/wp-content\/uploads\/2011\/07\/800px-Tiwanaku5-640x401.jpg\"><img loading=\"lazy\" decoding=\"async\" class=\"aligncenter size-full wp-image-2701\" title=\"Isla de Meroe (Sud\u00e1n)\" src=\"http:\/\/creaerte.com\/live\/wp-content\/uploads\/2011\/07\/800px-Tiwanaku5-640x401.jpg\" alt=\"Isla de Meroe (Sud\u00e1n)\" width=\"640\" height=\"401\" srcset=\"https:\/\/www.creaerte.com\/live\/wp-content\/uploads\/2011\/07\/800px-Tiwanaku5-640x401.jpg 640w, https:\/\/www.creaerte.com\/live\/wp-content\/uploads\/2011\/07\/800px-Tiwanaku5-640x401-384x241.jpg 384w\" sizes=\"(max-width: 640px) 100vw, 640px\" \/><\/a><\/p>\n<p><a href=\"http:\/\/creaerte.com\/live\/wp-content\/uploads\/2011\/07\/Wadi-rum6-640x360.jpg\"><img loading=\"lazy\" decoding=\"async\" class=\"aligncenter size-full wp-image-2702\" title=\"Zona Protegida del Uadi Rum (Jordania)\" src=\"http:\/\/creaerte.com\/live\/wp-content\/uploads\/2011\/07\/Wadi-rum6-640x360.jpg\" alt=\"Zona Protegida del Uadi Rum (Jordania)\" width=\"640\" height=\"360\" srcset=\"https:\/\/www.creaerte.com\/live\/wp-content\/uploads\/2011\/07\/Wadi-rum6-640x360.jpg 640w, https:\/\/www.creaerte.com\/live\/wp-content\/uploads\/2011\/07\/Wadi-rum6-640x360-384x216.jpg 384w\" sizes=\"(max-width: 640px) 100vw, 640px\" \/><\/a><\/p>\n<p><a href=\"http:\/\/creaerte.com\/live\/wp-content\/uploads\/2011\/07\/71-640x484.jpg\"><img decoding=\"async\" class=\"aligncenter size-full wp-image-2703\" title=\"Longobardos (Italia)\" src=\"http:\/\/creaerte.com\/live\/wp-content\/uploads\/2011\/07\/71-640x484.jpg\" alt=\"Longobardos (Italia)\" \/><\/a><\/p>\n<p><a href=\"http:\/\/creaerte.com\/live\/wp-content\/uploads\/2011\/07\/fagus-wek8-640x282.jpg\"><img loading=\"lazy\" decoding=\"async\" class=\"aligncenter size-full wp-image-2704\" title=\"F\u00e1brica de Fagus Alemania\" src=\"http:\/\/creaerte.com\/live\/wp-content\/uploads\/2011\/07\/fagus-wek8-640x282.jpg\" alt=\"F\u00e1brica de Fagus Alemania\" width=\"640\" height=\"282\" srcset=\"https:\/\/www.creaerte.com\/live\/wp-content\/uploads\/2011\/07\/fagus-wek8-640x282.jpg 640w, https:\/\/www.creaerte.com\/live\/wp-content\/uploads\/2011\/07\/fagus-wek8-640x282-384x169.jpg 384w\" sizes=\"(max-width: 640px) 100vw, 640px\" \/><\/a><\/p>\n<p><a href=\"http:\/\/creaerte.com\/live\/wp-content\/uploads\/2011\/07\/20101230-222555.FullSize9-640x425.jpg\"><img decoding=\"async\" class=\"aligncenter size-full wp-image-2705\" title=\"Fuerte Jes\u00fas, Mombasa (Kenya)\" src=\"http:\/\/creaerte.com\/live\/wp-content\/uploads\/2011\/07\/20101230-222555.FullSize9-640x425.jpg\" alt=\"Fuerte Jes\u00fas, Mombasa (Kenya)\" \/><\/a><\/p>\n<p><a href=\"http:\/\/creaerte.com\/live\/wp-content\/uploads\/2011\/07\/101.jpg\"><img loading=\"lazy\" decoding=\"async\" class=\"aligncenter size-full wp-image-2706\" title=\"Norte de Siria\" src=\"http:\/\/creaerte.com\/live\/wp-content\/uploads\/2011\/07\/101.jpg\" alt=\"Norte de Siria\" width=\"640\" height=\"479\" srcset=\"https:\/\/www.creaerte.com\/live\/wp-content\/uploads\/2011\/07\/101.jpg 640w, https:\/\/www.creaerte.com\/live\/wp-content\/uploads\/2011\/07\/101-384x287.jpg 384w\" sizes=\"(max-width: 640px) 100vw, 640px\" \/><\/a><\/p>\n<p><a href=\"http:\/\/creaerte.com\/live\/wp-content\/uploads\/2011\/07\/111-640x480.jpg\"><img decoding=\"async\" class=\"aligncenter size-full wp-image-2707\" title=\"Palafitos del entorno de los Alpes (Suiza, Alemania, Austria, Eslovenia, Francia e Italia)\" src=\"http:\/\/creaerte.com\/live\/wp-content\/uploads\/2011\/07\/111-640x480.jpg\" alt=\"Palafitos del entorno de los Alpes (Suiza, Alemania, Austria, Eslovenia, Francia e Italia)\" \/><\/a><\/p>\n<p><a href=\"http:\/\/creaerte.com\/live\/wp-content\/uploads\/2011\/07\/Selimiye-Mosque-in-Edirne-Turkey-2-640x480.jpg\"><img loading=\"lazy\" decoding=\"async\" class=\"aligncenter size-full wp-image-2708\" title=\"Selimiye-Mosque-Turquia\" src=\"http:\/\/creaerte.com\/live\/wp-content\/uploads\/2011\/07\/Selimiye-Mosque-in-Edirne-Turkey-2-640x480.jpg\" alt=\"Selimiye-Mosque-Turquia\" width=\"640\" height=\"480\" srcset=\"https:\/\/www.creaerte.com\/live\/wp-content\/uploads\/2011\/07\/Selimiye-Mosque-in-Edirne-Turkey-2-640x480.jpg 640w, https:\/\/www.creaerte.com\/live\/wp-content\/uploads\/2011\/07\/Selimiye-Mosque-in-Edirne-Turkey-2-640x480-384x288.jpg 384w\" sizes=\"(max-width: 640px) 100vw, 640px\" \/><\/a><\/p>\n<p>&nbsp;<\/p>\n<p><a href=\"http:\/\/creaerte.com\/live\/wp-content\/uploads\/2011\/07\/asdaws12-640x426.jpg\"><img loading=\"lazy\" decoding=\"async\" class=\"aligncenter size-full wp-image-2709\" title=\"Catedral de Le\u00f3n (Nicaragua)\" src=\"http:\/\/creaerte.com\/live\/wp-content\/uploads\/2011\/07\/asdaws12-640x426.jpg\" alt=\"Catedral de Le\u00f3n (Nicaragua)\" width=\"640\" height=\"426\" srcset=\"https:\/\/www.creaerte.com\/live\/wp-content\/uploads\/2011\/07\/asdaws12-640x426.jpg 640w, https:\/\/www.creaerte.com\/live\/wp-content\/uploads\/2011\/07\/asdaws12-640x426-384x256.jpg 384w\" sizes=\"(max-width: 640px) 100vw, 640px\" \/><\/a><\/p>\n","protected":false},"excerpt":{"rendered":"<p>Los lugares Patrimonio de la Humanidad constituyen un inmejorable escenario para captar las mejores fotograf\u00edas, aqu\u00ed podr\u00e9is disfrutar de las im\u00e1genes de los \u00faltimos espacios incorporados a la lista, empezando por la Sierra de la Tramontana de Mallorca. Tambi\u00e9n hay instant\u00e1neas de los Lagos del Gran valle de Rift en Kenia, la isla Ogasawara de Jap\u00f3n, la costa de Ningaloo&#8230;<\/p>\n","protected":false},"author":1,"featured_media":0,"comment_status":"open","ping_status":"open","sticky":false,"template":"","format":"standard","meta":{"footnotes":""},"categories":[10],"tags":[19,122],"class_list":["post-2686","post","type-post","status-publish","format-standard","hentry","category-noticias","tag-fotografia","tag-paisaje","has_thumb"],"yoast_head":"<!-- This site is optimized with the Yoast SEO plugin v26.9 - https:\/\/yoast.com\/product\/yoast-seo-wordpress\/ -->\n<title>22 Fotograf\u00edas de 19 espacios Patrimonio de la Humanidad - creaerte.com<\/title>\n<meta name=\"robots\" content=\"index, follow, max-snippet:-1, max-image-preview:large, max-video-preview:-1\" \/>\n<link rel=\"canonical\" href=\"https:\/\/www.creaerte.com\/live\/22-fotografia-de-19-espacios-patrimonio-de-la-humanidad\/\" \/>\n<meta property=\"og:locale\" content=\"es_ES\" \/>\n<meta property=\"og:type\" content=\"article\" \/>\n<meta property=\"og:title\" content=\"22 Fotograf\u00edas de 19 espacios Patrimonio de la Humanidad - creaerte.com\" \/>\n<meta property=\"og:description\" content=\"Los lugares Patrimonio de la Humanidad constituyen un inmejorable escenario para captar las mejores fotograf\u00edas, aqu\u00ed podr\u00e9is disfrutar de las im\u00e1genes de los \u00faltimos espacios incorporados a la lista, empezando por la Sierra de la Tramontana de Mallorca. Tambi\u00e9n hay instant\u00e1neas de los Lagos del Gran valle de Rift en Kenia, la isla Ogasawara de Jap\u00f3n, la costa de Ningaloo...\" \/>\n<meta property=\"og:url\" content=\"https:\/\/www.creaerte.com\/live\/22-fotografia-de-19-espacios-patrimonio-de-la-humanidad\/\" \/>\n<meta property=\"og:site_name\" content=\"creaerte.com\" \/>\n<meta property=\"article:publisher\" content=\"https:\/\/www.facebook.com\/creaerte\" \/>\n<meta property=\"article:published_time\" content=\"2011-07-19T07:50:50+00:00\" \/>\n<meta property=\"article:modified_time\" content=\"2021-06-30T08:55:36+00:00\" \/>\n<meta property=\"og:image\" content=\"https:\/\/www.creaerte.com\/live\/wp-content\/uploads\/2011\/07\/99009-640x480.jpg\" \/>\n\t<meta property=\"og:image:width\" content=\"640\" \/>\n\t<meta property=\"og:image:height\" content=\"480\" \/>\n\t<meta property=\"og:image:type\" content=\"image\/jpeg\" \/>\n<meta name=\"author\" content=\"admin\" \/>\n<meta name=\"twitter:card\" content=\"summary_large_image\" \/>\n<meta name=\"twitter:creator\" content=\"@Creaerte\" \/>\n<meta name=\"twitter:site\" content=\"@Creaerte\" \/>\n<meta name=\"twitter:label1\" content=\"Escrito por\" \/>\n\t<meta name=\"twitter:data1\" content=\"admin\" \/>\n\t<meta name=\"twitter:label2\" content=\"Tiempo de lectura\" \/>\n\t<meta name=\"twitter:data2\" content=\"1 minuto\" \/>\n<script type=\"application\/ld+json\" class=\"yoast-schema-graph\">{\"@context\":\"https:\/\/schema.org\",\"@graph\":[{\"@type\":\"Article\",\"@id\":\"https:\/\/www.creaerte.com\/live\/22-fotografia-de-19-espacios-patrimonio-de-la-humanidad\/#article\",\"isPartOf\":{\"@id\":\"https:\/\/www.creaerte.com\/live\/22-fotografia-de-19-espacios-patrimonio-de-la-humanidad\/\"},\"author\":{\"name\":\"admin\",\"@id\":\"https:\/\/www.creaerte.com\/live\/#\/schema\/person\/acc9e93c6216bce2d569b1f0a99607f6\"},\"headline\":\"22 Fotograf\u00edas de 19 espacios Patrimonio de la Humanidad\",\"datePublished\":\"2011-07-19T07:50:50+00:00\",\"dateModified\":\"2021-06-30T08:55:36+00:00\",\"mainEntityOfPage\":{\"@id\":\"https:\/\/www.creaerte.com\/live\/22-fotografia-de-19-espacios-patrimonio-de-la-humanidad\/\"},\"wordCount\":183,\"commentCount\":0,\"image\":{\"@id\":\"https:\/\/www.creaerte.com\/live\/22-fotografia-de-19-espacios-patrimonio-de-la-humanidad\/#primaryimage\"},\"thumbnailUrl\":\"http:\/\/creaerte.com\/live\/wp-content\/uploads\/2011\/07\/99009-640x480.jpg\",\"keywords\":[\"fotograf\u00eda\",\"paisaje\"],\"articleSection\":[\"Noticias\"],\"inLanguage\":\"es\",\"potentialAction\":[{\"@type\":\"CommentAction\",\"name\":\"Comment\",\"target\":[\"https:\/\/www.creaerte.com\/live\/22-fotografia-de-19-espacios-patrimonio-de-la-humanidad\/#respond\"]}]},{\"@type\":\"WebPage\",\"@id\":\"https:\/\/www.creaerte.com\/live\/22-fotografia-de-19-espacios-patrimonio-de-la-humanidad\/\",\"url\":\"https:\/\/www.creaerte.com\/live\/22-fotografia-de-19-espacios-patrimonio-de-la-humanidad\/\",\"name\":\"22 Fotograf\u00edas de 19 espacios Patrimonio de la Humanidad - creaerte.com\",\"isPartOf\":{\"@id\":\"https:\/\/www.creaerte.com\/live\/#website\"},\"primaryImageOfPage\":{\"@id\":\"https:\/\/www.creaerte.com\/live\/22-fotografia-de-19-espacios-patrimonio-de-la-humanidad\/#primaryimage\"},\"image\":{\"@id\":\"https:\/\/www.creaerte.com\/live\/22-fotografia-de-19-espacios-patrimonio-de-la-humanidad\/#primaryimage\"},\"thumbnailUrl\":\"http:\/\/creaerte.com\/live\/wp-content\/uploads\/2011\/07\/99009-640x480.jpg\",\"datePublished\":\"2011-07-19T07:50:50+00:00\",\"dateModified\":\"2021-06-30T08:55:36+00:00\",\"author\":{\"@id\":\"https:\/\/www.creaerte.com\/live\/#\/schema\/person\/acc9e93c6216bce2d569b1f0a99607f6\"},\"inLanguage\":\"es\",\"potentialAction\":[{\"@type\":\"ReadAction\",\"target\":[\"https:\/\/www.creaerte.com\/live\/22-fotografia-de-19-espacios-patrimonio-de-la-humanidad\/\"]}]},{\"@type\":\"ImageObject\",\"inLanguage\":\"es\",\"@id\":\"https:\/\/www.creaerte.com\/live\/22-fotografia-de-19-espacios-patrimonio-de-la-humanidad\/#primaryimage\",\"url\":\"http:\/\/creaerte.com\/live\/wp-content\/uploads\/2011\/07\/99009-640x480.jpg\",\"contentUrl\":\"http:\/\/creaerte.com\/live\/wp-content\/uploads\/2011\/07\/99009-640x480.jpg\"},{\"@type\":\"WebSite\",\"@id\":\"https:\/\/www.creaerte.com\/live\/#website\",\"url\":\"https:\/\/www.creaerte.com\/live\/\",\"name\":\"creaerte.com\",\"description\":\"Agencia de publicidad, comunicaci\u00f3n y marketing en C\u00e1ceres \u2022 Extremadura\",\"potentialAction\":[{\"@type\":\"SearchAction\",\"target\":{\"@type\":\"EntryPoint\",\"urlTemplate\":\"https:\/\/www.creaerte.com\/live\/?s={search_term_string}\"},\"query-input\":{\"@type\":\"PropertyValueSpecification\",\"valueRequired\":true,\"valueName\":\"search_term_string\"}}],\"inLanguage\":\"es\"},{\"@type\":\"Person\",\"@id\":\"https:\/\/www.creaerte.com\/live\/#\/schema\/person\/acc9e93c6216bce2d569b1f0a99607f6\",\"name\":\"admin\",\"image\":{\"@type\":\"ImageObject\",\"inLanguage\":\"es\",\"@id\":\"https:\/\/www.creaerte.com\/live\/#\/schema\/person\/image\/\",\"url\":\"https:\/\/secure.gravatar.com\/avatar\/736f9ff6dd176e443e4c9cf884b23352631c533b611f216dbc09fc84cda6e67c?s=96&d=mm&r=g\",\"contentUrl\":\"https:\/\/secure.gravatar.com\/avatar\/736f9ff6dd176e443e4c9cf884b23352631c533b611f216dbc09fc84cda6e67c?s=96&d=mm&r=g\",\"caption\":\"admin\"},\"url\":\"https:\/\/www.creaerte.com\/live\/author\/admin\/\"}]}<\/script>\n<!-- \/ Yoast SEO plugin. -->","yoast_head_json":{"title":"22 Fotograf\u00edas de 19 espacios Patrimonio de la Humanidad - creaerte.com","robots":{"index":"index","follow":"follow","max-snippet":"max-snippet:-1","max-image-preview":"max-image-preview:large","max-video-preview":"max-video-preview:-1"},"canonical":"https:\/\/www.creaerte.com\/live\/22-fotografia-de-19-espacios-patrimonio-de-la-humanidad\/","og_locale":"es_ES","og_type":"article","og_title":"22 Fotograf\u00edas de 19 espacios Patrimonio de la Humanidad - creaerte.com","og_description":"Los lugares Patrimonio de la Humanidad constituyen un inmejorable escenario para captar las mejores fotograf\u00edas, aqu\u00ed podr\u00e9is disfrutar de las im\u00e1genes de los \u00faltimos espacios incorporados a la lista, empezando por la Sierra de la Tramontana de Mallorca. Tambi\u00e9n hay instant\u00e1neas de los Lagos del Gran valle de Rift en Kenia, la isla Ogasawara de Jap\u00f3n, la costa de Ningaloo...","og_url":"https:\/\/www.creaerte.com\/live\/22-fotografia-de-19-espacios-patrimonio-de-la-humanidad\/","og_site_name":"creaerte.com","article_publisher":"https:\/\/www.facebook.com\/creaerte","article_published_time":"2011-07-19T07:50:50+00:00","article_modified_time":"2021-06-30T08:55:36+00:00","og_image":[{"width":640,"height":480,"url":"https:\/\/www.creaerte.com\/live\/wp-content\/uploads\/2011\/07\/99009-640x480.jpg","type":"image\/jpeg"}],"author":"admin","twitter_card":"summary_large_image","twitter_creator":"@Creaerte","twitter_site":"@Creaerte","twitter_misc":{"Escrito por":"admin","Tiempo de lectura":"1 minuto"},"schema":{"@context":"https:\/\/schema.org","@graph":[{"@type":"Article","@id":"https:\/\/www.creaerte.com\/live\/22-fotografia-de-19-espacios-patrimonio-de-la-humanidad\/#article","isPartOf":{"@id":"https:\/\/www.creaerte.com\/live\/22-fotografia-de-19-espacios-patrimonio-de-la-humanidad\/"},"author":{"name":"admin","@id":"https:\/\/www.creaerte.com\/live\/#\/schema\/person\/acc9e93c6216bce2d569b1f0a99607f6"},"headline":"22 Fotograf\u00edas de 19 espacios Patrimonio de la Humanidad","datePublished":"2011-07-19T07:50:50+00:00","dateModified":"2021-06-30T08:55:36+00:00","mainEntityOfPage":{"@id":"https:\/\/www.creaerte.com\/live\/22-fotografia-de-19-espacios-patrimonio-de-la-humanidad\/"},"wordCount":183,"commentCount":0,"image":{"@id":"https:\/\/www.creaerte.com\/live\/22-fotografia-de-19-espacios-patrimonio-de-la-humanidad\/#primaryimage"},"thumbnailUrl":"http:\/\/creaerte.com\/live\/wp-content\/uploads\/2011\/07\/99009-640x480.jpg","keywords":["fotograf\u00eda","paisaje"],"articleSection":["Noticias"],"inLanguage":"es","potentialAction":[{"@type":"CommentAction","name":"Comment","target":["https:\/\/www.creaerte.com\/live\/22-fotografia-de-19-espacios-patrimonio-de-la-humanidad\/#respond"]}]},{"@type":"WebPage","@id":"https:\/\/www.creaerte.com\/live\/22-fotografia-de-19-espacios-patrimonio-de-la-humanidad\/","url":"https:\/\/www.creaerte.com\/live\/22-fotografia-de-19-espacios-patrimonio-de-la-humanidad\/","name":"22 Fotograf\u00edas de 19 espacios Patrimonio de la Humanidad - creaerte.com","isPartOf":{"@id":"https:\/\/www.creaerte.com\/live\/#website"},"primaryImageOfPage":{"@id":"https:\/\/www.creaerte.com\/live\/22-fotografia-de-19-espacios-patrimonio-de-la-humanidad\/#primaryimage"},"image":{"@id":"https:\/\/www.creaerte.com\/live\/22-fotografia-de-19-espacios-patrimonio-de-la-humanidad\/#primaryimage"},"thumbnailUrl":"http:\/\/creaerte.com\/live\/wp-content\/uploads\/2011\/07\/99009-640x480.jpg","datePublished":"2011-07-19T07:50:50+00:00","dateModified":"2021-06-30T08:55:36+00:00","author":{"@id":"https:\/\/www.creaerte.com\/live\/#\/schema\/person\/acc9e93c6216bce2d569b1f0a99607f6"},"inLanguage":"es","potentialAction":[{"@type":"ReadAction","target":["https:\/\/www.creaerte.com\/live\/22-fotografia-de-19-espacios-patrimonio-de-la-humanidad\/"]}]},{"@type":"ImageObject","inLanguage":"es","@id":"https:\/\/www.creaerte.com\/live\/22-fotografia-de-19-espacios-patrimonio-de-la-humanidad\/#primaryimage","url":"http:\/\/creaerte.com\/live\/wp-content\/uploads\/2011\/07\/99009-640x480.jpg","contentUrl":"http:\/\/creaerte.com\/live\/wp-content\/uploads\/2011\/07\/99009-640x480.jpg"},{"@type":"WebSite","@id":"https:\/\/www.creaerte.com\/live\/#website","url":"https:\/\/www.creaerte.com\/live\/","name":"creaerte.com","description":"Agencia de publicidad, comunicaci\u00f3n y marketing en C\u00e1ceres \u2022 Extremadura","potentialAction":[{"@type":"SearchAction","target":{"@type":"EntryPoint","urlTemplate":"https:\/\/www.creaerte.com\/live\/?s={search_term_string}"},"query-input":{"@type":"PropertyValueSpecification","valueRequired":true,"valueName":"search_term_string"}}],"inLanguage":"es"},{"@type":"Person","@id":"https:\/\/www.creaerte.com\/live\/#\/schema\/person\/acc9e93c6216bce2d569b1f0a99607f6","name":"admin","image":{"@type":"ImageObject","inLanguage":"es","@id":"https:\/\/www.creaerte.com\/live\/#\/schema\/person\/image\/","url":"https:\/\/secure.gravatar.com\/avatar\/736f9ff6dd176e443e4c9cf884b23352631c533b611f216dbc09fc84cda6e67c?s=96&d=mm&r=g","contentUrl":"https:\/\/secure.gravatar.com\/avatar\/736f9ff6dd176e443e4c9cf884b23352631c533b611f216dbc09fc84cda6e67c?s=96&d=mm&r=g","caption":"admin"},"url":"https:\/\/www.creaerte.com\/live\/author\/admin\/"}]}},"_links":{"self":[{"href":"https:\/\/www.creaerte.com\/live\/wp-json\/wp\/v2\/posts\/2686","targetHints":{"allow":["GET"]}}],"collection":[{"href":"https:\/\/www.creaerte.com\/live\/wp-json\/wp\/v2\/posts"}],"about":[{"href":"https:\/\/www.creaerte.com\/live\/wp-json\/wp\/v2\/types\/post"}],"author":[{"embeddable":true,"href":"https:\/\/www.creaerte.com\/live\/wp-json\/wp\/v2\/users\/1"}],"replies":[{"embeddable":true,"href":"https:\/\/www.creaerte.com\/live\/wp-json\/wp\/v2\/comments?post=2686"}],"version-history":[{"count":1,"href":"https:\/\/www.creaerte.com\/live\/wp-json\/wp\/v2\/posts\/2686\/revisions"}],"predecessor-version":[{"id":29995,"href":"https:\/\/www.creaerte.com\/live\/wp-json\/wp\/v2\/posts\/2686\/revisions\/29995"}],"wp:attachment":[{"href":"https:\/\/www.creaerte.com\/live\/wp-json\/wp\/v2\/media?parent=2686"}],"wp:term":[{"taxonomy":"category","embeddable":true,"href":"https:\/\/www.creaerte.com\/live\/wp-json\/wp\/v2\/categories?post=2686"},{"taxonomy":"post_tag","embeddable":true,"href":"https:\/\/www.creaerte.com\/live\/wp-json\/wp\/v2\/tags?post=2686"}],"curies":[{"name":"wp","href":"https:\/\/api.w.org\/{rel}","templated":true}]}}