{"id":2772,"date":"2011-07-20T11:41:58","date_gmt":"2011-07-20T10:41:58","guid":{"rendered":"http:\/\/creaerte.com\/live\/?p=2772"},"modified":"2011-07-20T11:44:11","modified_gmt":"2011-07-20T10:44:11","slug":"la-electricidad-hace-crecer-a-las-ranas","status":"publish","type":"post","link":"https:\/\/www.creaerte.com\/live\/la-electricidad-hace-crecer-a-las-ranas\/","title":{"rendered":"La electricidad hace crecer a las ranas"},"content":{"rendered":"<p>La electricidad, esa parece ser la respuesta para una curiosa pregunta \u00bfc\u00f3mo sabe un embri\u00f3n d\u00f3nde tiene la cara? La bi\u00f3loga del crecimiento, Dany Adams de la Tufts University de Boston, Massachusetts, se tropez\u00f3 con este descubrimiento al dejar su c\u00e1mara grabando el desarrollo del embri\u00f3n de una rana durante toda la noche; fue por accidente, no estaba planeado grabar esas im\u00e1genes, pero ah\u00ed se encontraban muchas respuestas.<\/p>\n<p>La sorpresa lleg\u00f3 cuando al visionar la grabaci\u00f3n la cient\u00edfica descubri\u00f3 un flash de luz en mitad de la oscuridad, acto seguido el futuro renacuajo comenz\u00f3 a mostrar su cara. En el siguiente v\u00eddeo se muestra ese preciso momento:\u00a0<strong style=\"font-weight: bold;\"><a href=\"http:\/\/bcove.me\/wy4kefta\">Se\u00f1al el\u00e9ctrica en el desarrollo de un embri\u00f3n<\/a>.<\/strong><\/p>\n<p>Las im\u00e1genes revelan tres etapas distintas de la actividad bioel\u00e9ctrica, primero una ola de carga negativa se extiende a trav\u00e9s del embri\u00f3n, \u00e9se es el primer destello brillante del v\u00eddeo, en segundo lugar aparece un patr\u00f3n de manchas claras y oscuras, \u00e9stas son las \u00e1reas donde se activan los genes para formar la cabeza, en tercer lugar, un nuevo destello de electricidad da paso a la etapa de crecimiento del embri\u00f3n, y comienza a percibirse la forma del renacuajo.<\/p>\n<p>Para averiguar si en efecto estos patrones de actividad el\u00e9ctrica est\u00e1n relacionados directamente con la formaci\u00f3n del embri\u00f3n, los investigadores de la universidad de Tufts han hecho una serie de pruebas en las que se ha bloqueado una prote\u00edna que transporta los iones de hidr\u00f3geno, eso provoc\u00f3 malformaciones en los embriones, por tanto, y aunque la investigaci\u00f3n contin\u00faa, los resultados autentifican esta tesis: la electricidad hace crecer a las ranas, seg\u00fan parece, esto tambi\u00e9n puede aplicarse a una amplia gana de animales, incluidos los humanos.<\/p>\n<p><strong>V\u00eddeo completo en <\/strong><strong><a href=\"http:\/\/bcove.me\/wy4kefta\" target=\"_blank\">www.newscientist.com<\/a><\/strong><\/p>\n<p><a href=\"http:\/\/creaerte.com\/live\/wp-content\/uploads\/2011\/07\/Captura-de-pantalla-2011-07-20-a-las-12.16.24.jpg\"><img decoding=\"async\" class=\"aligncenter size-full wp-image-2798\" title=\"Desarrollo de un embri\u00f3n de rana\" src=\"http:\/\/creaerte.com\/live\/wp-content\/uploads\/2011\/07\/Captura-de-pantalla-2011-07-20-a-las-12.16.24.jpg\" alt=\"Desarrollo de un embri\u00f3n de rana\" width=\"600\" srcset=\"https:\/\/www.creaerte.com\/live\/wp-content\/uploads\/2011\/07\/Captura-de-pantalla-2011-07-20-a-las-12.16.24.jpg 1880w, https:\/\/www.creaerte.com\/live\/wp-content\/uploads\/2011\/07\/Captura-de-pantalla-2011-07-20-a-las-12.16.24-384x287.jpg 384w, https:\/\/www.creaerte.com\/live\/wp-content\/uploads\/2011\/07\/Captura-de-pantalla-2011-07-20-a-las-12.16.24-1024x764.jpg 1024w\" sizes=\"(max-width: 1880px) 100vw, 1880px\" \/><\/a><\/p>\n","protected":false},"excerpt":{"rendered":"<p>La electricidad, esa parece ser la respuesta para una curiosa pregunta \u00bfc\u00f3mo sabe un embri\u00f3n d\u00f3nde tiene la cara? La bi\u00f3loga del crecimiento, Dany Adams de la Tufts University de Boston, Massachusetts, se tropez\u00f3 con este descubrimiento al dejar su c\u00e1mara grabando el desarrollo del embri\u00f3n de una rana durante toda la noche; fue por accidente, no estaba planeado grabar&#8230;<\/p>\n","protected":false},"author":1,"featured_media":0,"comment_status":"open","ping_status":"open","sticky":false,"template":"","format":"standard","meta":{"footnotes":""},"categories":[10],"tags":[49],"class_list":["post-2772","post","type-post","status-publish","format-standard","hentry","category-noticias","tag-ciencia","has_thumb"],"yoast_head":"<!-- This site is optimized with the Yoast SEO plugin v26.9 - https:\/\/yoast.com\/product\/yoast-seo-wordpress\/ -->\n<title>La electricidad hace crecer a las ranas - creaerte.com<\/title>\n<meta name=\"robots\" content=\"index, follow, max-snippet:-1, max-image-preview:large, max-video-preview:-1\" \/>\n<link rel=\"canonical\" href=\"https:\/\/www.creaerte.com\/live\/la-electricidad-hace-crecer-a-las-ranas\/\" \/>\n<meta property=\"og:locale\" content=\"es_ES\" \/>\n<meta property=\"og:type\" content=\"article\" \/>\n<meta property=\"og:title\" content=\"La electricidad hace crecer a las ranas - creaerte.com\" \/>\n<meta property=\"og:description\" content=\"La electricidad, esa parece ser la respuesta para una curiosa pregunta \u00bfc\u00f3mo sabe un embri\u00f3n d\u00f3nde tiene la cara? La bi\u00f3loga del crecimiento, Dany Adams de la Tufts University de Boston, Massachusetts, se tropez\u00f3 con este descubrimiento al dejar su c\u00e1mara grabando el desarrollo del embri\u00f3n de una rana durante toda la noche; fue por accidente, no estaba planeado grabar...\" \/>\n<meta property=\"og:url\" content=\"https:\/\/www.creaerte.com\/live\/la-electricidad-hace-crecer-a-las-ranas\/\" \/>\n<meta property=\"og:site_name\" content=\"creaerte.com\" \/>\n<meta property=\"article:publisher\" content=\"https:\/\/www.facebook.com\/creaerte\" \/>\n<meta property=\"article:published_time\" content=\"2011-07-20T10:41:58+00:00\" \/>\n<meta property=\"article:modified_time\" content=\"2011-07-20T10:44:11+00:00\" \/>\n<meta property=\"og:image\" content=\"https:\/\/www.creaerte.com\/live\/wp-content\/uploads\/2011\/07\/Captura-de-pantalla-2011-07-20-a-las-12.16.24.jpg\" \/>\n\t<meta property=\"og:image:width\" content=\"1880\" \/>\n\t<meta property=\"og:image:height\" content=\"1404\" \/>\n\t<meta property=\"og:image:type\" content=\"image\/jpeg\" \/>\n<meta name=\"author\" content=\"admin\" \/>\n<meta name=\"twitter:card\" content=\"summary_large_image\" \/>\n<meta name=\"twitter:creator\" content=\"@Creaerte\" \/>\n<meta name=\"twitter:site\" content=\"@Creaerte\" \/>\n<meta name=\"twitter:label1\" content=\"Escrito por\" \/>\n\t<meta name=\"twitter:data1\" content=\"admin\" \/>\n\t<meta name=\"twitter:label2\" content=\"Tiempo de lectura\" \/>\n\t<meta name=\"twitter:data2\" content=\"2 minutos\" \/>\n<script type=\"application\/ld+json\" class=\"yoast-schema-graph\">{\"@context\":\"https:\/\/schema.org\",\"@graph\":[{\"@type\":\"Article\",\"@id\":\"https:\/\/www.creaerte.com\/live\/la-electricidad-hace-crecer-a-las-ranas\/#article\",\"isPartOf\":{\"@id\":\"https:\/\/www.creaerte.com\/live\/la-electricidad-hace-crecer-a-las-ranas\/\"},\"author\":{\"name\":\"admin\",\"@id\":\"https:\/\/www.creaerte.com\/live\/#\/schema\/person\/acc9e93c6216bce2d569b1f0a99607f6\"},\"headline\":\"La electricidad hace crecer a las ranas\",\"datePublished\":\"2011-07-20T10:41:58+00:00\",\"dateModified\":\"2011-07-20T10:44:11+00:00\",\"mainEntityOfPage\":{\"@id\":\"https:\/\/www.creaerte.com\/live\/la-electricidad-hace-crecer-a-las-ranas\/\"},\"wordCount\":323,\"commentCount\":0,\"image\":{\"@id\":\"https:\/\/www.creaerte.com\/live\/la-electricidad-hace-crecer-a-las-ranas\/#primaryimage\"},\"thumbnailUrl\":\"http:\/\/creaerte.com\/live\/wp-content\/uploads\/2011\/07\/Captura-de-pantalla-2011-07-20-a-las-12.16.24.jpg\",\"keywords\":[\"ciencia\"],\"articleSection\":[\"Noticias\"],\"inLanguage\":\"es\",\"potentialAction\":[{\"@type\":\"CommentAction\",\"name\":\"Comment\",\"target\":[\"https:\/\/www.creaerte.com\/live\/la-electricidad-hace-crecer-a-las-ranas\/#respond\"]}]},{\"@type\":\"WebPage\",\"@id\":\"https:\/\/www.creaerte.com\/live\/la-electricidad-hace-crecer-a-las-ranas\/\",\"url\":\"https:\/\/www.creaerte.com\/live\/la-electricidad-hace-crecer-a-las-ranas\/\",\"name\":\"La electricidad hace crecer a las ranas - creaerte.com\",\"isPartOf\":{\"@id\":\"https:\/\/www.creaerte.com\/live\/#website\"},\"primaryImageOfPage\":{\"@id\":\"https:\/\/www.creaerte.com\/live\/la-electricidad-hace-crecer-a-las-ranas\/#primaryimage\"},\"image\":{\"@id\":\"https:\/\/www.creaerte.com\/live\/la-electricidad-hace-crecer-a-las-ranas\/#primaryimage\"},\"thumbnailUrl\":\"http:\/\/creaerte.com\/live\/wp-content\/uploads\/2011\/07\/Captura-de-pantalla-2011-07-20-a-las-12.16.24.jpg\",\"datePublished\":\"2011-07-20T10:41:58+00:00\",\"dateModified\":\"2011-07-20T10:44:11+00:00\",\"author\":{\"@id\":\"https:\/\/www.creaerte.com\/live\/#\/schema\/person\/acc9e93c6216bce2d569b1f0a99607f6\"},\"inLanguage\":\"es\",\"potentialAction\":[{\"@type\":\"ReadAction\",\"target\":[\"https:\/\/www.creaerte.com\/live\/la-electricidad-hace-crecer-a-las-ranas\/\"]}]},{\"@type\":\"ImageObject\",\"inLanguage\":\"es\",\"@id\":\"https:\/\/www.creaerte.com\/live\/la-electricidad-hace-crecer-a-las-ranas\/#primaryimage\",\"url\":\"http:\/\/creaerte.com\/live\/wp-content\/uploads\/2011\/07\/Captura-de-pantalla-2011-07-20-a-las-12.16.24.jpg\",\"contentUrl\":\"http:\/\/creaerte.com\/live\/wp-content\/uploads\/2011\/07\/Captura-de-pantalla-2011-07-20-a-las-12.16.24.jpg\"},{\"@type\":\"WebSite\",\"@id\":\"https:\/\/www.creaerte.com\/live\/#website\",\"url\":\"https:\/\/www.creaerte.com\/live\/\",\"name\":\"creaerte.com\",\"description\":\"Agencia de publicidad, comunicaci\u00f3n y marketing en C\u00e1ceres \u2022 Extremadura\",\"potentialAction\":[{\"@type\":\"SearchAction\",\"target\":{\"@type\":\"EntryPoint\",\"urlTemplate\":\"https:\/\/www.creaerte.com\/live\/?s={search_term_string}\"},\"query-input\":{\"@type\":\"PropertyValueSpecification\",\"valueRequired\":true,\"valueName\":\"search_term_string\"}}],\"inLanguage\":\"es\"},{\"@type\":\"Person\",\"@id\":\"https:\/\/www.creaerte.com\/live\/#\/schema\/person\/acc9e93c6216bce2d569b1f0a99607f6\",\"name\":\"admin\",\"image\":{\"@type\":\"ImageObject\",\"inLanguage\":\"es\",\"@id\":\"https:\/\/www.creaerte.com\/live\/#\/schema\/person\/image\/\",\"url\":\"https:\/\/secure.gravatar.com\/avatar\/736f9ff6dd176e443e4c9cf884b23352631c533b611f216dbc09fc84cda6e67c?s=96&d=mm&r=g\",\"contentUrl\":\"https:\/\/secure.gravatar.com\/avatar\/736f9ff6dd176e443e4c9cf884b23352631c533b611f216dbc09fc84cda6e67c?s=96&d=mm&r=g\",\"caption\":\"admin\"},\"url\":\"https:\/\/www.creaerte.com\/live\/author\/admin\/\"}]}<\/script>\n<!-- \/ Yoast SEO plugin. -->","yoast_head_json":{"title":"La electricidad hace crecer a las ranas - creaerte.com","robots":{"index":"index","follow":"follow","max-snippet":"max-snippet:-1","max-image-preview":"max-image-preview:large","max-video-preview":"max-video-preview:-1"},"canonical":"https:\/\/www.creaerte.com\/live\/la-electricidad-hace-crecer-a-las-ranas\/","og_locale":"es_ES","og_type":"article","og_title":"La electricidad hace crecer a las ranas - creaerte.com","og_description":"La electricidad, esa parece ser la respuesta para una curiosa pregunta \u00bfc\u00f3mo sabe un embri\u00f3n d\u00f3nde tiene la cara? La bi\u00f3loga del crecimiento, Dany Adams de la Tufts University de Boston, Massachusetts, se tropez\u00f3 con este descubrimiento al dejar su c\u00e1mara grabando el desarrollo del embri\u00f3n de una rana durante toda la noche; fue por accidente, no estaba planeado grabar...","og_url":"https:\/\/www.creaerte.com\/live\/la-electricidad-hace-crecer-a-las-ranas\/","og_site_name":"creaerte.com","article_publisher":"https:\/\/www.facebook.com\/creaerte","article_published_time":"2011-07-20T10:41:58+00:00","article_modified_time":"2011-07-20T10:44:11+00:00","og_image":[{"width":1880,"height":1404,"url":"https:\/\/www.creaerte.com\/live\/wp-content\/uploads\/2011\/07\/Captura-de-pantalla-2011-07-20-a-las-12.16.24.jpg","type":"image\/jpeg"}],"author":"admin","twitter_card":"summary_large_image","twitter_creator":"@Creaerte","twitter_site":"@Creaerte","twitter_misc":{"Escrito por":"admin","Tiempo de lectura":"2 minutos"},"schema":{"@context":"https:\/\/schema.org","@graph":[{"@type":"Article","@id":"https:\/\/www.creaerte.com\/live\/la-electricidad-hace-crecer-a-las-ranas\/#article","isPartOf":{"@id":"https:\/\/www.creaerte.com\/live\/la-electricidad-hace-crecer-a-las-ranas\/"},"author":{"name":"admin","@id":"https:\/\/www.creaerte.com\/live\/#\/schema\/person\/acc9e93c6216bce2d569b1f0a99607f6"},"headline":"La electricidad hace crecer a las ranas","datePublished":"2011-07-20T10:41:58+00:00","dateModified":"2011-07-20T10:44:11+00:00","mainEntityOfPage":{"@id":"https:\/\/www.creaerte.com\/live\/la-electricidad-hace-crecer-a-las-ranas\/"},"wordCount":323,"commentCount":0,"image":{"@id":"https:\/\/www.creaerte.com\/live\/la-electricidad-hace-crecer-a-las-ranas\/#primaryimage"},"thumbnailUrl":"http:\/\/creaerte.com\/live\/wp-content\/uploads\/2011\/07\/Captura-de-pantalla-2011-07-20-a-las-12.16.24.jpg","keywords":["ciencia"],"articleSection":["Noticias"],"inLanguage":"es","potentialAction":[{"@type":"CommentAction","name":"Comment","target":["https:\/\/www.creaerte.com\/live\/la-electricidad-hace-crecer-a-las-ranas\/#respond"]}]},{"@type":"WebPage","@id":"https:\/\/www.creaerte.com\/live\/la-electricidad-hace-crecer-a-las-ranas\/","url":"https:\/\/www.creaerte.com\/live\/la-electricidad-hace-crecer-a-las-ranas\/","name":"La electricidad hace crecer a las ranas - creaerte.com","isPartOf":{"@id":"https:\/\/www.creaerte.com\/live\/#website"},"primaryImageOfPage":{"@id":"https:\/\/www.creaerte.com\/live\/la-electricidad-hace-crecer-a-las-ranas\/#primaryimage"},"image":{"@id":"https:\/\/www.creaerte.com\/live\/la-electricidad-hace-crecer-a-las-ranas\/#primaryimage"},"thumbnailUrl":"http:\/\/creaerte.com\/live\/wp-content\/uploads\/2011\/07\/Captura-de-pantalla-2011-07-20-a-las-12.16.24.jpg","datePublished":"2011-07-20T10:41:58+00:00","dateModified":"2011-07-20T10:44:11+00:00","author":{"@id":"https:\/\/www.creaerte.com\/live\/#\/schema\/person\/acc9e93c6216bce2d569b1f0a99607f6"},"inLanguage":"es","potentialAction":[{"@type":"ReadAction","target":["https:\/\/www.creaerte.com\/live\/la-electricidad-hace-crecer-a-las-ranas\/"]}]},{"@type":"ImageObject","inLanguage":"es","@id":"https:\/\/www.creaerte.com\/live\/la-electricidad-hace-crecer-a-las-ranas\/#primaryimage","url":"http:\/\/creaerte.com\/live\/wp-content\/uploads\/2011\/07\/Captura-de-pantalla-2011-07-20-a-las-12.16.24.jpg","contentUrl":"http:\/\/creaerte.com\/live\/wp-content\/uploads\/2011\/07\/Captura-de-pantalla-2011-07-20-a-las-12.16.24.jpg"},{"@type":"WebSite","@id":"https:\/\/www.creaerte.com\/live\/#website","url":"https:\/\/www.creaerte.com\/live\/","name":"creaerte.com","description":"Agencia de publicidad, comunicaci\u00f3n y marketing en C\u00e1ceres \u2022 Extremadura","potentialAction":[{"@type":"SearchAction","target":{"@type":"EntryPoint","urlTemplate":"https:\/\/www.creaerte.com\/live\/?s={search_term_string}"},"query-input":{"@type":"PropertyValueSpecification","valueRequired":true,"valueName":"search_term_string"}}],"inLanguage":"es"},{"@type":"Person","@id":"https:\/\/www.creaerte.com\/live\/#\/schema\/person\/acc9e93c6216bce2d569b1f0a99607f6","name":"admin","image":{"@type":"ImageObject","inLanguage":"es","@id":"https:\/\/www.creaerte.com\/live\/#\/schema\/person\/image\/","url":"https:\/\/secure.gravatar.com\/avatar\/736f9ff6dd176e443e4c9cf884b23352631c533b611f216dbc09fc84cda6e67c?s=96&d=mm&r=g","contentUrl":"https:\/\/secure.gravatar.com\/avatar\/736f9ff6dd176e443e4c9cf884b23352631c533b611f216dbc09fc84cda6e67c?s=96&d=mm&r=g","caption":"admin"},"url":"https:\/\/www.creaerte.com\/live\/author\/admin\/"}]}},"_links":{"self":[{"href":"https:\/\/www.creaerte.com\/live\/wp-json\/wp\/v2\/posts\/2772","targetHints":{"allow":["GET"]}}],"collection":[{"href":"https:\/\/www.creaerte.com\/live\/wp-json\/wp\/v2\/posts"}],"about":[{"href":"https:\/\/www.creaerte.com\/live\/wp-json\/wp\/v2\/types\/post"}],"author":[{"embeddable":true,"href":"https:\/\/www.creaerte.com\/live\/wp-json\/wp\/v2\/users\/1"}],"replies":[{"embeddable":true,"href":"https:\/\/www.creaerte.com\/live\/wp-json\/wp\/v2\/comments?post=2772"}],"version-history":[{"count":0,"href":"https:\/\/www.creaerte.com\/live\/wp-json\/wp\/v2\/posts\/2772\/revisions"}],"wp:attachment":[{"href":"https:\/\/www.creaerte.com\/live\/wp-json\/wp\/v2\/media?parent=2772"}],"wp:term":[{"taxonomy":"category","embeddable":true,"href":"https:\/\/www.creaerte.com\/live\/wp-json\/wp\/v2\/categories?post=2772"},{"taxonomy":"post_tag","embeddable":true,"href":"https:\/\/www.creaerte.com\/live\/wp-json\/wp\/v2\/tags?post=2772"}],"curies":[{"name":"wp","href":"https:\/\/api.w.org\/{rel}","templated":true}]}}