{"id":28449,"date":"2020-08-06T12:10:27","date_gmt":"2020-08-06T11:10:27","guid":{"rendered":"http:\/\/www.creaerte.com\/live\/?p=28449"},"modified":"2020-08-06T18:45:02","modified_gmt":"2020-08-06T17:45:02","slug":"the-new-york-times-valor-la-verdad","status":"publish","type":"post","link":"https:\/\/www.creaerte.com\/live\/the-new-york-times-valor-la-verdad\/","title":{"rendered":"The New York Times y el valor de la verdad"},"content":{"rendered":"<p>Hay firmas consagradas que por derecho propio pueden apropiarse de conceptos con todas las de la ley. Es lo que hace un par de ejercicios hizo <a href=\"https:\/\/www.nytimes.com\/es\/\" target=\"_blank\"><strong>The New York Times<\/strong><\/a> con su campa\u00f1a <em><strong>The truth is worth it<\/strong><\/em>, ideada por <strong>Droga5<\/strong> para un peri\u00f3dico que cuenta con m\u00e1s de 120 <strong>premios Pulitzer<\/strong> a sus espaldas.<\/p>\n<p>En este caso son <strong>cinco<\/strong> las exquisitas <strong>piezas audiovisuales<\/strong> que protagonizaron la campa\u00f1a bajo conceptos como el <strong>rigor<\/strong>, la <strong>perseverancia<\/strong>, el <strong>valor<\/strong>, la <strong>intrepidez<\/strong> y o la <strong>capacidad resolutiva<\/strong>. Todo ello con el trasfondo de la <strong>verdad<\/strong> como caj\u00f3n contenedor.<\/p>\n<p>Esta iniciativa no solo no pas\u00f3 desapercibida en el <strong>mundo publicitario<\/strong>, sino que, adem\u00e1s, fue galardonada en <strong>Cannes 2019<\/strong>. Sin duda, se trata de un trabajo a trav\u00e9s del cual se pone de manifiesto la importancia de los medios de comunicaci\u00f3n contrastados en una \u00e9poca marcada por las &#8216;<strong>fake news<\/strong>&#8216;.<\/p>\n<p><iframe width=\"817\" height=\"468\" src=\"https:\/\/www.youtube.com\/embed\/XWb_SDtiT3E\" frameborder=\"0\" allow=\"accelerometer; autoplay; encrypted-media; gyroscope; picture-in-picture\" allowfullscreen><\/iframe><\/p>\n<p><iframe width=\"817\" height=\"468\" src=\"https:\/\/www.youtube.com\/embed\/18CGnEpeRfI\" frameborder=\"0\" allow=\"accelerometer; autoplay; encrypted-media; gyroscope; picture-in-picture\" allowfullscreen><\/iframe><\/p>\n<p><iframe width=\"817\" height=\"468\" src=\"https:\/\/www.youtube.com\/embed\/PZJdKuTRN5E\" frameborder=\"0\" allow=\"accelerometer; autoplay; encrypted-media; gyroscope; picture-in-picture\" allowfullscreen><\/iframe><\/p>\n<p><iframe width=\"817\" height=\"468\" src=\"https:\/\/www.youtube.com\/embed\/UKw1GKSfHH0\" frameborder=\"0\" allow=\"accelerometer; autoplay; encrypted-media; gyroscope; picture-in-picture\" allowfullscreen><\/iframe><\/p>\n<p><iframe width=\"817\" height=\"468\" src=\"https:\/\/www.youtube.com\/embed\/8goJKQ_864c\" frameborder=\"0\" allow=\"accelerometer; autoplay; encrypted-media; gyroscope; picture-in-picture\" allowfullscreen><\/iframe><\/p>\n","protected":false},"excerpt":{"rendered":"<p>Hay firmas consagradas que por derecho propio pueden apropiarse de conceptos con todas las de la ley. Es lo que hace un par de ejercicios hizo The New York Times con su campa\u00f1a The truth is worth it, ideada por Droga5 para un peri\u00f3dico que cuenta con m\u00e1s de 120 premios Pulitzer a sus espaldas. En este caso son cinco&#8230;<\/p>\n","protected":false},"author":1,"featured_media":28450,"comment_status":"open","ping_status":"open","sticky":false,"template":"","format":"standard","meta":{"footnotes":""},"categories":[10],"tags":[],"class_list":["post-28449","post","type-post","status-publish","format-standard","has-post-thumbnail","hentry","category-noticias","has_thumb"],"yoast_head":"<!-- This site is optimized with the Yoast SEO plugin v26.9 - https:\/\/yoast.com\/product\/yoast-seo-wordpress\/ -->\n<title>The New York Times y el valor de la verdad - creaerte.com<\/title>\n<meta name=\"robots\" content=\"index, follow, max-snippet:-1, max-image-preview:large, max-video-preview:-1\" \/>\n<link rel=\"canonical\" href=\"https:\/\/www.creaerte.com\/live\/the-new-york-times-valor-la-verdad\/\" \/>\n<meta property=\"og:locale\" content=\"es_ES\" \/>\n<meta property=\"og:type\" content=\"article\" \/>\n<meta property=\"og:title\" content=\"The New York Times y el valor de la verdad - creaerte.com\" \/>\n<meta property=\"og:description\" content=\"Hay firmas consagradas que por derecho propio pueden apropiarse de conceptos con todas las de la ley. Es lo que hace un par de ejercicios hizo The New York Times con su campa\u00f1a The truth is worth it, ideada por Droga5 para un peri\u00f3dico que cuenta con m\u00e1s de 120 premios Pulitzer a sus espaldas. En este caso son cinco...\" \/>\n<meta property=\"og:url\" content=\"https:\/\/www.creaerte.com\/live\/the-new-york-times-valor-la-verdad\/\" \/>\n<meta property=\"og:site_name\" content=\"creaerte.com\" \/>\n<meta property=\"article:publisher\" content=\"https:\/\/www.facebook.com\/creaerte\" \/>\n<meta property=\"article:published_time\" content=\"2020-08-06T11:10:27+00:00\" \/>\n<meta property=\"article:modified_time\" content=\"2020-08-06T17:45:02+00:00\" \/>\n<meta property=\"og:image\" content=\"https:\/\/www.creaerte.com\/live\/wp-content\/uploads\/2020\/08\/new-york.png\" \/>\n\t<meta property=\"og:image:width\" content=\"919\" \/>\n\t<meta property=\"og:image:height\" content=\"493\" \/>\n\t<meta property=\"og:image:type\" content=\"image\/png\" \/>\n<meta name=\"author\" content=\"admin\" \/>\n<meta name=\"twitter:card\" content=\"summary_large_image\" \/>\n<meta name=\"twitter:creator\" content=\"@Creaerte\" \/>\n<meta name=\"twitter:site\" content=\"@Creaerte\" \/>\n<meta name=\"twitter:label1\" content=\"Escrito por\" \/>\n\t<meta name=\"twitter:data1\" content=\"admin\" \/>\n\t<meta name=\"twitter:label2\" content=\"Tiempo de lectura\" \/>\n\t<meta name=\"twitter:data2\" content=\"1 minuto\" \/>\n<script type=\"application\/ld+json\" class=\"yoast-schema-graph\">{\"@context\":\"https:\/\/schema.org\",\"@graph\":[{\"@type\":\"Article\",\"@id\":\"https:\/\/www.creaerte.com\/live\/the-new-york-times-valor-la-verdad\/#article\",\"isPartOf\":{\"@id\":\"https:\/\/www.creaerte.com\/live\/the-new-york-times-valor-la-verdad\/\"},\"author\":{\"name\":\"admin\",\"@id\":\"https:\/\/www.creaerte.com\/live\/#\/schema\/person\/acc9e93c6216bce2d569b1f0a99607f6\"},\"headline\":\"The New York Times y el valor de la verdad\",\"datePublished\":\"2020-08-06T11:10:27+00:00\",\"dateModified\":\"2020-08-06T17:45:02+00:00\",\"mainEntityOfPage\":{\"@id\":\"https:\/\/www.creaerte.com\/live\/the-new-york-times-valor-la-verdad\/\"},\"wordCount\":161,\"commentCount\":0,\"image\":{\"@id\":\"https:\/\/www.creaerte.com\/live\/the-new-york-times-valor-la-verdad\/#primaryimage\"},\"thumbnailUrl\":\"https:\/\/www.creaerte.com\/live\/wp-content\/uploads\/2020\/08\/new-york.png\",\"articleSection\":[\"Noticias\"],\"inLanguage\":\"es\",\"potentialAction\":[{\"@type\":\"CommentAction\",\"name\":\"Comment\",\"target\":[\"https:\/\/www.creaerte.com\/live\/the-new-york-times-valor-la-verdad\/#respond\"]}]},{\"@type\":\"WebPage\",\"@id\":\"https:\/\/www.creaerte.com\/live\/the-new-york-times-valor-la-verdad\/\",\"url\":\"https:\/\/www.creaerte.com\/live\/the-new-york-times-valor-la-verdad\/\",\"name\":\"The New York Times y el valor de la verdad - creaerte.com\",\"isPartOf\":{\"@id\":\"https:\/\/www.creaerte.com\/live\/#website\"},\"primaryImageOfPage\":{\"@id\":\"https:\/\/www.creaerte.com\/live\/the-new-york-times-valor-la-verdad\/#primaryimage\"},\"image\":{\"@id\":\"https:\/\/www.creaerte.com\/live\/the-new-york-times-valor-la-verdad\/#primaryimage\"},\"thumbnailUrl\":\"https:\/\/www.creaerte.com\/live\/wp-content\/uploads\/2020\/08\/new-york.png\",\"datePublished\":\"2020-08-06T11:10:27+00:00\",\"dateModified\":\"2020-08-06T17:45:02+00:00\",\"author\":{\"@id\":\"https:\/\/www.creaerte.com\/live\/#\/schema\/person\/acc9e93c6216bce2d569b1f0a99607f6\"},\"inLanguage\":\"es\",\"potentialAction\":[{\"@type\":\"ReadAction\",\"target\":[\"https:\/\/www.creaerte.com\/live\/the-new-york-times-valor-la-verdad\/\"]}]},{\"@type\":\"ImageObject\",\"inLanguage\":\"es\",\"@id\":\"https:\/\/www.creaerte.com\/live\/the-new-york-times-valor-la-verdad\/#primaryimage\",\"url\":\"https:\/\/www.creaerte.com\/live\/wp-content\/uploads\/2020\/08\/new-york.png\",\"contentUrl\":\"https:\/\/www.creaerte.com\/live\/wp-content\/uploads\/2020\/08\/new-york.png\",\"width\":919,\"height\":493},{\"@type\":\"WebSite\",\"@id\":\"https:\/\/www.creaerte.com\/live\/#website\",\"url\":\"https:\/\/www.creaerte.com\/live\/\",\"name\":\"creaerte.com\",\"description\":\"Agencia de publicidad, comunicaci\u00f3n y marketing en C\u00e1ceres \u2022 Extremadura\",\"potentialAction\":[{\"@type\":\"SearchAction\",\"target\":{\"@type\":\"EntryPoint\",\"urlTemplate\":\"https:\/\/www.creaerte.com\/live\/?s={search_term_string}\"},\"query-input\":{\"@type\":\"PropertyValueSpecification\",\"valueRequired\":true,\"valueName\":\"search_term_string\"}}],\"inLanguage\":\"es\"},{\"@type\":\"Person\",\"@id\":\"https:\/\/www.creaerte.com\/live\/#\/schema\/person\/acc9e93c6216bce2d569b1f0a99607f6\",\"name\":\"admin\",\"image\":{\"@type\":\"ImageObject\",\"inLanguage\":\"es\",\"@id\":\"https:\/\/www.creaerte.com\/live\/#\/schema\/person\/image\/\",\"url\":\"https:\/\/secure.gravatar.com\/avatar\/736f9ff6dd176e443e4c9cf884b23352631c533b611f216dbc09fc84cda6e67c?s=96&d=mm&r=g\",\"contentUrl\":\"https:\/\/secure.gravatar.com\/avatar\/736f9ff6dd176e443e4c9cf884b23352631c533b611f216dbc09fc84cda6e67c?s=96&d=mm&r=g\",\"caption\":\"admin\"},\"url\":\"https:\/\/www.creaerte.com\/live\/author\/admin\/\"}]}<\/script>\n<!-- \/ Yoast SEO plugin. -->","yoast_head_json":{"title":"The New York Times y el valor de la verdad - creaerte.com","robots":{"index":"index","follow":"follow","max-snippet":"max-snippet:-1","max-image-preview":"max-image-preview:large","max-video-preview":"max-video-preview:-1"},"canonical":"https:\/\/www.creaerte.com\/live\/the-new-york-times-valor-la-verdad\/","og_locale":"es_ES","og_type":"article","og_title":"The New York Times y el valor de la verdad - creaerte.com","og_description":"Hay firmas consagradas que por derecho propio pueden apropiarse de conceptos con todas las de la ley. Es lo que hace un par de ejercicios hizo The New York Times con su campa\u00f1a The truth is worth it, ideada por Droga5 para un peri\u00f3dico que cuenta con m\u00e1s de 120 premios Pulitzer a sus espaldas. En este caso son cinco...","og_url":"https:\/\/www.creaerte.com\/live\/the-new-york-times-valor-la-verdad\/","og_site_name":"creaerte.com","article_publisher":"https:\/\/www.facebook.com\/creaerte","article_published_time":"2020-08-06T11:10:27+00:00","article_modified_time":"2020-08-06T17:45:02+00:00","og_image":[{"width":919,"height":493,"url":"https:\/\/www.creaerte.com\/live\/wp-content\/uploads\/2020\/08\/new-york.png","type":"image\/png"}],"author":"admin","twitter_card":"summary_large_image","twitter_creator":"@Creaerte","twitter_site":"@Creaerte","twitter_misc":{"Escrito por":"admin","Tiempo de lectura":"1 minuto"},"schema":{"@context":"https:\/\/schema.org","@graph":[{"@type":"Article","@id":"https:\/\/www.creaerte.com\/live\/the-new-york-times-valor-la-verdad\/#article","isPartOf":{"@id":"https:\/\/www.creaerte.com\/live\/the-new-york-times-valor-la-verdad\/"},"author":{"name":"admin","@id":"https:\/\/www.creaerte.com\/live\/#\/schema\/person\/acc9e93c6216bce2d569b1f0a99607f6"},"headline":"The New York Times y el valor de la verdad","datePublished":"2020-08-06T11:10:27+00:00","dateModified":"2020-08-06T17:45:02+00:00","mainEntityOfPage":{"@id":"https:\/\/www.creaerte.com\/live\/the-new-york-times-valor-la-verdad\/"},"wordCount":161,"commentCount":0,"image":{"@id":"https:\/\/www.creaerte.com\/live\/the-new-york-times-valor-la-verdad\/#primaryimage"},"thumbnailUrl":"https:\/\/www.creaerte.com\/live\/wp-content\/uploads\/2020\/08\/new-york.png","articleSection":["Noticias"],"inLanguage":"es","potentialAction":[{"@type":"CommentAction","name":"Comment","target":["https:\/\/www.creaerte.com\/live\/the-new-york-times-valor-la-verdad\/#respond"]}]},{"@type":"WebPage","@id":"https:\/\/www.creaerte.com\/live\/the-new-york-times-valor-la-verdad\/","url":"https:\/\/www.creaerte.com\/live\/the-new-york-times-valor-la-verdad\/","name":"The New York Times y el valor de la verdad - creaerte.com","isPartOf":{"@id":"https:\/\/www.creaerte.com\/live\/#website"},"primaryImageOfPage":{"@id":"https:\/\/www.creaerte.com\/live\/the-new-york-times-valor-la-verdad\/#primaryimage"},"image":{"@id":"https:\/\/www.creaerte.com\/live\/the-new-york-times-valor-la-verdad\/#primaryimage"},"thumbnailUrl":"https:\/\/www.creaerte.com\/live\/wp-content\/uploads\/2020\/08\/new-york.png","datePublished":"2020-08-06T11:10:27+00:00","dateModified":"2020-08-06T17:45:02+00:00","author":{"@id":"https:\/\/www.creaerte.com\/live\/#\/schema\/person\/acc9e93c6216bce2d569b1f0a99607f6"},"inLanguage":"es","potentialAction":[{"@type":"ReadAction","target":["https:\/\/www.creaerte.com\/live\/the-new-york-times-valor-la-verdad\/"]}]},{"@type":"ImageObject","inLanguage":"es","@id":"https:\/\/www.creaerte.com\/live\/the-new-york-times-valor-la-verdad\/#primaryimage","url":"https:\/\/www.creaerte.com\/live\/wp-content\/uploads\/2020\/08\/new-york.png","contentUrl":"https:\/\/www.creaerte.com\/live\/wp-content\/uploads\/2020\/08\/new-york.png","width":919,"height":493},{"@type":"WebSite","@id":"https:\/\/www.creaerte.com\/live\/#website","url":"https:\/\/www.creaerte.com\/live\/","name":"creaerte.com","description":"Agencia de publicidad, comunicaci\u00f3n y marketing en C\u00e1ceres \u2022 Extremadura","potentialAction":[{"@type":"SearchAction","target":{"@type":"EntryPoint","urlTemplate":"https:\/\/www.creaerte.com\/live\/?s={search_term_string}"},"query-input":{"@type":"PropertyValueSpecification","valueRequired":true,"valueName":"search_term_string"}}],"inLanguage":"es"},{"@type":"Person","@id":"https:\/\/www.creaerte.com\/live\/#\/schema\/person\/acc9e93c6216bce2d569b1f0a99607f6","name":"admin","image":{"@type":"ImageObject","inLanguage":"es","@id":"https:\/\/www.creaerte.com\/live\/#\/schema\/person\/image\/","url":"https:\/\/secure.gravatar.com\/avatar\/736f9ff6dd176e443e4c9cf884b23352631c533b611f216dbc09fc84cda6e67c?s=96&d=mm&r=g","contentUrl":"https:\/\/secure.gravatar.com\/avatar\/736f9ff6dd176e443e4c9cf884b23352631c533b611f216dbc09fc84cda6e67c?s=96&d=mm&r=g","caption":"admin"},"url":"https:\/\/www.creaerte.com\/live\/author\/admin\/"}]}},"_links":{"self":[{"href":"https:\/\/www.creaerte.com\/live\/wp-json\/wp\/v2\/posts\/28449","targetHints":{"allow":["GET"]}}],"collection":[{"href":"https:\/\/www.creaerte.com\/live\/wp-json\/wp\/v2\/posts"}],"about":[{"href":"https:\/\/www.creaerte.com\/live\/wp-json\/wp\/v2\/types\/post"}],"author":[{"embeddable":true,"href":"https:\/\/www.creaerte.com\/live\/wp-json\/wp\/v2\/users\/1"}],"replies":[{"embeddable":true,"href":"https:\/\/www.creaerte.com\/live\/wp-json\/wp\/v2\/comments?post=28449"}],"version-history":[{"count":5,"href":"https:\/\/www.creaerte.com\/live\/wp-json\/wp\/v2\/posts\/28449\/revisions"}],"predecessor-version":[{"id":28456,"href":"https:\/\/www.creaerte.com\/live\/wp-json\/wp\/v2\/posts\/28449\/revisions\/28456"}],"wp:featuredmedia":[{"embeddable":true,"href":"https:\/\/www.creaerte.com\/live\/wp-json\/wp\/v2\/media\/28450"}],"wp:attachment":[{"href":"https:\/\/www.creaerte.com\/live\/wp-json\/wp\/v2\/media?parent=28449"}],"wp:term":[{"taxonomy":"category","embeddable":true,"href":"https:\/\/www.creaerte.com\/live\/wp-json\/wp\/v2\/categories?post=28449"},{"taxonomy":"post_tag","embeddable":true,"href":"https:\/\/www.creaerte.com\/live\/wp-json\/wp\/v2\/tags?post=28449"}],"curies":[{"name":"wp","href":"https:\/\/api.w.org\/{rel}","templated":true}]}}