{"id":29341,"date":"2021-01-04T13:21:54","date_gmt":"2021-01-04T12:21:54","guid":{"rendered":"http:\/\/www.creaerte.com\/live\/?p=29341"},"modified":"2021-01-04T17:09:30","modified_gmt":"2021-01-04T16:09:30","slug":"alfonso-doncel-fortalecimiento-la-papeleria-social","status":"publish","type":"post","link":"https:\/\/www.creaerte.com\/live\/alfonso-doncel-fortalecimiento-la-papeleria-social\/","title":{"rendered":"Alfonso Doncel y el fortalecimiento de la &#8216;papeler\u00eda social&#8217;"},"content":{"rendered":"<p>Nuestra primera entrega del a\u00f1o en la secci\u00f3n de <strong>creativos y creatividad<\/strong> tiene sello extreme\u00f1o. Se trata del <strong>artista<\/strong> pl\u00e1stico y dise\u00f1ador <strong>Alfonso Doncel<\/strong>, quien cuenta con una larga trayectoria de trabajos relacionados con lo <strong>conceptual<\/strong>.<\/p>\n<p>En esta ocasi\u00f3n, en <strong>Creaerte<\/strong> nos centramos en una de sus \u00faltimas creaciones. Un ejercicio a trav\u00e9s del cual ha puesto sus dotes al servicio de la <strong>comunicaci\u00f3n corporativa<\/strong>. Hablamos, concretamente, de las <strong>tarjetas de visita<\/strong> elaboradas en un material poco com\u00fan, como es el <strong>acero inoxidable<\/strong>.<\/p>\n<p>Grabadas con <strong>l\u00e1ser<\/strong> gracias a la utilizaci\u00f3n de las \u00faltimas tecnolog\u00edas, estas tarjetas ayudan a los responsables de las empresas a mostrar una grata primera impresi\u00f3n gracias a un <strong>valor diferencial<\/strong> respecto a los elementos comunes utilizados por la competencia. Una buena f\u00f3rmula para potenciar la calidad y la durabilidad de los <strong>impactos de marca<\/strong>.<\/p>\n<p>Las tarjetas, que pueden portarse en las carteras al tener unas medidas de 80&#215;40 mil\u00edmetros y un espesor de 0,8, pueden ser <strong>personalizadas<\/strong> para cualquier empresa o instituci\u00f3n que desee implementar esta <strong>novedosa f\u00f3rmula<\/strong> en su \u2018papeler\u00eda social\u2019.<\/p>\n<p>Si est\u00e1is interesados, pod\u00e9is obtener m\u00e1s informaci\u00f3n al respecto en la <a href=\"https:\/\/www.alfonsodoncel.com\/\" target=\"_blank\"><strong>p\u00e1gina web<\/strong><\/a> del pacense Alfonso Doncel, amigo de esta casa y quien nunca deja de sorprender con sus creaciones.<\/p>\n","protected":false},"excerpt":{"rendered":"<p>Nuestra primera entrega del a\u00f1o en la secci\u00f3n de creativos y creatividad tiene sello extreme\u00f1o. Se trata del artista pl\u00e1stico y dise\u00f1ador Alfonso Doncel, quien cuenta con una larga trayectoria de trabajos relacionados con lo conceptual. En esta ocasi\u00f3n, en Creaerte nos centramos en una de sus \u00faltimas creaciones. Un ejercicio a trav\u00e9s del cual ha puesto sus dotes al&#8230;<\/p>\n","protected":false},"author":1,"featured_media":29345,"comment_status":"open","ping_status":"open","sticky":false,"template":"","format":"standard","meta":{"footnotes":""},"categories":[1357],"tags":[],"class_list":["post-29341","post","type-post","status-publish","format-standard","has-post-thumbnail","hentry","category-creativos-y-creatividad","has_thumb"],"yoast_head":"<!-- This site is optimized with the Yoast SEO plugin v26.9 - https:\/\/yoast.com\/product\/yoast-seo-wordpress\/ -->\n<title>Alfonso Doncel y el fortalecimiento de la &#039;papeler\u00eda social&#039; - creaerte.com<\/title>\n<meta name=\"robots\" content=\"index, follow, max-snippet:-1, max-image-preview:large, max-video-preview:-1\" \/>\n<link rel=\"canonical\" href=\"https:\/\/www.creaerte.com\/live\/alfonso-doncel-fortalecimiento-la-papeleria-social\/\" \/>\n<meta property=\"og:locale\" content=\"es_ES\" \/>\n<meta property=\"og:type\" content=\"article\" \/>\n<meta property=\"og:title\" content=\"Alfonso Doncel y el fortalecimiento de la &#039;papeler\u00eda social&#039; - creaerte.com\" \/>\n<meta property=\"og:description\" content=\"Nuestra primera entrega del a\u00f1o en la secci\u00f3n de creativos y creatividad tiene sello extreme\u00f1o. Se trata del artista pl\u00e1stico y dise\u00f1ador Alfonso Doncel, quien cuenta con una larga trayectoria de trabajos relacionados con lo conceptual. En esta ocasi\u00f3n, en Creaerte nos centramos en una de sus \u00faltimas creaciones. Un ejercicio a trav\u00e9s del cual ha puesto sus dotes al...\" \/>\n<meta property=\"og:url\" content=\"https:\/\/www.creaerte.com\/live\/alfonso-doncel-fortalecimiento-la-papeleria-social\/\" \/>\n<meta property=\"og:site_name\" content=\"creaerte.com\" \/>\n<meta property=\"article:publisher\" content=\"https:\/\/www.facebook.com\/creaerte\" \/>\n<meta property=\"article:published_time\" content=\"2021-01-04T12:21:54+00:00\" \/>\n<meta property=\"article:modified_time\" content=\"2021-01-04T16:09:30+00:00\" \/>\n<meta property=\"og:image\" content=\"https:\/\/www.creaerte.com\/live\/wp-content\/uploads\/2021\/01\/Alfonso-Doncel-Creaerte-Creativo.jpg\" \/>\n\t<meta property=\"og:image:width\" content=\"817\" \/>\n\t<meta property=\"og:image:height\" content=\"468\" \/>\n\t<meta property=\"og:image:type\" content=\"image\/jpeg\" \/>\n<meta name=\"author\" content=\"admin\" \/>\n<meta name=\"twitter:card\" content=\"summary_large_image\" \/>\n<meta name=\"twitter:creator\" content=\"@Creaerte\" \/>\n<meta name=\"twitter:site\" content=\"@Creaerte\" \/>\n<meta name=\"twitter:label1\" content=\"Escrito por\" \/>\n\t<meta name=\"twitter:data1\" content=\"admin\" \/>\n\t<meta name=\"twitter:label2\" content=\"Tiempo de lectura\" \/>\n\t<meta name=\"twitter:data2\" content=\"1 minuto\" \/>\n<script type=\"application\/ld+json\" class=\"yoast-schema-graph\">{\"@context\":\"https:\/\/schema.org\",\"@graph\":[{\"@type\":\"Article\",\"@id\":\"https:\/\/www.creaerte.com\/live\/alfonso-doncel-fortalecimiento-la-papeleria-social\/#article\",\"isPartOf\":{\"@id\":\"https:\/\/www.creaerte.com\/live\/alfonso-doncel-fortalecimiento-la-papeleria-social\/\"},\"author\":{\"name\":\"admin\",\"@id\":\"https:\/\/www.creaerte.com\/live\/#\/schema\/person\/acc9e93c6216bce2d569b1f0a99607f6\"},\"headline\":\"Alfonso Doncel y el fortalecimiento de la &#8216;papeler\u00eda social&#8217;\",\"datePublished\":\"2021-01-04T12:21:54+00:00\",\"dateModified\":\"2021-01-04T16:09:30+00:00\",\"mainEntityOfPage\":{\"@id\":\"https:\/\/www.creaerte.com\/live\/alfonso-doncel-fortalecimiento-la-papeleria-social\/\"},\"wordCount\":238,\"commentCount\":0,\"image\":{\"@id\":\"https:\/\/www.creaerte.com\/live\/alfonso-doncel-fortalecimiento-la-papeleria-social\/#primaryimage\"},\"thumbnailUrl\":\"https:\/\/www.creaerte.com\/live\/wp-content\/uploads\/2021\/01\/Alfonso-Doncel-Creaerte-Creativo.jpg\",\"articleSection\":[\"Creativos y creatividad\"],\"inLanguage\":\"es\",\"potentialAction\":[{\"@type\":\"CommentAction\",\"name\":\"Comment\",\"target\":[\"https:\/\/www.creaerte.com\/live\/alfonso-doncel-fortalecimiento-la-papeleria-social\/#respond\"]}]},{\"@type\":\"WebPage\",\"@id\":\"https:\/\/www.creaerte.com\/live\/alfonso-doncel-fortalecimiento-la-papeleria-social\/\",\"url\":\"https:\/\/www.creaerte.com\/live\/alfonso-doncel-fortalecimiento-la-papeleria-social\/\",\"name\":\"Alfonso Doncel y el fortalecimiento de la 'papeler\u00eda social' - creaerte.com\",\"isPartOf\":{\"@id\":\"https:\/\/www.creaerte.com\/live\/#website\"},\"primaryImageOfPage\":{\"@id\":\"https:\/\/www.creaerte.com\/live\/alfonso-doncel-fortalecimiento-la-papeleria-social\/#primaryimage\"},\"image\":{\"@id\":\"https:\/\/www.creaerte.com\/live\/alfonso-doncel-fortalecimiento-la-papeleria-social\/#primaryimage\"},\"thumbnailUrl\":\"https:\/\/www.creaerte.com\/live\/wp-content\/uploads\/2021\/01\/Alfonso-Doncel-Creaerte-Creativo.jpg\",\"datePublished\":\"2021-01-04T12:21:54+00:00\",\"dateModified\":\"2021-01-04T16:09:30+00:00\",\"author\":{\"@id\":\"https:\/\/www.creaerte.com\/live\/#\/schema\/person\/acc9e93c6216bce2d569b1f0a99607f6\"},\"inLanguage\":\"es\",\"potentialAction\":[{\"@type\":\"ReadAction\",\"target\":[\"https:\/\/www.creaerte.com\/live\/alfonso-doncel-fortalecimiento-la-papeleria-social\/\"]}]},{\"@type\":\"ImageObject\",\"inLanguage\":\"es\",\"@id\":\"https:\/\/www.creaerte.com\/live\/alfonso-doncel-fortalecimiento-la-papeleria-social\/#primaryimage\",\"url\":\"https:\/\/www.creaerte.com\/live\/wp-content\/uploads\/2021\/01\/Alfonso-Doncel-Creaerte-Creativo.jpg\",\"contentUrl\":\"https:\/\/www.creaerte.com\/live\/wp-content\/uploads\/2021\/01\/Alfonso-Doncel-Creaerte-Creativo.jpg\",\"width\":817,\"height\":468},{\"@type\":\"WebSite\",\"@id\":\"https:\/\/www.creaerte.com\/live\/#website\",\"url\":\"https:\/\/www.creaerte.com\/live\/\",\"name\":\"creaerte.com\",\"description\":\"Agencia de publicidad, comunicaci\u00f3n y marketing en C\u00e1ceres \u2022 Extremadura\",\"potentialAction\":[{\"@type\":\"SearchAction\",\"target\":{\"@type\":\"EntryPoint\",\"urlTemplate\":\"https:\/\/www.creaerte.com\/live\/?s={search_term_string}\"},\"query-input\":{\"@type\":\"PropertyValueSpecification\",\"valueRequired\":true,\"valueName\":\"search_term_string\"}}],\"inLanguage\":\"es\"},{\"@type\":\"Person\",\"@id\":\"https:\/\/www.creaerte.com\/live\/#\/schema\/person\/acc9e93c6216bce2d569b1f0a99607f6\",\"name\":\"admin\",\"image\":{\"@type\":\"ImageObject\",\"inLanguage\":\"es\",\"@id\":\"https:\/\/www.creaerte.com\/live\/#\/schema\/person\/image\/\",\"url\":\"https:\/\/secure.gravatar.com\/avatar\/736f9ff6dd176e443e4c9cf884b23352631c533b611f216dbc09fc84cda6e67c?s=96&d=mm&r=g\",\"contentUrl\":\"https:\/\/secure.gravatar.com\/avatar\/736f9ff6dd176e443e4c9cf884b23352631c533b611f216dbc09fc84cda6e67c?s=96&d=mm&r=g\",\"caption\":\"admin\"},\"url\":\"https:\/\/www.creaerte.com\/live\/author\/admin\/\"}]}<\/script>\n<!-- \/ Yoast SEO plugin. -->","yoast_head_json":{"title":"Alfonso Doncel y el fortalecimiento de la 'papeler\u00eda social' - creaerte.com","robots":{"index":"index","follow":"follow","max-snippet":"max-snippet:-1","max-image-preview":"max-image-preview:large","max-video-preview":"max-video-preview:-1"},"canonical":"https:\/\/www.creaerte.com\/live\/alfonso-doncel-fortalecimiento-la-papeleria-social\/","og_locale":"es_ES","og_type":"article","og_title":"Alfonso Doncel y el fortalecimiento de la 'papeler\u00eda social' - creaerte.com","og_description":"Nuestra primera entrega del a\u00f1o en la secci\u00f3n de creativos y creatividad tiene sello extreme\u00f1o. Se trata del artista pl\u00e1stico y dise\u00f1ador Alfonso Doncel, quien cuenta con una larga trayectoria de trabajos relacionados con lo conceptual. En esta ocasi\u00f3n, en Creaerte nos centramos en una de sus \u00faltimas creaciones. Un ejercicio a trav\u00e9s del cual ha puesto sus dotes al...","og_url":"https:\/\/www.creaerte.com\/live\/alfonso-doncel-fortalecimiento-la-papeleria-social\/","og_site_name":"creaerte.com","article_publisher":"https:\/\/www.facebook.com\/creaerte","article_published_time":"2021-01-04T12:21:54+00:00","article_modified_time":"2021-01-04T16:09:30+00:00","og_image":[{"width":817,"height":468,"url":"https:\/\/www.creaerte.com\/live\/wp-content\/uploads\/2021\/01\/Alfonso-Doncel-Creaerte-Creativo.jpg","type":"image\/jpeg"}],"author":"admin","twitter_card":"summary_large_image","twitter_creator":"@Creaerte","twitter_site":"@Creaerte","twitter_misc":{"Escrito por":"admin","Tiempo de lectura":"1 minuto"},"schema":{"@context":"https:\/\/schema.org","@graph":[{"@type":"Article","@id":"https:\/\/www.creaerte.com\/live\/alfonso-doncel-fortalecimiento-la-papeleria-social\/#article","isPartOf":{"@id":"https:\/\/www.creaerte.com\/live\/alfonso-doncel-fortalecimiento-la-papeleria-social\/"},"author":{"name":"admin","@id":"https:\/\/www.creaerte.com\/live\/#\/schema\/person\/acc9e93c6216bce2d569b1f0a99607f6"},"headline":"Alfonso Doncel y el fortalecimiento de la &#8216;papeler\u00eda social&#8217;","datePublished":"2021-01-04T12:21:54+00:00","dateModified":"2021-01-04T16:09:30+00:00","mainEntityOfPage":{"@id":"https:\/\/www.creaerte.com\/live\/alfonso-doncel-fortalecimiento-la-papeleria-social\/"},"wordCount":238,"commentCount":0,"image":{"@id":"https:\/\/www.creaerte.com\/live\/alfonso-doncel-fortalecimiento-la-papeleria-social\/#primaryimage"},"thumbnailUrl":"https:\/\/www.creaerte.com\/live\/wp-content\/uploads\/2021\/01\/Alfonso-Doncel-Creaerte-Creativo.jpg","articleSection":["Creativos y creatividad"],"inLanguage":"es","potentialAction":[{"@type":"CommentAction","name":"Comment","target":["https:\/\/www.creaerte.com\/live\/alfonso-doncel-fortalecimiento-la-papeleria-social\/#respond"]}]},{"@type":"WebPage","@id":"https:\/\/www.creaerte.com\/live\/alfonso-doncel-fortalecimiento-la-papeleria-social\/","url":"https:\/\/www.creaerte.com\/live\/alfonso-doncel-fortalecimiento-la-papeleria-social\/","name":"Alfonso Doncel y el fortalecimiento de la 'papeler\u00eda social' - creaerte.com","isPartOf":{"@id":"https:\/\/www.creaerte.com\/live\/#website"},"primaryImageOfPage":{"@id":"https:\/\/www.creaerte.com\/live\/alfonso-doncel-fortalecimiento-la-papeleria-social\/#primaryimage"},"image":{"@id":"https:\/\/www.creaerte.com\/live\/alfonso-doncel-fortalecimiento-la-papeleria-social\/#primaryimage"},"thumbnailUrl":"https:\/\/www.creaerte.com\/live\/wp-content\/uploads\/2021\/01\/Alfonso-Doncel-Creaerte-Creativo.jpg","datePublished":"2021-01-04T12:21:54+00:00","dateModified":"2021-01-04T16:09:30+00:00","author":{"@id":"https:\/\/www.creaerte.com\/live\/#\/schema\/person\/acc9e93c6216bce2d569b1f0a99607f6"},"inLanguage":"es","potentialAction":[{"@type":"ReadAction","target":["https:\/\/www.creaerte.com\/live\/alfonso-doncel-fortalecimiento-la-papeleria-social\/"]}]},{"@type":"ImageObject","inLanguage":"es","@id":"https:\/\/www.creaerte.com\/live\/alfonso-doncel-fortalecimiento-la-papeleria-social\/#primaryimage","url":"https:\/\/www.creaerte.com\/live\/wp-content\/uploads\/2021\/01\/Alfonso-Doncel-Creaerte-Creativo.jpg","contentUrl":"https:\/\/www.creaerte.com\/live\/wp-content\/uploads\/2021\/01\/Alfonso-Doncel-Creaerte-Creativo.jpg","width":817,"height":468},{"@type":"WebSite","@id":"https:\/\/www.creaerte.com\/live\/#website","url":"https:\/\/www.creaerte.com\/live\/","name":"creaerte.com","description":"Agencia de publicidad, comunicaci\u00f3n y marketing en C\u00e1ceres \u2022 Extremadura","potentialAction":[{"@type":"SearchAction","target":{"@type":"EntryPoint","urlTemplate":"https:\/\/www.creaerte.com\/live\/?s={search_term_string}"},"query-input":{"@type":"PropertyValueSpecification","valueRequired":true,"valueName":"search_term_string"}}],"inLanguage":"es"},{"@type":"Person","@id":"https:\/\/www.creaerte.com\/live\/#\/schema\/person\/acc9e93c6216bce2d569b1f0a99607f6","name":"admin","image":{"@type":"ImageObject","inLanguage":"es","@id":"https:\/\/www.creaerte.com\/live\/#\/schema\/person\/image\/","url":"https:\/\/secure.gravatar.com\/avatar\/736f9ff6dd176e443e4c9cf884b23352631c533b611f216dbc09fc84cda6e67c?s=96&d=mm&r=g","contentUrl":"https:\/\/secure.gravatar.com\/avatar\/736f9ff6dd176e443e4c9cf884b23352631c533b611f216dbc09fc84cda6e67c?s=96&d=mm&r=g","caption":"admin"},"url":"https:\/\/www.creaerte.com\/live\/author\/admin\/"}]}},"_links":{"self":[{"href":"https:\/\/www.creaerte.com\/live\/wp-json\/wp\/v2\/posts\/29341","targetHints":{"allow":["GET"]}}],"collection":[{"href":"https:\/\/www.creaerte.com\/live\/wp-json\/wp\/v2\/posts"}],"about":[{"href":"https:\/\/www.creaerte.com\/live\/wp-json\/wp\/v2\/types\/post"}],"author":[{"embeddable":true,"href":"https:\/\/www.creaerte.com\/live\/wp-json\/wp\/v2\/users\/1"}],"replies":[{"embeddable":true,"href":"https:\/\/www.creaerte.com\/live\/wp-json\/wp\/v2\/comments?post=29341"}],"version-history":[{"count":6,"href":"https:\/\/www.creaerte.com\/live\/wp-json\/wp\/v2\/posts\/29341\/revisions"}],"predecessor-version":[{"id":29350,"href":"https:\/\/www.creaerte.com\/live\/wp-json\/wp\/v2\/posts\/29341\/revisions\/29350"}],"wp:featuredmedia":[{"embeddable":true,"href":"https:\/\/www.creaerte.com\/live\/wp-json\/wp\/v2\/media\/29345"}],"wp:attachment":[{"href":"https:\/\/www.creaerte.com\/live\/wp-json\/wp\/v2\/media?parent=29341"}],"wp:term":[{"taxonomy":"category","embeddable":true,"href":"https:\/\/www.creaerte.com\/live\/wp-json\/wp\/v2\/categories?post=29341"},{"taxonomy":"post_tag","embeddable":true,"href":"https:\/\/www.creaerte.com\/live\/wp-json\/wp\/v2\/tags?post=29341"}],"curies":[{"name":"wp","href":"https:\/\/api.w.org\/{rel}","templated":true}]}}