{"id":29452,"date":"2021-01-25T12:40:21","date_gmt":"2021-01-25T11:40:21","guid":{"rendered":"http:\/\/www.creaerte.com\/live\/?p=29452"},"modified":"2021-01-25T13:00:14","modified_gmt":"2021-01-25T12:00:14","slug":"luto-la-publicidad-espanola-julian-bravo","status":"publish","type":"post","link":"https:\/\/www.creaerte.com\/live\/luto-la-publicidad-espanola-julian-bravo\/","title":{"rendered":"Luto en la publicidad espa\u00f1ola por Juli\u00e1n Bravo"},"content":{"rendered":"<p>El mundo de la <strong>publicidad espa\u00f1ola<\/strong> est\u00e1 de luto. El motivo no es otro que la reciente muerte la pasada semana de <strong>Juli\u00e1n Bravo<\/strong>, uno de los padres del <strong>marketing moderno<\/strong> en nuestro pa\u00eds. Figura que, como no puede ser de otra manera, hoy tiene nuestro tributo en la secci\u00f3n semanal de <strong>creativos y creatividad<\/strong>.<\/p>\n<p>Cuando estaba cerca de cumplir los 85 a\u00f1os, Juli\u00e1n Bravo deja tras de s\u00ed un rico legado en cuanto a la buena praxis en materia de la <strong>comunicaci\u00f3n publicitaria<\/strong>, siendo uno de los precursores del fortalecimiento del sector. Conocido por todos es su papel desempe\u00f1ado en J. Walter Thompson, agencia que lider\u00f3 durante a\u00f1os el ranking nacional.<\/p>\n<p>Como presidente de la <strong>Asociaci\u00f3n de Agencias de Publicidad<\/strong>, cargo que ostent\u00f3 entre 1981 y 1987, fue el encargado de idear el actualmente denominado <strong>Festival El Sol<\/strong>. Del mismo modo, en su hoja vital presenta una gran labor divulgativa en su faceta como <strong>profesor<\/strong>. Tambi\u00e9n logr\u00f3 traer a Espa\u00f1a las grandes publicaciones de la publicidad a nivel mundial.<\/p>\n<p>Uno de sus \u00faltimos y grandes servicios al gremio fue la creaci\u00f3n, hace m\u00e1s de una d\u00e9cada, de la <strong>Academia de la Publicidad<\/strong>. Un colectivo cuya misi\u00f3n es la de estimular las buenas pr\u00e1cticas publicitarias mediante distintos reconocimientos a trav\u00e9s de los cuales se premian valores como la integridad y la <strong>ejemplaridad<\/strong> dentro de la profesi\u00f3n. Atributos que el propio Bravo elev\u00f3 al m\u00e1ximo exponente durante toda su trayectoria.<\/p>\n","protected":false},"excerpt":{"rendered":"<p>El mundo de la publicidad espa\u00f1ola est\u00e1 de luto. El motivo no es otro que la reciente muerte la pasada semana de Juli\u00e1n Bravo, uno de los padres del marketing moderno en nuestro pa\u00eds. Figura que, como no puede ser de otra manera, hoy tiene nuestro tributo en la secci\u00f3n semanal de creativos y creatividad. Cuando estaba cerca de cumplir&#8230;<\/p>\n","protected":false},"author":1,"featured_media":29454,"comment_status":"open","ping_status":"open","sticky":false,"template":"","format":"standard","meta":{"footnotes":""},"categories":[1357,10],"tags":[],"class_list":["post-29452","post","type-post","status-publish","format-standard","has-post-thumbnail","hentry","category-creativos-y-creatividad","category-noticias","has_thumb"],"yoast_head":"<!-- This site is optimized with the Yoast SEO plugin v26.9 - https:\/\/yoast.com\/product\/yoast-seo-wordpress\/ -->\n<title>Luto en la publicidad espa\u00f1ola por Juli\u00e1n Bravo - creaerte.com<\/title>\n<meta name=\"robots\" content=\"index, follow, max-snippet:-1, max-image-preview:large, max-video-preview:-1\" \/>\n<link rel=\"canonical\" href=\"https:\/\/www.creaerte.com\/live\/luto-la-publicidad-espanola-julian-bravo\/\" \/>\n<meta property=\"og:locale\" content=\"es_ES\" \/>\n<meta property=\"og:type\" content=\"article\" \/>\n<meta property=\"og:title\" content=\"Luto en la publicidad espa\u00f1ola por Juli\u00e1n Bravo - creaerte.com\" \/>\n<meta property=\"og:description\" content=\"El mundo de la publicidad espa\u00f1ola est\u00e1 de luto. El motivo no es otro que la reciente muerte la pasada semana de Juli\u00e1n Bravo, uno de los padres del marketing moderno en nuestro pa\u00eds. Figura que, como no puede ser de otra manera, hoy tiene nuestro tributo en la secci\u00f3n semanal de creativos y creatividad. Cuando estaba cerca de cumplir...\" \/>\n<meta property=\"og:url\" content=\"https:\/\/www.creaerte.com\/live\/luto-la-publicidad-espanola-julian-bravo\/\" \/>\n<meta property=\"og:site_name\" content=\"creaerte.com\" \/>\n<meta property=\"article:publisher\" content=\"https:\/\/www.facebook.com\/creaerte\" \/>\n<meta property=\"article:published_time\" content=\"2021-01-25T11:40:21+00:00\" \/>\n<meta property=\"article:modified_time\" content=\"2021-01-25T12:00:14+00:00\" \/>\n<meta property=\"og:image\" content=\"https:\/\/www.creaerte.com\/live\/wp-content\/uploads\/2021\/01\/Julian-Bravo-Creativo.jpg\" \/>\n\t<meta property=\"og:image:width\" content=\"817\" \/>\n\t<meta property=\"og:image:height\" content=\"468\" \/>\n\t<meta property=\"og:image:type\" content=\"image\/jpeg\" \/>\n<meta name=\"author\" content=\"admin\" \/>\n<meta name=\"twitter:card\" content=\"summary_large_image\" \/>\n<meta name=\"twitter:creator\" content=\"@Creaerte\" \/>\n<meta name=\"twitter:site\" content=\"@Creaerte\" \/>\n<meta name=\"twitter:label1\" content=\"Escrito por\" \/>\n\t<meta name=\"twitter:data1\" content=\"admin\" \/>\n\t<meta name=\"twitter:label2\" content=\"Tiempo de lectura\" \/>\n\t<meta name=\"twitter:data2\" content=\"1 minuto\" \/>\n<script type=\"application\/ld+json\" class=\"yoast-schema-graph\">{\"@context\":\"https:\/\/schema.org\",\"@graph\":[{\"@type\":\"Article\",\"@id\":\"https:\/\/www.creaerte.com\/live\/luto-la-publicidad-espanola-julian-bravo\/#article\",\"isPartOf\":{\"@id\":\"https:\/\/www.creaerte.com\/live\/luto-la-publicidad-espanola-julian-bravo\/\"},\"author\":{\"name\":\"admin\",\"@id\":\"https:\/\/www.creaerte.com\/live\/#\/schema\/person\/acc9e93c6216bce2d569b1f0a99607f6\"},\"headline\":\"Luto en la publicidad espa\u00f1ola por Juli\u00e1n Bravo\",\"datePublished\":\"2021-01-25T11:40:21+00:00\",\"dateModified\":\"2021-01-25T12:00:14+00:00\",\"mainEntityOfPage\":{\"@id\":\"https:\/\/www.creaerte.com\/live\/luto-la-publicidad-espanola-julian-bravo\/\"},\"wordCount\":266,\"commentCount\":0,\"image\":{\"@id\":\"https:\/\/www.creaerte.com\/live\/luto-la-publicidad-espanola-julian-bravo\/#primaryimage\"},\"thumbnailUrl\":\"https:\/\/www.creaerte.com\/live\/wp-content\/uploads\/2021\/01\/Julian-Bravo-Creativo.jpg\",\"articleSection\":[\"Creativos y creatividad\",\"Noticias\"],\"inLanguage\":\"es\",\"potentialAction\":[{\"@type\":\"CommentAction\",\"name\":\"Comment\",\"target\":[\"https:\/\/www.creaerte.com\/live\/luto-la-publicidad-espanola-julian-bravo\/#respond\"]}]},{\"@type\":\"WebPage\",\"@id\":\"https:\/\/www.creaerte.com\/live\/luto-la-publicidad-espanola-julian-bravo\/\",\"url\":\"https:\/\/www.creaerte.com\/live\/luto-la-publicidad-espanola-julian-bravo\/\",\"name\":\"Luto en la publicidad espa\u00f1ola por Juli\u00e1n Bravo - creaerte.com\",\"isPartOf\":{\"@id\":\"https:\/\/www.creaerte.com\/live\/#website\"},\"primaryImageOfPage\":{\"@id\":\"https:\/\/www.creaerte.com\/live\/luto-la-publicidad-espanola-julian-bravo\/#primaryimage\"},\"image\":{\"@id\":\"https:\/\/www.creaerte.com\/live\/luto-la-publicidad-espanola-julian-bravo\/#primaryimage\"},\"thumbnailUrl\":\"https:\/\/www.creaerte.com\/live\/wp-content\/uploads\/2021\/01\/Julian-Bravo-Creativo.jpg\",\"datePublished\":\"2021-01-25T11:40:21+00:00\",\"dateModified\":\"2021-01-25T12:00:14+00:00\",\"author\":{\"@id\":\"https:\/\/www.creaerte.com\/live\/#\/schema\/person\/acc9e93c6216bce2d569b1f0a99607f6\"},\"inLanguage\":\"es\",\"potentialAction\":[{\"@type\":\"ReadAction\",\"target\":[\"https:\/\/www.creaerte.com\/live\/luto-la-publicidad-espanola-julian-bravo\/\"]}]},{\"@type\":\"ImageObject\",\"inLanguage\":\"es\",\"@id\":\"https:\/\/www.creaerte.com\/live\/luto-la-publicidad-espanola-julian-bravo\/#primaryimage\",\"url\":\"https:\/\/www.creaerte.com\/live\/wp-content\/uploads\/2021\/01\/Julian-Bravo-Creativo.jpg\",\"contentUrl\":\"https:\/\/www.creaerte.com\/live\/wp-content\/uploads\/2021\/01\/Julian-Bravo-Creativo.jpg\",\"width\":817,\"height\":468},{\"@type\":\"WebSite\",\"@id\":\"https:\/\/www.creaerte.com\/live\/#website\",\"url\":\"https:\/\/www.creaerte.com\/live\/\",\"name\":\"creaerte.com\",\"description\":\"Agencia de publicidad, comunicaci\u00f3n y marketing en C\u00e1ceres \u2022 Extremadura\",\"potentialAction\":[{\"@type\":\"SearchAction\",\"target\":{\"@type\":\"EntryPoint\",\"urlTemplate\":\"https:\/\/www.creaerte.com\/live\/?s={search_term_string}\"},\"query-input\":{\"@type\":\"PropertyValueSpecification\",\"valueRequired\":true,\"valueName\":\"search_term_string\"}}],\"inLanguage\":\"es\"},{\"@type\":\"Person\",\"@id\":\"https:\/\/www.creaerte.com\/live\/#\/schema\/person\/acc9e93c6216bce2d569b1f0a99607f6\",\"name\":\"admin\",\"image\":{\"@type\":\"ImageObject\",\"inLanguage\":\"es\",\"@id\":\"https:\/\/www.creaerte.com\/live\/#\/schema\/person\/image\/\",\"url\":\"https:\/\/secure.gravatar.com\/avatar\/736f9ff6dd176e443e4c9cf884b23352631c533b611f216dbc09fc84cda6e67c?s=96&d=mm&r=g\",\"contentUrl\":\"https:\/\/secure.gravatar.com\/avatar\/736f9ff6dd176e443e4c9cf884b23352631c533b611f216dbc09fc84cda6e67c?s=96&d=mm&r=g\",\"caption\":\"admin\"},\"url\":\"https:\/\/www.creaerte.com\/live\/author\/admin\/\"}]}<\/script>\n<!-- \/ Yoast SEO plugin. -->","yoast_head_json":{"title":"Luto en la publicidad espa\u00f1ola por Juli\u00e1n Bravo - creaerte.com","robots":{"index":"index","follow":"follow","max-snippet":"max-snippet:-1","max-image-preview":"max-image-preview:large","max-video-preview":"max-video-preview:-1"},"canonical":"https:\/\/www.creaerte.com\/live\/luto-la-publicidad-espanola-julian-bravo\/","og_locale":"es_ES","og_type":"article","og_title":"Luto en la publicidad espa\u00f1ola por Juli\u00e1n Bravo - creaerte.com","og_description":"El mundo de la publicidad espa\u00f1ola est\u00e1 de luto. El motivo no es otro que la reciente muerte la pasada semana de Juli\u00e1n Bravo, uno de los padres del marketing moderno en nuestro pa\u00eds. Figura que, como no puede ser de otra manera, hoy tiene nuestro tributo en la secci\u00f3n semanal de creativos y creatividad. Cuando estaba cerca de cumplir...","og_url":"https:\/\/www.creaerte.com\/live\/luto-la-publicidad-espanola-julian-bravo\/","og_site_name":"creaerte.com","article_publisher":"https:\/\/www.facebook.com\/creaerte","article_published_time":"2021-01-25T11:40:21+00:00","article_modified_time":"2021-01-25T12:00:14+00:00","og_image":[{"width":817,"height":468,"url":"https:\/\/www.creaerte.com\/live\/wp-content\/uploads\/2021\/01\/Julian-Bravo-Creativo.jpg","type":"image\/jpeg"}],"author":"admin","twitter_card":"summary_large_image","twitter_creator":"@Creaerte","twitter_site":"@Creaerte","twitter_misc":{"Escrito por":"admin","Tiempo de lectura":"1 minuto"},"schema":{"@context":"https:\/\/schema.org","@graph":[{"@type":"Article","@id":"https:\/\/www.creaerte.com\/live\/luto-la-publicidad-espanola-julian-bravo\/#article","isPartOf":{"@id":"https:\/\/www.creaerte.com\/live\/luto-la-publicidad-espanola-julian-bravo\/"},"author":{"name":"admin","@id":"https:\/\/www.creaerte.com\/live\/#\/schema\/person\/acc9e93c6216bce2d569b1f0a99607f6"},"headline":"Luto en la publicidad espa\u00f1ola por Juli\u00e1n Bravo","datePublished":"2021-01-25T11:40:21+00:00","dateModified":"2021-01-25T12:00:14+00:00","mainEntityOfPage":{"@id":"https:\/\/www.creaerte.com\/live\/luto-la-publicidad-espanola-julian-bravo\/"},"wordCount":266,"commentCount":0,"image":{"@id":"https:\/\/www.creaerte.com\/live\/luto-la-publicidad-espanola-julian-bravo\/#primaryimage"},"thumbnailUrl":"https:\/\/www.creaerte.com\/live\/wp-content\/uploads\/2021\/01\/Julian-Bravo-Creativo.jpg","articleSection":["Creativos y creatividad","Noticias"],"inLanguage":"es","potentialAction":[{"@type":"CommentAction","name":"Comment","target":["https:\/\/www.creaerte.com\/live\/luto-la-publicidad-espanola-julian-bravo\/#respond"]}]},{"@type":"WebPage","@id":"https:\/\/www.creaerte.com\/live\/luto-la-publicidad-espanola-julian-bravo\/","url":"https:\/\/www.creaerte.com\/live\/luto-la-publicidad-espanola-julian-bravo\/","name":"Luto en la publicidad espa\u00f1ola por Juli\u00e1n Bravo - creaerte.com","isPartOf":{"@id":"https:\/\/www.creaerte.com\/live\/#website"},"primaryImageOfPage":{"@id":"https:\/\/www.creaerte.com\/live\/luto-la-publicidad-espanola-julian-bravo\/#primaryimage"},"image":{"@id":"https:\/\/www.creaerte.com\/live\/luto-la-publicidad-espanola-julian-bravo\/#primaryimage"},"thumbnailUrl":"https:\/\/www.creaerte.com\/live\/wp-content\/uploads\/2021\/01\/Julian-Bravo-Creativo.jpg","datePublished":"2021-01-25T11:40:21+00:00","dateModified":"2021-01-25T12:00:14+00:00","author":{"@id":"https:\/\/www.creaerte.com\/live\/#\/schema\/person\/acc9e93c6216bce2d569b1f0a99607f6"},"inLanguage":"es","potentialAction":[{"@type":"ReadAction","target":["https:\/\/www.creaerte.com\/live\/luto-la-publicidad-espanola-julian-bravo\/"]}]},{"@type":"ImageObject","inLanguage":"es","@id":"https:\/\/www.creaerte.com\/live\/luto-la-publicidad-espanola-julian-bravo\/#primaryimage","url":"https:\/\/www.creaerte.com\/live\/wp-content\/uploads\/2021\/01\/Julian-Bravo-Creativo.jpg","contentUrl":"https:\/\/www.creaerte.com\/live\/wp-content\/uploads\/2021\/01\/Julian-Bravo-Creativo.jpg","width":817,"height":468},{"@type":"WebSite","@id":"https:\/\/www.creaerte.com\/live\/#website","url":"https:\/\/www.creaerte.com\/live\/","name":"creaerte.com","description":"Agencia de publicidad, comunicaci\u00f3n y marketing en C\u00e1ceres \u2022 Extremadura","potentialAction":[{"@type":"SearchAction","target":{"@type":"EntryPoint","urlTemplate":"https:\/\/www.creaerte.com\/live\/?s={search_term_string}"},"query-input":{"@type":"PropertyValueSpecification","valueRequired":true,"valueName":"search_term_string"}}],"inLanguage":"es"},{"@type":"Person","@id":"https:\/\/www.creaerte.com\/live\/#\/schema\/person\/acc9e93c6216bce2d569b1f0a99607f6","name":"admin","image":{"@type":"ImageObject","inLanguage":"es","@id":"https:\/\/www.creaerte.com\/live\/#\/schema\/person\/image\/","url":"https:\/\/secure.gravatar.com\/avatar\/736f9ff6dd176e443e4c9cf884b23352631c533b611f216dbc09fc84cda6e67c?s=96&d=mm&r=g","contentUrl":"https:\/\/secure.gravatar.com\/avatar\/736f9ff6dd176e443e4c9cf884b23352631c533b611f216dbc09fc84cda6e67c?s=96&d=mm&r=g","caption":"admin"},"url":"https:\/\/www.creaerte.com\/live\/author\/admin\/"}]}},"_links":{"self":[{"href":"https:\/\/www.creaerte.com\/live\/wp-json\/wp\/v2\/posts\/29452","targetHints":{"allow":["GET"]}}],"collection":[{"href":"https:\/\/www.creaerte.com\/live\/wp-json\/wp\/v2\/posts"}],"about":[{"href":"https:\/\/www.creaerte.com\/live\/wp-json\/wp\/v2\/types\/post"}],"author":[{"embeddable":true,"href":"https:\/\/www.creaerte.com\/live\/wp-json\/wp\/v2\/users\/1"}],"replies":[{"embeddable":true,"href":"https:\/\/www.creaerte.com\/live\/wp-json\/wp\/v2\/comments?post=29452"}],"version-history":[{"count":8,"href":"https:\/\/www.creaerte.com\/live\/wp-json\/wp\/v2\/posts\/29452\/revisions"}],"predecessor-version":[{"id":29463,"href":"https:\/\/www.creaerte.com\/live\/wp-json\/wp\/v2\/posts\/29452\/revisions\/29463"}],"wp:featuredmedia":[{"embeddable":true,"href":"https:\/\/www.creaerte.com\/live\/wp-json\/wp\/v2\/media\/29454"}],"wp:attachment":[{"href":"https:\/\/www.creaerte.com\/live\/wp-json\/wp\/v2\/media?parent=29452"}],"wp:term":[{"taxonomy":"category","embeddable":true,"href":"https:\/\/www.creaerte.com\/live\/wp-json\/wp\/v2\/categories?post=29452"},{"taxonomy":"post_tag","embeddable":true,"href":"https:\/\/www.creaerte.com\/live\/wp-json\/wp\/v2\/tags?post=29452"}],"curies":[{"name":"wp","href":"https:\/\/api.w.org\/{rel}","templated":true}]}}